{"id":15577,"date":"2018-12-03T12:09:22","date_gmt":"2018-12-03T18:09:22","guid":{"rendered":"https:\/\/accesolatino.org\/?p=15577"},"modified":"2025-10-27T12:20:20","modified_gmt":"2025-10-27T18:20:20","slug":"enfermera-mexicana-deportada-recibe-el-perdon-y-obtiene-visa-de-trabajo-en-eua","status":"publish","type":"post","link":"https:\/\/accesolatino.org\/en\/enfermera-mexicana-deportada-recibe-el-perdon-y-obtiene-visa-de-trabajo-en-eua\/orgullo-latino\/","title":{"rendered":"Enfermera mexicana deportada, recibe el perd\u00f3n y obtiene visa de trabajo en EUA"},"content":{"rendered":"<div data-elementor-type=\"wp-post\" data-elementor-id=\"15577\" class=\"elementor elementor-15577 elementor-bc-flex-widget\">\n\t\t\t\t\t\t<section class=\"elementor-section elementor-top-section elementor-element elementor-element-369f77a elementor-section-boxed elementor-section-height-default elementor-section-height-default wpr-particle-no wpr-jarallax-no wpr-parallax-no wpr-sticky-section-no wpr-equal-height-no\" data-id=\"369f77a\" data-element_type=\"section\" data-e-type=\"section\">\n\t\t\t\t\t\t<div class=\"elementor-container elementor-column-gap-default\">\n\t\t\t\t\t<div class=\"elementor-column elementor-col-100 elementor-top-column elementor-element elementor-element-8ef62e2\" data-id=\"8ef62e2\" data-element_type=\"column\" data-e-type=\"column\">\n\t\t\t<div class=\"elementor-widget-wrap elementor-element-populated\">\n\t\t\t\t\t\t<div class=\"elementor-element elementor-element-d9121ee elementor-widget elementor-widget-text-editor\" data-id=\"d9121ee\" data-element_type=\"widget\" data-e-type=\"widget\" data-widget_type=\"text-editor.default\">\n\t\t\t\t<div class=\"elementor-widget-container\">\n\t\t\t\t\t\t\t\t\t<p>La lucha de Mar\u00eda Mendoza S\u00e1nchez, enfermera que fue deportada el a\u00f1o pasado, para regresar a EEUU y reunirse con sus cuatro hijos y su esposo en California dio frutos, luego de que el gobierno le otorgara un perd\u00f3n que le permitir\u00e1 volver con una visa de trabajo.<\/p><p>El caso de Mendoza S\u00e1nchez cobr\u00f3 notoriedad despu\u00e9s de que sus compa\u00f1eros de trabajo en el Hospital Highland, en Oakland, junto a varios legisladores federales se unieran a los esfuerzos de la familia para evitar la separaci\u00f3n ocurrida el a\u00f1o pasado.<\/p><p>No obstante, en agosto de 2017 la mexicana tuvo que salir del pa\u00eds tras vivir 23 a\u00f1os de forma indocumentada y perder en varias instancias legales una petici\u00f3n de asilo. En Oakland se quedaron sus cuatro hijos de 24, 22, 17 y 13 a\u00f1os.<\/p><p>Su abogado Camiel Becker explic\u00f3 a <em>Efe<\/em> que el respaldo del centro hospitalario ha sido vital en el proceso, ya que la inmigrante de 48 a\u00f1os regresar\u00e1 al pa\u00eds por una petici\u00f3n de trabajo que realiz\u00f3 la instituci\u00f3n m\u00e9dica.<\/p><p>La orden de deportaci\u00f3n y el haber tra\u00eddo a su hija mayor de forma indocumentada le hab\u00edan acarreado varios castigos que la estaban obligando a estar fuera m\u00e1s de 10 a\u00f1os.<\/p><p>\u201cTuvimos que someter una serie de peticiones de perd\u00f3n, pero finalmente pes\u00f3 m\u00e1s la buena conducta y el valioso aporte de esta inmigrante\u201d, explic\u00f3 Becker.<\/p><p>La enfermera Mendoza recibi\u00f3 una llamada de la Embajada de EEUU en la Ciudad de M\u00e9xico en la que le comunicaron la aprobaci\u00f3n de los perdones solicitados, y que por tanto pod\u00eda tramitar la visa de trabajo.<\/p><p>A juicio del abogado, el caso sienta un precedente de que los estudios y logros profesionales en EEUU pueden dar frutos y esperanza para todos aquellos indocumentados o inmigrantes que est\u00e1n a punto de perder los amparos de la Acci\u00f3n Diferida (DACA) o Estatus de Protecci\u00f3n Temporal (TPS).<\/p><p>A pesar de no tener documentos, la mexicana estudi\u00f3 enfermer\u00eda y logr\u00f3 trabajar en la unidad de tratamiento de pacientes con c\u00e1ncer del hospital, lo que le ha servido como aval para poder regresar a EEUU a reunirse con sus hijos. Y con suerte, a tiempo para celebrar la Navidad en familia.<\/p><p><strong>Acceso Latino<\/strong> te brinda la herramienta de <a href=\"https:\/\/accesolatino.org\/en\/orientacion-legal\/\"><strong>\u201cOrientaci\u00f3n Legal\u201d<\/strong><\/a> en donde podr\u00e1s asesorarte con abogados migratorios sobre dudas con tu visa y todo lo necesario sobre tu permanencia legal en Estados Unidos.<\/p>\t\t\t\t\t\t\t\t<\/div>\n\t\t\t\t<\/div>\n\t\t\t\t\t<\/div>\n\t\t<\/div>\n\t\t\t\t\t<\/div>\n\t\t<\/section>\n\t\t\t\t<\/div>","protected":false},"excerpt":{"rendered":"<p>La lucha de Mar\u00eda Mendoza S\u00e1nchez, enfermera que fue deportada el a\u00f1o pasado, para regresar a EEUU y reunirse con sus cuatro hijos y su esposo en California dio frutos, luego de que el gobierno le otorgara un perd\u00f3n que le permitir\u00e1 volver con una visa de trabajo. El caso de Mendoza S\u00e1nchez cobr\u00f3 notoriedad despu\u00e9s de que sus compa\u00f1eros de trabajo en el Hospital Highland, en Oakland, junto a varios legisladores federales se unieran a los esfuerzos de la familia para evitar la separaci\u00f3n ocurrida el a\u00f1o pasado. No obstante, en agosto de 2017 la mexicana tuvo que salir del pa\u00eds tras vivir 23 a\u00f1os de forma indocumentada y perder en varias instancias legales una petici\u00f3n de asilo. En Oakland se quedaron sus cuatro hijos de 24, 22, 17 y 13 a\u00f1os. Su abogado Camiel Becker explic\u00f3 a Efe que el respaldo del centro hospitalario ha sido vital en el proceso, ya que la inmigrante de 48 a\u00f1os regresar\u00e1 al pa\u00eds por una petici\u00f3n de trabajo que realiz\u00f3 la instituci\u00f3n m\u00e9dica. La orden de deportaci\u00f3n y el haber tra\u00eddo a su hija mayor de forma indocumentada le hab\u00edan acarreado varios castigos que la estaban obligando a estar fuera m\u00e1s de 10 a\u00f1os. \u201cTuvimos que someter una serie de peticiones de perd\u00f3n, pero finalmente pes\u00f3 m\u00e1s la buena conducta y el valioso aporte de esta inmigrante\u201d, explic\u00f3 Becker. La enfermera Mendoza recibi\u00f3 una llamada de la Embajada de EEUU en la Ciudad de M\u00e9xico en la que le comunicaron la aprobaci\u00f3n de los perdones solicitados, y que por tanto pod\u00eda tramitar la visa de trabajo. A juicio del abogado, el caso sienta un precedente de que los estudios y logros profesionales en EEUU pueden dar frutos y esperanza para todos aquellos indocumentados o inmigrantes que est\u00e1n a punto de perder los amparos de la Acci\u00f3n Diferida (DACA) o Estatus de Protecci\u00f3n Temporal (TPS). A pesar de no tener documentos, la mexicana estudi\u00f3 enfermer\u00eda y logr\u00f3 trabajar en la unidad de tratamiento de pacientes con c\u00e1ncer del hospital, lo que le ha servido como aval para poder regresar a EEUU a reunirse con sus hijos. Y con suerte, a tiempo para celebrar la Navidad en familia. Acceso Latino te brinda la herramienta de \u201cOrientaci\u00f3n Legal\u201d en donde podr\u00e1s asesorarte con abogados migratorios sobre dudas con tu visa y todo lo necesario sobre tu permanencia legal en Estados Unidos.<\/p>","protected":false},"author":13,"featured_media":15578,"comment_status":"open","ping_status":"open","sticky":false,"template":"","format":"standard","meta":{"_uf_show_specific_survey":0,"_uf_disable_surveys":false,"footnotes":""},"categories":[9],"tags":[],"class_list":["post-15577","post","type-post","status-publish","format-standard","has-post-thumbnail","hentry","category-orgullo-latino"],"aioseo_notices":[],"yoast_head":"<!-- This site is optimized with the Yoast SEO plugin v27.5 - https:\/\/yoast.com\/product\/yoast-seo-wordpress\/ -->\n<title>Enfermera mexicana deportada, recibe el perd\u00f3n y obtiene visa de trabajo en EUA<\/title>\n<meta name=\"description\" content=\"La lucha de Mar\u00eda, enfermera que fue deportada el a\u00f1o pasado, para regresar a EEUU y reunirse con sus cuatro hijos y su esposo en California dio frutos\" \/>\n<meta name=\"robots\" content=\"index, follow, max-snippet:-1, max-image-preview:large, max-video-preview:-1\" \/>\n<link rel=\"canonical\" href=\"https:\/\/accesolatino.org\/en\/enfermera-mexicana-deportada-recibe-el-perdon-y-obtiene-visa-de-trabajo-en-eua\/orgullo-latino\/\" \/>\n<meta property=\"og:locale\" content=\"en_US\" \/>\n<meta property=\"og:type\" content=\"article\" \/>\n<meta property=\"og:title\" content=\"Enfermera mexicana deportada, recibe el perd\u00f3n y obtiene visa de trabajo en EUA\" \/>\n<meta property=\"og:description\" content=\"La lucha de Mar\u00eda, enfermera que fue deportada el a\u00f1o pasado, para regresar a EEUU y reunirse con sus cuatro hijos y su esposo en California dio frutos\" \/>\n<meta property=\"og:url\" content=\"https:\/\/accesolatino.org\/en\/enfermera-mexicana-deportada-recibe-el-perdon-y-obtiene-visa-de-trabajo-en-eua\/orgullo-latino\/\" \/>\n<meta property=\"og:site_name\" content=\"Acceso Latino\" \/>\n<meta property=\"article:publisher\" content=\"https:\/\/www.facebook.com\/AccesoLatinoOrg\" \/>\n<meta property=\"article:published_time\" content=\"2018-12-03T18:09:22+00:00\" \/>\n<meta property=\"article:modified_time\" content=\"2025-10-27T18:20:20+00:00\" \/>\n<meta property=\"og:image\" content=\"https:\/\/accesolatino.org\/wp-content\/uploads\/2018\/12\/Enfermera-mexicana-deportada-recibe-el-perdon-y-obtiene-visa-de-trabajo-en-EUA.jpg\" \/>\n\t<meta property=\"og:image:width\" content=\"600\" \/>\n\t<meta property=\"og:image:height\" content=\"338\" \/>\n\t<meta property=\"og:image:type\" content=\"image\/jpeg\" \/>\n<meta name=\"author\" content=\"Noticias\" \/>\n<meta name=\"twitter:card\" content=\"summary_large_image\" \/>\n<meta name=\"twitter:creator\" content=\"@FAccLatino\" \/>\n<meta name=\"twitter:site\" content=\"@FAccLatino\" \/>\n<meta name=\"twitter:label1\" content=\"Written by\" \/>\n\t<meta name=\"twitter:data1\" content=\"Noticias\" \/>\n\t<meta name=\"twitter:label2\" content=\"Est. reading time\" \/>\n\t<meta name=\"twitter:data2\" content=\"3 minutes\" \/>\n<script type=\"application\/ld+json\" class=\"yoast-schema-graph\">{\"@context\":\"https:\\\/\\\/schema.org\",\"@graph\":[{\"@type\":\"Article\",\"@id\":\"https:\\\/\\\/accesolatino.org\\\/enfermera-mexicana-deportada-recibe-el-perdon-y-obtiene-visa-de-trabajo-en-eua\\\/orgullo-latino\\\/#article\",\"isPartOf\":{\"@id\":\"https:\\\/\\\/accesolatino.org\\\/enfermera-mexicana-deportada-recibe-el-perdon-y-obtiene-visa-de-trabajo-en-eua\\\/orgullo-latino\\\/\"},\"author\":{\"name\":\"Noticias\",\"@id\":\"https:\\\/\\\/accesolatino.org\\\/#\\\/schema\\\/person\\\/57bc3bfd2c357610a5255490ca4cd305\"},\"headline\":\"Enfermera mexicana deportada, recibe el perd\u00f3n y obtiene visa de trabajo en EUA\",\"datePublished\":\"2018-12-03T18:09:22+00:00\",\"dateModified\":\"2025-10-27T18:20:20+00:00\",\"mainEntityOfPage\":{\"@id\":\"https:\\\/\\\/accesolatino.org\\\/enfermera-mexicana-deportada-recibe-el-perdon-y-obtiene-visa-de-trabajo-en-eua\\\/orgullo-latino\\\/\"},\"wordCount\":438,\"commentCount\":0,\"publisher\":{\"@id\":\"https:\\\/\\\/accesolatino.org\\\/#organization\"},\"image\":{\"@id\":\"https:\\\/\\\/accesolatino.org\\\/enfermera-mexicana-deportada-recibe-el-perdon-y-obtiene-visa-de-trabajo-en-eua\\\/orgullo-latino\\\/#primaryimage\"},\"thumbnailUrl\":\"https:\\\/\\\/accesolatino.org\\\/wp-content\\\/uploads\\\/2018\\\/12\\\/Enfermera-mexicana-deportada-recibe-el-perdon-y-obtiene-visa-de-trabajo-en-EUA.jpg\",\"articleSection\":[\"Orgullo Latino\"],\"inLanguage\":\"en-US\",\"potentialAction\":[{\"@type\":\"CommentAction\",\"name\":\"Comment\",\"target\":[\"https:\\\/\\\/accesolatino.org\\\/enfermera-mexicana-deportada-recibe-el-perdon-y-obtiene-visa-de-trabajo-en-eua\\\/orgullo-latino\\\/#respond\"]}]},{\"@type\":\"WebPage\",\"@id\":\"https:\\\/\\\/accesolatino.org\\\/enfermera-mexicana-deportada-recibe-el-perdon-y-obtiene-visa-de-trabajo-en-eua\\\/orgullo-latino\\\/\",\"url\":\"https:\\\/\\\/accesolatino.org\\\/enfermera-mexicana-deportada-recibe-el-perdon-y-obtiene-visa-de-trabajo-en-eua\\\/orgullo-latino\\\/\",\"name\":\"Enfermera mexicana deportada, recibe el perd\u00f3n y obtiene visa de trabajo en EUA\",\"isPartOf\":{\"@id\":\"https:\\\/\\\/accesolatino.org\\\/#website\"},\"primaryImageOfPage\":{\"@id\":\"https:\\\/\\\/accesolatino.org\\\/enfermera-mexicana-deportada-recibe-el-perdon-y-obtiene-visa-de-trabajo-en-eua\\\/orgullo-latino\\\/#primaryimage\"},\"image\":{\"@id\":\"https:\\\/\\\/accesolatino.org\\\/enfermera-mexicana-deportada-recibe-el-perdon-y-obtiene-visa-de-trabajo-en-eua\\\/orgullo-latino\\\/#primaryimage\"},\"thumbnailUrl\":\"https:\\\/\\\/accesolatino.org\\\/wp-content\\\/uploads\\\/2018\\\/12\\\/Enfermera-mexicana-deportada-recibe-el-perdon-y-obtiene-visa-de-trabajo-en-EUA.jpg\",\"datePublished\":\"2018-12-03T18:09:22+00:00\",\"dateModified\":\"2025-10-27T18:20:20+00:00\",\"description\":\"La lucha de Mar\u00eda, enfermera que fue deportada el a\u00f1o pasado, para regresar a EEUU y reunirse con sus cuatro hijos y su esposo en California dio frutos\",\"breadcrumb\":{\"@id\":\"https:\\\/\\\/accesolatino.org\\\/enfermera-mexicana-deportada-recibe-el-perdon-y-obtiene-visa-de-trabajo-en-eua\\\/orgullo-latino\\\/#breadcrumb\"},\"inLanguage\":\"en-US\",\"potentialAction\":[{\"@type\":\"ReadAction\",\"target\":[\"https:\\\/\\\/accesolatino.org\\\/enfermera-mexicana-deportada-recibe-el-perdon-y-obtiene-visa-de-trabajo-en-eua\\\/orgullo-latino\\\/\"]}]},{\"@type\":\"ImageObject\",\"inLanguage\":\"en-US\",\"@id\":\"https:\\\/\\\/accesolatino.org\\\/enfermera-mexicana-deportada-recibe-el-perdon-y-obtiene-visa-de-trabajo-en-eua\\\/orgullo-latino\\\/#primaryimage\",\"url\":\"https:\\\/\\\/accesolatino.org\\\/wp-content\\\/uploads\\\/2018\\\/12\\\/Enfermera-mexicana-deportada-recibe-el-perdon-y-obtiene-visa-de-trabajo-en-EUA.jpg\",\"contentUrl\":\"https:\\\/\\\/accesolatino.org\\\/wp-content\\\/uploads\\\/2018\\\/12\\\/Enfermera-mexicana-deportada-recibe-el-perdon-y-obtiene-visa-de-trabajo-en-EUA.jpg\",\"width\":600,\"height\":338,\"caption\":\"Enfermera mexicana deportada, recibe el perd\u00f3n y obtiene visa de trabajo en EUA\"},{\"@type\":\"BreadcrumbList\",\"@id\":\"https:\\\/\\\/accesolatino.org\\\/enfermera-mexicana-deportada-recibe-el-perdon-y-obtiene-visa-de-trabajo-en-eua\\\/orgullo-latino\\\/#breadcrumb\",\"itemListElement\":[{\"@type\":\"ListItem\",\"position\":1,\"name\":\"Portada\",\"item\":\"https:\\\/\\\/accesolatino.org\\\/\"},{\"@type\":\"ListItem\",\"position\":2,\"name\":\"Orgullo Latino\",\"item\":\"https:\\\/\\\/accesolatino.org\\\/category\\\/orgullo-latino\\\/\"},{\"@type\":\"ListItem\",\"position\":3,\"name\":\"Enfermera mexicana deportada, recibe el perd\u00f3n y obtiene visa de trabajo en EUA\"}]},{\"@type\":\"WebSite\",\"@id\":\"https:\\\/\\\/accesolatino.org\\\/#website\",\"url\":\"https:\\\/\\\/accesolatino.org\\\/\",\"name\":\"Acceso Latino | Fundaci\u00f3n Carlos Slim\",\"description\":\"Fundaci\u00f3n Carlos Slim\",\"publisher\":{\"@id\":\"https:\\\/\\\/accesolatino.org\\\/#organization\"},\"potentialAction\":[{\"@type\":\"SearchAction\",\"target\":{\"@type\":\"EntryPoint\",\"urlTemplate\":\"https:\\\/\\\/accesolatino.org\\\/?s={search_term_string}\"},\"query-input\":{\"@type\":\"PropertyValueSpecification\",\"valueRequired\":true,\"valueName\":\"search_term_string\"}}],\"inLanguage\":\"en-US\"},{\"@type\":\"Organization\",\"@id\":\"https:\\\/\\\/accesolatino.org\\\/#organization\",\"name\":\"Acceso Latino | Fundaci\u00f3n Carlos Slim\",\"url\":\"https:\\\/\\\/accesolatino.org\\\/\",\"logo\":{\"@type\":\"ImageObject\",\"inLanguage\":\"en-US\",\"@id\":\"https:\\\/\\\/accesolatino.org\\\/#\\\/schema\\\/logo\\\/image\\\/\",\"url\":\"https:\\\/\\\/accesolatino.org\\\/wp-content\\\/uploads\\\/2021\\\/02\\\/logo-footer-acceso-latino.png\",\"contentUrl\":\"https:\\\/\\\/accesolatino.org\\\/wp-content\\\/uploads\\\/2021\\\/02\\\/logo-footer-acceso-latino.png\",\"width\":240,\"height\":40,\"caption\":\"Acceso Latino | Fundaci\u00f3n Carlos Slim\"},\"image\":{\"@id\":\"https:\\\/\\\/accesolatino.org\\\/#\\\/schema\\\/logo\\\/image\\\/\"},\"sameAs\":[\"https:\\\/\\\/www.facebook.com\\\/AccesoLatinoOrg\",\"https:\\\/\\\/x.com\\\/FAccLatino\"]},{\"@type\":\"Person\",\"@id\":\"https:\\\/\\\/accesolatino.org\\\/#\\\/schema\\\/person\\\/57bc3bfd2c357610a5255490ca4cd305\",\"name\":\"Noticias\"}]}<\/script>\n<!-- \/ Yoast SEO plugin. -->","yoast_head_json":{"title":"Enfermera mexicana deportada, recibe el perd\u00f3n y obtiene visa de trabajo en EUA","description":"La lucha de Mar\u00eda, enfermera que fue deportada el a\u00f1o pasado, para regresar a EEUU y reunirse con sus cuatro hijos y su esposo en California dio frutos","robots":{"index":"index","follow":"follow","max-snippet":"max-snippet:-1","max-image-preview":"max-image-preview:large","max-video-preview":"max-video-preview:-1"},"canonical":"https:\/\/accesolatino.org\/en\/enfermera-mexicana-deportada-recibe-el-perdon-y-obtiene-visa-de-trabajo-en-eua\/orgullo-latino\/","og_locale":"en_US","og_type":"article","og_title":"Enfermera mexicana deportada, recibe el perd\u00f3n y obtiene visa de trabajo en EUA","og_description":"La lucha de Mar\u00eda, enfermera que fue deportada el a\u00f1o pasado, para regresar a EEUU y reunirse con sus cuatro hijos y su esposo en California dio frutos","og_url":"https:\/\/accesolatino.org\/en\/enfermera-mexicana-deportada-recibe-el-perdon-y-obtiene-visa-de-trabajo-en-eua\/orgullo-latino\/","og_site_name":"Acceso Latino","article_publisher":"https:\/\/www.facebook.com\/AccesoLatinoOrg","article_published_time":"2018-12-03T18:09:22+00:00","article_modified_time":"2025-10-27T18:20:20+00:00","og_image":[{"width":600,"height":338,"url":"https:\/\/accesolatino.org\/wp-content\/uploads\/2018\/12\/Enfermera-mexicana-deportada-recibe-el-perdon-y-obtiene-visa-de-trabajo-en-EUA.jpg","type":"image\/jpeg"}],"author":"Noticias","twitter_card":"summary_large_image","twitter_creator":"@FAccLatino","twitter_site":"@FAccLatino","twitter_misc":{"Written by":"Noticias","Est. reading time":"3 minutes"},"schema":{"@context":"https:\/\/schema.org","@graph":[{"@type":"Article","@id":"https:\/\/accesolatino.org\/enfermera-mexicana-deportada-recibe-el-perdon-y-obtiene-visa-de-trabajo-en-eua\/orgullo-latino\/#article","isPartOf":{"@id":"https:\/\/accesolatino.org\/enfermera-mexicana-deportada-recibe-el-perdon-y-obtiene-visa-de-trabajo-en-eua\/orgullo-latino\/"},"author":{"name":"Noticias","@id":"https:\/\/accesolatino.org\/#\/schema\/person\/57bc3bfd2c357610a5255490ca4cd305"},"headline":"Enfermera mexicana deportada, recibe el perd\u00f3n y obtiene visa de trabajo en EUA","datePublished":"2018-12-03T18:09:22+00:00","dateModified":"2025-10-27T18:20:20+00:00","mainEntityOfPage":{"@id":"https:\/\/accesolatino.org\/enfermera-mexicana-deportada-recibe-el-perdon-y-obtiene-visa-de-trabajo-en-eua\/orgullo-latino\/"},"wordCount":438,"commentCount":0,"publisher":{"@id":"https:\/\/accesolatino.org\/#organization"},"image":{"@id":"https:\/\/accesolatino.org\/enfermera-mexicana-deportada-recibe-el-perdon-y-obtiene-visa-de-trabajo-en-eua\/orgullo-latino\/#primaryimage"},"thumbnailUrl":"https:\/\/accesolatino.org\/wp-content\/uploads\/2018\/12\/Enfermera-mexicana-deportada-recibe-el-perdon-y-obtiene-visa-de-trabajo-en-EUA.jpg","articleSection":["Orgullo Latino"],"inLanguage":"en-US","potentialAction":[{"@type":"CommentAction","name":"Comment","target":["https:\/\/accesolatino.org\/enfermera-mexicana-deportada-recibe-el-perdon-y-obtiene-visa-de-trabajo-en-eua\/orgullo-latino\/#respond"]}]},{"@type":"WebPage","@id":"https:\/\/accesolatino.org\/enfermera-mexicana-deportada-recibe-el-perdon-y-obtiene-visa-de-trabajo-en-eua\/orgullo-latino\/","url":"https:\/\/accesolatino.org\/enfermera-mexicana-deportada-recibe-el-perdon-y-obtiene-visa-de-trabajo-en-eua\/orgullo-latino\/","name":"Enfermera mexicana deportada, recibe el perd\u00f3n y obtiene visa de trabajo en EUA","isPartOf":{"@id":"https:\/\/accesolatino.org\/#website"},"primaryImageOfPage":{"@id":"https:\/\/accesolatino.org\/enfermera-mexicana-deportada-recibe-el-perdon-y-obtiene-visa-de-trabajo-en-eua\/orgullo-latino\/#primaryimage"},"image":{"@id":"https:\/\/accesolatino.org\/enfermera-mexicana-deportada-recibe-el-perdon-y-obtiene-visa-de-trabajo-en-eua\/orgullo-latino\/#primaryimage"},"thumbnailUrl":"https:\/\/accesolatino.org\/wp-content\/uploads\/2018\/12\/Enfermera-mexicana-deportada-recibe-el-perdon-y-obtiene-visa-de-trabajo-en-EUA.jpg","datePublished":"2018-12-03T18:09:22+00:00","dateModified":"2025-10-27T18:20:20+00:00","description":"La lucha de Mar\u00eda, enfermera que fue deportada el a\u00f1o pasado, para regresar a EEUU y reunirse con sus cuatro hijos y su esposo en California dio frutos","breadcrumb":{"@id":"https:\/\/accesolatino.org\/enfermera-mexicana-deportada-recibe-el-perdon-y-obtiene-visa-de-trabajo-en-eua\/orgullo-latino\/#breadcrumb"},"inLanguage":"en-US","potentialAction":[{"@type":"ReadAction","target":["https:\/\/accesolatino.org\/enfermera-mexicana-deportada-recibe-el-perdon-y-obtiene-visa-de-trabajo-en-eua\/orgullo-latino\/"]}]},{"@type":"ImageObject","inLanguage":"en-US","@id":"https:\/\/accesolatino.org\/enfermera-mexicana-deportada-recibe-el-perdon-y-obtiene-visa-de-trabajo-en-eua\/orgullo-latino\/#primaryimage","url":"https:\/\/accesolatino.org\/wp-content\/uploads\/2018\/12\/Enfermera-mexicana-deportada-recibe-el-perdon-y-obtiene-visa-de-trabajo-en-EUA.jpg","contentUrl":"https:\/\/accesolatino.org\/wp-content\/uploads\/2018\/12\/Enfermera-mexicana-deportada-recibe-el-perdon-y-obtiene-visa-de-trabajo-en-EUA.jpg","width":600,"height":338,"caption":"Enfermera mexicana deportada, recibe el perd\u00f3n y obtiene visa de trabajo en EUA"},{"@type":"BreadcrumbList","@id":"https:\/\/accesolatino.org\/enfermera-mexicana-deportada-recibe-el-perdon-y-obtiene-visa-de-trabajo-en-eua\/orgullo-latino\/#breadcrumb","itemListElement":[{"@type":"ListItem","position":1,"name":"Portada","item":"https:\/\/accesolatino.org\/"},{"@type":"ListItem","position":2,"name":"Orgullo Latino","item":"https:\/\/accesolatino.org\/category\/orgullo-latino\/"},{"@type":"ListItem","position":3,"name":"Enfermera mexicana deportada, recibe el perd\u00f3n y obtiene visa de trabajo en EUA"}]},{"@type":"WebSite","@id":"https:\/\/accesolatino.org\/#website","url":"https:\/\/accesolatino.org\/","name":"Acceso Latino | Fundaci\u00f3n Carlos Slim","description":"Fundaci\u00f3n Carlos Slim","publisher":{"@id":"https:\/\/accesolatino.org\/#organization"},"potentialAction":[{"@type":"SearchAction","target":{"@type":"EntryPoint","urlTemplate":"https:\/\/accesolatino.org\/?s={search_term_string}"},"query-input":{"@type":"PropertyValueSpecification","valueRequired":true,"valueName":"search_term_string"}}],"inLanguage":"en-US"},{"@type":"Organization","@id":"https:\/\/accesolatino.org\/#organization","name":"Acceso Latino | Fundaci\u00f3n Carlos Slim","url":"https:\/\/accesolatino.org\/","logo":{"@type":"ImageObject","inLanguage":"en-US","@id":"https:\/\/accesolatino.org\/#\/schema\/logo\/image\/","url":"https:\/\/accesolatino.org\/wp-content\/uploads\/2021\/02\/logo-footer-acceso-latino.png","contentUrl":"https:\/\/accesolatino.org\/wp-content\/uploads\/2021\/02\/logo-footer-acceso-latino.png","width":240,"height":40,"caption":"Acceso Latino | Fundaci\u00f3n Carlos Slim"},"image":{"@id":"https:\/\/accesolatino.org\/#\/schema\/logo\/image\/"},"sameAs":["https:\/\/www.facebook.com\/AccesoLatinoOrg","https:\/\/x.com\/FAccLatino"]},{"@type":"Person","@id":"https:\/\/accesolatino.org\/#\/schema\/person\/57bc3bfd2c357610a5255490ca4cd305","name":"News"}]}},"_links":{"self":[{"href":"https:\/\/accesolatino.org\/en\/wp-json\/wp\/v2\/posts\/15577","targetHints":{"allow":["GET"]}}],"collection":[{"href":"https:\/\/accesolatino.org\/en\/wp-json\/wp\/v2\/posts"}],"about":[{"href":"https:\/\/accesolatino.org\/en\/wp-json\/wp\/v2\/types\/post"}],"author":[{"embeddable":true,"href":"https:\/\/accesolatino.org\/en\/wp-json\/wp\/v2\/users\/13"}],"replies":[{"embeddable":true,"href":"https:\/\/accesolatino.org\/en\/wp-json\/wp\/v2\/comments?post=15577"}],"version-history":[{"count":1,"href":"https:\/\/accesolatino.org\/en\/wp-json\/wp\/v2\/posts\/15577\/revisions"}],"predecessor-version":[{"id":66532,"href":"https:\/\/accesolatino.org\/en\/wp-json\/wp\/v2\/posts\/15577\/revisions\/66532"}],"wp:featuredmedia":[{"embeddable":true,"href":"https:\/\/accesolatino.org\/en\/wp-json\/wp\/v2\/media\/15578"}],"wp:attachment":[{"href":"https:\/\/accesolatino.org\/en\/wp-json\/wp\/v2\/media?parent=15577"}],"wp:term":[{"taxonomy":"category","embeddable":true,"href":"https:\/\/accesolatino.org\/en\/wp-json\/wp\/v2\/categories?post=15577"},{"taxonomy":"post_tag","embeddable":true,"href":"https:\/\/accesolatino.org\/en\/wp-json\/wp\/v2\/tags?post=15577"}],"curies":[{"name":"wp","href":"https:\/\/api.w.org\/{rel}","templated":true}]}}