{"id":15320,"date":"2018-11-08T09:42:50","date_gmt":"2018-11-08T15:42:50","guid":{"rendered":"https:\/\/accesolatino.org\/?p=15320"},"modified":"2025-10-27T12:21:36","modified_gmt":"2025-10-27T18:21:36","slug":"maria-de-106-anos-de-edad-consiguio-la-ciudadania-estadounidense","status":"publish","type":"post","link":"https:\/\/accesolatino.org\/en\/maria-de-106-anos-de-edad-consiguio-la-ciudadania-estadounidense\/orgullo-latino\/","title":{"rendered":"Mar\u00eda de 106 a\u00f1os de edad consigui\u00f3 la ciudadan\u00eda estadounidense"},"content":{"rendered":"<div data-elementor-type=\"wp-post\" data-elementor-id=\"15320\" class=\"elementor elementor-15320 elementor-bc-flex-widget\">\n\t\t\t\t\t\t<section class=\"elementor-section elementor-top-section elementor-element elementor-element-369f77a elementor-section-boxed elementor-section-height-default elementor-section-height-default wpr-particle-no wpr-jarallax-no wpr-parallax-no wpr-sticky-section-no wpr-equal-height-no\" data-id=\"369f77a\" data-element_type=\"section\" data-e-type=\"section\">\n\t\t\t\t\t\t<div class=\"elementor-container elementor-column-gap-default\">\n\t\t\t\t\t<div class=\"elementor-column elementor-col-100 elementor-top-column elementor-element elementor-element-8ef62e2\" data-id=\"8ef62e2\" data-element_type=\"column\" data-e-type=\"column\">\n\t\t\t<div class=\"elementor-widget-wrap elementor-element-populated\">\n\t\t\t\t\t\t<div class=\"elementor-element elementor-element-d9121ee elementor-widget elementor-widget-text-editor\" data-id=\"d9121ee\" data-element_type=\"widget\" data-e-type=\"widget\" data-widget_type=\"text-editor.default\">\n\t\t\t\t<div class=\"elementor-widget-container\">\n\t\t\t\t\t\t\t\t\t<p>La salvadore\u00f1a Mar\u00eda Valles Bonilla de 106 a\u00f1os de edad recibi\u00f3 el martes la nacionalidad estadounidense durante una ceremonia cerca de Washington, el mismo d\u00eda de unas elecciones parlamentarias en las que la inmigraci\u00f3n proveniente de Am\u00e9rica Central ha sido uno de los principales temas de campa\u00f1a.<\/p><p>La mujer originaria de El Salvador onde\u00f3 una peque\u00f1a bandera estadounidense y prest\u00f3 juramento de ciudadan\u00eda con la mano en el coraz\u00f3n y rodeada de su familia, incluidos varios tataranietos.<\/p><p>Previamente hab\u00eda sido interrogada por los servicios de inmigraci\u00f3n, que concluyeron que reun\u00eda todas las condiciones necesarias para ser naturalizada, seg\u00fan dijo un alto funcionario de esta agencia.<\/p><p>Durante la entrevista, Valles Bonilla dijo que quien so\u00f1aba con recibir la nacionalidad estadounidense era su difunto esposo y que ella hab\u00eda realizado la demanda en su honor.<\/p><p>In <strong>accesolatino.org<\/strong> te preparamos sin costo con la herramienta <a href=\"https:\/\/ciudadanizate.accesolatino.org\/#video3\"><strong>Ciudadan\u00edzate.<\/strong><\/a> Accede a la secci\u00f3n de<a href=\"https:\/\/ciudadanizate.accesolatino.org\/#video3\"><strong> \u201cCiudadan\u00eda\u201d<\/strong><\/a> y conoce si eres candidato a la naturalizaci\u00f3n. Te ayudamos con la solicitud y te preparamos para los ex\u00e1menes de historia e ingl\u00e9s, as\u00ed como para la entrevista con autoridades estadounidenses. \u00a1Empieza ya!<\/p>\t\t\t\t\t\t\t\t<\/div>\n\t\t\t\t<\/div>\n\t\t\t\t\t<\/div>\n\t\t<\/div>\n\t\t\t\t\t<\/div>\n\t\t<\/section>\n\t\t\t\t<\/div>","protected":false},"excerpt":{"rendered":"<p>La mayor\u00eda de las personas que entraron como ilegales a Estados Unidos son inelegibles para una visa de inmigrante. Pero el gobierno puede conceder permisos especiales o &#8220;waivers&#8221; a ciertos familiares inmediatos de ciudadanos estadounidenses. Si ya te fue negada la visa y quieres volver a intentarlo, puedes solicitar un permiso especial llamado Exenci\u00f3n Provisional por Presencia Ilegal. Pueden solicitarlo quienes a\u00fan est\u00e1n f\u00edsicamente presentes en Estados Unidos al momento de la solicitud y tienen m\u00e1s de 18 a\u00f1os. Los solicitantes deben tener un caso de visa de inmigrante pendiente con el Departamento de Estado (DOS) porque son familiares de un ciudadano extranjero, realizan un tr\u00e1mite de visa de trabajo o de inmigrante especial. Tambi\u00e9n pueden pedir el perd\u00f3n quienes son c\u00f3nyuges o hijos de un beneficiario principal de una petici\u00f3n de visa de inmigrante aprobada. Es imprescindible que la presencia indocumentada en Estados Unidos no haya rebasado los 180 d\u00edas. \u201cEl oficial consular te indicar\u00e1 c\u00f3mo registrar tu solicitud I-601A. Despu\u00e9s deber\u00e1s seguir el proceso ante el Departamento de Inmigraci\u00f3n y Ciudadan\u00eda (USCIS)\u201d, apuntan. Los requisitos para solicitar el perd\u00f3n son: solicitud I-601A, copia del recibo de pago de la tarifa de Visa de Inmigrante del Departamento de Estado, copia impresa de la p\u00e1gina de Verificaci\u00f3n de Estatus, pasaporte e identificaci\u00f3n oficial. USCIS se\u00f1ala que el costo de la solicitud es de $630 d\u00f3lares. \u201cSi usted es menor de 79 a\u00f1os de edad, tambi\u00e9n debe pagar $85 d\u00f3lares por concepto de servicios biom\u00e9tricos\u201d. Los extranjeros pueden solicitar el perd\u00f3n, despu\u00e9s de realizar su entrevista de visa. El oficial consular determinar\u00e1 si son elegibles y pueden continuar el tr\u00e1mite desde un consulado fuera de Estados Unidos. Cuando est\u00e9n en la entrevista con un oficial consular y \u00e9ste la niegue por presencia ilegal, el peticionario debe solicitar el \u201cwaiver\u201d. El perd\u00f3n o waiver no puede ser solicitado o aprobado por ning\u00fan tercero (hay agencias que cobran cientos de d\u00f3lares por el \u201cservicio\u201d). S\u00f3lo lo aprueba o niega USCIS o el Departamento de Seguridad Nacional. El oficial consular tambi\u00e9n considerar\u00e1 otros factores para recomendar el perd\u00f3n, como el tipo de falta y cu\u00e1ndo se cometi\u00f3. El perd\u00f3n, por lo general, es v\u00e1lido \u00fanicamente por un a\u00f1o, as\u00ed que cuando venza, deber\u00e1s volver a pasar por el proceso completo cada vez que quieras tramitar la visa. En Acceso Latino podr\u00e1s contactar a un abogado pro bono para que te oriente en los tr\u00e1mites migratorios. Encuentra en la secci\u00f3n de \u201cOrientaci\u00f3n legal\u201d los abogados de bajo costo o sin costo, en todo Estados Unidos, y consulta tu situaci\u00f3n actual para encontrar la mejor soluci\u00f3n o la gu\u00eda para empezar tu tr\u00e1mite.<\/p>","protected":false},"author":1,"featured_media":15321,"comment_status":"open","ping_status":"open","sticky":false,"template":"elementor_header_footer","format":"standard","meta":{"_uf_show_specific_survey":0,"_uf_disable_surveys":false,"footnotes":""},"categories":[9],"tags":[],"class_list":["post-15320","post","type-post","status-publish","format-standard","has-post-thumbnail","hentry","category-orgullo-latino"],"aioseo_notices":[],"yoast_head":"<!-- This site is optimized with the Yoast SEO plugin v27.5 - https:\/\/yoast.com\/product\/yoast-seo-wordpress\/ -->\n<title>Mar\u00eda de 106 a\u00f1os de edad consigui\u00f3 la ciudadan\u00eda estadounidense<\/title>\n<meta name=\"description\" content=\"La salvadore\u00f1a Mar\u00eda Valles Bonilla de 106 a\u00f1os de edad recibi\u00f3 el martes la nacionalidad estadounidense durante una ceremonia cerca de Washington\" \/>\n<meta name=\"robots\" content=\"index, follow, max-snippet:-1, max-image-preview:large, max-video-preview:-1\" \/>\n<link rel=\"canonical\" href=\"https:\/\/accesolatino.org\/en\/maria-de-106-anos-de-edad-consiguio-la-ciudadania-estadounidense\/orgullo-latino\/\" \/>\n<meta property=\"og:locale\" content=\"en_US\" \/>\n<meta property=\"og:type\" content=\"article\" \/>\n<meta property=\"og:title\" content=\"Mar\u00eda de 106 a\u00f1os de edad consigui\u00f3 la ciudadan\u00eda estadounidense\" \/>\n<meta property=\"og:description\" content=\"La salvadore\u00f1a Mar\u00eda Valles Bonilla de 106 a\u00f1os de edad recibi\u00f3 el martes la nacionalidad estadounidense durante una ceremonia cerca de Washington\" \/>\n<meta property=\"og:url\" content=\"https:\/\/accesolatino.org\/en\/maria-de-106-anos-de-edad-consiguio-la-ciudadania-estadounidense\/orgullo-latino\/\" \/>\n<meta property=\"og:site_name\" content=\"Acceso Latino\" \/>\n<meta property=\"article:publisher\" content=\"https:\/\/www.facebook.com\/AccesoLatinoOrg\" \/>\n<meta property=\"article:published_time\" content=\"2018-11-08T15:42:50+00:00\" \/>\n<meta property=\"article:modified_time\" content=\"2025-10-27T18:21:36+00:00\" \/>\n<meta property=\"og:image\" content=\"https:\/\/accesolatino.org\/wp-content\/uploads\/2018\/11\/Maria-de-106-anos-de-edad-consiguio-la-ciudadania-estadounidense.jpg\" \/>\n\t<meta property=\"og:image:width\" content=\"600\" \/>\n\t<meta property=\"og:image:height\" content=\"338\" \/>\n\t<meta property=\"og:image:type\" content=\"image\/jpeg\" \/>\n<meta name=\"author\" content=\"admin\" \/>\n<meta name=\"twitter:card\" content=\"summary_large_image\" \/>\n<meta name=\"twitter:creator\" content=\"@FAccLatino\" \/>\n<meta name=\"twitter:site\" content=\"@FAccLatino\" \/>\n<meta name=\"twitter:label1\" content=\"Written by\" \/>\n\t<meta name=\"twitter:data1\" content=\"admin\" \/>\n\t<meta name=\"twitter:label2\" content=\"Est. reading time\" \/>\n\t<meta name=\"twitter:data2\" content=\"3 minutes\" \/>\n<script type=\"application\/ld+json\" class=\"yoast-schema-graph\">{\"@context\":\"https:\\\/\\\/schema.org\",\"@graph\":[{\"@type\":\"Article\",\"@id\":\"https:\\\/\\\/accesolatino.org\\\/maria-de-106-anos-de-edad-consiguio-la-ciudadania-estadounidense\\\/orgullo-latino\\\/#article\",\"isPartOf\":{\"@id\":\"https:\\\/\\\/accesolatino.org\\\/maria-de-106-anos-de-edad-consiguio-la-ciudadania-estadounidense\\\/orgullo-latino\\\/\"},\"author\":{\"name\":\"admin\",\"@id\":\"https:\\\/\\\/accesolatino.org\\\/#\\\/schema\\\/person\\\/10763acf0565833da11d915ac8549efd\"},\"headline\":\"Mar\u00eda de 106 a\u00f1os de edad consigui\u00f3 la ciudadan\u00eda estadounidense\",\"datePublished\":\"2018-11-08T15:42:50+00:00\",\"dateModified\":\"2025-10-27T18:21:36+00:00\",\"mainEntityOfPage\":{\"@id\":\"https:\\\/\\\/accesolatino.org\\\/maria-de-106-anos-de-edad-consiguio-la-ciudadania-estadounidense\\\/orgullo-latino\\\/\"},\"wordCount\":497,\"commentCount\":0,\"publisher\":{\"@id\":\"https:\\\/\\\/accesolatino.org\\\/#organization\"},\"image\":{\"@id\":\"https:\\\/\\\/accesolatino.org\\\/maria-de-106-anos-de-edad-consiguio-la-ciudadania-estadounidense\\\/orgullo-latino\\\/#primaryimage\"},\"thumbnailUrl\":\"https:\\\/\\\/accesolatino.org\\\/wp-content\\\/uploads\\\/2018\\\/11\\\/Maria-de-106-anos-de-edad-consiguio-la-ciudadania-estadounidense.jpg\",\"articleSection\":[\"Orgullo Latino\"],\"inLanguage\":\"en-US\",\"potentialAction\":[{\"@type\":\"CommentAction\",\"name\":\"Comment\",\"target\":[\"https:\\\/\\\/accesolatino.org\\\/maria-de-106-anos-de-edad-consiguio-la-ciudadania-estadounidense\\\/orgullo-latino\\\/#respond\"]}]},{\"@type\":\"WebPage\",\"@id\":\"https:\\\/\\\/accesolatino.org\\\/maria-de-106-anos-de-edad-consiguio-la-ciudadania-estadounidense\\\/orgullo-latino\\\/\",\"url\":\"https:\\\/\\\/accesolatino.org\\\/maria-de-106-anos-de-edad-consiguio-la-ciudadania-estadounidense\\\/orgullo-latino\\\/\",\"name\":\"Mar\u00eda de 106 a\u00f1os de edad consigui\u00f3 la ciudadan\u00eda estadounidense\",\"isPartOf\":{\"@id\":\"https:\\\/\\\/accesolatino.org\\\/#website\"},\"primaryImageOfPage\":{\"@id\":\"https:\\\/\\\/accesolatino.org\\\/maria-de-106-anos-de-edad-consiguio-la-ciudadania-estadounidense\\\/orgullo-latino\\\/#primaryimage\"},\"image\":{\"@id\":\"https:\\\/\\\/accesolatino.org\\\/maria-de-106-anos-de-edad-consiguio-la-ciudadania-estadounidense\\\/orgullo-latino\\\/#primaryimage\"},\"thumbnailUrl\":\"https:\\\/\\\/accesolatino.org\\\/wp-content\\\/uploads\\\/2018\\\/11\\\/Maria-de-106-anos-de-edad-consiguio-la-ciudadania-estadounidense.jpg\",\"datePublished\":\"2018-11-08T15:42:50+00:00\",\"dateModified\":\"2025-10-27T18:21:36+00:00\",\"description\":\"La salvadore\u00f1a Mar\u00eda Valles Bonilla de 106 a\u00f1os de edad recibi\u00f3 el martes la nacionalidad estadounidense durante una ceremonia cerca de Washington\",\"breadcrumb\":{\"@id\":\"https:\\\/\\\/accesolatino.org\\\/maria-de-106-anos-de-edad-consiguio-la-ciudadania-estadounidense\\\/orgullo-latino\\\/#breadcrumb\"},\"inLanguage\":\"en-US\",\"potentialAction\":[{\"@type\":\"ReadAction\",\"target\":[\"https:\\\/\\\/accesolatino.org\\\/maria-de-106-anos-de-edad-consiguio-la-ciudadania-estadounidense\\\/orgullo-latino\\\/\"]}]},{\"@type\":\"ImageObject\",\"inLanguage\":\"en-US\",\"@id\":\"https:\\\/\\\/accesolatino.org\\\/maria-de-106-anos-de-edad-consiguio-la-ciudadania-estadounidense\\\/orgullo-latino\\\/#primaryimage\",\"url\":\"https:\\\/\\\/accesolatino.org\\\/wp-content\\\/uploads\\\/2018\\\/11\\\/Maria-de-106-anos-de-edad-consiguio-la-ciudadania-estadounidense.jpg\",\"contentUrl\":\"https:\\\/\\\/accesolatino.org\\\/wp-content\\\/uploads\\\/2018\\\/11\\\/Maria-de-106-anos-de-edad-consiguio-la-ciudadania-estadounidense.jpg\",\"width\":600,\"height\":338,\"caption\":\"Mar\u00eda de 106 a\u00f1os de edad consigui\u00f3 la ciudadan\u00eda estadounidense\"},{\"@type\":\"BreadcrumbList\",\"@id\":\"https:\\\/\\\/accesolatino.org\\\/maria-de-106-anos-de-edad-consiguio-la-ciudadania-estadounidense\\\/orgullo-latino\\\/#breadcrumb\",\"itemListElement\":[{\"@type\":\"ListItem\",\"position\":1,\"name\":\"Portada\",\"item\":\"https:\\\/\\\/accesolatino.org\\\/\"},{\"@type\":\"ListItem\",\"position\":2,\"name\":\"Orgullo Latino\",\"item\":\"https:\\\/\\\/accesolatino.org\\\/category\\\/orgullo-latino\\\/\"},{\"@type\":\"ListItem\",\"position\":3,\"name\":\"Mar\u00eda de 106 a\u00f1os de edad consigui\u00f3 la ciudadan\u00eda estadounidense\"}]},{\"@type\":\"WebSite\",\"@id\":\"https:\\\/\\\/accesolatino.org\\\/#website\",\"url\":\"https:\\\/\\\/accesolatino.org\\\/\",\"name\":\"Acceso Latino | Fundaci\u00f3n Carlos Slim\",\"description\":\"Fundaci\u00f3n Carlos Slim\",\"publisher\":{\"@id\":\"https:\\\/\\\/accesolatino.org\\\/#organization\"},\"potentialAction\":[{\"@type\":\"SearchAction\",\"target\":{\"@type\":\"EntryPoint\",\"urlTemplate\":\"https:\\\/\\\/accesolatino.org\\\/?s={search_term_string}\"},\"query-input\":{\"@type\":\"PropertyValueSpecification\",\"valueRequired\":true,\"valueName\":\"search_term_string\"}}],\"inLanguage\":\"en-US\"},{\"@type\":\"Organization\",\"@id\":\"https:\\\/\\\/accesolatino.org\\\/#organization\",\"name\":\"Acceso Latino | Fundaci\u00f3n Carlos Slim\",\"url\":\"https:\\\/\\\/accesolatino.org\\\/\",\"logo\":{\"@type\":\"ImageObject\",\"inLanguage\":\"en-US\",\"@id\":\"https:\\\/\\\/accesolatino.org\\\/#\\\/schema\\\/logo\\\/image\\\/\",\"url\":\"https:\\\/\\\/accesolatino.org\\\/wp-content\\\/uploads\\\/2021\\\/02\\\/logo-footer-acceso-latino.png\",\"contentUrl\":\"https:\\\/\\\/accesolatino.org\\\/wp-content\\\/uploads\\\/2021\\\/02\\\/logo-footer-acceso-latino.png\",\"width\":240,\"height\":40,\"caption\":\"Acceso Latino | Fundaci\u00f3n Carlos Slim\"},\"image\":{\"@id\":\"https:\\\/\\\/accesolatino.org\\\/#\\\/schema\\\/logo\\\/image\\\/\"},\"sameAs\":[\"https:\\\/\\\/www.facebook.com\\\/AccesoLatinoOrg\",\"https:\\\/\\\/x.com\\\/FAccLatino\"]},{\"@type\":\"Person\",\"@id\":\"https:\\\/\\\/accesolatino.org\\\/#\\\/schema\\\/person\\\/10763acf0565833da11d915ac8549efd\",\"name\":\"admin\"}]}<\/script>\n<!-- \/ Yoast SEO plugin. -->","yoast_head_json":{"title":"Mar\u00eda de 106 a\u00f1os de edad consigui\u00f3 la ciudadan\u00eda estadounidense","description":"La salvadore\u00f1a Mar\u00eda Valles Bonilla de 106 a\u00f1os de edad recibi\u00f3 el martes la nacionalidad estadounidense durante una ceremonia cerca de Washington","robots":{"index":"index","follow":"follow","max-snippet":"max-snippet:-1","max-image-preview":"max-image-preview:large","max-video-preview":"max-video-preview:-1"},"canonical":"https:\/\/accesolatino.org\/en\/maria-de-106-anos-de-edad-consiguio-la-ciudadania-estadounidense\/orgullo-latino\/","og_locale":"en_US","og_type":"article","og_title":"Mar\u00eda de 106 a\u00f1os de edad consigui\u00f3 la ciudadan\u00eda estadounidense","og_description":"La salvadore\u00f1a Mar\u00eda Valles Bonilla de 106 a\u00f1os de edad recibi\u00f3 el martes la nacionalidad estadounidense durante una ceremonia cerca de Washington","og_url":"https:\/\/accesolatino.org\/en\/maria-de-106-anos-de-edad-consiguio-la-ciudadania-estadounidense\/orgullo-latino\/","og_site_name":"Acceso Latino","article_publisher":"https:\/\/www.facebook.com\/AccesoLatinoOrg","article_published_time":"2018-11-08T15:42:50+00:00","article_modified_time":"2025-10-27T18:21:36+00:00","og_image":[{"width":600,"height":338,"url":"https:\/\/accesolatino.org\/wp-content\/uploads\/2018\/11\/Maria-de-106-anos-de-edad-consiguio-la-ciudadania-estadounidense.jpg","type":"image\/jpeg"}],"author":"admin","twitter_card":"summary_large_image","twitter_creator":"@FAccLatino","twitter_site":"@FAccLatino","twitter_misc":{"Written by":"admin","Est. reading time":"3 minutes"},"schema":{"@context":"https:\/\/schema.org","@graph":[{"@type":"Article","@id":"https:\/\/accesolatino.org\/maria-de-106-anos-de-edad-consiguio-la-ciudadania-estadounidense\/orgullo-latino\/#article","isPartOf":{"@id":"https:\/\/accesolatino.org\/maria-de-106-anos-de-edad-consiguio-la-ciudadania-estadounidense\/orgullo-latino\/"},"author":{"name":"admin","@id":"https:\/\/accesolatino.org\/#\/schema\/person\/10763acf0565833da11d915ac8549efd"},"headline":"Mar\u00eda de 106 a\u00f1os de edad consigui\u00f3 la ciudadan\u00eda estadounidense","datePublished":"2018-11-08T15:42:50+00:00","dateModified":"2025-10-27T18:21:36+00:00","mainEntityOfPage":{"@id":"https:\/\/accesolatino.org\/maria-de-106-anos-de-edad-consiguio-la-ciudadania-estadounidense\/orgullo-latino\/"},"wordCount":497,"commentCount":0,"publisher":{"@id":"https:\/\/accesolatino.org\/#organization"},"image":{"@id":"https:\/\/accesolatino.org\/maria-de-106-anos-de-edad-consiguio-la-ciudadania-estadounidense\/orgullo-latino\/#primaryimage"},"thumbnailUrl":"https:\/\/accesolatino.org\/wp-content\/uploads\/2018\/11\/Maria-de-106-anos-de-edad-consiguio-la-ciudadania-estadounidense.jpg","articleSection":["Orgullo Latino"],"inLanguage":"en-US","potentialAction":[{"@type":"CommentAction","name":"Comment","target":["https:\/\/accesolatino.org\/maria-de-106-anos-de-edad-consiguio-la-ciudadania-estadounidense\/orgullo-latino\/#respond"]}]},{"@type":"WebPage","@id":"https:\/\/accesolatino.org\/maria-de-106-anos-de-edad-consiguio-la-ciudadania-estadounidense\/orgullo-latino\/","url":"https:\/\/accesolatino.org\/maria-de-106-anos-de-edad-consiguio-la-ciudadania-estadounidense\/orgullo-latino\/","name":"Mar\u00eda de 106 a\u00f1os de edad consigui\u00f3 la ciudadan\u00eda estadounidense","isPartOf":{"@id":"https:\/\/accesolatino.org\/#website"},"primaryImageOfPage":{"@id":"https:\/\/accesolatino.org\/maria-de-106-anos-de-edad-consiguio-la-ciudadania-estadounidense\/orgullo-latino\/#primaryimage"},"image":{"@id":"https:\/\/accesolatino.org\/maria-de-106-anos-de-edad-consiguio-la-ciudadania-estadounidense\/orgullo-latino\/#primaryimage"},"thumbnailUrl":"https:\/\/accesolatino.org\/wp-content\/uploads\/2018\/11\/Maria-de-106-anos-de-edad-consiguio-la-ciudadania-estadounidense.jpg","datePublished":"2018-11-08T15:42:50+00:00","dateModified":"2025-10-27T18:21:36+00:00","description":"La salvadore\u00f1a Mar\u00eda Valles Bonilla de 106 a\u00f1os de edad recibi\u00f3 el martes la nacionalidad estadounidense durante una ceremonia cerca de Washington","breadcrumb":{"@id":"https:\/\/accesolatino.org\/maria-de-106-anos-de-edad-consiguio-la-ciudadania-estadounidense\/orgullo-latino\/#breadcrumb"},"inLanguage":"en-US","potentialAction":[{"@type":"ReadAction","target":["https:\/\/accesolatino.org\/maria-de-106-anos-de-edad-consiguio-la-ciudadania-estadounidense\/orgullo-latino\/"]}]},{"@type":"ImageObject","inLanguage":"en-US","@id":"https:\/\/accesolatino.org\/maria-de-106-anos-de-edad-consiguio-la-ciudadania-estadounidense\/orgullo-latino\/#primaryimage","url":"https:\/\/accesolatino.org\/wp-content\/uploads\/2018\/11\/Maria-de-106-anos-de-edad-consiguio-la-ciudadania-estadounidense.jpg","contentUrl":"https:\/\/accesolatino.org\/wp-content\/uploads\/2018\/11\/Maria-de-106-anos-de-edad-consiguio-la-ciudadania-estadounidense.jpg","width":600,"height":338,"caption":"Mar\u00eda de 106 a\u00f1os de edad consigui\u00f3 la ciudadan\u00eda estadounidense"},{"@type":"BreadcrumbList","@id":"https:\/\/accesolatino.org\/maria-de-106-anos-de-edad-consiguio-la-ciudadania-estadounidense\/orgullo-latino\/#breadcrumb","itemListElement":[{"@type":"ListItem","position":1,"name":"Portada","item":"https:\/\/accesolatino.org\/"},{"@type":"ListItem","position":2,"name":"Orgullo Latino","item":"https:\/\/accesolatino.org\/category\/orgullo-latino\/"},{"@type":"ListItem","position":3,"name":"Mar\u00eda de 106 a\u00f1os de edad consigui\u00f3 la ciudadan\u00eda estadounidense"}]},{"@type":"WebSite","@id":"https:\/\/accesolatino.org\/#website","url":"https:\/\/accesolatino.org\/","name":"Acceso Latino | Fundaci\u00f3n Carlos Slim","description":"Fundaci\u00f3n Carlos Slim","publisher":{"@id":"https:\/\/accesolatino.org\/#organization"},"potentialAction":[{"@type":"SearchAction","target":{"@type":"EntryPoint","urlTemplate":"https:\/\/accesolatino.org\/?s={search_term_string}"},"query-input":{"@type":"PropertyValueSpecification","valueRequired":true,"valueName":"search_term_string"}}],"inLanguage":"en-US"},{"@type":"Organization","@id":"https:\/\/accesolatino.org\/#organization","name":"Acceso Latino | Fundaci\u00f3n Carlos Slim","url":"https:\/\/accesolatino.org\/","logo":{"@type":"ImageObject","inLanguage":"en-US","@id":"https:\/\/accesolatino.org\/#\/schema\/logo\/image\/","url":"https:\/\/accesolatino.org\/wp-content\/uploads\/2021\/02\/logo-footer-acceso-latino.png","contentUrl":"https:\/\/accesolatino.org\/wp-content\/uploads\/2021\/02\/logo-footer-acceso-latino.png","width":240,"height":40,"caption":"Acceso Latino | Fundaci\u00f3n Carlos Slim"},"image":{"@id":"https:\/\/accesolatino.org\/#\/schema\/logo\/image\/"},"sameAs":["https:\/\/www.facebook.com\/AccesoLatinoOrg","https:\/\/x.com\/FAccLatino"]},{"@type":"Person","@id":"https:\/\/accesolatino.org\/#\/schema\/person\/10763acf0565833da11d915ac8549efd","name":"admin"}]}},"_links":{"self":[{"href":"https:\/\/accesolatino.org\/en\/wp-json\/wp\/v2\/posts\/15320","targetHints":{"allow":["GET"]}}],"collection":[{"href":"https:\/\/accesolatino.org\/en\/wp-json\/wp\/v2\/posts"}],"about":[{"href":"https:\/\/accesolatino.org\/en\/wp-json\/wp\/v2\/types\/post"}],"author":[{"embeddable":true,"href":"https:\/\/accesolatino.org\/en\/wp-json\/wp\/v2\/users\/1"}],"replies":[{"embeddable":true,"href":"https:\/\/accesolatino.org\/en\/wp-json\/wp\/v2\/comments?post=15320"}],"version-history":[{"count":1,"href":"https:\/\/accesolatino.org\/en\/wp-json\/wp\/v2\/posts\/15320\/revisions"}],"predecessor-version":[{"id":66544,"href":"https:\/\/accesolatino.org\/en\/wp-json\/wp\/v2\/posts\/15320\/revisions\/66544"}],"wp:featuredmedia":[{"embeddable":true,"href":"https:\/\/accesolatino.org\/en\/wp-json\/wp\/v2\/media\/15321"}],"wp:attachment":[{"href":"https:\/\/accesolatino.org\/en\/wp-json\/wp\/v2\/media?parent=15320"}],"wp:term":[{"taxonomy":"category","embeddable":true,"href":"https:\/\/accesolatino.org\/en\/wp-json\/wp\/v2\/categories?post=15320"},{"taxonomy":"post_tag","embeddable":true,"href":"https:\/\/accesolatino.org\/en\/wp-json\/wp\/v2\/tags?post=15320"}],"curies":[{"name":"wp","href":"https:\/\/api.w.org\/{rel}","templated":true}]}}