{"id":15218,"date":"2018-10-26T09:58:34","date_gmt":"2018-10-26T14:58:34","guid":{"rendered":"https:\/\/accesolatino.org\/?p=15218"},"modified":"2025-10-27T12:29:47","modified_gmt":"2025-10-27T18:29:47","slug":"mexicana-beneficiaria-de-daca-es-premiada-como-poeta-del-ano","status":"publish","type":"post","link":"https:\/\/accesolatino.org\/en\/mexicana-beneficiaria-de-daca-es-premiada-como-poeta-del-ano\/orgullo-latino\/","title":{"rendered":"Mexicana beneficiaria de DACA es premiada como Poeta del A\u00f1o"},"content":{"rendered":"<div data-elementor-type=\"wp-post\" data-elementor-id=\"15218\" class=\"elementor elementor-15218 elementor-bc-flex-widget\">\n\t\t\t\t\t\t<section class=\"elementor-section elementor-top-section elementor-element elementor-element-369f77a elementor-section-boxed elementor-section-height-default elementor-section-height-default wpr-particle-no wpr-jarallax-no wpr-parallax-no wpr-sticky-section-no wpr-equal-height-no\" data-id=\"369f77a\" data-element_type=\"section\" data-e-type=\"section\">\n\t\t\t\t\t\t<div class=\"elementor-container elementor-column-gap-default\">\n\t\t\t\t\t<div class=\"elementor-column elementor-col-100 elementor-top-column elementor-element elementor-element-8ef62e2\" data-id=\"8ef62e2\" data-element_type=\"column\" data-e-type=\"column\">\n\t\t\t<div class=\"elementor-widget-wrap elementor-element-populated\">\n\t\t\t\t\t\t<div class=\"elementor-element elementor-element-f218d38 elementor-widget elementor-widget-text-editor\" data-id=\"f218d38\" data-element_type=\"widget\" data-e-type=\"widget\" data-widget_type=\"text-editor.default\">\n\t\t\t\t<div class=\"elementor-widget-container\">\n\t\t\t\t\t\t\t\t\t<p>El viernes pasado, durante la ceremonia de clausura en el Instituto Cervantes de Nueva York, los organizadores de The Americas Poetry Festival 2018 distinguieron a la poeta mexicana, PhD. profesora y beneficiaria de DACA, Rossy Evelin Lima con el premio como Poeta del A\u00f1o en este festival multiling\u00fce que completa cinco ediciones.<\/p><p>Carlos Aguasaco, Yrene Santos &amp; Carlos Vel\u00e1squez Torres le otorgaron esta distinci\u00f3n en reconocimiento a sus logros literarios y por su poes\u00eda que refleja los sue\u00f1os de su generaci\u00f3n y el verdadero esp\u00edritu de las Am\u00e9ricas. Se pondr\u00e1 un ladrillo conmemorativo con su nombre grabado en \u00e9l, en el C\u00edrculo de la Poes\u00eda ubicado en la casa natal del poeta Walt Whitman en Huntington Long Island.<\/p><p>Lima se gradu\u00f3 de PSJA Memorial High School en 2005. Determinada a continuar su educaci\u00f3n, obtuvo una licenciatura en literatura de la Universidad de Texas-Pan American en 2009 y una maestr\u00eda en literatura en 2010.<\/p><p>Hoy, la orgullosa portadora de DACA, tiene un doctorado en ling\u00fc\u00edstica de la Universidad de Texas, R\u00edo Grande Valley y es autora de la colecci\u00f3n de poes\u00eda biling\u00fce \u201cMigrare Mutare \/ Migrate Mutate\u201d y del libro triling\u00fce infantil \u201cNoyolkanyolkej\u201d. Su trabajo ha sido publicado en revistas y antolog\u00edas en nueve pa\u00edses.<\/p><p>\u201cSiento todo tipo de emociones al ganar este premio\u201d, dijo Lima, quien recibi\u00f3 esta distinci\u00f3n por sus logros literarios y por su poes\u00eda que refleja los sue\u00f1os de su generaci\u00f3n. \u201cEste premio me hace sentir que estoy haciendo algo bien con mi poes\u00eda y valida mi historia y mis experiencias\u201d, agreg\u00f3.<\/p><p>Como beneficiaria de Acci\u00f3n Diferida para los Llegados en la Infancia (DACA), Lima comparti\u00f3 que gran parte de su escritura, poes\u00eda y trabajo en su comunidad est\u00e1 inspirada en sus experiencias como inmigrante.<\/p><p>Durante su discurso de aceptaci\u00f3n, la poeta, profesora y ling\u00fcista profesional, habl\u00f3 sobre su identidad de inmigrante y los sacrificios que se hacen a menudo para seguir nuestros sue\u00f1os. Ella enfatiz\u00f3 la importancia de dejar una marca en este pa\u00eds.<\/p><p>Conoce todas las herramientas en la secci\u00f3n de <a href=\"https:\/\/accesolatino.org\/en\/educacion\/\"><strong>\u201cEducaci\u00f3n\u201d<\/strong><\/a> de <strong>accesolatino.org<\/strong> , ah\u00ed encontrar\u00e1s informaci\u00f3n sobre: \u00a0<strong>becas para inmigrantes latinos<\/strong>, <strong>ayuda financiera del gobierno estadounidense<\/strong>, <strong>ex\u00e1menes de equivalencia de estudios<\/strong>, <strong>cursos gratuitos en diversas asignaturas<\/strong> y talleres <strong>impartidos por los centros de la UNAM.<\/strong><\/p>\t\t\t\t\t\t\t\t<\/div>\n\t\t\t\t<\/div>\n\t\t\t\t\t<\/div>\n\t\t<\/div>\n\t\t\t\t\t<\/div>\n\t\t<\/section>\n\t\t\t\t<\/div>","protected":false},"excerpt":{"rendered":"<p>Desde el 1 de octubre, USCIS comenz\u00f3 a usar tabletas digitales para administrar las pruebas de lectura y escritura en ingl\u00e9s durante las entrevistas de naturalizaci\u00f3n como parte de los esfuerzos continuos de modernizaci\u00f3n de la agencia. Aunque las personas que soliciten comenzar el proceso de naturalizaci\u00f3n ya usan tabletas digitales para firmar o verificar partes de sus solicitudes, este nuevo enfoque ampl\u00eda el uso de tabletas, permitiendo que el dispositivo se utilice para una mayor parte del proceso de solicitud. USCIS podr\u00e1 continuar utilizando el proceso impreso bas\u00e1ndose en cada caso. Si bien los requisitos de elegibilidad y el material tem\u00e1tico de la prueba de naturalizaci\u00f3n no han cambiado, los solicitantes ahora utilizar\u00e1n un l\u00e1piz \u00f3ptico en una tableta digital en lugar de una solicitud en papel. Los oficiales de servicios de inmigraci\u00f3n (ISO, por sus siglas en ingl\u00e9s) instruir\u00e1n cuidadosamente a los solicitantes sobre c\u00f3mo usar las tabletas antes de administrar las pruebas: Para la prueba de lectura, una oraci\u00f3n aparecer\u00e1 en la tableta y el ISO le pedir\u00e1 al solicitante que la lea. Para la prueba escrita, varias l\u00edneas aparecer\u00e1n en la tableta, replicando la apariencia de un pedazo de papel en blanco. El ISO leer\u00e1 una oraci\u00f3n en voz alta y le preguntar\u00e1 al solicitante que la escriba en la tableta. Los solicitantes continuar\u00e1n tomando las pruebas de educaci\u00f3n c\u00edvica verbalmente, sin la tableta. Las personas que busquen ser ciudadanos americanos encontrar\u00e1n en accesoLatino.org la herramienta Ciudadan\u00edzate, totalmente gratuita, en espa\u00f1ol e ingl\u00e9s, para prepararse y obtener su ciudadan\u00eda. En Ciudadan\u00edzate te decimos si eres candidato a la naturalizaci\u00f3n, la informaci\u00f3n que debes recabar y c\u00f3mo hacer el llenado del formato N400, te preparamos para el examen de civismo y la entrevista con autoridades estadounidenses.<\/p>","protected":false},"author":1,"featured_media":15219,"comment_status":"open","ping_status":"open","sticky":false,"template":"elementor_header_footer","format":"standard","meta":{"_uf_show_specific_survey":0,"_uf_disable_surveys":false,"footnotes":""},"categories":[9],"tags":[],"class_list":["post-15218","post","type-post","status-publish","format-standard","has-post-thumbnail","hentry","category-orgullo-latino"],"aioseo_notices":[],"yoast_head":"<!-- This site is optimized with the Yoast SEO plugin v27.5 - https:\/\/yoast.com\/product\/yoast-seo-wordpress\/ -->\n<title>Mexicana beneficiaria de DACA es premiada como Poeta del A\u00f1o<\/title>\n<meta name=\"description\" content=\"Los organizadores de The Americas Poetry Festival 2018 distinguieron a la poeta mexicana, Rossy Evelin Lima con el premio como Poeta del A\u00f1o\" \/>\n<meta name=\"robots\" content=\"index, follow, max-snippet:-1, max-image-preview:large, max-video-preview:-1\" \/>\n<link rel=\"canonical\" href=\"https:\/\/accesolatino.org\/en\/mexicana-beneficiaria-de-daca-es-premiada-como-poeta-del-ano\/orgullo-latino\/\" \/>\n<meta property=\"og:locale\" content=\"en_US\" \/>\n<meta property=\"og:type\" content=\"article\" \/>\n<meta property=\"og:title\" content=\"Mexicana beneficiaria de DACA es premiada como Poeta del A\u00f1o\" \/>\n<meta property=\"og:description\" content=\"Los organizadores de The Americas Poetry Festival 2018 distinguieron a la poeta mexicana, Rossy Evelin Lima con el premio como Poeta del A\u00f1o\" \/>\n<meta property=\"og:url\" content=\"https:\/\/accesolatino.org\/en\/mexicana-beneficiaria-de-daca-es-premiada-como-poeta-del-ano\/orgullo-latino\/\" \/>\n<meta property=\"og:site_name\" content=\"Acceso Latino\" \/>\n<meta property=\"article:publisher\" content=\"https:\/\/www.facebook.com\/AccesoLatinoOrg\" \/>\n<meta property=\"article:published_time\" content=\"2018-10-26T14:58:34+00:00\" \/>\n<meta property=\"article:modified_time\" content=\"2025-10-27T18:29:47+00:00\" \/>\n<meta property=\"og:image\" content=\"https:\/\/accesolatino.org\/wp-content\/uploads\/2018\/10\/Mexicana-beneficiaria-de-DACA-es-premiada-como-Poeta-del-Ano.jpg\" \/>\n\t<meta property=\"og:image:width\" content=\"600\" \/>\n\t<meta property=\"og:image:height\" content=\"338\" \/>\n\t<meta property=\"og:image:type\" content=\"image\/jpeg\" \/>\n<meta name=\"author\" content=\"admin\" \/>\n<meta name=\"twitter:card\" content=\"summary_large_image\" \/>\n<meta name=\"twitter:creator\" content=\"@FAccLatino\" \/>\n<meta name=\"twitter:site\" content=\"@FAccLatino\" \/>\n<meta name=\"twitter:label1\" content=\"Written by\" \/>\n\t<meta name=\"twitter:data1\" content=\"admin\" \/>\n\t<meta name=\"twitter:label2\" content=\"Est. reading time\" \/>\n\t<meta name=\"twitter:data2\" content=\"2 minutes\" \/>\n<script type=\"application\/ld+json\" class=\"yoast-schema-graph\">{\"@context\":\"https:\\\/\\\/schema.org\",\"@graph\":[{\"@type\":\"Article\",\"@id\":\"https:\\\/\\\/accesolatino.org\\\/mexicana-beneficiaria-de-daca-es-premiada-como-poeta-del-ano\\\/orgullo-latino\\\/#article\",\"isPartOf\":{\"@id\":\"https:\\\/\\\/accesolatino.org\\\/mexicana-beneficiaria-de-daca-es-premiada-como-poeta-del-ano\\\/orgullo-latino\\\/\"},\"author\":{\"name\":\"admin\",\"@id\":\"https:\\\/\\\/accesolatino.org\\\/#\\\/schema\\\/person\\\/10763acf0565833da11d915ac8549efd\"},\"headline\":\"Mexicana beneficiaria de DACA es premiada como Poeta del A\u00f1o\",\"datePublished\":\"2018-10-26T14:58:34+00:00\",\"dateModified\":\"2025-10-27T18:29:47+00:00\",\"mainEntityOfPage\":{\"@id\":\"https:\\\/\\\/accesolatino.org\\\/mexicana-beneficiaria-de-daca-es-premiada-como-poeta-del-ano\\\/orgullo-latino\\\/\"},\"wordCount\":330,\"commentCount\":0,\"publisher\":{\"@id\":\"https:\\\/\\\/accesolatino.org\\\/#organization\"},\"image\":{\"@id\":\"https:\\\/\\\/accesolatino.org\\\/mexicana-beneficiaria-de-daca-es-premiada-como-poeta-del-ano\\\/orgullo-latino\\\/#primaryimage\"},\"thumbnailUrl\":\"https:\\\/\\\/accesolatino.org\\\/wp-content\\\/uploads\\\/2018\\\/10\\\/Mexicana-beneficiaria-de-DACA-es-premiada-como-Poeta-del-Ano.jpg\",\"articleSection\":[\"Orgullo Latino\"],\"inLanguage\":\"en-US\",\"potentialAction\":[{\"@type\":\"CommentAction\",\"name\":\"Comment\",\"target\":[\"https:\\\/\\\/accesolatino.org\\\/mexicana-beneficiaria-de-daca-es-premiada-como-poeta-del-ano\\\/orgullo-latino\\\/#respond\"]}]},{\"@type\":\"WebPage\",\"@id\":\"https:\\\/\\\/accesolatino.org\\\/mexicana-beneficiaria-de-daca-es-premiada-como-poeta-del-ano\\\/orgullo-latino\\\/\",\"url\":\"https:\\\/\\\/accesolatino.org\\\/mexicana-beneficiaria-de-daca-es-premiada-como-poeta-del-ano\\\/orgullo-latino\\\/\",\"name\":\"Mexicana beneficiaria de DACA es premiada como Poeta del A\u00f1o\",\"isPartOf\":{\"@id\":\"https:\\\/\\\/accesolatino.org\\\/#website\"},\"primaryImageOfPage\":{\"@id\":\"https:\\\/\\\/accesolatino.org\\\/mexicana-beneficiaria-de-daca-es-premiada-como-poeta-del-ano\\\/orgullo-latino\\\/#primaryimage\"},\"image\":{\"@id\":\"https:\\\/\\\/accesolatino.org\\\/mexicana-beneficiaria-de-daca-es-premiada-como-poeta-del-ano\\\/orgullo-latino\\\/#primaryimage\"},\"thumbnailUrl\":\"https:\\\/\\\/accesolatino.org\\\/wp-content\\\/uploads\\\/2018\\\/10\\\/Mexicana-beneficiaria-de-DACA-es-premiada-como-Poeta-del-Ano.jpg\",\"datePublished\":\"2018-10-26T14:58:34+00:00\",\"dateModified\":\"2025-10-27T18:29:47+00:00\",\"description\":\"Los organizadores de The Americas Poetry Festival 2018 distinguieron a la poeta mexicana, Rossy Evelin Lima con el premio como Poeta del A\u00f1o\",\"breadcrumb\":{\"@id\":\"https:\\\/\\\/accesolatino.org\\\/mexicana-beneficiaria-de-daca-es-premiada-como-poeta-del-ano\\\/orgullo-latino\\\/#breadcrumb\"},\"inLanguage\":\"en-US\",\"potentialAction\":[{\"@type\":\"ReadAction\",\"target\":[\"https:\\\/\\\/accesolatino.org\\\/mexicana-beneficiaria-de-daca-es-premiada-como-poeta-del-ano\\\/orgullo-latino\\\/\"]}]},{\"@type\":\"ImageObject\",\"inLanguage\":\"en-US\",\"@id\":\"https:\\\/\\\/accesolatino.org\\\/mexicana-beneficiaria-de-daca-es-premiada-como-poeta-del-ano\\\/orgullo-latino\\\/#primaryimage\",\"url\":\"https:\\\/\\\/accesolatino.org\\\/wp-content\\\/uploads\\\/2018\\\/10\\\/Mexicana-beneficiaria-de-DACA-es-premiada-como-Poeta-del-Ano.jpg\",\"contentUrl\":\"https:\\\/\\\/accesolatino.org\\\/wp-content\\\/uploads\\\/2018\\\/10\\\/Mexicana-beneficiaria-de-DACA-es-premiada-como-Poeta-del-Ano.jpg\",\"width\":600,\"height\":338,\"caption\":\"Mexicana beneficiaria de DACA es premiada como Poeta del A\u00f1o\"},{\"@type\":\"BreadcrumbList\",\"@id\":\"https:\\\/\\\/accesolatino.org\\\/mexicana-beneficiaria-de-daca-es-premiada-como-poeta-del-ano\\\/orgullo-latino\\\/#breadcrumb\",\"itemListElement\":[{\"@type\":\"ListItem\",\"position\":1,\"name\":\"Portada\",\"item\":\"https:\\\/\\\/accesolatino.org\\\/\"},{\"@type\":\"ListItem\",\"position\":2,\"name\":\"Orgullo Latino\",\"item\":\"https:\\\/\\\/accesolatino.org\\\/category\\\/orgullo-latino\\\/\"},{\"@type\":\"ListItem\",\"position\":3,\"name\":\"Mexicana beneficiaria de DACA es premiada como Poeta del A\u00f1o\"}]},{\"@type\":\"WebSite\",\"@id\":\"https:\\\/\\\/accesolatino.org\\\/#website\",\"url\":\"https:\\\/\\\/accesolatino.org\\\/\",\"name\":\"Acceso Latino | Fundaci\u00f3n Carlos Slim\",\"description\":\"Fundaci\u00f3n Carlos Slim\",\"publisher\":{\"@id\":\"https:\\\/\\\/accesolatino.org\\\/#organization\"},\"potentialAction\":[{\"@type\":\"SearchAction\",\"target\":{\"@type\":\"EntryPoint\",\"urlTemplate\":\"https:\\\/\\\/accesolatino.org\\\/?s={search_term_string}\"},\"query-input\":{\"@type\":\"PropertyValueSpecification\",\"valueRequired\":true,\"valueName\":\"search_term_string\"}}],\"inLanguage\":\"en-US\"},{\"@type\":\"Organization\",\"@id\":\"https:\\\/\\\/accesolatino.org\\\/#organization\",\"name\":\"Acceso Latino | Fundaci\u00f3n Carlos Slim\",\"url\":\"https:\\\/\\\/accesolatino.org\\\/\",\"logo\":{\"@type\":\"ImageObject\",\"inLanguage\":\"en-US\",\"@id\":\"https:\\\/\\\/accesolatino.org\\\/#\\\/schema\\\/logo\\\/image\\\/\",\"url\":\"https:\\\/\\\/accesolatino.org\\\/wp-content\\\/uploads\\\/2021\\\/02\\\/logo-footer-acceso-latino.png\",\"contentUrl\":\"https:\\\/\\\/accesolatino.org\\\/wp-content\\\/uploads\\\/2021\\\/02\\\/logo-footer-acceso-latino.png\",\"width\":240,\"height\":40,\"caption\":\"Acceso Latino | Fundaci\u00f3n Carlos Slim\"},\"image\":{\"@id\":\"https:\\\/\\\/accesolatino.org\\\/#\\\/schema\\\/logo\\\/image\\\/\"},\"sameAs\":[\"https:\\\/\\\/www.facebook.com\\\/AccesoLatinoOrg\",\"https:\\\/\\\/x.com\\\/FAccLatino\"]},{\"@type\":\"Person\",\"@id\":\"https:\\\/\\\/accesolatino.org\\\/#\\\/schema\\\/person\\\/10763acf0565833da11d915ac8549efd\",\"name\":\"admin\"}]}<\/script>\n<!-- \/ Yoast SEO plugin. -->","yoast_head_json":{"title":"Mexicana beneficiaria de DACA es premiada como Poeta del A\u00f1o","description":"Los organizadores de The Americas Poetry Festival 2018 distinguieron a la poeta mexicana, Rossy Evelin Lima con el premio como Poeta del A\u00f1o","robots":{"index":"index","follow":"follow","max-snippet":"max-snippet:-1","max-image-preview":"max-image-preview:large","max-video-preview":"max-video-preview:-1"},"canonical":"https:\/\/accesolatino.org\/en\/mexicana-beneficiaria-de-daca-es-premiada-como-poeta-del-ano\/orgullo-latino\/","og_locale":"en_US","og_type":"article","og_title":"Mexicana beneficiaria de DACA es premiada como Poeta del A\u00f1o","og_description":"Los organizadores de The Americas Poetry Festival 2018 distinguieron a la poeta mexicana, Rossy Evelin Lima con el premio como Poeta del A\u00f1o","og_url":"https:\/\/accesolatino.org\/en\/mexicana-beneficiaria-de-daca-es-premiada-como-poeta-del-ano\/orgullo-latino\/","og_site_name":"Acceso Latino","article_publisher":"https:\/\/www.facebook.com\/AccesoLatinoOrg","article_published_time":"2018-10-26T14:58:34+00:00","article_modified_time":"2025-10-27T18:29:47+00:00","og_image":[{"width":600,"height":338,"url":"https:\/\/accesolatino.org\/wp-content\/uploads\/2018\/10\/Mexicana-beneficiaria-de-DACA-es-premiada-como-Poeta-del-Ano.jpg","type":"image\/jpeg"}],"author":"admin","twitter_card":"summary_large_image","twitter_creator":"@FAccLatino","twitter_site":"@FAccLatino","twitter_misc":{"Written by":"admin","Est. reading time":"2 minutes"},"schema":{"@context":"https:\/\/schema.org","@graph":[{"@type":"Article","@id":"https:\/\/accesolatino.org\/mexicana-beneficiaria-de-daca-es-premiada-como-poeta-del-ano\/orgullo-latino\/#article","isPartOf":{"@id":"https:\/\/accesolatino.org\/mexicana-beneficiaria-de-daca-es-premiada-como-poeta-del-ano\/orgullo-latino\/"},"author":{"name":"admin","@id":"https:\/\/accesolatino.org\/#\/schema\/person\/10763acf0565833da11d915ac8549efd"},"headline":"Mexicana beneficiaria de DACA es premiada como Poeta del A\u00f1o","datePublished":"2018-10-26T14:58:34+00:00","dateModified":"2025-10-27T18:29:47+00:00","mainEntityOfPage":{"@id":"https:\/\/accesolatino.org\/mexicana-beneficiaria-de-daca-es-premiada-como-poeta-del-ano\/orgullo-latino\/"},"wordCount":330,"commentCount":0,"publisher":{"@id":"https:\/\/accesolatino.org\/#organization"},"image":{"@id":"https:\/\/accesolatino.org\/mexicana-beneficiaria-de-daca-es-premiada-como-poeta-del-ano\/orgullo-latino\/#primaryimage"},"thumbnailUrl":"https:\/\/accesolatino.org\/wp-content\/uploads\/2018\/10\/Mexicana-beneficiaria-de-DACA-es-premiada-como-Poeta-del-Ano.jpg","articleSection":["Orgullo Latino"],"inLanguage":"en-US","potentialAction":[{"@type":"CommentAction","name":"Comment","target":["https:\/\/accesolatino.org\/mexicana-beneficiaria-de-daca-es-premiada-como-poeta-del-ano\/orgullo-latino\/#respond"]}]},{"@type":"WebPage","@id":"https:\/\/accesolatino.org\/mexicana-beneficiaria-de-daca-es-premiada-como-poeta-del-ano\/orgullo-latino\/","url":"https:\/\/accesolatino.org\/mexicana-beneficiaria-de-daca-es-premiada-como-poeta-del-ano\/orgullo-latino\/","name":"Mexicana beneficiaria de DACA es premiada como Poeta del A\u00f1o","isPartOf":{"@id":"https:\/\/accesolatino.org\/#website"},"primaryImageOfPage":{"@id":"https:\/\/accesolatino.org\/mexicana-beneficiaria-de-daca-es-premiada-como-poeta-del-ano\/orgullo-latino\/#primaryimage"},"image":{"@id":"https:\/\/accesolatino.org\/mexicana-beneficiaria-de-daca-es-premiada-como-poeta-del-ano\/orgullo-latino\/#primaryimage"},"thumbnailUrl":"https:\/\/accesolatino.org\/wp-content\/uploads\/2018\/10\/Mexicana-beneficiaria-de-DACA-es-premiada-como-Poeta-del-Ano.jpg","datePublished":"2018-10-26T14:58:34+00:00","dateModified":"2025-10-27T18:29:47+00:00","description":"Los organizadores de The Americas Poetry Festival 2018 distinguieron a la poeta mexicana, Rossy Evelin Lima con el premio como Poeta del A\u00f1o","breadcrumb":{"@id":"https:\/\/accesolatino.org\/mexicana-beneficiaria-de-daca-es-premiada-como-poeta-del-ano\/orgullo-latino\/#breadcrumb"},"inLanguage":"en-US","potentialAction":[{"@type":"ReadAction","target":["https:\/\/accesolatino.org\/mexicana-beneficiaria-de-daca-es-premiada-como-poeta-del-ano\/orgullo-latino\/"]}]},{"@type":"ImageObject","inLanguage":"en-US","@id":"https:\/\/accesolatino.org\/mexicana-beneficiaria-de-daca-es-premiada-como-poeta-del-ano\/orgullo-latino\/#primaryimage","url":"https:\/\/accesolatino.org\/wp-content\/uploads\/2018\/10\/Mexicana-beneficiaria-de-DACA-es-premiada-como-Poeta-del-Ano.jpg","contentUrl":"https:\/\/accesolatino.org\/wp-content\/uploads\/2018\/10\/Mexicana-beneficiaria-de-DACA-es-premiada-como-Poeta-del-Ano.jpg","width":600,"height":338,"caption":"Mexicana beneficiaria de DACA es premiada como Poeta del A\u00f1o"},{"@type":"BreadcrumbList","@id":"https:\/\/accesolatino.org\/mexicana-beneficiaria-de-daca-es-premiada-como-poeta-del-ano\/orgullo-latino\/#breadcrumb","itemListElement":[{"@type":"ListItem","position":1,"name":"Portada","item":"https:\/\/accesolatino.org\/"},{"@type":"ListItem","position":2,"name":"Orgullo Latino","item":"https:\/\/accesolatino.org\/category\/orgullo-latino\/"},{"@type":"ListItem","position":3,"name":"Mexicana beneficiaria de DACA es premiada como Poeta del A\u00f1o"}]},{"@type":"WebSite","@id":"https:\/\/accesolatino.org\/#website","url":"https:\/\/accesolatino.org\/","name":"Acceso Latino | Fundaci\u00f3n Carlos Slim","description":"Fundaci\u00f3n Carlos Slim","publisher":{"@id":"https:\/\/accesolatino.org\/#organization"},"potentialAction":[{"@type":"SearchAction","target":{"@type":"EntryPoint","urlTemplate":"https:\/\/accesolatino.org\/?s={search_term_string}"},"query-input":{"@type":"PropertyValueSpecification","valueRequired":true,"valueName":"search_term_string"}}],"inLanguage":"en-US"},{"@type":"Organization","@id":"https:\/\/accesolatino.org\/#organization","name":"Acceso Latino | Fundaci\u00f3n Carlos Slim","url":"https:\/\/accesolatino.org\/","logo":{"@type":"ImageObject","inLanguage":"en-US","@id":"https:\/\/accesolatino.org\/#\/schema\/logo\/image\/","url":"https:\/\/accesolatino.org\/wp-content\/uploads\/2021\/02\/logo-footer-acceso-latino.png","contentUrl":"https:\/\/accesolatino.org\/wp-content\/uploads\/2021\/02\/logo-footer-acceso-latino.png","width":240,"height":40,"caption":"Acceso Latino | Fundaci\u00f3n Carlos Slim"},"image":{"@id":"https:\/\/accesolatino.org\/#\/schema\/logo\/image\/"},"sameAs":["https:\/\/www.facebook.com\/AccesoLatinoOrg","https:\/\/x.com\/FAccLatino"]},{"@type":"Person","@id":"https:\/\/accesolatino.org\/#\/schema\/person\/10763acf0565833da11d915ac8549efd","name":"admin"}]}},"_links":{"self":[{"href":"https:\/\/accesolatino.org\/en\/wp-json\/wp\/v2\/posts\/15218","targetHints":{"allow":["GET"]}}],"collection":[{"href":"https:\/\/accesolatino.org\/en\/wp-json\/wp\/v2\/posts"}],"about":[{"href":"https:\/\/accesolatino.org\/en\/wp-json\/wp\/v2\/types\/post"}],"author":[{"embeddable":true,"href":"https:\/\/accesolatino.org\/en\/wp-json\/wp\/v2\/users\/1"}],"replies":[{"embeddable":true,"href":"https:\/\/accesolatino.org\/en\/wp-json\/wp\/v2\/comments?post=15218"}],"version-history":[{"count":1,"href":"https:\/\/accesolatino.org\/en\/wp-json\/wp\/v2\/posts\/15218\/revisions"}],"predecessor-version":[{"id":66553,"href":"https:\/\/accesolatino.org\/en\/wp-json\/wp\/v2\/posts\/15218\/revisions\/66553"}],"wp:featuredmedia":[{"embeddable":true,"href":"https:\/\/accesolatino.org\/en\/wp-json\/wp\/v2\/media\/15219"}],"wp:attachment":[{"href":"https:\/\/accesolatino.org\/en\/wp-json\/wp\/v2\/media?parent=15218"}],"wp:term":[{"taxonomy":"category","embeddable":true,"href":"https:\/\/accesolatino.org\/en\/wp-json\/wp\/v2\/categories?post=15218"},{"taxonomy":"post_tag","embeddable":true,"href":"https:\/\/accesolatino.org\/en\/wp-json\/wp\/v2\/tags?post=15218"}],"curies":[{"name":"wp","href":"https:\/\/api.w.org\/{rel}","templated":true}]}}