{"id":15133,"date":"2018-10-18T09:27:08","date_gmt":"2018-10-18T14:27:08","guid":{"rendered":"https:\/\/accesolatino.org\/?p=15133"},"modified":"2025-10-27T12:30:58","modified_gmt":"2025-10-27T18:30:58","slug":"ayuda-legal-gratuita-a-latinos-sin-documentos-en-denver-colorado","status":"publish","type":"post","link":"https:\/\/accesolatino.org\/en\/ayuda-legal-gratuita-a-latinos-sin-documentos-en-denver-colorado\/noticias\/","title":{"rendered":"Ayuda legal gratuita a latinos sin documentos en Denver, Colorado"},"content":{"rendered":"<div data-elementor-type=\"wp-post\" data-elementor-id=\"15133\" class=\"elementor elementor-15133 elementor-bc-flex-widget\">\n\t\t\t\t\t\t<section class=\"elementor-section elementor-top-section elementor-element elementor-element-369f77a elementor-section-boxed elementor-section-height-default elementor-section-height-default wpr-particle-no wpr-jarallax-no wpr-parallax-no wpr-sticky-section-no wpr-equal-height-no\" data-id=\"369f77a\" data-element_type=\"section\" data-e-type=\"section\">\n\t\t\t\t\t\t<div class=\"elementor-container elementor-column-gap-default\">\n\t\t\t\t\t<div class=\"elementor-column elementor-col-100 elementor-top-column elementor-element elementor-element-8ef62e2\" data-id=\"8ef62e2\" data-element_type=\"column\" data-e-type=\"column\">\n\t\t\t<div class=\"elementor-widget-wrap elementor-element-populated\">\n\t\t\t\t\t\t<div class=\"elementor-element elementor-element-f218d38 elementor-widget elementor-widget-text-editor\" data-id=\"f218d38\" data-element_type=\"widget\" data-e-type=\"widget\" data-widget_type=\"text-editor.default\">\n\t\t\t\t<div class=\"elementor-widget-container\">\n\t\t\t\t\t\t\t\t\t<p>Grandes noticias llegaron para los indocumentados en Denver, Colorado, pues la ciudad anunci\u00f3 que destinar\u00e1 377 mil d\u00f3lares para proveer abogados a los migrantes residentes, incluidos aquellos con una orden de deportaci\u00f3n pendiente.<\/p><p>El proyecto conocido como Fondo de Servicios Legales para Inmigrantes de Denver fue aprobado en 2017 por el alcalde Michael Hancock, sin embargo, carec\u00eda de fondos para operar.<\/p><p>Entre otras cosas, el programa brindar\u00e1 asistencia legal a las v\u00edctimas de cr\u00edmenes, as\u00ed como apoyos a las familias afectadas por las deportaciones.<\/p><p>Para otorgar este tipo de ayudas, la ciudad Denver se asoci\u00f3 con organizaciones para ayudar por medio de representaci\u00f3n legal sin costo a \u201cpersonas elegibles\u201d ya detenidas por su situaci\u00f3n inmigratoria y con orden de deportaci\u00f3n, que est\u00e9n gestionando su ciudadan\u00eda o hayan pedido asilo o que est\u00e9n en el proceso de renovar su Acci\u00f3n Diferida (DACA).<\/p><p>Denver trabajar\u00e1 con la Red de las Monta\u00f1as Rocosas de Defensa de Inmigrantes (RMIAN); Ministerios Mile High, que opera un centro de ayuda para temas legales; Servicios Familiares Luteranos, enfocado en la renovaci\u00f3n de DACA, y la Facultad de Abogac\u00eda de la Universidad de Denver con el objetivo de capacitar a abogados interesados.<\/p><p>La orden ejecutiva de Hancock que cre\u00f3 el Fondo de Servicios Legales para Inmigrantes establece que el proyecto concluir\u00e1 el 20 de enero de 2021, \u00faltimo d\u00eda del mandato del actual presidente de Estados Unidos.<\/p><p>Recuerda que, si tienes alguna duda o requieres ayuda legal, en nuestro portal de <strong>Acceso Latino<\/strong> te brindamos nuestra herramienta de <a href=\"https:\/\/accesolatino.org\/en\/orientacion-legal\/\"><strong>\u201cOrientaci\u00f3n Legal\u201d<\/strong><\/a> donde encontrar\u00e1s varias opciones de ayuda gratuita o a bajo costo de abogados en materia migratoria.<\/p>\t\t\t\t\t\t\t\t<\/div>\n\t\t\t\t<\/div>\n\t\t\t\t\t<\/div>\n\t\t<\/div>\n\t\t\t\t\t<\/div>\n\t\t<\/section>\n\t\t\t\t<\/div>","protected":false},"excerpt":{"rendered":"<p>Grandes noticias llegaron para los indocumentados en Denver, Colorado, pues la ciudad anunci\u00f3 que destinar\u00e1 377 mil d\u00f3lares para proveer abogados a los migrantes residentes, incluidos aquellos con una orden de deportaci\u00f3n pendiente. El proyecto conocido como Fondo de Servicios Legales para Inmigrantes de Denver fue aprobado en 2017 por el alcalde Michael Hancock, sin embargo, carec\u00eda de fondos para operar. Entre otras cosas, el programa brindar\u00e1 asistencia legal a las v\u00edctimas de cr\u00edmenes, as\u00ed como apoyos a las familias afectadas por las deportaciones. Para otorgar este tipo de ayudas, la ciudad Denver se asoci\u00f3 con organizaciones para ayudar por medio de representaci\u00f3n legal sin costo a \u201cpersonas elegibles\u201d ya detenidas por su situaci\u00f3n inmigratoria y con orden de deportaci\u00f3n, que est\u00e9n gestionando su ciudadan\u00eda o hayan pedido asilo o que est\u00e9n en el proceso de renovar su Acci\u00f3n Diferida (DACA). Denver trabajar\u00e1 con la Red de las Monta\u00f1as Rocosas de Defensa de Inmigrantes (RMIAN); Ministerios Mile High, que opera un centro de ayuda para temas legales; Servicios Familiares Luteranos, enfocado en la renovaci\u00f3n de DACA, y la Facultad de Abogac\u00eda de la Universidad de Denver con el objetivo de capacitar a abogados interesados. La orden ejecutiva de Hancock que cre\u00f3 el Fondo de Servicios Legales para Inmigrantes establece que el proyecto concluir\u00e1 el 20 de enero de 2021, \u00faltimo d\u00eda del mandato del actual presidente de Estados Unidos. Recuerda que, si tienes alguna duda o requieres ayuda legal, en nuestro portal de Acceso Latino te brindamos nuestra herramienta de \u201cOrientaci\u00f3n Legal\u201d donde encontrar\u00e1s varias opciones de ayuda gratuita o a bajo costo de abogados en materia migratoria.<\/p>","protected":false},"author":1,"featured_media":15134,"comment_status":"open","ping_status":"open","sticky":false,"template":"elementor_header_footer","format":"standard","meta":{"_uf_show_specific_survey":0,"_uf_disable_surveys":false,"footnotes":""},"categories":[10,1],"tags":[],"class_list":["post-15133","post","type-post","status-publish","format-standard","has-post-thumbnail","hentry","category-noticias","category-temas-de-interes"],"aioseo_notices":[],"yoast_head":"<!-- This site is optimized with the Yoast SEO plugin v27.5 - https:\/\/yoast.com\/product\/yoast-seo-wordpress\/ -->\n<title>Ayuda legal gratuita a latinos sin documentos en Denver, Colorado<\/title>\n<meta name=\"description\" content=\"Grandes noticias llegaron para los indocumentados en Denver, pues la ciudad anunci\u00f3 que destinar\u00e1 377 mil d\u00f3lares para proveer abogados a los migrantes\" \/>\n<meta name=\"robots\" content=\"index, follow, max-snippet:-1, max-image-preview:large, max-video-preview:-1\" \/>\n<link rel=\"canonical\" href=\"https:\/\/accesolatino.org\/en\/ayuda-legal-gratuita-a-latinos-sin-documentos-en-denver-colorado\/noticias\/\" \/>\n<meta property=\"og:locale\" content=\"en_US\" \/>\n<meta property=\"og:type\" content=\"article\" \/>\n<meta property=\"og:title\" content=\"Ayuda legal gratuita a latinos sin documentos en Denver, Colorado\" \/>\n<meta property=\"og:description\" content=\"Grandes noticias llegaron para los indocumentados en Denver, pues la ciudad anunci\u00f3 que destinar\u00e1 377 mil d\u00f3lares para proveer abogados a los migrantes\" \/>\n<meta property=\"og:url\" content=\"https:\/\/accesolatino.org\/en\/ayuda-legal-gratuita-a-latinos-sin-documentos-en-denver-colorado\/noticias\/\" \/>\n<meta property=\"og:site_name\" content=\"Acceso Latino\" \/>\n<meta property=\"article:publisher\" content=\"https:\/\/www.facebook.com\/AccesoLatinoOrg\" \/>\n<meta property=\"article:published_time\" content=\"2018-10-18T14:27:08+00:00\" \/>\n<meta property=\"article:modified_time\" content=\"2025-10-27T18:30:58+00:00\" \/>\n<meta property=\"og:image\" content=\"https:\/\/accesolatino.org\/wp-content\/uploads\/2018\/10\/Ayuda-legal-gratuita-a-latinos-sin-documentos-en-Denver-Colorado.jpg\" \/>\n\t<meta property=\"og:image:width\" content=\"600\" \/>\n\t<meta property=\"og:image:height\" content=\"338\" \/>\n\t<meta property=\"og:image:type\" content=\"image\/jpeg\" \/>\n<meta name=\"author\" content=\"admin\" \/>\n<meta name=\"twitter:card\" content=\"summary_large_image\" \/>\n<meta name=\"twitter:creator\" content=\"@FAccLatino\" \/>\n<meta name=\"twitter:site\" content=\"@FAccLatino\" \/>\n<meta name=\"twitter:label1\" content=\"Written by\" \/>\n\t<meta name=\"twitter:data1\" content=\"admin\" \/>\n\t<meta name=\"twitter:label2\" content=\"Est. reading time\" \/>\n\t<meta name=\"twitter:data2\" content=\"2 minutes\" \/>\n<script type=\"application\/ld+json\" class=\"yoast-schema-graph\">{\"@context\":\"https:\\\/\\\/schema.org\",\"@graph\":[{\"@type\":\"Article\",\"@id\":\"https:\\\/\\\/accesolatino.org\\\/ayuda-legal-gratuita-a-latinos-sin-documentos-en-denver-colorado\\\/noticias\\\/#article\",\"isPartOf\":{\"@id\":\"https:\\\/\\\/accesolatino.org\\\/ayuda-legal-gratuita-a-latinos-sin-documentos-en-denver-colorado\\\/noticias\\\/\"},\"author\":{\"name\":\"admin\",\"@id\":\"https:\\\/\\\/accesolatino.org\\\/#\\\/schema\\\/person\\\/10763acf0565833da11d915ac8549efd\"},\"headline\":\"Ayuda legal gratuita a latinos sin documentos en Denver, Colorado\",\"datePublished\":\"2018-10-18T14:27:08+00:00\",\"dateModified\":\"2025-10-27T18:30:58+00:00\",\"mainEntityOfPage\":{\"@id\":\"https:\\\/\\\/accesolatino.org\\\/ayuda-legal-gratuita-a-latinos-sin-documentos-en-denver-colorado\\\/noticias\\\/\"},\"wordCount\":292,\"commentCount\":0,\"publisher\":{\"@id\":\"https:\\\/\\\/accesolatino.org\\\/#organization\"},\"image\":{\"@id\":\"https:\\\/\\\/accesolatino.org\\\/ayuda-legal-gratuita-a-latinos-sin-documentos-en-denver-colorado\\\/noticias\\\/#primaryimage\"},\"thumbnailUrl\":\"https:\\\/\\\/accesolatino.org\\\/wp-content\\\/uploads\\\/2018\\\/10\\\/Ayuda-legal-gratuita-a-latinos-sin-documentos-en-Denver-Colorado.jpg\",\"articleSection\":[\"Noticias\",\"Temas de inter\u00e9s\"],\"inLanguage\":\"en-US\",\"potentialAction\":[{\"@type\":\"CommentAction\",\"name\":\"Comment\",\"target\":[\"https:\\\/\\\/accesolatino.org\\\/ayuda-legal-gratuita-a-latinos-sin-documentos-en-denver-colorado\\\/noticias\\\/#respond\"]}]},{\"@type\":\"WebPage\",\"@id\":\"https:\\\/\\\/accesolatino.org\\\/ayuda-legal-gratuita-a-latinos-sin-documentos-en-denver-colorado\\\/noticias\\\/\",\"url\":\"https:\\\/\\\/accesolatino.org\\\/ayuda-legal-gratuita-a-latinos-sin-documentos-en-denver-colorado\\\/noticias\\\/\",\"name\":\"Ayuda legal gratuita a latinos sin documentos en Denver, Colorado\",\"isPartOf\":{\"@id\":\"https:\\\/\\\/accesolatino.org\\\/#website\"},\"primaryImageOfPage\":{\"@id\":\"https:\\\/\\\/accesolatino.org\\\/ayuda-legal-gratuita-a-latinos-sin-documentos-en-denver-colorado\\\/noticias\\\/#primaryimage\"},\"image\":{\"@id\":\"https:\\\/\\\/accesolatino.org\\\/ayuda-legal-gratuita-a-latinos-sin-documentos-en-denver-colorado\\\/noticias\\\/#primaryimage\"},\"thumbnailUrl\":\"https:\\\/\\\/accesolatino.org\\\/wp-content\\\/uploads\\\/2018\\\/10\\\/Ayuda-legal-gratuita-a-latinos-sin-documentos-en-Denver-Colorado.jpg\",\"datePublished\":\"2018-10-18T14:27:08+00:00\",\"dateModified\":\"2025-10-27T18:30:58+00:00\",\"description\":\"Grandes noticias llegaron para los indocumentados en Denver, pues la ciudad anunci\u00f3 que destinar\u00e1 377 mil d\u00f3lares para proveer abogados a los migrantes\",\"breadcrumb\":{\"@id\":\"https:\\\/\\\/accesolatino.org\\\/ayuda-legal-gratuita-a-latinos-sin-documentos-en-denver-colorado\\\/noticias\\\/#breadcrumb\"},\"inLanguage\":\"en-US\",\"potentialAction\":[{\"@type\":\"ReadAction\",\"target\":[\"https:\\\/\\\/accesolatino.org\\\/ayuda-legal-gratuita-a-latinos-sin-documentos-en-denver-colorado\\\/noticias\\\/\"]}]},{\"@type\":\"ImageObject\",\"inLanguage\":\"en-US\",\"@id\":\"https:\\\/\\\/accesolatino.org\\\/ayuda-legal-gratuita-a-latinos-sin-documentos-en-denver-colorado\\\/noticias\\\/#primaryimage\",\"url\":\"https:\\\/\\\/accesolatino.org\\\/wp-content\\\/uploads\\\/2018\\\/10\\\/Ayuda-legal-gratuita-a-latinos-sin-documentos-en-Denver-Colorado.jpg\",\"contentUrl\":\"https:\\\/\\\/accesolatino.org\\\/wp-content\\\/uploads\\\/2018\\\/10\\\/Ayuda-legal-gratuita-a-latinos-sin-documentos-en-Denver-Colorado.jpg\",\"width\":600,\"height\":338,\"caption\":\"Ayuda legal gratuita a latinos sin documentos en Denver, Colorado\"},{\"@type\":\"BreadcrumbList\",\"@id\":\"https:\\\/\\\/accesolatino.org\\\/ayuda-legal-gratuita-a-latinos-sin-documentos-en-denver-colorado\\\/noticias\\\/#breadcrumb\",\"itemListElement\":[{\"@type\":\"ListItem\",\"position\":1,\"name\":\"Portada\",\"item\":\"https:\\\/\\\/accesolatino.org\\\/\"},{\"@type\":\"ListItem\",\"position\":2,\"name\":\"Noticias\",\"item\":\"https:\\\/\\\/accesolatino.org\\\/category\\\/noticias\\\/\"},{\"@type\":\"ListItem\",\"position\":3,\"name\":\"Ayuda legal gratuita a latinos sin documentos en Denver, Colorado\"}]},{\"@type\":\"WebSite\",\"@id\":\"https:\\\/\\\/accesolatino.org\\\/#website\",\"url\":\"https:\\\/\\\/accesolatino.org\\\/\",\"name\":\"Acceso Latino | Fundaci\u00f3n Carlos Slim\",\"description\":\"Fundaci\u00f3n Carlos Slim\",\"publisher\":{\"@id\":\"https:\\\/\\\/accesolatino.org\\\/#organization\"},\"potentialAction\":[{\"@type\":\"SearchAction\",\"target\":{\"@type\":\"EntryPoint\",\"urlTemplate\":\"https:\\\/\\\/accesolatino.org\\\/?s={search_term_string}\"},\"query-input\":{\"@type\":\"PropertyValueSpecification\",\"valueRequired\":true,\"valueName\":\"search_term_string\"}}],\"inLanguage\":\"en-US\"},{\"@type\":\"Organization\",\"@id\":\"https:\\\/\\\/accesolatino.org\\\/#organization\",\"name\":\"Acceso Latino | Fundaci\u00f3n Carlos Slim\",\"url\":\"https:\\\/\\\/accesolatino.org\\\/\",\"logo\":{\"@type\":\"ImageObject\",\"inLanguage\":\"en-US\",\"@id\":\"https:\\\/\\\/accesolatino.org\\\/#\\\/schema\\\/logo\\\/image\\\/\",\"url\":\"https:\\\/\\\/accesolatino.org\\\/wp-content\\\/uploads\\\/2021\\\/02\\\/logo-footer-acceso-latino.png\",\"contentUrl\":\"https:\\\/\\\/accesolatino.org\\\/wp-content\\\/uploads\\\/2021\\\/02\\\/logo-footer-acceso-latino.png\",\"width\":240,\"height\":40,\"caption\":\"Acceso Latino | Fundaci\u00f3n Carlos Slim\"},\"image\":{\"@id\":\"https:\\\/\\\/accesolatino.org\\\/#\\\/schema\\\/logo\\\/image\\\/\"},\"sameAs\":[\"https:\\\/\\\/www.facebook.com\\\/AccesoLatinoOrg\",\"https:\\\/\\\/x.com\\\/FAccLatino\"]},{\"@type\":\"Person\",\"@id\":\"https:\\\/\\\/accesolatino.org\\\/#\\\/schema\\\/person\\\/10763acf0565833da11d915ac8549efd\",\"name\":\"admin\"}]}<\/script>\n<!-- \/ Yoast SEO plugin. -->","yoast_head_json":{"title":"Ayuda legal gratuita a latinos sin documentos en Denver, Colorado","description":"Grandes noticias llegaron para los indocumentados en Denver, pues la ciudad anunci\u00f3 que destinar\u00e1 377 mil d\u00f3lares para proveer abogados a los migrantes","robots":{"index":"index","follow":"follow","max-snippet":"max-snippet:-1","max-image-preview":"max-image-preview:large","max-video-preview":"max-video-preview:-1"},"canonical":"https:\/\/accesolatino.org\/en\/ayuda-legal-gratuita-a-latinos-sin-documentos-en-denver-colorado\/noticias\/","og_locale":"en_US","og_type":"article","og_title":"Ayuda legal gratuita a latinos sin documentos en Denver, Colorado","og_description":"Grandes noticias llegaron para los indocumentados en Denver, pues la ciudad anunci\u00f3 que destinar\u00e1 377 mil d\u00f3lares para proveer abogados a los migrantes","og_url":"https:\/\/accesolatino.org\/en\/ayuda-legal-gratuita-a-latinos-sin-documentos-en-denver-colorado\/noticias\/","og_site_name":"Acceso Latino","article_publisher":"https:\/\/www.facebook.com\/AccesoLatinoOrg","article_published_time":"2018-10-18T14:27:08+00:00","article_modified_time":"2025-10-27T18:30:58+00:00","og_image":[{"width":600,"height":338,"url":"https:\/\/accesolatino.org\/wp-content\/uploads\/2018\/10\/Ayuda-legal-gratuita-a-latinos-sin-documentos-en-Denver-Colorado.jpg","type":"image\/jpeg"}],"author":"admin","twitter_card":"summary_large_image","twitter_creator":"@FAccLatino","twitter_site":"@FAccLatino","twitter_misc":{"Written by":"admin","Est. reading time":"2 minutes"},"schema":{"@context":"https:\/\/schema.org","@graph":[{"@type":"Article","@id":"https:\/\/accesolatino.org\/ayuda-legal-gratuita-a-latinos-sin-documentos-en-denver-colorado\/noticias\/#article","isPartOf":{"@id":"https:\/\/accesolatino.org\/ayuda-legal-gratuita-a-latinos-sin-documentos-en-denver-colorado\/noticias\/"},"author":{"name":"admin","@id":"https:\/\/accesolatino.org\/#\/schema\/person\/10763acf0565833da11d915ac8549efd"},"headline":"Ayuda legal gratuita a latinos sin documentos en Denver, Colorado","datePublished":"2018-10-18T14:27:08+00:00","dateModified":"2025-10-27T18:30:58+00:00","mainEntityOfPage":{"@id":"https:\/\/accesolatino.org\/ayuda-legal-gratuita-a-latinos-sin-documentos-en-denver-colorado\/noticias\/"},"wordCount":292,"commentCount":0,"publisher":{"@id":"https:\/\/accesolatino.org\/#organization"},"image":{"@id":"https:\/\/accesolatino.org\/ayuda-legal-gratuita-a-latinos-sin-documentos-en-denver-colorado\/noticias\/#primaryimage"},"thumbnailUrl":"https:\/\/accesolatino.org\/wp-content\/uploads\/2018\/10\/Ayuda-legal-gratuita-a-latinos-sin-documentos-en-Denver-Colorado.jpg","articleSection":["Noticias","Temas de inter\u00e9s"],"inLanguage":"en-US","potentialAction":[{"@type":"CommentAction","name":"Comment","target":["https:\/\/accesolatino.org\/ayuda-legal-gratuita-a-latinos-sin-documentos-en-denver-colorado\/noticias\/#respond"]}]},{"@type":"WebPage","@id":"https:\/\/accesolatino.org\/ayuda-legal-gratuita-a-latinos-sin-documentos-en-denver-colorado\/noticias\/","url":"https:\/\/accesolatino.org\/ayuda-legal-gratuita-a-latinos-sin-documentos-en-denver-colorado\/noticias\/","name":"Ayuda legal gratuita a latinos sin documentos en Denver, Colorado","isPartOf":{"@id":"https:\/\/accesolatino.org\/#website"},"primaryImageOfPage":{"@id":"https:\/\/accesolatino.org\/ayuda-legal-gratuita-a-latinos-sin-documentos-en-denver-colorado\/noticias\/#primaryimage"},"image":{"@id":"https:\/\/accesolatino.org\/ayuda-legal-gratuita-a-latinos-sin-documentos-en-denver-colorado\/noticias\/#primaryimage"},"thumbnailUrl":"https:\/\/accesolatino.org\/wp-content\/uploads\/2018\/10\/Ayuda-legal-gratuita-a-latinos-sin-documentos-en-Denver-Colorado.jpg","datePublished":"2018-10-18T14:27:08+00:00","dateModified":"2025-10-27T18:30:58+00:00","description":"Grandes noticias llegaron para los indocumentados en Denver, pues la ciudad anunci\u00f3 que destinar\u00e1 377 mil d\u00f3lares para proveer abogados a los migrantes","breadcrumb":{"@id":"https:\/\/accesolatino.org\/ayuda-legal-gratuita-a-latinos-sin-documentos-en-denver-colorado\/noticias\/#breadcrumb"},"inLanguage":"en-US","potentialAction":[{"@type":"ReadAction","target":["https:\/\/accesolatino.org\/ayuda-legal-gratuita-a-latinos-sin-documentos-en-denver-colorado\/noticias\/"]}]},{"@type":"ImageObject","inLanguage":"en-US","@id":"https:\/\/accesolatino.org\/ayuda-legal-gratuita-a-latinos-sin-documentos-en-denver-colorado\/noticias\/#primaryimage","url":"https:\/\/accesolatino.org\/wp-content\/uploads\/2018\/10\/Ayuda-legal-gratuita-a-latinos-sin-documentos-en-Denver-Colorado.jpg","contentUrl":"https:\/\/accesolatino.org\/wp-content\/uploads\/2018\/10\/Ayuda-legal-gratuita-a-latinos-sin-documentos-en-Denver-Colorado.jpg","width":600,"height":338,"caption":"Ayuda legal gratuita a latinos sin documentos en Denver, Colorado"},{"@type":"BreadcrumbList","@id":"https:\/\/accesolatino.org\/ayuda-legal-gratuita-a-latinos-sin-documentos-en-denver-colorado\/noticias\/#breadcrumb","itemListElement":[{"@type":"ListItem","position":1,"name":"Portada","item":"https:\/\/accesolatino.org\/"},{"@type":"ListItem","position":2,"name":"Noticias","item":"https:\/\/accesolatino.org\/category\/noticias\/"},{"@type":"ListItem","position":3,"name":"Ayuda legal gratuita a latinos sin documentos en Denver, Colorado"}]},{"@type":"WebSite","@id":"https:\/\/accesolatino.org\/#website","url":"https:\/\/accesolatino.org\/","name":"Acceso Latino | Fundaci\u00f3n Carlos Slim","description":"Fundaci\u00f3n Carlos Slim","publisher":{"@id":"https:\/\/accesolatino.org\/#organization"},"potentialAction":[{"@type":"SearchAction","target":{"@type":"EntryPoint","urlTemplate":"https:\/\/accesolatino.org\/?s={search_term_string}"},"query-input":{"@type":"PropertyValueSpecification","valueRequired":true,"valueName":"search_term_string"}}],"inLanguage":"en-US"},{"@type":"Organization","@id":"https:\/\/accesolatino.org\/#organization","name":"Acceso Latino | Fundaci\u00f3n Carlos Slim","url":"https:\/\/accesolatino.org\/","logo":{"@type":"ImageObject","inLanguage":"en-US","@id":"https:\/\/accesolatino.org\/#\/schema\/logo\/image\/","url":"https:\/\/accesolatino.org\/wp-content\/uploads\/2021\/02\/logo-footer-acceso-latino.png","contentUrl":"https:\/\/accesolatino.org\/wp-content\/uploads\/2021\/02\/logo-footer-acceso-latino.png","width":240,"height":40,"caption":"Acceso Latino | Fundaci\u00f3n Carlos Slim"},"image":{"@id":"https:\/\/accesolatino.org\/#\/schema\/logo\/image\/"},"sameAs":["https:\/\/www.facebook.com\/AccesoLatinoOrg","https:\/\/x.com\/FAccLatino"]},{"@type":"Person","@id":"https:\/\/accesolatino.org\/#\/schema\/person\/10763acf0565833da11d915ac8549efd","name":"admin"}]}},"_links":{"self":[{"href":"https:\/\/accesolatino.org\/en\/wp-json\/wp\/v2\/posts\/15133","targetHints":{"allow":["GET"]}}],"collection":[{"href":"https:\/\/accesolatino.org\/en\/wp-json\/wp\/v2\/posts"}],"about":[{"href":"https:\/\/accesolatino.org\/en\/wp-json\/wp\/v2\/types\/post"}],"author":[{"embeddable":true,"href":"https:\/\/accesolatino.org\/en\/wp-json\/wp\/v2\/users\/1"}],"replies":[{"embeddable":true,"href":"https:\/\/accesolatino.org\/en\/wp-json\/wp\/v2\/comments?post=15133"}],"version-history":[{"count":1,"href":"https:\/\/accesolatino.org\/en\/wp-json\/wp\/v2\/posts\/15133\/revisions"}],"predecessor-version":[{"id":66558,"href":"https:\/\/accesolatino.org\/en\/wp-json\/wp\/v2\/posts\/15133\/revisions\/66558"}],"wp:featuredmedia":[{"embeddable":true,"href":"https:\/\/accesolatino.org\/en\/wp-json\/wp\/v2\/media\/15134"}],"wp:attachment":[{"href":"https:\/\/accesolatino.org\/en\/wp-json\/wp\/v2\/media?parent=15133"}],"wp:term":[{"taxonomy":"category","embeddable":true,"href":"https:\/\/accesolatino.org\/en\/wp-json\/wp\/v2\/categories?post=15133"},{"taxonomy":"post_tag","embeddable":true,"href":"https:\/\/accesolatino.org\/en\/wp-json\/wp\/v2\/tags?post=15133"}],"curies":[{"name":"wp","href":"https:\/\/api.w.org\/{rel}","templated":true}]}}