{"id":15084,"date":"2018-10-16T09:21:04","date_gmt":"2018-10-16T14:21:04","guid":{"rendered":"https:\/\/accesolatino.org\/?p=15084"},"modified":"2025-10-27T12:31:21","modified_gmt":"2025-10-27T18:31:21","slug":"puertorriqueno-nombrado-jefe-del-departamento-de-policia-de-orlando","status":"publish","type":"post","link":"https:\/\/accesolatino.org\/en\/puertorriqueno-nombrado-jefe-del-departamento-de-policia-de-orlando\/orgullo-latino\/","title":{"rendered":"Puertorrique\u00f1o nombrado jefe del Departamento de Polic\u00eda de Orlando"},"content":{"rendered":"<div data-elementor-type=\"wp-post\" data-elementor-id=\"15084\" class=\"elementor elementor-15084 elementor-bc-flex-widget\">\n\t\t\t\t\t\t<section class=\"elementor-section elementor-top-section elementor-element elementor-element-369f77a elementor-section-boxed elementor-section-height-default elementor-section-height-default wpr-particle-no wpr-jarallax-no wpr-parallax-no wpr-sticky-section-no wpr-equal-height-no\" data-id=\"369f77a\" data-element_type=\"section\" data-e-type=\"section\">\n\t\t\t\t\t\t<div class=\"elementor-container elementor-column-gap-default\">\n\t\t\t\t\t<div class=\"elementor-column elementor-col-100 elementor-top-column elementor-element elementor-element-8ef62e2\" data-id=\"8ef62e2\" data-element_type=\"column\" data-e-type=\"column\">\n\t\t\t<div class=\"elementor-widget-wrap elementor-element-populated\">\n\t\t\t\t\t\t<div class=\"elementor-element elementor-element-f218d38 elementor-widget elementor-widget-text-editor\" data-id=\"f218d38\" data-element_type=\"widget\" data-e-type=\"widget\" data-widget_type=\"text-editor.default\">\n\t\t\t\t<div class=\"elementor-widget-container\">\n\t\t\t\t\t\t\t\t\t<p>The<strong> puertorrique\u00f1o Orlando Rol\u00f3n<\/strong> se convirti\u00f3 el jueves en el primer jefe del <strong>Departamento de Polic\u00eda de Orlando<\/strong> (OPD) de origen hispano en la historia de esta agencia que imparte el orden.<\/p><p>\u201cEstoy confiado de que bajo el liderazgo de Rol\u00f3n el Departamento de Polic\u00eda de Orlando continuar\u00e1 trabajando para proteger a nuestra comunidad contra el crimen\u201d, dijo el alcalde de Orlando, Buddy Dyer, tras anunciar el nombramiento de este veterano de la Reserva de la Armada de Estados Unidos.<\/p><p>Rol\u00f3n, oriundo de Bayam\u00f3n, ha vivido por m\u00e1s de 40 a\u00f1os en el centro de Florida y \u201cha crecido dentro de las filas del OPD, donde contin\u00faa comprometido con garantizar la seguridad de la ciudad\u201d, dijo Dyer.<\/p><p>El uniformado, que tiene experiencia de 25 a\u00f1os en el OPD, se desempe\u00f1aba hasta el momento de su nombramiento como subjefe de esa agencia policial.<\/p><p>Adem\u00e1s, se ha desempe\u00f1ado como comandante de la Oficina de Servicios de Patrullas, la unidad m\u00e1s grande del OPD, compuesta por 408 oficiales y civiles.<\/p><p>\u201cLa OPD es la mejor agencia policial del pa\u00eds\u201d, dijo el boricua, quien es graduado de la Academia Nacional del FBI y actualmente estudia una maestr\u00eda en ciencias de justicia criminal.<\/p><p>Con su nombramiento, Rol\u00f3n se convirti\u00f3 no solo en el primer puertorrique\u00f1o en el cargo policial m\u00e1s alto de Orlando, donde casi el 30% de sus residentes es hispano, principalmente boricua, sino adem\u00e1s en el \u00fanico hispano que ha logrado esa posici\u00f3n en el centro de Florida.<\/p><p>Todos los migrantes que se encuentran en Estados Unidos podr\u00e1n mantenerse informados y hacer uso de las herramientas abiertas y gratuitas que tenemos para ustedes en <strong>accesolatino.org<\/strong> en distintas materias como <a href=\"https:\/\/accesolatino.org\/en\/educacion\/\"><strong>educaci\u00f3n<\/strong><\/a>, <a href=\"https:\/\/accesolatino.org\/en\/buscas-empleo\/\"><strong>empleo<\/strong><\/a>, <a href=\"https:\/\/accesolatino.org\/en\/salud\/\"><strong>salud<\/strong><\/a> and <a href=\"https:\/\/accesolatino.org\/en\/orientacion-legal\/\"><strong>orientaci\u00f3n legal<\/strong><\/a> entre otras.<\/p>\t\t\t\t\t\t\t\t<\/div>\n\t\t\t\t<\/div>\n\t\t\t\t\t<\/div>\n\t\t<\/div>\n\t\t\t\t\t<\/div>\n\t\t<\/section>\n\t\t\t\t<\/div>","protected":false},"excerpt":{"rendered":"<p>El puertorrique\u00f1o Orlando Rol\u00f3n se convirti\u00f3 el jueves en el primer jefe del Departamento de Polic\u00eda de Orlando (OPD) de origen hispano en la historia de esta agencia que imparte el orden. \u201cEstoy confiado de que bajo el liderazgo de Rol\u00f3n el Departamento de Polic\u00eda de Orlando continuar\u00e1 trabajando para proteger a nuestra comunidad contra el crimen\u201d, dijo el alcalde de Orlando, Buddy Dyer, tras anunciar el nombramiento de este veterano de la Reserva de la Armada de Estados Unidos. Rol\u00f3n, oriundo de Bayam\u00f3n, ha vivido por m\u00e1s de 40 a\u00f1os en el centro de Florida y \u201cha crecido dentro de las filas del OPD, donde contin\u00faa comprometido con garantizar la seguridad de la ciudad\u201d, dijo Dyer. El uniformado, que tiene experiencia de 25 a\u00f1os en el OPD, se desempe\u00f1aba hasta el momento de su nombramiento como subjefe de esa agencia policial. Adem\u00e1s, se ha desempe\u00f1ado como comandante de la Oficina de Servicios de Patrullas, la unidad m\u00e1s grande del OPD, compuesta por 408 oficiales y civiles. \u201cLa OPD es la mejor agencia policial del pa\u00eds\u201d, dijo el boricua, quien es graduado de la Academia Nacional del FBI y actualmente estudia una maestr\u00eda en ciencias de justicia criminal. Con su nombramiento, Rol\u00f3n se convirti\u00f3 no solo en el primer puertorrique\u00f1o en el cargo policial m\u00e1s alto de Orlando, donde casi el 30% de sus residentes es hispano, principalmente boricua, sino adem\u00e1s en el \u00fanico hispano que ha logrado esa posici\u00f3n en el centro de Florida. Todos los migrantes que se encuentran en Estados Unidos podr\u00e1n mantenerse informados y hacer uso de las herramientas abiertas y gratuitas que tenemos para ustedes en accesolatino.org en distintas materias como educaci\u00f3n, empleo, salud y orientaci\u00f3n legal entre otras.<\/p>","protected":false},"author":1,"featured_media":15085,"comment_status":"open","ping_status":"open","sticky":false,"template":"","format":"standard","meta":{"_uf_show_specific_survey":0,"_uf_disable_surveys":false,"footnotes":""},"categories":[9],"tags":[],"class_list":["post-15084","post","type-post","status-publish","format-standard","has-post-thumbnail","hentry","category-orgullo-latino"],"aioseo_notices":[],"yoast_head":"<!-- This site is optimized with the Yoast SEO plugin v27.5 - https:\/\/yoast.com\/product\/yoast-seo-wordpress\/ -->\n<title>Puertorrique\u00f1o nombrado jefe del Departamento de Polic\u00eda de Orlando<\/title>\n<meta name=\"description\" content=\"El puertorrique\u00f1o Orlando Rol\u00f3n se convirti\u00f3 el jueves en el primer jefe del Departamento de Polic\u00eda de Orlando (OPD) de origen hispano.\" \/>\n<meta name=\"robots\" content=\"index, follow, max-snippet:-1, max-image-preview:large, max-video-preview:-1\" \/>\n<link rel=\"canonical\" href=\"https:\/\/accesolatino.org\/en\/puertorriqueno-nombrado-jefe-del-departamento-de-policia-de-orlando\/orgullo-latino\/\" \/>\n<meta property=\"og:locale\" content=\"en_US\" \/>\n<meta property=\"og:type\" content=\"article\" \/>\n<meta property=\"og:title\" content=\"Puertorrique\u00f1o nombrado jefe del Departamento de Polic\u00eda de Orlando\" \/>\n<meta property=\"og:description\" content=\"El puertorrique\u00f1o Orlando Rol\u00f3n se convirti\u00f3 el jueves en el primer jefe del Departamento de Polic\u00eda de Orlando (OPD) de origen hispano.\" \/>\n<meta property=\"og:url\" content=\"https:\/\/accesolatino.org\/en\/puertorriqueno-nombrado-jefe-del-departamento-de-policia-de-orlando\/orgullo-latino\/\" \/>\n<meta property=\"og:site_name\" content=\"Acceso Latino\" \/>\n<meta property=\"article:publisher\" content=\"https:\/\/www.facebook.com\/AccesoLatinoOrg\" \/>\n<meta property=\"article:published_time\" content=\"2018-10-16T14:21:04+00:00\" \/>\n<meta property=\"article:modified_time\" content=\"2025-10-27T18:31:21+00:00\" \/>\n<meta property=\"og:image\" content=\"https:\/\/accesolatino.org\/wp-content\/uploads\/2018\/10\/Puertorriqueno-nombrado-jefe-del-Departamento-de-Policia-de-Orlando.jpg\" \/>\n\t<meta property=\"og:image:width\" content=\"600\" \/>\n\t<meta property=\"og:image:height\" content=\"338\" \/>\n\t<meta property=\"og:image:type\" content=\"image\/jpeg\" \/>\n<meta name=\"author\" content=\"admin\" \/>\n<meta name=\"twitter:card\" content=\"summary_large_image\" \/>\n<meta name=\"twitter:creator\" content=\"@FAccLatino\" \/>\n<meta name=\"twitter:site\" content=\"@FAccLatino\" \/>\n<meta name=\"twitter:label1\" content=\"Written by\" \/>\n\t<meta name=\"twitter:data1\" content=\"admin\" \/>\n\t<meta name=\"twitter:label2\" content=\"Est. reading time\" \/>\n\t<meta name=\"twitter:data2\" content=\"2 minutes\" \/>\n<script type=\"application\/ld+json\" class=\"yoast-schema-graph\">{\"@context\":\"https:\\\/\\\/schema.org\",\"@graph\":[{\"@type\":\"Article\",\"@id\":\"https:\\\/\\\/accesolatino.org\\\/puertorriqueno-nombrado-jefe-del-departamento-de-policia-de-orlando\\\/orgullo-latino\\\/#article\",\"isPartOf\":{\"@id\":\"https:\\\/\\\/accesolatino.org\\\/puertorriqueno-nombrado-jefe-del-departamento-de-policia-de-orlando\\\/orgullo-latino\\\/\"},\"author\":{\"name\":\"admin\",\"@id\":\"https:\\\/\\\/accesolatino.org\\\/#\\\/schema\\\/person\\\/10763acf0565833da11d915ac8549efd\"},\"headline\":\"Puertorrique\u00f1o nombrado jefe del Departamento de Polic\u00eda de Orlando\",\"datePublished\":\"2018-10-16T14:21:04+00:00\",\"dateModified\":\"2025-10-27T18:31:21+00:00\",\"mainEntityOfPage\":{\"@id\":\"https:\\\/\\\/accesolatino.org\\\/puertorriqueno-nombrado-jefe-del-departamento-de-policia-de-orlando\\\/orgullo-latino\\\/\"},\"wordCount\":317,\"commentCount\":0,\"publisher\":{\"@id\":\"https:\\\/\\\/accesolatino.org\\\/#organization\"},\"image\":{\"@id\":\"https:\\\/\\\/accesolatino.org\\\/puertorriqueno-nombrado-jefe-del-departamento-de-policia-de-orlando\\\/orgullo-latino\\\/#primaryimage\"},\"thumbnailUrl\":\"https:\\\/\\\/accesolatino.org\\\/wp-content\\\/uploads\\\/2018\\\/10\\\/Puertorriqueno-nombrado-jefe-del-Departamento-de-Policia-de-Orlando.jpg\",\"articleSection\":[\"Orgullo Latino\"],\"inLanguage\":\"en-US\",\"potentialAction\":[{\"@type\":\"CommentAction\",\"name\":\"Comment\",\"target\":[\"https:\\\/\\\/accesolatino.org\\\/puertorriqueno-nombrado-jefe-del-departamento-de-policia-de-orlando\\\/orgullo-latino\\\/#respond\"]}]},{\"@type\":\"WebPage\",\"@id\":\"https:\\\/\\\/accesolatino.org\\\/puertorriqueno-nombrado-jefe-del-departamento-de-policia-de-orlando\\\/orgullo-latino\\\/\",\"url\":\"https:\\\/\\\/accesolatino.org\\\/puertorriqueno-nombrado-jefe-del-departamento-de-policia-de-orlando\\\/orgullo-latino\\\/\",\"name\":\"Puertorrique\u00f1o nombrado jefe del Departamento de Polic\u00eda de Orlando\",\"isPartOf\":{\"@id\":\"https:\\\/\\\/accesolatino.org\\\/#website\"},\"primaryImageOfPage\":{\"@id\":\"https:\\\/\\\/accesolatino.org\\\/puertorriqueno-nombrado-jefe-del-departamento-de-policia-de-orlando\\\/orgullo-latino\\\/#primaryimage\"},\"image\":{\"@id\":\"https:\\\/\\\/accesolatino.org\\\/puertorriqueno-nombrado-jefe-del-departamento-de-policia-de-orlando\\\/orgullo-latino\\\/#primaryimage\"},\"thumbnailUrl\":\"https:\\\/\\\/accesolatino.org\\\/wp-content\\\/uploads\\\/2018\\\/10\\\/Puertorriqueno-nombrado-jefe-del-Departamento-de-Policia-de-Orlando.jpg\",\"datePublished\":\"2018-10-16T14:21:04+00:00\",\"dateModified\":\"2025-10-27T18:31:21+00:00\",\"description\":\"El puertorrique\u00f1o Orlando Rol\u00f3n se convirti\u00f3 el jueves en el primer jefe del Departamento de Polic\u00eda de Orlando (OPD) de origen hispano.\",\"breadcrumb\":{\"@id\":\"https:\\\/\\\/accesolatino.org\\\/puertorriqueno-nombrado-jefe-del-departamento-de-policia-de-orlando\\\/orgullo-latino\\\/#breadcrumb\"},\"inLanguage\":\"en-US\",\"potentialAction\":[{\"@type\":\"ReadAction\",\"target\":[\"https:\\\/\\\/accesolatino.org\\\/puertorriqueno-nombrado-jefe-del-departamento-de-policia-de-orlando\\\/orgullo-latino\\\/\"]}]},{\"@type\":\"ImageObject\",\"inLanguage\":\"en-US\",\"@id\":\"https:\\\/\\\/accesolatino.org\\\/puertorriqueno-nombrado-jefe-del-departamento-de-policia-de-orlando\\\/orgullo-latino\\\/#primaryimage\",\"url\":\"https:\\\/\\\/accesolatino.org\\\/wp-content\\\/uploads\\\/2018\\\/10\\\/Puertorriqueno-nombrado-jefe-del-Departamento-de-Policia-de-Orlando.jpg\",\"contentUrl\":\"https:\\\/\\\/accesolatino.org\\\/wp-content\\\/uploads\\\/2018\\\/10\\\/Puertorriqueno-nombrado-jefe-del-Departamento-de-Policia-de-Orlando.jpg\",\"width\":600,\"height\":338,\"caption\":\"Puertorrique\u00f1o nombrado jefe del Departamento de Polic\u00eda de Orlando\"},{\"@type\":\"BreadcrumbList\",\"@id\":\"https:\\\/\\\/accesolatino.org\\\/puertorriqueno-nombrado-jefe-del-departamento-de-policia-de-orlando\\\/orgullo-latino\\\/#breadcrumb\",\"itemListElement\":[{\"@type\":\"ListItem\",\"position\":1,\"name\":\"Portada\",\"item\":\"https:\\\/\\\/accesolatino.org\\\/\"},{\"@type\":\"ListItem\",\"position\":2,\"name\":\"Orgullo Latino\",\"item\":\"https:\\\/\\\/accesolatino.org\\\/category\\\/orgullo-latino\\\/\"},{\"@type\":\"ListItem\",\"position\":3,\"name\":\"Puertorrique\u00f1o nombrado jefe del Departamento de Polic\u00eda de Orlando\"}]},{\"@type\":\"WebSite\",\"@id\":\"https:\\\/\\\/accesolatino.org\\\/#website\",\"url\":\"https:\\\/\\\/accesolatino.org\\\/\",\"name\":\"Acceso Latino | Fundaci\u00f3n Carlos Slim\",\"description\":\"Fundaci\u00f3n Carlos Slim\",\"publisher\":{\"@id\":\"https:\\\/\\\/accesolatino.org\\\/#organization\"},\"potentialAction\":[{\"@type\":\"SearchAction\",\"target\":{\"@type\":\"EntryPoint\",\"urlTemplate\":\"https:\\\/\\\/accesolatino.org\\\/?s={search_term_string}\"},\"query-input\":{\"@type\":\"PropertyValueSpecification\",\"valueRequired\":true,\"valueName\":\"search_term_string\"}}],\"inLanguage\":\"en-US\"},{\"@type\":\"Organization\",\"@id\":\"https:\\\/\\\/accesolatino.org\\\/#organization\",\"name\":\"Acceso Latino | Fundaci\u00f3n Carlos Slim\",\"url\":\"https:\\\/\\\/accesolatino.org\\\/\",\"logo\":{\"@type\":\"ImageObject\",\"inLanguage\":\"en-US\",\"@id\":\"https:\\\/\\\/accesolatino.org\\\/#\\\/schema\\\/logo\\\/image\\\/\",\"url\":\"https:\\\/\\\/accesolatino.org\\\/wp-content\\\/uploads\\\/2021\\\/02\\\/logo-footer-acceso-latino.png\",\"contentUrl\":\"https:\\\/\\\/accesolatino.org\\\/wp-content\\\/uploads\\\/2021\\\/02\\\/logo-footer-acceso-latino.png\",\"width\":240,\"height\":40,\"caption\":\"Acceso Latino | Fundaci\u00f3n Carlos Slim\"},\"image\":{\"@id\":\"https:\\\/\\\/accesolatino.org\\\/#\\\/schema\\\/logo\\\/image\\\/\"},\"sameAs\":[\"https:\\\/\\\/www.facebook.com\\\/AccesoLatinoOrg\",\"https:\\\/\\\/x.com\\\/FAccLatino\"]},{\"@type\":\"Person\",\"@id\":\"https:\\\/\\\/accesolatino.org\\\/#\\\/schema\\\/person\\\/10763acf0565833da11d915ac8549efd\",\"name\":\"admin\"}]}<\/script>\n<!-- \/ Yoast SEO plugin. -->","yoast_head_json":{"title":"Puertorrique\u00f1o nombrado jefe del Departamento de Polic\u00eda de Orlando","description":"El puertorrique\u00f1o Orlando Rol\u00f3n se convirti\u00f3 el jueves en el primer jefe del Departamento de Polic\u00eda de Orlando (OPD) de origen hispano.","robots":{"index":"index","follow":"follow","max-snippet":"max-snippet:-1","max-image-preview":"max-image-preview:large","max-video-preview":"max-video-preview:-1"},"canonical":"https:\/\/accesolatino.org\/en\/puertorriqueno-nombrado-jefe-del-departamento-de-policia-de-orlando\/orgullo-latino\/","og_locale":"en_US","og_type":"article","og_title":"Puertorrique\u00f1o nombrado jefe del Departamento de Polic\u00eda de Orlando","og_description":"El puertorrique\u00f1o Orlando Rol\u00f3n se convirti\u00f3 el jueves en el primer jefe del Departamento de Polic\u00eda de Orlando (OPD) de origen hispano.","og_url":"https:\/\/accesolatino.org\/en\/puertorriqueno-nombrado-jefe-del-departamento-de-policia-de-orlando\/orgullo-latino\/","og_site_name":"Acceso Latino","article_publisher":"https:\/\/www.facebook.com\/AccesoLatinoOrg","article_published_time":"2018-10-16T14:21:04+00:00","article_modified_time":"2025-10-27T18:31:21+00:00","og_image":[{"width":600,"height":338,"url":"https:\/\/accesolatino.org\/wp-content\/uploads\/2018\/10\/Puertorriqueno-nombrado-jefe-del-Departamento-de-Policia-de-Orlando.jpg","type":"image\/jpeg"}],"author":"admin","twitter_card":"summary_large_image","twitter_creator":"@FAccLatino","twitter_site":"@FAccLatino","twitter_misc":{"Written by":"admin","Est. reading time":"2 minutes"},"schema":{"@context":"https:\/\/schema.org","@graph":[{"@type":"Article","@id":"https:\/\/accesolatino.org\/puertorriqueno-nombrado-jefe-del-departamento-de-policia-de-orlando\/orgullo-latino\/#article","isPartOf":{"@id":"https:\/\/accesolatino.org\/puertorriqueno-nombrado-jefe-del-departamento-de-policia-de-orlando\/orgullo-latino\/"},"author":{"name":"admin","@id":"https:\/\/accesolatino.org\/#\/schema\/person\/10763acf0565833da11d915ac8549efd"},"headline":"Puertorrique\u00f1o nombrado jefe del Departamento de Polic\u00eda de Orlando","datePublished":"2018-10-16T14:21:04+00:00","dateModified":"2025-10-27T18:31:21+00:00","mainEntityOfPage":{"@id":"https:\/\/accesolatino.org\/puertorriqueno-nombrado-jefe-del-departamento-de-policia-de-orlando\/orgullo-latino\/"},"wordCount":317,"commentCount":0,"publisher":{"@id":"https:\/\/accesolatino.org\/#organization"},"image":{"@id":"https:\/\/accesolatino.org\/puertorriqueno-nombrado-jefe-del-departamento-de-policia-de-orlando\/orgullo-latino\/#primaryimage"},"thumbnailUrl":"https:\/\/accesolatino.org\/wp-content\/uploads\/2018\/10\/Puertorriqueno-nombrado-jefe-del-Departamento-de-Policia-de-Orlando.jpg","articleSection":["Orgullo Latino"],"inLanguage":"en-US","potentialAction":[{"@type":"CommentAction","name":"Comment","target":["https:\/\/accesolatino.org\/puertorriqueno-nombrado-jefe-del-departamento-de-policia-de-orlando\/orgullo-latino\/#respond"]}]},{"@type":"WebPage","@id":"https:\/\/accesolatino.org\/puertorriqueno-nombrado-jefe-del-departamento-de-policia-de-orlando\/orgullo-latino\/","url":"https:\/\/accesolatino.org\/puertorriqueno-nombrado-jefe-del-departamento-de-policia-de-orlando\/orgullo-latino\/","name":"Puertorrique\u00f1o nombrado jefe del Departamento de Polic\u00eda de Orlando","isPartOf":{"@id":"https:\/\/accesolatino.org\/#website"},"primaryImageOfPage":{"@id":"https:\/\/accesolatino.org\/puertorriqueno-nombrado-jefe-del-departamento-de-policia-de-orlando\/orgullo-latino\/#primaryimage"},"image":{"@id":"https:\/\/accesolatino.org\/puertorriqueno-nombrado-jefe-del-departamento-de-policia-de-orlando\/orgullo-latino\/#primaryimage"},"thumbnailUrl":"https:\/\/accesolatino.org\/wp-content\/uploads\/2018\/10\/Puertorriqueno-nombrado-jefe-del-Departamento-de-Policia-de-Orlando.jpg","datePublished":"2018-10-16T14:21:04+00:00","dateModified":"2025-10-27T18:31:21+00:00","description":"El puertorrique\u00f1o Orlando Rol\u00f3n se convirti\u00f3 el jueves en el primer jefe del Departamento de Polic\u00eda de Orlando (OPD) de origen hispano.","breadcrumb":{"@id":"https:\/\/accesolatino.org\/puertorriqueno-nombrado-jefe-del-departamento-de-policia-de-orlando\/orgullo-latino\/#breadcrumb"},"inLanguage":"en-US","potentialAction":[{"@type":"ReadAction","target":["https:\/\/accesolatino.org\/puertorriqueno-nombrado-jefe-del-departamento-de-policia-de-orlando\/orgullo-latino\/"]}]},{"@type":"ImageObject","inLanguage":"en-US","@id":"https:\/\/accesolatino.org\/puertorriqueno-nombrado-jefe-del-departamento-de-policia-de-orlando\/orgullo-latino\/#primaryimage","url":"https:\/\/accesolatino.org\/wp-content\/uploads\/2018\/10\/Puertorriqueno-nombrado-jefe-del-Departamento-de-Policia-de-Orlando.jpg","contentUrl":"https:\/\/accesolatino.org\/wp-content\/uploads\/2018\/10\/Puertorriqueno-nombrado-jefe-del-Departamento-de-Policia-de-Orlando.jpg","width":600,"height":338,"caption":"Puertorrique\u00f1o nombrado jefe del Departamento de Polic\u00eda de Orlando"},{"@type":"BreadcrumbList","@id":"https:\/\/accesolatino.org\/puertorriqueno-nombrado-jefe-del-departamento-de-policia-de-orlando\/orgullo-latino\/#breadcrumb","itemListElement":[{"@type":"ListItem","position":1,"name":"Portada","item":"https:\/\/accesolatino.org\/"},{"@type":"ListItem","position":2,"name":"Orgullo Latino","item":"https:\/\/accesolatino.org\/category\/orgullo-latino\/"},{"@type":"ListItem","position":3,"name":"Puertorrique\u00f1o nombrado jefe del Departamento de Polic\u00eda de Orlando"}]},{"@type":"WebSite","@id":"https:\/\/accesolatino.org\/#website","url":"https:\/\/accesolatino.org\/","name":"Acceso Latino | Fundaci\u00f3n Carlos Slim","description":"Fundaci\u00f3n Carlos Slim","publisher":{"@id":"https:\/\/accesolatino.org\/#organization"},"potentialAction":[{"@type":"SearchAction","target":{"@type":"EntryPoint","urlTemplate":"https:\/\/accesolatino.org\/?s={search_term_string}"},"query-input":{"@type":"PropertyValueSpecification","valueRequired":true,"valueName":"search_term_string"}}],"inLanguage":"en-US"},{"@type":"Organization","@id":"https:\/\/accesolatino.org\/#organization","name":"Acceso Latino | Fundaci\u00f3n Carlos Slim","url":"https:\/\/accesolatino.org\/","logo":{"@type":"ImageObject","inLanguage":"en-US","@id":"https:\/\/accesolatino.org\/#\/schema\/logo\/image\/","url":"https:\/\/accesolatino.org\/wp-content\/uploads\/2021\/02\/logo-footer-acceso-latino.png","contentUrl":"https:\/\/accesolatino.org\/wp-content\/uploads\/2021\/02\/logo-footer-acceso-latino.png","width":240,"height":40,"caption":"Acceso Latino | Fundaci\u00f3n Carlos Slim"},"image":{"@id":"https:\/\/accesolatino.org\/#\/schema\/logo\/image\/"},"sameAs":["https:\/\/www.facebook.com\/AccesoLatinoOrg","https:\/\/x.com\/FAccLatino"]},{"@type":"Person","@id":"https:\/\/accesolatino.org\/#\/schema\/person\/10763acf0565833da11d915ac8549efd","name":"admin"}]}},"_links":{"self":[{"href":"https:\/\/accesolatino.org\/en\/wp-json\/wp\/v2\/posts\/15084","targetHints":{"allow":["GET"]}}],"collection":[{"href":"https:\/\/accesolatino.org\/en\/wp-json\/wp\/v2\/posts"}],"about":[{"href":"https:\/\/accesolatino.org\/en\/wp-json\/wp\/v2\/types\/post"}],"author":[{"embeddable":true,"href":"https:\/\/accesolatino.org\/en\/wp-json\/wp\/v2\/users\/1"}],"replies":[{"embeddable":true,"href":"https:\/\/accesolatino.org\/en\/wp-json\/wp\/v2\/comments?post=15084"}],"version-history":[{"count":1,"href":"https:\/\/accesolatino.org\/en\/wp-json\/wp\/v2\/posts\/15084\/revisions"}],"predecessor-version":[{"id":66560,"href":"https:\/\/accesolatino.org\/en\/wp-json\/wp\/v2\/posts\/15084\/revisions\/66560"}],"wp:featuredmedia":[{"embeddable":true,"href":"https:\/\/accesolatino.org\/en\/wp-json\/wp\/v2\/media\/15085"}],"wp:attachment":[{"href":"https:\/\/accesolatino.org\/en\/wp-json\/wp\/v2\/media?parent=15084"}],"wp:term":[{"taxonomy":"category","embeddable":true,"href":"https:\/\/accesolatino.org\/en\/wp-json\/wp\/v2\/categories?post=15084"},{"taxonomy":"post_tag","embeddable":true,"href":"https:\/\/accesolatino.org\/en\/wp-json\/wp\/v2\/tags?post=15084"}],"curies":[{"name":"wp","href":"https:\/\/api.w.org\/{rel}","templated":true}]}}