{"id":14814,"date":"2018-09-18T09:23:52","date_gmt":"2018-09-18T14:23:52","guid":{"rendered":"https:\/\/accesolatino.org\/?p=14814"},"modified":"2025-10-27T12:34:03","modified_gmt":"2025-10-27T18:34:03","slug":"se-salvo-de-la-deportacion-y-ahora-es-dueno-de-un-taller-mecanico-en-estados-unidos","status":"publish","type":"post","link":"https:\/\/accesolatino.org\/en\/se-salvo-de-la-deportacion-y-ahora-es-dueno-de-un-taller-mecanico-en-estados-unidos\/orgullo-latino\/","title":{"rendered":"Se salv\u00f3 de la deportaci\u00f3n y ahora es due\u00f1o de un taller mec\u00e1nico en Estados Unidos"},"content":{"rendered":"<div data-elementor-type=\"wp-post\" data-elementor-id=\"14814\" class=\"elementor elementor-14814 elementor-bc-flex-widget\">\n\t\t\t\t\t\t<section class=\"elementor-section elementor-top-section elementor-element elementor-element-369f77a elementor-section-boxed elementor-section-height-default elementor-section-height-default wpr-particle-no wpr-jarallax-no wpr-parallax-no wpr-sticky-section-no wpr-equal-height-no\" data-id=\"369f77a\" data-element_type=\"section\" data-e-type=\"section\">\n\t\t\t\t\t\t<div class=\"elementor-container elementor-column-gap-default\">\n\t\t\t\t\t<div class=\"elementor-column elementor-col-100 elementor-top-column elementor-element elementor-element-8ef62e2\" data-id=\"8ef62e2\" data-element_type=\"column\" data-e-type=\"column\">\n\t\t\t<div class=\"elementor-widget-wrap elementor-element-populated\">\n\t\t\t\t\t\t<div class=\"elementor-element elementor-element-f218d38 elementor-widget elementor-widget-text-editor\" data-id=\"f218d38\" data-element_type=\"widget\" data-e-type=\"widget\" data-widget_type=\"text-editor.default\">\n\t\t\t\t<div class=\"elementor-widget-container\">\n\t\t\t\t\t\t\t\t\t<p><strong>Luis Fernando Reyes<\/strong> es originario de Guatemala y sali\u00f3 de su pa\u00eds huyendo de las temidas maras en 1974.<\/p><p>No termin\u00f3 sus estudios y en su patria se dedicaba a manejar autobuses. \u201cEl estudio no era lo m\u00edo, por eso me vine, a\u00fan en contra de los deseos de mi madre\u201d, refiere el inmigrante.<\/p><p>Siendo menor de edad cruz\u00f3 la frontera por Tijuana y lleg\u00f3 a los \u00c1ngeles. De esta ciudad sali\u00f3 por miedo a Inmigraci\u00f3n, rumbo a Georgia.<\/p><p>Su primer trabajo en la Uni\u00f3n Americana fue empacando tortillas y a los dos meses, ir\u00f3nicamente, lo encontr\u00f3 ICE, recuerda con humor.<\/p><p>\u201cEl due\u00f1o de la f\u00e1brica, hizo la vuelta y pag\u00f3 la fianza, que era en ese entonces de 1,000 d\u00f3lares, a cambio de que me quedara trabajando con \u00e9l por un tiempo\u201d, indica Reyes.<\/p><p>Ganaba 80 d\u00f3lares a la semana y aunque era poco lograba ahorrar.<\/p><p>Buscando mejores oportunidades, se emple\u00f3 en la construcci\u00f3n y luego en mec\u00e1nica, un oficio que hab\u00eda aprendido en Guatemala con sus hermanos.<\/p><p>Compr\u00f3 su primera caja de herramientas en 150 d\u00f3lares y empez\u00f3 trabajando por comisi\u00f3n.<\/p><p>A los 6 meses ya arreglaba veh\u00edculos de alta gama, como Volvo y Mercedes.<\/p><p>Pocos a\u00f1os despu\u00e9s le ofrecieron venderle un peque\u00f1o taller y all\u00ed es cuando encuentra la oportunidad de lograr el sue\u00f1o americano.<\/p><p>Con dinero prestado lo compr\u00f3 en 6,000 d\u00f3lares y empez\u00f3 de cero, sin un solo cliente.<\/p><p>Para poder pagar la renta, al mismo tiempo era manager de otros siete negocios en el edificio donde rentaba el espacio para trabajar.<\/p><p>Ahora su taller le produce 250,000 d\u00f3lares al a\u00f1o y acaba de comprar todo el edificio, locales con los que ganar\u00e1 adicionalmente 12,000 d\u00f3lares semanales.<\/p><p>Su taller <strong>Fernando\u00b4s Parts &amp; Service<\/strong> se encuentra en Chamblee, Georgia.<\/p><p>In <strong>Acceso Latino<\/strong> ofrecemos a todos los migrantes que radican en Estados Unidos o en M\u00e9xico y que busquen mejorar su calidad de vida emprendiendo su negocio, cursos de capacitaci\u00f3n gratuitos en <strong>transportes<\/strong>, tales como: <strong>mec\u00e1nico automotriz, mec\u00e1nico de bicicletas<\/strong>, y otros de micro negocios. Debes acceder a la secci\u00f3n <a href=\"https:\/\/accesolatino.org\/en\/buscas-empleo\/\"><strong>\u201cBuscas empleo\u201d<\/strong><\/a> y utilizar las herramientas que tenemos para ti para convertirte en el pr\u00f3ximo empresario exitoso como Luis Fernando Reyes.<\/p>\t\t\t\t\t\t\t\t<\/div>\n\t\t\t\t<\/div>\n\t\t\t\t\t<\/div>\n\t\t<\/div>\n\t\t\t\t\t<\/div>\n\t\t<\/section>\n\t\t\t\t<\/div>","protected":false},"excerpt":{"rendered":"<p>El gobierno de Estados Unidos tiene programas de visas para aquellos extranjeros que deseen trabajar legalmente en su pa\u00eds. La mayor\u00eda son empleos temporales, pero tambi\u00e9n hay para empleos permanentes. Visas para trabajos temporales La visa H-2A permite que empleadores o agentes estadounidenses traigan ciudadanos extranjeros para llenar puestos de empleos temporales en agricultura. Obtener esta visa no es sencillo. Los empleadores son quienes deben presentar el formulario I-129 y la petici\u00f3n de Trabajador No Inmigrante ante las autoridades. La visa H-2B es para trabajadores no agr\u00edcolas. Por ejemplo, trabajos en jardiner\u00eda, construcci\u00f3n y limpieza. Para que la petici\u00f3n sea aprobada debe demostrarse que \u201cno hay suficientes trabajadores estadounidenses capaces, dispuestos, cualificados y disponibles para realizar el trabajo temporal\u201d. La visa L corresponde a trabajadores que ser\u00e1n transferidos a Estados Unidos por su compa\u00f1\u00eda, para que se unan al equipo de una sucursal de la misma. Si la compa\u00f1\u00eda ya tiene a m\u00e1s de 50 empleados en Estados Unidos, deber\u00e1n pagarse $4,500 d\u00f3lares extra. Personas con habilidades o logros extraordinarios en las ciencias, artes, educaci\u00f3n, negocios o deportes pueden solicitar la visa O. Por supuesto, deber\u00e1n comprobar sus logros con premios, reconocimientos internacionales o publicaciones. La visa P es para artistas, int\u00e9rpretes o trabajadores de intercambio que hagan una presentaci\u00f3n \u00e9tnica, folk, cultural, musical, teatral o art\u00edstica tradicional. Los participantes de programas de intercambio cultural deben solicitar una visa Q. \u201cEl intercambio cultural debe desarrollarse en una escuela, museo, negocio u otro establecimiento donde el p\u00fablico est\u00e9 expuesto a los diversos aspectos de la cultura nacional del solicitante, como parte de un programa estructurado\u201d, se\u00f1alan. Visas de trabajo permanente La visa EB-1 s\u00f3lo es concedida a personas con \u201chabilidades extraordinarias\u201d. Por ejemplo: \u201cinvestigadores, acad\u00e9micos de renombre, ejecutivos de empresas multinacionales, atletas ol\u00edmpicos y actores ganadores del Oscar, que demostraron aclamaci\u00f3n internacional &#8220;. Cada a\u00f1o, el gobierno de Estados Unidos concede hasta 140 mil visas de inmigrantes para extranjeros que tengan la intenci\u00f3n de inmigrar bas\u00e1ndose en sus destrezas para ocupar empleos. EB-2: categor\u00eda reservada para personas con t\u00edtulos de posgrado o con aptitudes excepcionales en las artes, las ciencias o los negocios. EB-3: se refiere a profesionales y trabajadores especializados. Las categor\u00edas EB-2 y EB-3 no s\u00f3lo exigen tener una oferta laboral, sino que el futuro empleador certifique que la contrataci\u00f3n de una persona extranjera no afectar\u00e1 las condiciones laborales de los estadounidenses y que no existen trabajadores nacionales dispuestos o capaces para efectuar el trabajo. EB-4: se denomina categor\u00eda de \u201cinmigrantes especiales\u201d. En ella se incluye a trabajadores religiosos, empleados del servicio exterior de Estados Unidos o personal retirado de organizaciones internacionales. EB-5: en ella se incluye a emprendedores que inviertan entre 500 mil y 1 mill\u00f3n de d\u00f3lares en una nueva empresa que brinde trabajo de tiempo completo al menos a 10 empleados estadounidenses. En Acceso Latino accede a la herramienta de \u201cOrientaci\u00f3n Legal\u201d en donde podr\u00e1s asesorarte con abogados migratorios sobre dudas con tu visa y todo lo necesario sobre tu permanencia legal en Estados Unidos. Tambi\u00e9n, encontrar\u00e1s la herramienta de \u201cBuscas Empleo\u201d la cual te brinda capacitaci\u00f3n gratuita para distintos oficios, de esta manera tendr\u00e1s mayores oportunidades de trabajo. Para estudiar el ingl\u00e9s, ingresa a la secci\u00f3n \u201cEducaci\u00f3n\u201d y cursa las clases gratuitas que tenemos para ti.<\/p>","protected":false},"author":13,"featured_media":14815,"comment_status":"open","ping_status":"open","sticky":false,"template":"","format":"standard","meta":{"_uf_show_specific_survey":0,"_uf_disable_surveys":false,"footnotes":""},"categories":[9],"tags":[],"class_list":["post-14814","post","type-post","status-publish","format-standard","has-post-thumbnail","hentry","category-orgullo-latino"],"aioseo_notices":[],"yoast_head":"<!-- This site is optimized with the Yoast SEO plugin v27.5 - https:\/\/yoast.com\/product\/yoast-seo-wordpress\/ -->\n<title>Se salv\u00f3 de la deportaci\u00f3n y ahora es due\u00f1o de un taller mec\u00e1nico en EUA<\/title>\n<meta name=\"description\" content=\"Su primer trabajo en la Uni\u00f3n Americana fue empacando tortillas y a los dos meses, ir\u00f3nicamente, lo encontr\u00f3 ICE, recuerda con humor.\" \/>\n<meta name=\"robots\" content=\"index, follow, max-snippet:-1, max-image-preview:large, max-video-preview:-1\" \/>\n<link rel=\"canonical\" href=\"https:\/\/accesolatino.org\/en\/se-salvo-de-la-deportacion-y-ahora-es-dueno-de-un-taller-mecanico-en-estados-unidos\/orgullo-latino\/\" \/>\n<meta property=\"og:locale\" content=\"en_US\" \/>\n<meta property=\"og:type\" content=\"article\" \/>\n<meta property=\"og:title\" content=\"Se salv\u00f3 de la deportaci\u00f3n y ahora es due\u00f1o de un taller mec\u00e1nico en EUA\" \/>\n<meta property=\"og:description\" content=\"Su primer trabajo en la Uni\u00f3n Americana fue empacando tortillas y a los dos meses, ir\u00f3nicamente, lo encontr\u00f3 ICE, recuerda con humor.\" \/>\n<meta property=\"og:url\" content=\"https:\/\/accesolatino.org\/en\/se-salvo-de-la-deportacion-y-ahora-es-dueno-de-un-taller-mecanico-en-estados-unidos\/orgullo-latino\/\" \/>\n<meta property=\"og:site_name\" content=\"Acceso Latino\" \/>\n<meta property=\"article:publisher\" content=\"https:\/\/www.facebook.com\/AccesoLatinoOrg\" \/>\n<meta property=\"article:published_time\" content=\"2018-09-18T14:23:52+00:00\" \/>\n<meta property=\"article:modified_time\" content=\"2025-10-27T18:34:03+00:00\" \/>\n<meta property=\"og:image\" content=\"https:\/\/accesolatino.org\/wp-content\/uploads\/2018\/09\/Se-salvo-de-la-deportacion-y-ahora-es-dueno-de-un-taller-mecanico-en-Estados-Unidos.jpg\" \/>\n\t<meta property=\"og:image:width\" content=\"600\" \/>\n\t<meta property=\"og:image:height\" content=\"338\" \/>\n\t<meta property=\"og:image:type\" content=\"image\/jpeg\" \/>\n<meta name=\"author\" content=\"Noticias\" \/>\n<meta name=\"twitter:card\" content=\"summary_large_image\" \/>\n<meta name=\"twitter:creator\" content=\"@FAccLatino\" \/>\n<meta name=\"twitter:site\" content=\"@FAccLatino\" \/>\n<meta name=\"twitter:label1\" content=\"Written by\" \/>\n\t<meta name=\"twitter:data1\" content=\"Noticias\" \/>\n\t<meta name=\"twitter:label2\" content=\"Est. reading time\" \/>\n\t<meta name=\"twitter:data2\" content=\"3 minutes\" \/>\n<script type=\"application\/ld+json\" class=\"yoast-schema-graph\">{\"@context\":\"https:\\\/\\\/schema.org\",\"@graph\":[{\"@type\":\"Article\",\"@id\":\"https:\\\/\\\/accesolatino.org\\\/se-salvo-de-la-deportacion-y-ahora-es-dueno-de-un-taller-mecanico-en-estados-unidos\\\/orgullo-latino\\\/#article\",\"isPartOf\":{\"@id\":\"https:\\\/\\\/accesolatino.org\\\/se-salvo-de-la-deportacion-y-ahora-es-dueno-de-un-taller-mecanico-en-estados-unidos\\\/orgullo-latino\\\/\"},\"author\":{\"name\":\"Noticias\",\"@id\":\"https:\\\/\\\/accesolatino.org\\\/#\\\/schema\\\/person\\\/57bc3bfd2c357610a5255490ca4cd305\"},\"headline\":\"Se salv\u00f3 de la deportaci\u00f3n y ahora es due\u00f1o de un taller mec\u00e1nico en Estados Unidos\",\"datePublished\":\"2018-09-18T14:23:52+00:00\",\"dateModified\":\"2025-10-27T18:34:03+00:00\",\"mainEntityOfPage\":{\"@id\":\"https:\\\/\\\/accesolatino.org\\\/se-salvo-de-la-deportacion-y-ahora-es-dueno-de-un-taller-mecanico-en-estados-unidos\\\/orgullo-latino\\\/\"},\"wordCount\":600,\"commentCount\":0,\"publisher\":{\"@id\":\"https:\\\/\\\/accesolatino.org\\\/#organization\"},\"image\":{\"@id\":\"https:\\\/\\\/accesolatino.org\\\/se-salvo-de-la-deportacion-y-ahora-es-dueno-de-un-taller-mecanico-en-estados-unidos\\\/orgullo-latino\\\/#primaryimage\"},\"thumbnailUrl\":\"https:\\\/\\\/accesolatino.org\\\/wp-content\\\/uploads\\\/2018\\\/09\\\/Se-salvo-de-la-deportacion-y-ahora-es-dueno-de-un-taller-mecanico-en-Estados-Unidos.jpg\",\"articleSection\":[\"Orgullo Latino\"],\"inLanguage\":\"en-US\",\"potentialAction\":[{\"@type\":\"CommentAction\",\"name\":\"Comment\",\"target\":[\"https:\\\/\\\/accesolatino.org\\\/se-salvo-de-la-deportacion-y-ahora-es-dueno-de-un-taller-mecanico-en-estados-unidos\\\/orgullo-latino\\\/#respond\"]}]},{\"@type\":\"WebPage\",\"@id\":\"https:\\\/\\\/accesolatino.org\\\/se-salvo-de-la-deportacion-y-ahora-es-dueno-de-un-taller-mecanico-en-estados-unidos\\\/orgullo-latino\\\/\",\"url\":\"https:\\\/\\\/accesolatino.org\\\/se-salvo-de-la-deportacion-y-ahora-es-dueno-de-un-taller-mecanico-en-estados-unidos\\\/orgullo-latino\\\/\",\"name\":\"Se salv\u00f3 de la deportaci\u00f3n y ahora es due\u00f1o de un taller mec\u00e1nico en EUA\",\"isPartOf\":{\"@id\":\"https:\\\/\\\/accesolatino.org\\\/#website\"},\"primaryImageOfPage\":{\"@id\":\"https:\\\/\\\/accesolatino.org\\\/se-salvo-de-la-deportacion-y-ahora-es-dueno-de-un-taller-mecanico-en-estados-unidos\\\/orgullo-latino\\\/#primaryimage\"},\"image\":{\"@id\":\"https:\\\/\\\/accesolatino.org\\\/se-salvo-de-la-deportacion-y-ahora-es-dueno-de-un-taller-mecanico-en-estados-unidos\\\/orgullo-latino\\\/#primaryimage\"},\"thumbnailUrl\":\"https:\\\/\\\/accesolatino.org\\\/wp-content\\\/uploads\\\/2018\\\/09\\\/Se-salvo-de-la-deportacion-y-ahora-es-dueno-de-un-taller-mecanico-en-Estados-Unidos.jpg\",\"datePublished\":\"2018-09-18T14:23:52+00:00\",\"dateModified\":\"2025-10-27T18:34:03+00:00\",\"description\":\"Su primer trabajo en la Uni\u00f3n Americana fue empacando tortillas y a los dos meses, ir\u00f3nicamente, lo encontr\u00f3 ICE, recuerda con humor.\",\"breadcrumb\":{\"@id\":\"https:\\\/\\\/accesolatino.org\\\/se-salvo-de-la-deportacion-y-ahora-es-dueno-de-un-taller-mecanico-en-estados-unidos\\\/orgullo-latino\\\/#breadcrumb\"},\"inLanguage\":\"en-US\",\"potentialAction\":[{\"@type\":\"ReadAction\",\"target\":[\"https:\\\/\\\/accesolatino.org\\\/se-salvo-de-la-deportacion-y-ahora-es-dueno-de-un-taller-mecanico-en-estados-unidos\\\/orgullo-latino\\\/\"]}]},{\"@type\":\"ImageObject\",\"inLanguage\":\"en-US\",\"@id\":\"https:\\\/\\\/accesolatino.org\\\/se-salvo-de-la-deportacion-y-ahora-es-dueno-de-un-taller-mecanico-en-estados-unidos\\\/orgullo-latino\\\/#primaryimage\",\"url\":\"https:\\\/\\\/accesolatino.org\\\/wp-content\\\/uploads\\\/2018\\\/09\\\/Se-salvo-de-la-deportacion-y-ahora-es-dueno-de-un-taller-mecanico-en-Estados-Unidos.jpg\",\"contentUrl\":\"https:\\\/\\\/accesolatino.org\\\/wp-content\\\/uploads\\\/2018\\\/09\\\/Se-salvo-de-la-deportacion-y-ahora-es-dueno-de-un-taller-mecanico-en-Estados-Unidos.jpg\",\"width\":600,\"height\":338,\"caption\":\"Se salv\u00f3 de la deportaci\u00f3n y ahora es due\u00f1o de un taller mec\u00e1nico en Estados Unidos\"},{\"@type\":\"BreadcrumbList\",\"@id\":\"https:\\\/\\\/accesolatino.org\\\/se-salvo-de-la-deportacion-y-ahora-es-dueno-de-un-taller-mecanico-en-estados-unidos\\\/orgullo-latino\\\/#breadcrumb\",\"itemListElement\":[{\"@type\":\"ListItem\",\"position\":1,\"name\":\"Portada\",\"item\":\"https:\\\/\\\/accesolatino.org\\\/\"},{\"@type\":\"ListItem\",\"position\":2,\"name\":\"Orgullo Latino\",\"item\":\"https:\\\/\\\/accesolatino.org\\\/category\\\/orgullo-latino\\\/\"},{\"@type\":\"ListItem\",\"position\":3,\"name\":\"Se salv\u00f3 de la deportaci\u00f3n y ahora es due\u00f1o de un taller mec\u00e1nico en Estados Unidos\"}]},{\"@type\":\"WebSite\",\"@id\":\"https:\\\/\\\/accesolatino.org\\\/#website\",\"url\":\"https:\\\/\\\/accesolatino.org\\\/\",\"name\":\"Acceso Latino | Fundaci\u00f3n Carlos Slim\",\"description\":\"Fundaci\u00f3n Carlos Slim\",\"publisher\":{\"@id\":\"https:\\\/\\\/accesolatino.org\\\/#organization\"},\"potentialAction\":[{\"@type\":\"SearchAction\",\"target\":{\"@type\":\"EntryPoint\",\"urlTemplate\":\"https:\\\/\\\/accesolatino.org\\\/?s={search_term_string}\"},\"query-input\":{\"@type\":\"PropertyValueSpecification\",\"valueRequired\":true,\"valueName\":\"search_term_string\"}}],\"inLanguage\":\"en-US\"},{\"@type\":\"Organization\",\"@id\":\"https:\\\/\\\/accesolatino.org\\\/#organization\",\"name\":\"Acceso Latino | Fundaci\u00f3n Carlos Slim\",\"url\":\"https:\\\/\\\/accesolatino.org\\\/\",\"logo\":{\"@type\":\"ImageObject\",\"inLanguage\":\"en-US\",\"@id\":\"https:\\\/\\\/accesolatino.org\\\/#\\\/schema\\\/logo\\\/image\\\/\",\"url\":\"https:\\\/\\\/accesolatino.org\\\/wp-content\\\/uploads\\\/2021\\\/02\\\/logo-footer-acceso-latino.png\",\"contentUrl\":\"https:\\\/\\\/accesolatino.org\\\/wp-content\\\/uploads\\\/2021\\\/02\\\/logo-footer-acceso-latino.png\",\"width\":240,\"height\":40,\"caption\":\"Acceso Latino | Fundaci\u00f3n Carlos Slim\"},\"image\":{\"@id\":\"https:\\\/\\\/accesolatino.org\\\/#\\\/schema\\\/logo\\\/image\\\/\"},\"sameAs\":[\"https:\\\/\\\/www.facebook.com\\\/AccesoLatinoOrg\",\"https:\\\/\\\/x.com\\\/FAccLatino\"]},{\"@type\":\"Person\",\"@id\":\"https:\\\/\\\/accesolatino.org\\\/#\\\/schema\\\/person\\\/57bc3bfd2c357610a5255490ca4cd305\",\"name\":\"Noticias\"}]}<\/script>\n<!-- \/ Yoast SEO plugin. -->","yoast_head_json":{"title":"Se salv\u00f3 de la deportaci\u00f3n y ahora es due\u00f1o de un taller mec\u00e1nico en EUA","description":"Su primer trabajo en la Uni\u00f3n Americana fue empacando tortillas y a los dos meses, ir\u00f3nicamente, lo encontr\u00f3 ICE, recuerda con humor.","robots":{"index":"index","follow":"follow","max-snippet":"max-snippet:-1","max-image-preview":"max-image-preview:large","max-video-preview":"max-video-preview:-1"},"canonical":"https:\/\/accesolatino.org\/en\/se-salvo-de-la-deportacion-y-ahora-es-dueno-de-un-taller-mecanico-en-estados-unidos\/orgullo-latino\/","og_locale":"en_US","og_type":"article","og_title":"Se salv\u00f3 de la deportaci\u00f3n y ahora es due\u00f1o de un taller mec\u00e1nico en EUA","og_description":"Su primer trabajo en la Uni\u00f3n Americana fue empacando tortillas y a los dos meses, ir\u00f3nicamente, lo encontr\u00f3 ICE, recuerda con humor.","og_url":"https:\/\/accesolatino.org\/en\/se-salvo-de-la-deportacion-y-ahora-es-dueno-de-un-taller-mecanico-en-estados-unidos\/orgullo-latino\/","og_site_name":"Acceso Latino","article_publisher":"https:\/\/www.facebook.com\/AccesoLatinoOrg","article_published_time":"2018-09-18T14:23:52+00:00","article_modified_time":"2025-10-27T18:34:03+00:00","og_image":[{"width":600,"height":338,"url":"https:\/\/accesolatino.org\/wp-content\/uploads\/2018\/09\/Se-salvo-de-la-deportacion-y-ahora-es-dueno-de-un-taller-mecanico-en-Estados-Unidos.jpg","type":"image\/jpeg"}],"author":"Noticias","twitter_card":"summary_large_image","twitter_creator":"@FAccLatino","twitter_site":"@FAccLatino","twitter_misc":{"Written by":"Noticias","Est. reading time":"3 minutes"},"schema":{"@context":"https:\/\/schema.org","@graph":[{"@type":"Article","@id":"https:\/\/accesolatino.org\/se-salvo-de-la-deportacion-y-ahora-es-dueno-de-un-taller-mecanico-en-estados-unidos\/orgullo-latino\/#article","isPartOf":{"@id":"https:\/\/accesolatino.org\/se-salvo-de-la-deportacion-y-ahora-es-dueno-de-un-taller-mecanico-en-estados-unidos\/orgullo-latino\/"},"author":{"name":"Noticias","@id":"https:\/\/accesolatino.org\/#\/schema\/person\/57bc3bfd2c357610a5255490ca4cd305"},"headline":"Se salv\u00f3 de la deportaci\u00f3n y ahora es due\u00f1o de un taller mec\u00e1nico en Estados Unidos","datePublished":"2018-09-18T14:23:52+00:00","dateModified":"2025-10-27T18:34:03+00:00","mainEntityOfPage":{"@id":"https:\/\/accesolatino.org\/se-salvo-de-la-deportacion-y-ahora-es-dueno-de-un-taller-mecanico-en-estados-unidos\/orgullo-latino\/"},"wordCount":600,"commentCount":0,"publisher":{"@id":"https:\/\/accesolatino.org\/#organization"},"image":{"@id":"https:\/\/accesolatino.org\/se-salvo-de-la-deportacion-y-ahora-es-dueno-de-un-taller-mecanico-en-estados-unidos\/orgullo-latino\/#primaryimage"},"thumbnailUrl":"https:\/\/accesolatino.org\/wp-content\/uploads\/2018\/09\/Se-salvo-de-la-deportacion-y-ahora-es-dueno-de-un-taller-mecanico-en-Estados-Unidos.jpg","articleSection":["Orgullo Latino"],"inLanguage":"en-US","potentialAction":[{"@type":"CommentAction","name":"Comment","target":["https:\/\/accesolatino.org\/se-salvo-de-la-deportacion-y-ahora-es-dueno-de-un-taller-mecanico-en-estados-unidos\/orgullo-latino\/#respond"]}]},{"@type":"WebPage","@id":"https:\/\/accesolatino.org\/se-salvo-de-la-deportacion-y-ahora-es-dueno-de-un-taller-mecanico-en-estados-unidos\/orgullo-latino\/","url":"https:\/\/accesolatino.org\/se-salvo-de-la-deportacion-y-ahora-es-dueno-de-un-taller-mecanico-en-estados-unidos\/orgullo-latino\/","name":"Se salv\u00f3 de la deportaci\u00f3n y ahora es due\u00f1o de un taller mec\u00e1nico en EUA","isPartOf":{"@id":"https:\/\/accesolatino.org\/#website"},"primaryImageOfPage":{"@id":"https:\/\/accesolatino.org\/se-salvo-de-la-deportacion-y-ahora-es-dueno-de-un-taller-mecanico-en-estados-unidos\/orgullo-latino\/#primaryimage"},"image":{"@id":"https:\/\/accesolatino.org\/se-salvo-de-la-deportacion-y-ahora-es-dueno-de-un-taller-mecanico-en-estados-unidos\/orgullo-latino\/#primaryimage"},"thumbnailUrl":"https:\/\/accesolatino.org\/wp-content\/uploads\/2018\/09\/Se-salvo-de-la-deportacion-y-ahora-es-dueno-de-un-taller-mecanico-en-Estados-Unidos.jpg","datePublished":"2018-09-18T14:23:52+00:00","dateModified":"2025-10-27T18:34:03+00:00","description":"Su primer trabajo en la Uni\u00f3n Americana fue empacando tortillas y a los dos meses, ir\u00f3nicamente, lo encontr\u00f3 ICE, recuerda con humor.","breadcrumb":{"@id":"https:\/\/accesolatino.org\/se-salvo-de-la-deportacion-y-ahora-es-dueno-de-un-taller-mecanico-en-estados-unidos\/orgullo-latino\/#breadcrumb"},"inLanguage":"en-US","potentialAction":[{"@type":"ReadAction","target":["https:\/\/accesolatino.org\/se-salvo-de-la-deportacion-y-ahora-es-dueno-de-un-taller-mecanico-en-estados-unidos\/orgullo-latino\/"]}]},{"@type":"ImageObject","inLanguage":"en-US","@id":"https:\/\/accesolatino.org\/se-salvo-de-la-deportacion-y-ahora-es-dueno-de-un-taller-mecanico-en-estados-unidos\/orgullo-latino\/#primaryimage","url":"https:\/\/accesolatino.org\/wp-content\/uploads\/2018\/09\/Se-salvo-de-la-deportacion-y-ahora-es-dueno-de-un-taller-mecanico-en-Estados-Unidos.jpg","contentUrl":"https:\/\/accesolatino.org\/wp-content\/uploads\/2018\/09\/Se-salvo-de-la-deportacion-y-ahora-es-dueno-de-un-taller-mecanico-en-Estados-Unidos.jpg","width":600,"height":338,"caption":"Se salv\u00f3 de la deportaci\u00f3n y ahora es due\u00f1o de un taller mec\u00e1nico en Estados Unidos"},{"@type":"BreadcrumbList","@id":"https:\/\/accesolatino.org\/se-salvo-de-la-deportacion-y-ahora-es-dueno-de-un-taller-mecanico-en-estados-unidos\/orgullo-latino\/#breadcrumb","itemListElement":[{"@type":"ListItem","position":1,"name":"Portada","item":"https:\/\/accesolatino.org\/"},{"@type":"ListItem","position":2,"name":"Orgullo Latino","item":"https:\/\/accesolatino.org\/category\/orgullo-latino\/"},{"@type":"ListItem","position":3,"name":"Se salv\u00f3 de la deportaci\u00f3n y ahora es due\u00f1o de un taller mec\u00e1nico en Estados Unidos"}]},{"@type":"WebSite","@id":"https:\/\/accesolatino.org\/#website","url":"https:\/\/accesolatino.org\/","name":"Acceso Latino | Fundaci\u00f3n Carlos Slim","description":"Fundaci\u00f3n Carlos Slim","publisher":{"@id":"https:\/\/accesolatino.org\/#organization"},"potentialAction":[{"@type":"SearchAction","target":{"@type":"EntryPoint","urlTemplate":"https:\/\/accesolatino.org\/?s={search_term_string}"},"query-input":{"@type":"PropertyValueSpecification","valueRequired":true,"valueName":"search_term_string"}}],"inLanguage":"en-US"},{"@type":"Organization","@id":"https:\/\/accesolatino.org\/#organization","name":"Acceso Latino | Fundaci\u00f3n Carlos Slim","url":"https:\/\/accesolatino.org\/","logo":{"@type":"ImageObject","inLanguage":"en-US","@id":"https:\/\/accesolatino.org\/#\/schema\/logo\/image\/","url":"https:\/\/accesolatino.org\/wp-content\/uploads\/2021\/02\/logo-footer-acceso-latino.png","contentUrl":"https:\/\/accesolatino.org\/wp-content\/uploads\/2021\/02\/logo-footer-acceso-latino.png","width":240,"height":40,"caption":"Acceso Latino | Fundaci\u00f3n Carlos Slim"},"image":{"@id":"https:\/\/accesolatino.org\/#\/schema\/logo\/image\/"},"sameAs":["https:\/\/www.facebook.com\/AccesoLatinoOrg","https:\/\/x.com\/FAccLatino"]},{"@type":"Person","@id":"https:\/\/accesolatino.org\/#\/schema\/person\/57bc3bfd2c357610a5255490ca4cd305","name":"News"}]}},"_links":{"self":[{"href":"https:\/\/accesolatino.org\/en\/wp-json\/wp\/v2\/posts\/14814","targetHints":{"allow":["GET"]}}],"collection":[{"href":"https:\/\/accesolatino.org\/en\/wp-json\/wp\/v2\/posts"}],"about":[{"href":"https:\/\/accesolatino.org\/en\/wp-json\/wp\/v2\/types\/post"}],"author":[{"embeddable":true,"href":"https:\/\/accesolatino.org\/en\/wp-json\/wp\/v2\/users\/13"}],"replies":[{"embeddable":true,"href":"https:\/\/accesolatino.org\/en\/wp-json\/wp\/v2\/comments?post=14814"}],"version-history":[{"count":1,"href":"https:\/\/accesolatino.org\/en\/wp-json\/wp\/v2\/posts\/14814\/revisions"}],"predecessor-version":[{"id":66577,"href":"https:\/\/accesolatino.org\/en\/wp-json\/wp\/v2\/posts\/14814\/revisions\/66577"}],"wp:featuredmedia":[{"embeddable":true,"href":"https:\/\/accesolatino.org\/en\/wp-json\/wp\/v2\/media\/14815"}],"wp:attachment":[{"href":"https:\/\/accesolatino.org\/en\/wp-json\/wp\/v2\/media?parent=14814"}],"wp:term":[{"taxonomy":"category","embeddable":true,"href":"https:\/\/accesolatino.org\/en\/wp-json\/wp\/v2\/categories?post=14814"},{"taxonomy":"post_tag","embeddable":true,"href":"https:\/\/accesolatino.org\/en\/wp-json\/wp\/v2\/tags?post=14814"}],"curies":[{"name":"wp","href":"https:\/\/api.w.org\/{rel}","templated":true}]}}