{"id":14688,"date":"2018-09-03T11:37:50","date_gmt":"2018-09-03T16:37:50","guid":{"rendered":"https:\/\/accesolatino.org\/?p=14688"},"modified":"2025-10-27T12:40:55","modified_gmt":"2025-10-27T18:40:55","slug":"daca-sigue-vigente","status":"publish","type":"post","link":"https:\/\/accesolatino.org\/en\/daca-sigue-vigente\/noticias\/","title":{"rendered":"Daca sigue vigente"},"content":{"rendered":"<div data-elementor-type=\"wp-post\" data-elementor-id=\"14688\" class=\"elementor elementor-14688 elementor-bc-flex-widget\">\n\t\t\t\t\t\t<section class=\"elementor-section elementor-top-section elementor-element elementor-element-369f77a elementor-section-boxed elementor-section-height-default elementor-section-height-default wpr-particle-no wpr-jarallax-no wpr-parallax-no wpr-sticky-section-no wpr-equal-height-no\" data-id=\"369f77a\" data-element_type=\"section\" data-e-type=\"section\">\n\t\t\t\t\t\t<div class=\"elementor-container elementor-column-gap-default\">\n\t\t\t\t\t<div class=\"elementor-column elementor-col-100 elementor-top-column elementor-element elementor-element-8ef62e2\" data-id=\"8ef62e2\" data-element_type=\"column\" data-e-type=\"column\">\n\t\t\t<div class=\"elementor-widget-wrap elementor-element-populated\">\n\t\t\t\t\t\t<div class=\"elementor-element elementor-element-f218d38 elementor-widget elementor-widget-text-editor\" data-id=\"f218d38\" data-element_type=\"widget\" data-e-type=\"widget\" data-widget_type=\"text-editor.default\">\n\t\t\t\t<div class=\"elementor-widget-container\">\n\t\t\t\t\t\t\t\t\t<p>Actualmente el programa de <strong>Acci\u00f3n Diferida para los Llegados en la Infancia (DACA<\/strong>, por sus siglas en ingl\u00e9s) se mantiene, por lo que todav\u00eda <strong>protege de la deportaci\u00f3n<\/strong> a cerca de <strong>700,000 dreamers<\/strong>, afirm\u00f3 Andrew Hanen, juez federal de Houston, Texas.<\/p><p>El mandatario federal neg\u00f3 la petici\u00f3n de diez estados encabezados por Texas, quienes exigieron la ilegalidad del programa con base en la pol\u00edtica migratoria del expresidente Barack Obama.<\/p><p>Hanen sugiri\u00f3 que es la Corte Suprema quien debe determinar la legalidad y constitucionalidad del programa.<\/p><p>El 5 de septiembre de 2017, el fiscal general Jeff Sessions anunci\u00f3 la cancelaci\u00f3n del DACA, que ampara temporalmente de la deportaci\u00f3n a j\u00f3venes que entraron al pa\u00eds antes de cumplir 16 a\u00f1os y se les conoce como dreamers. Tambi\u00e9n les concede un permiso de trabajo que se renovaba cada dos a\u00f1os.<\/p><p>Todos los beneficiaros<strong> DACA<\/strong> al igual que los dem\u00e1s migrantes que viven en Estados Unidos y busquen tramitar su <strong>ciudadan\u00eda permanente<\/strong>, en <strong>Acceso Latino<\/strong> les brindamos la <strong><a href=\"https:\/\/ciudadanizate.accesolatino.org\/#video3\">herramienta en l\u00ednea totalmente gratuita<\/a><\/strong>, en espa\u00f1ol e ingl\u00e9s, para prepararte y obtener tu ciudadan\u00eda. Te decimos si eres candidato a la naturalizaci\u00f3n, te mostramos c\u00f3mo hacer el llenado del formato N400, te preparamos para el examen de civismo y la entrevista adem\u00e1s de darte consejos y testimonios de usuarios.<\/p>\t\t\t\t\t\t\t\t<\/div>\n\t\t\t\t<\/div>\n\t\t\t\t\t<\/div>\n\t\t<\/div>\n\t\t\t\t\t<\/div>\n\t\t<\/section>\n\t\t\t\t<\/div>","protected":false},"excerpt":{"rendered":"<p>Actualmente el programa de Acci\u00f3n Diferida para los Llegados en la Infancia (DACA, por sus siglas en ingl\u00e9s) se mantiene, por lo que todav\u00eda protege de la deportaci\u00f3n a cerca de 700,000 dreamers, afirm\u00f3 Andrew Hanen, juez federal de Houston, Texas. El mandatario federal neg\u00f3 la petici\u00f3n de diez estados encabezados por Texas, quienes exigieron la ilegalidad del programa con base en la pol\u00edtica migratoria del expresidente Barack Obama. Hanen sugiri\u00f3 que es la Corte Suprema quien debe determinar la legalidad y constitucionalidad del programa. El 5 de septiembre de 2017, el fiscal general Jeff Sessions anunci\u00f3 la cancelaci\u00f3n del DACA, que ampara temporalmente de la deportaci\u00f3n a j\u00f3venes que entraron al pa\u00eds antes de cumplir 16 a\u00f1os y se les conoce como dreamers. Tambi\u00e9n les concede un permiso de trabajo que se renovaba cada dos a\u00f1os. Todos los beneficiaros DACA al igual que los dem\u00e1s migrantes que viven en Estados Unidos y busquen tramitar su ciudadan\u00eda permanente, en Acceso Latino les brindamos la herramienta en l\u00ednea totalmente gratuita, en espa\u00f1ol e ingl\u00e9s, para prepararte y obtener tu ciudadan\u00eda. Te decimos si eres candidato a la naturalizaci\u00f3n, te mostramos c\u00f3mo hacer el llenado del formato N400, te preparamos para el examen de civismo y la entrevista adem\u00e1s de darte consejos y testimonios de usuarios.<\/p>","protected":false},"author":1,"featured_media":14689,"comment_status":"open","ping_status":"open","sticky":false,"template":"elementor_header_footer","format":"standard","meta":{"_uf_show_specific_survey":0,"_uf_disable_surveys":false,"footnotes":""},"categories":[10,1],"tags":[],"class_list":["post-14688","post","type-post","status-publish","format-standard","has-post-thumbnail","hentry","category-noticias","category-temas-de-interes"],"aioseo_notices":[],"yoast_head":"<!-- This site is optimized with the Yoast SEO plugin v27.5 - https:\/\/yoast.com\/product\/yoast-seo-wordpress\/ -->\n<title>Daca sigue vigente<\/title>\n<meta name=\"description\" content=\"Actualmente el programa de DACA se mantiene, por lo que todav\u00eda protege de la deportaci\u00f3n a cerca de 700,000 dreamers\" \/>\n<meta name=\"robots\" content=\"index, follow, max-snippet:-1, max-image-preview:large, max-video-preview:-1\" \/>\n<link rel=\"canonical\" href=\"https:\/\/accesolatino.org\/en\/daca-sigue-vigente\/noticias\/\" \/>\n<meta property=\"og:locale\" content=\"en_US\" \/>\n<meta property=\"og:type\" content=\"article\" \/>\n<meta property=\"og:title\" content=\"Daca sigue vigente\" \/>\n<meta property=\"og:description\" content=\"Actualmente el programa de DACA se mantiene, por lo que todav\u00eda protege de la deportaci\u00f3n a cerca de 700,000 dreamers\" \/>\n<meta property=\"og:url\" content=\"https:\/\/accesolatino.org\/en\/daca-sigue-vigente\/noticias\/\" \/>\n<meta property=\"og:site_name\" content=\"Acceso Latino\" \/>\n<meta property=\"article:publisher\" content=\"https:\/\/www.facebook.com\/AccesoLatinoOrg\" \/>\n<meta property=\"article:published_time\" content=\"2018-09-03T16:37:50+00:00\" \/>\n<meta property=\"article:modified_time\" content=\"2025-10-27T18:40:55+00:00\" \/>\n<meta property=\"og:image\" content=\"https:\/\/accesolatino.org\/wp-content\/uploads\/2018\/09\/Daca-sigue-vigente.jpg\" \/>\n\t<meta property=\"og:image:width\" content=\"600\" \/>\n\t<meta property=\"og:image:height\" content=\"338\" \/>\n\t<meta property=\"og:image:type\" content=\"image\/jpeg\" \/>\n<meta name=\"author\" content=\"admin\" \/>\n<meta name=\"twitter:card\" content=\"summary_large_image\" \/>\n<meta name=\"twitter:creator\" content=\"@FAccLatino\" \/>\n<meta name=\"twitter:site\" content=\"@FAccLatino\" \/>\n<meta name=\"twitter:label1\" content=\"Written by\" \/>\n\t<meta name=\"twitter:data1\" content=\"admin\" \/>\n\t<meta name=\"twitter:label2\" content=\"Est. reading time\" \/>\n\t<meta name=\"twitter:data2\" content=\"2 minutes\" \/>\n<script type=\"application\/ld+json\" class=\"yoast-schema-graph\">{\"@context\":\"https:\\\/\\\/schema.org\",\"@graph\":[{\"@type\":\"Article\",\"@id\":\"https:\\\/\\\/accesolatino.org\\\/daca-sigue-vigente\\\/noticias\\\/#article\",\"isPartOf\":{\"@id\":\"https:\\\/\\\/accesolatino.org\\\/daca-sigue-vigente\\\/noticias\\\/\"},\"author\":{\"name\":\"admin\",\"@id\":\"https:\\\/\\\/accesolatino.org\\\/#\\\/schema\\\/person\\\/10763acf0565833da11d915ac8549efd\"},\"headline\":\"Daca sigue vigente\",\"datePublished\":\"2018-09-03T16:37:50+00:00\",\"dateModified\":\"2025-10-27T18:40:55+00:00\",\"mainEntityOfPage\":{\"@id\":\"https:\\\/\\\/accesolatino.org\\\/daca-sigue-vigente\\\/noticias\\\/\"},\"wordCount\":235,\"commentCount\":0,\"publisher\":{\"@id\":\"https:\\\/\\\/accesolatino.org\\\/#organization\"},\"image\":{\"@id\":\"https:\\\/\\\/accesolatino.org\\\/daca-sigue-vigente\\\/noticias\\\/#primaryimage\"},\"thumbnailUrl\":\"https:\\\/\\\/accesolatino.org\\\/wp-content\\\/uploads\\\/2018\\\/09\\\/Daca-sigue-vigente.jpg\",\"articleSection\":[\"Noticias\",\"Temas de inter\u00e9s\"],\"inLanguage\":\"en-US\",\"potentialAction\":[{\"@type\":\"CommentAction\",\"name\":\"Comment\",\"target\":[\"https:\\\/\\\/accesolatino.org\\\/daca-sigue-vigente\\\/noticias\\\/#respond\"]}]},{\"@type\":\"WebPage\",\"@id\":\"https:\\\/\\\/accesolatino.org\\\/daca-sigue-vigente\\\/noticias\\\/\",\"url\":\"https:\\\/\\\/accesolatino.org\\\/daca-sigue-vigente\\\/noticias\\\/\",\"name\":\"Daca sigue vigente\",\"isPartOf\":{\"@id\":\"https:\\\/\\\/accesolatino.org\\\/#website\"},\"primaryImageOfPage\":{\"@id\":\"https:\\\/\\\/accesolatino.org\\\/daca-sigue-vigente\\\/noticias\\\/#primaryimage\"},\"image\":{\"@id\":\"https:\\\/\\\/accesolatino.org\\\/daca-sigue-vigente\\\/noticias\\\/#primaryimage\"},\"thumbnailUrl\":\"https:\\\/\\\/accesolatino.org\\\/wp-content\\\/uploads\\\/2018\\\/09\\\/Daca-sigue-vigente.jpg\",\"datePublished\":\"2018-09-03T16:37:50+00:00\",\"dateModified\":\"2025-10-27T18:40:55+00:00\",\"description\":\"Actualmente el programa de DACA se mantiene, por lo que todav\u00eda protege de la deportaci\u00f3n a cerca de 700,000 dreamers\",\"breadcrumb\":{\"@id\":\"https:\\\/\\\/accesolatino.org\\\/daca-sigue-vigente\\\/noticias\\\/#breadcrumb\"},\"inLanguage\":\"en-US\",\"potentialAction\":[{\"@type\":\"ReadAction\",\"target\":[\"https:\\\/\\\/accesolatino.org\\\/daca-sigue-vigente\\\/noticias\\\/\"]}]},{\"@type\":\"ImageObject\",\"inLanguage\":\"en-US\",\"@id\":\"https:\\\/\\\/accesolatino.org\\\/daca-sigue-vigente\\\/noticias\\\/#primaryimage\",\"url\":\"https:\\\/\\\/accesolatino.org\\\/wp-content\\\/uploads\\\/2018\\\/09\\\/Daca-sigue-vigente.jpg\",\"contentUrl\":\"https:\\\/\\\/accesolatino.org\\\/wp-content\\\/uploads\\\/2018\\\/09\\\/Daca-sigue-vigente.jpg\",\"width\":600,\"height\":338,\"caption\":\"Daca sigue vigente\"},{\"@type\":\"BreadcrumbList\",\"@id\":\"https:\\\/\\\/accesolatino.org\\\/daca-sigue-vigente\\\/noticias\\\/#breadcrumb\",\"itemListElement\":[{\"@type\":\"ListItem\",\"position\":1,\"name\":\"Portada\",\"item\":\"https:\\\/\\\/accesolatino.org\\\/\"},{\"@type\":\"ListItem\",\"position\":2,\"name\":\"Noticias\",\"item\":\"https:\\\/\\\/accesolatino.org\\\/category\\\/noticias\\\/\"},{\"@type\":\"ListItem\",\"position\":3,\"name\":\"Daca sigue vigente\"}]},{\"@type\":\"WebSite\",\"@id\":\"https:\\\/\\\/accesolatino.org\\\/#website\",\"url\":\"https:\\\/\\\/accesolatino.org\\\/\",\"name\":\"Acceso Latino | Fundaci\u00f3n Carlos Slim\",\"description\":\"Fundaci\u00f3n Carlos Slim\",\"publisher\":{\"@id\":\"https:\\\/\\\/accesolatino.org\\\/#organization\"},\"potentialAction\":[{\"@type\":\"SearchAction\",\"target\":{\"@type\":\"EntryPoint\",\"urlTemplate\":\"https:\\\/\\\/accesolatino.org\\\/?s={search_term_string}\"},\"query-input\":{\"@type\":\"PropertyValueSpecification\",\"valueRequired\":true,\"valueName\":\"search_term_string\"}}],\"inLanguage\":\"en-US\"},{\"@type\":\"Organization\",\"@id\":\"https:\\\/\\\/accesolatino.org\\\/#organization\",\"name\":\"Acceso Latino | Fundaci\u00f3n Carlos Slim\",\"url\":\"https:\\\/\\\/accesolatino.org\\\/\",\"logo\":{\"@type\":\"ImageObject\",\"inLanguage\":\"en-US\",\"@id\":\"https:\\\/\\\/accesolatino.org\\\/#\\\/schema\\\/logo\\\/image\\\/\",\"url\":\"https:\\\/\\\/accesolatino.org\\\/wp-content\\\/uploads\\\/2021\\\/02\\\/logo-footer-acceso-latino.png\",\"contentUrl\":\"https:\\\/\\\/accesolatino.org\\\/wp-content\\\/uploads\\\/2021\\\/02\\\/logo-footer-acceso-latino.png\",\"width\":240,\"height\":40,\"caption\":\"Acceso Latino | Fundaci\u00f3n Carlos Slim\"},\"image\":{\"@id\":\"https:\\\/\\\/accesolatino.org\\\/#\\\/schema\\\/logo\\\/image\\\/\"},\"sameAs\":[\"https:\\\/\\\/www.facebook.com\\\/AccesoLatinoOrg\",\"https:\\\/\\\/x.com\\\/FAccLatino\"]},{\"@type\":\"Person\",\"@id\":\"https:\\\/\\\/accesolatino.org\\\/#\\\/schema\\\/person\\\/10763acf0565833da11d915ac8549efd\",\"name\":\"admin\"}]}<\/script>\n<!-- \/ Yoast SEO plugin. -->","yoast_head_json":{"title":"Daca sigue vigente","description":"Actualmente el programa de DACA se mantiene, por lo que todav\u00eda protege de la deportaci\u00f3n a cerca de 700,000 dreamers","robots":{"index":"index","follow":"follow","max-snippet":"max-snippet:-1","max-image-preview":"max-image-preview:large","max-video-preview":"max-video-preview:-1"},"canonical":"https:\/\/accesolatino.org\/en\/daca-sigue-vigente\/noticias\/","og_locale":"en_US","og_type":"article","og_title":"Daca sigue vigente","og_description":"Actualmente el programa de DACA se mantiene, por lo que todav\u00eda protege de la deportaci\u00f3n a cerca de 700,000 dreamers","og_url":"https:\/\/accesolatino.org\/en\/daca-sigue-vigente\/noticias\/","og_site_name":"Acceso Latino","article_publisher":"https:\/\/www.facebook.com\/AccesoLatinoOrg","article_published_time":"2018-09-03T16:37:50+00:00","article_modified_time":"2025-10-27T18:40:55+00:00","og_image":[{"width":600,"height":338,"url":"https:\/\/accesolatino.org\/wp-content\/uploads\/2018\/09\/Daca-sigue-vigente.jpg","type":"image\/jpeg"}],"author":"admin","twitter_card":"summary_large_image","twitter_creator":"@FAccLatino","twitter_site":"@FAccLatino","twitter_misc":{"Written by":"admin","Est. reading time":"2 minutes"},"schema":{"@context":"https:\/\/schema.org","@graph":[{"@type":"Article","@id":"https:\/\/accesolatino.org\/daca-sigue-vigente\/noticias\/#article","isPartOf":{"@id":"https:\/\/accesolatino.org\/daca-sigue-vigente\/noticias\/"},"author":{"name":"admin","@id":"https:\/\/accesolatino.org\/#\/schema\/person\/10763acf0565833da11d915ac8549efd"},"headline":"Daca sigue vigente","datePublished":"2018-09-03T16:37:50+00:00","dateModified":"2025-10-27T18:40:55+00:00","mainEntityOfPage":{"@id":"https:\/\/accesolatino.org\/daca-sigue-vigente\/noticias\/"},"wordCount":235,"commentCount":0,"publisher":{"@id":"https:\/\/accesolatino.org\/#organization"},"image":{"@id":"https:\/\/accesolatino.org\/daca-sigue-vigente\/noticias\/#primaryimage"},"thumbnailUrl":"https:\/\/accesolatino.org\/wp-content\/uploads\/2018\/09\/Daca-sigue-vigente.jpg","articleSection":["Noticias","Temas de inter\u00e9s"],"inLanguage":"en-US","potentialAction":[{"@type":"CommentAction","name":"Comment","target":["https:\/\/accesolatino.org\/daca-sigue-vigente\/noticias\/#respond"]}]},{"@type":"WebPage","@id":"https:\/\/accesolatino.org\/daca-sigue-vigente\/noticias\/","url":"https:\/\/accesolatino.org\/daca-sigue-vigente\/noticias\/","name":"Daca sigue vigente","isPartOf":{"@id":"https:\/\/accesolatino.org\/#website"},"primaryImageOfPage":{"@id":"https:\/\/accesolatino.org\/daca-sigue-vigente\/noticias\/#primaryimage"},"image":{"@id":"https:\/\/accesolatino.org\/daca-sigue-vigente\/noticias\/#primaryimage"},"thumbnailUrl":"https:\/\/accesolatino.org\/wp-content\/uploads\/2018\/09\/Daca-sigue-vigente.jpg","datePublished":"2018-09-03T16:37:50+00:00","dateModified":"2025-10-27T18:40:55+00:00","description":"Actualmente el programa de DACA se mantiene, por lo que todav\u00eda protege de la deportaci\u00f3n a cerca de 700,000 dreamers","breadcrumb":{"@id":"https:\/\/accesolatino.org\/daca-sigue-vigente\/noticias\/#breadcrumb"},"inLanguage":"en-US","potentialAction":[{"@type":"ReadAction","target":["https:\/\/accesolatino.org\/daca-sigue-vigente\/noticias\/"]}]},{"@type":"ImageObject","inLanguage":"en-US","@id":"https:\/\/accesolatino.org\/daca-sigue-vigente\/noticias\/#primaryimage","url":"https:\/\/accesolatino.org\/wp-content\/uploads\/2018\/09\/Daca-sigue-vigente.jpg","contentUrl":"https:\/\/accesolatino.org\/wp-content\/uploads\/2018\/09\/Daca-sigue-vigente.jpg","width":600,"height":338,"caption":"Daca sigue vigente"},{"@type":"BreadcrumbList","@id":"https:\/\/accesolatino.org\/daca-sigue-vigente\/noticias\/#breadcrumb","itemListElement":[{"@type":"ListItem","position":1,"name":"Portada","item":"https:\/\/accesolatino.org\/"},{"@type":"ListItem","position":2,"name":"Noticias","item":"https:\/\/accesolatino.org\/category\/noticias\/"},{"@type":"ListItem","position":3,"name":"Daca sigue vigente"}]},{"@type":"WebSite","@id":"https:\/\/accesolatino.org\/#website","url":"https:\/\/accesolatino.org\/","name":"Acceso Latino | Fundaci\u00f3n Carlos Slim","description":"Fundaci\u00f3n Carlos Slim","publisher":{"@id":"https:\/\/accesolatino.org\/#organization"},"potentialAction":[{"@type":"SearchAction","target":{"@type":"EntryPoint","urlTemplate":"https:\/\/accesolatino.org\/?s={search_term_string}"},"query-input":{"@type":"PropertyValueSpecification","valueRequired":true,"valueName":"search_term_string"}}],"inLanguage":"en-US"},{"@type":"Organization","@id":"https:\/\/accesolatino.org\/#organization","name":"Acceso Latino | Fundaci\u00f3n Carlos Slim","url":"https:\/\/accesolatino.org\/","logo":{"@type":"ImageObject","inLanguage":"en-US","@id":"https:\/\/accesolatino.org\/#\/schema\/logo\/image\/","url":"https:\/\/accesolatino.org\/wp-content\/uploads\/2021\/02\/logo-footer-acceso-latino.png","contentUrl":"https:\/\/accesolatino.org\/wp-content\/uploads\/2021\/02\/logo-footer-acceso-latino.png","width":240,"height":40,"caption":"Acceso Latino | Fundaci\u00f3n Carlos Slim"},"image":{"@id":"https:\/\/accesolatino.org\/#\/schema\/logo\/image\/"},"sameAs":["https:\/\/www.facebook.com\/AccesoLatinoOrg","https:\/\/x.com\/FAccLatino"]},{"@type":"Person","@id":"https:\/\/accesolatino.org\/#\/schema\/person\/10763acf0565833da11d915ac8549efd","name":"admin"}]}},"_links":{"self":[{"href":"https:\/\/accesolatino.org\/en\/wp-json\/wp\/v2\/posts\/14688","targetHints":{"allow":["GET"]}}],"collection":[{"href":"https:\/\/accesolatino.org\/en\/wp-json\/wp\/v2\/posts"}],"about":[{"href":"https:\/\/accesolatino.org\/en\/wp-json\/wp\/v2\/types\/post"}],"author":[{"embeddable":true,"href":"https:\/\/accesolatino.org\/en\/wp-json\/wp\/v2\/users\/1"}],"replies":[{"embeddable":true,"href":"https:\/\/accesolatino.org\/en\/wp-json\/wp\/v2\/comments?post=14688"}],"version-history":[{"count":1,"href":"https:\/\/accesolatino.org\/en\/wp-json\/wp\/v2\/posts\/14688\/revisions"}],"predecessor-version":[{"id":66592,"href":"https:\/\/accesolatino.org\/en\/wp-json\/wp\/v2\/posts\/14688\/revisions\/66592"}],"wp:featuredmedia":[{"embeddable":true,"href":"https:\/\/accesolatino.org\/en\/wp-json\/wp\/v2\/media\/14689"}],"wp:attachment":[{"href":"https:\/\/accesolatino.org\/en\/wp-json\/wp\/v2\/media?parent=14688"}],"wp:term":[{"taxonomy":"category","embeddable":true,"href":"https:\/\/accesolatino.org\/en\/wp-json\/wp\/v2\/categories?post=14688"},{"taxonomy":"post_tag","embeddable":true,"href":"https:\/\/accesolatino.org\/en\/wp-json\/wp\/v2\/tags?post=14688"}],"curies":[{"name":"wp","href":"https:\/\/api.w.org\/{rel}","templated":true}]}}