{"id":14624,"date":"2018-08-27T12:33:46","date_gmt":"2018-08-27T17:33:46","guid":{"rendered":"https:\/\/accesolatino.org\/?p=14624"},"modified":"2025-11-13T21:53:50","modified_gmt":"2025-11-14T03:53:50","slug":"hoy-despues-de-tanto-esfuerzo-sayda-ayala-lidera-una-empresa-de-transporte","status":"publish","type":"post","link":"https:\/\/accesolatino.org\/en\/hoy-despues-de-tanto-esfuerzo-sayda-ayala-lidera-una-empresa-de-transporte\/orgullo-latino\/","title":{"rendered":"Hoy, despu\u00e9s de tanto esfuerzo, Sayda Ayala lidera una empresa de transporte"},"content":{"rendered":"<div data-elementor-type=\"wp-post\" data-elementor-id=\"14624\" class=\"elementor elementor-14624 elementor-bc-flex-widget\">\n\t\t\t\t\t\t<section class=\"elementor-section elementor-top-section elementor-element elementor-element-369f77a elementor-section-boxed elementor-section-height-default elementor-section-height-default wpr-particle-no wpr-jarallax-no wpr-parallax-no wpr-sticky-section-no wpr-equal-height-no\" data-id=\"369f77a\" data-element_type=\"section\" data-e-type=\"section\">\n\t\t\t\t\t\t<div class=\"elementor-container elementor-column-gap-default\">\n\t\t\t\t\t<div class=\"elementor-column elementor-col-100 elementor-top-column elementor-element elementor-element-8ef62e2\" data-id=\"8ef62e2\" data-element_type=\"column\" data-e-type=\"column\">\n\t\t\t<div class=\"elementor-widget-wrap elementor-element-populated\">\n\t\t\t\t\t\t<div class=\"elementor-element elementor-element-f218d38 elementor-widget elementor-widget-text-editor\" data-id=\"f218d38\" data-element_type=\"widget\" data-e-type=\"widget\" data-widget_type=\"text-editor.default\">\n\t\t\t\t<div class=\"elementor-widget-container\">\n\t\t\t\t\t\t\t\t\t<p>The <strong>hondure\u00f1a Sayda Ayala<\/strong>, quien ingres\u00f3 como <strong>menor no acompa\u00f1ada<\/strong> a <strong>United States<\/strong>, hoy se convierte en ejemplo de emprendimiento en ese pa\u00eds.<\/p><p>Originaria de Campamento, Olancho, suroeste de Honduras, Ayala ingres\u00f3 como menor no acompa\u00f1ada en 2003. Sus padres y hermanos ya viv\u00edan en Estados Unidos desde el a\u00f1o 2000. Ellos salieron despu\u00e9s del mortal hurac\u00e1n Mitch que golpe\u00f3 duramente a Honduras.<\/p><p>Sayda empez\u00f3 a ir a la escuela, pero tambi\u00e9n siendo menor comenz\u00f3 a ganarse la vida cuidando los ni\u00f1os de una vecina. \u201cTambi\u00e9n preparaba las tortas que mis pap\u00e1s llevaban a vender a la f\u00e1brica donde trabajaban, y despu\u00e9s trabaj\u00e9 en una pizzeria\u201d, record\u00f3.<\/p><p>En 2015 obtuvo el beneficio del programa de la Acci\u00f3n <strong>Diferida para los Llegados en la Infancia (DACA)<\/strong>.<\/p><p>Ayala fue la \u00faltima de cinco hermanos en llegar a Estados Unidos. M\u00e1s tarde entr\u00f3 al Colegio Comunitario a estudiar criminolog\u00eda, pero a los 20 a\u00f1os se embaraz\u00f3 de su hijo Caleb, que ahora tiene 6 a\u00f1os de edad, y tuvo que interrumpir sus estudios.<\/p><p>\u201cEmpec\u00e9 a interesarme en las ventas cuando consegu\u00ed un empleo de medio tiempo como secretaria con un \u201cdealer\u201d de camiones de carga\u201d.<\/p><p>Se\u00f1al\u00f3 que ella no se conformaba con hacer el trabajo secretarial, sino que se met\u00eda al taller y al platicar con los mec\u00e1nicos fue conociendo de las piezas de los camiones de carga.<\/p><p>\u201cUn d\u00eda que no estaban mis jefes, lleg\u00f3 un se\u00f1or a comprar un cami\u00f3n de carga y yo se lo vend\u00ed. En la quincena me lleg\u00f3 un cheque extra, y empez\u00f3 a gustarme\u201d.<\/p><p>Por ese tiempo, se separ\u00f3 del padre de su hijo y este le dej\u00f3 un cami\u00f3n de carga como parte del acuerdo de separaci\u00f3n.<\/p><p>\u201cYo estaba decidida a venderlo (hasta que) alguien me recomend\u00f3 que no lo hiciera y mejor lo pusiera a trabajar. Segu\u00ed el consejo. Me empez\u00f3 a ir bien y compr\u00e9 otro cami\u00f3n de carga que puse a trabajar. En tres meses ya ten\u00eda tres camiones de carga\u201d.<\/p><p>Y como estaba muy ocupada atendiendo sus camiones, dej\u00f3 el trabajo. Aunque no por mucho tiempo. Otro \u201cdealer\u201d la llam\u00f3 para que los ayudara a vender. \u201cMe ofreci\u00f3 cuatro veces m\u00e1s de lo que me daban en el primer negocio\u201d, expuso.<\/p><p>Tras formar una alianza con un socio y posteriormente disolver la misma, qued\u00f3 a cargo del negocio que hoy lidera con \u00e9xito.<\/p><p>Todos los latinos que busquen mejorar su calidad de vida en Estados Unidos y en pa\u00edses Latinoamericanos, en <strong>Acceso Latino<\/strong> encontrar\u00e1n varios <strong><a href=\"https:\/\/accesolatino.org\/en\/buscas-empleo\/\">cursos de capacitaci\u00f3n gratuitos en materia de transporte<\/a><\/strong>, tales como: mec\u00e1nico automotriz, mec\u00e1nico de bicicletas, conductor de transporte p\u00fablico, conductor de transporte ejecutivo, operaci\u00f3n de flotas eficientes entre otros. Debes acceder a la secci\u00f3n <strong><a href=\"https:\/\/accesolatino.org\/en\/buscas-empleo\/\">\u201cBuscas empleo\u201d<\/a><\/strong> y utilizar las herramientas que tenemos para ti para lograr tus sue\u00f1os como Sayda Ayala.<\/p>\t\t\t\t\t\t\t\t<\/div>\n\t\t\t\t<\/div>\n\t\t\t\t\t<\/div>\n\t\t<\/div>\n\t\t\t\t\t<\/div>\n\t\t<\/section>\n\t\t\t\t<\/div>","protected":false},"excerpt":{"rendered":"<p>Mandatarios de Guatemala inauguraron un centro de servicio de impresi\u00f3n y entrega de pasaportes en el consulado de Los \u00c1ngeles, California, con el objetivo de agilizar la atenci\u00f3n a los guatemaltecos que residen en ese pa\u00eds. El gobierno guatemalteco inform\u00f3 que la entrega de pasaportes tardaba dos semanas, pero ahora se espera reducir ese tiempo a no m\u00e1s de dos horas. Con el nuevo centro se beneficiar\u00e1 a m\u00e1s de 1.2 millones de connacionales en California. La canciller de Guatemala reiter\u00f3 el compromiso que tienen el Gobierno y los funcionarios de los consulados para apoyar y servir a la comunidad guatemalteca en el exterior. En el marco del mencionado convenio se contempla instalar otros dos centros de emisi\u00f3n de pasaportes en territorio estadounidense, los cuales abrir\u00e1n sus puertas este martes en las ciudades de Lake Worth, Florida; y Providence, Rhode Island. Y asegur\u00f3 que el objetivo es que en los 19 consulados de Guatemala en Estados Unidos, se puedan emitir las cartillas. As\u00ed como nuestros hermanos guatemaltecos, los migrantes mexicanos podr\u00e1n encontrar en la secci\u00f3n \u201cTus Documentos\u201d c\u00f3mo tramitar copia de su acta de nacimiento en l\u00ednea, as\u00ed como su CURP.<\/p>","protected":false},"author":13,"featured_media":14625,"comment_status":"open","ping_status":"open","sticky":false,"template":"","format":"standard","meta":{"_uf_show_specific_survey":0,"_uf_disable_surveys":false,"footnotes":""},"categories":[9],"tags":[],"class_list":["post-14624","post","type-post","status-publish","format-standard","has-post-thumbnail","hentry","category-orgullo-latino"],"aioseo_notices":[],"yoast_head":"<!-- This site is optimized with the Yoast SEO plugin v27.5 - https:\/\/yoast.com\/product\/yoast-seo-wordpress\/ -->\n<title>Hoy, despu\u00e9s de tanto esfuerzo, Sayda Ayala lidera una empresa de transporte<\/title>\n<meta name=\"description\" content=\"La hondure\u00f1a Sayda Ayala, quien ingres\u00f3 como menor no acompa\u00f1ada a Estados Unidos, hoy se convierte en ejemplo de emprendimiento en ese pa\u00eds.\" \/>\n<meta name=\"robots\" content=\"index, follow, max-snippet:-1, max-image-preview:large, max-video-preview:-1\" \/>\n<link rel=\"canonical\" href=\"https:\/\/accesolatino.org\/en\/hoy-despues-de-tanto-esfuerzo-sayda-ayala-lidera-una-empresa-de-transporte\/orgullo-latino\/\" \/>\n<meta property=\"og:locale\" content=\"en_US\" \/>\n<meta property=\"og:type\" content=\"article\" \/>\n<meta property=\"og:title\" content=\"Hoy, despu\u00e9s de tanto esfuerzo, Sayda Ayala lidera una empresa de transporte\" \/>\n<meta property=\"og:description\" content=\"La hondure\u00f1a Sayda Ayala, quien ingres\u00f3 como menor no acompa\u00f1ada a Estados Unidos, hoy se convierte en ejemplo de emprendimiento en ese pa\u00eds.\" \/>\n<meta property=\"og:url\" content=\"https:\/\/accesolatino.org\/en\/hoy-despues-de-tanto-esfuerzo-sayda-ayala-lidera-una-empresa-de-transporte\/orgullo-latino\/\" \/>\n<meta property=\"og:site_name\" content=\"Acceso Latino\" \/>\n<meta property=\"article:publisher\" content=\"https:\/\/www.facebook.com\/AccesoLatinoOrg\" \/>\n<meta property=\"article:published_time\" content=\"2018-08-27T17:33:46+00:00\" \/>\n<meta property=\"article:modified_time\" content=\"2025-11-14T03:53:50+00:00\" \/>\n<meta property=\"og:image\" content=\"https:\/\/accesolatino.org\/wp-content\/uploads\/2018\/08\/Hoy-despues-de-tanto-esfuerzo-Sayda-Ayala-lidera-una-empresa-de-transporte.jpg\" \/>\n\t<meta property=\"og:image:width\" content=\"600\" \/>\n\t<meta property=\"og:image:height\" content=\"338\" \/>\n\t<meta property=\"og:image:type\" content=\"image\/jpeg\" \/>\n<meta name=\"author\" content=\"Noticias\" \/>\n<meta name=\"twitter:card\" content=\"summary_large_image\" \/>\n<meta name=\"twitter:creator\" content=\"@FAccLatino\" \/>\n<meta name=\"twitter:site\" content=\"@FAccLatino\" \/>\n<meta name=\"twitter:label1\" content=\"Written by\" \/>\n\t<meta name=\"twitter:data1\" content=\"Noticias\" \/>\n\t<meta name=\"twitter:label2\" content=\"Est. reading time\" \/>\n\t<meta name=\"twitter:data2\" content=\"2 minutes\" \/>\n<script type=\"application\/ld+json\" class=\"yoast-schema-graph\">{\"@context\":\"https:\\\/\\\/schema.org\",\"@graph\":[{\"@type\":\"Article\",\"@id\":\"https:\\\/\\\/accesolatino.org\\\/hoy-despues-de-tanto-esfuerzo-sayda-ayala-lidera-una-empresa-de-transporte\\\/orgullo-latino\\\/#article\",\"isPartOf\":{\"@id\":\"https:\\\/\\\/accesolatino.org\\\/hoy-despues-de-tanto-esfuerzo-sayda-ayala-lidera-una-empresa-de-transporte\\\/orgullo-latino\\\/\"},\"author\":{\"name\":\"Noticias\",\"@id\":\"https:\\\/\\\/accesolatino.org\\\/#\\\/schema\\\/person\\\/57bc3bfd2c357610a5255490ca4cd305\"},\"headline\":\"Hoy, despu\u00e9s de tanto esfuerzo, Sayda Ayala lidera una empresa de transporte\",\"datePublished\":\"2018-08-27T17:33:46+00:00\",\"dateModified\":\"2025-11-14T03:53:50+00:00\",\"mainEntityOfPage\":{\"@id\":\"https:\\\/\\\/accesolatino.org\\\/hoy-despues-de-tanto-esfuerzo-sayda-ayala-lidera-una-empresa-de-transporte\\\/orgullo-latino\\\/\"},\"wordCount\":213,\"commentCount\":0,\"publisher\":{\"@id\":\"https:\\\/\\\/accesolatino.org\\\/#organization\"},\"image\":{\"@id\":\"https:\\\/\\\/accesolatino.org\\\/hoy-despues-de-tanto-esfuerzo-sayda-ayala-lidera-una-empresa-de-transporte\\\/orgullo-latino\\\/#primaryimage\"},\"thumbnailUrl\":\"https:\\\/\\\/accesolatino.org\\\/wp-content\\\/uploads\\\/2018\\\/08\\\/Hoy-despues-de-tanto-esfuerzo-Sayda-Ayala-lidera-una-empresa-de-transporte.jpg\",\"articleSection\":[\"Orgullo Latino\"],\"inLanguage\":\"en-US\",\"potentialAction\":[{\"@type\":\"CommentAction\",\"name\":\"Comment\",\"target\":[\"https:\\\/\\\/accesolatino.org\\\/hoy-despues-de-tanto-esfuerzo-sayda-ayala-lidera-una-empresa-de-transporte\\\/orgullo-latino\\\/#respond\"]}]},{\"@type\":\"WebPage\",\"@id\":\"https:\\\/\\\/accesolatino.org\\\/hoy-despues-de-tanto-esfuerzo-sayda-ayala-lidera-una-empresa-de-transporte\\\/orgullo-latino\\\/\",\"url\":\"https:\\\/\\\/accesolatino.org\\\/hoy-despues-de-tanto-esfuerzo-sayda-ayala-lidera-una-empresa-de-transporte\\\/orgullo-latino\\\/\",\"name\":\"Hoy, despu\u00e9s de tanto esfuerzo, Sayda Ayala lidera una empresa de transporte\",\"isPartOf\":{\"@id\":\"https:\\\/\\\/accesolatino.org\\\/#website\"},\"primaryImageOfPage\":{\"@id\":\"https:\\\/\\\/accesolatino.org\\\/hoy-despues-de-tanto-esfuerzo-sayda-ayala-lidera-una-empresa-de-transporte\\\/orgullo-latino\\\/#primaryimage\"},\"image\":{\"@id\":\"https:\\\/\\\/accesolatino.org\\\/hoy-despues-de-tanto-esfuerzo-sayda-ayala-lidera-una-empresa-de-transporte\\\/orgullo-latino\\\/#primaryimage\"},\"thumbnailUrl\":\"https:\\\/\\\/accesolatino.org\\\/wp-content\\\/uploads\\\/2018\\\/08\\\/Hoy-despues-de-tanto-esfuerzo-Sayda-Ayala-lidera-una-empresa-de-transporte.jpg\",\"datePublished\":\"2018-08-27T17:33:46+00:00\",\"dateModified\":\"2025-11-14T03:53:50+00:00\",\"description\":\"La hondure\u00f1a Sayda Ayala, quien ingres\u00f3 como menor no acompa\u00f1ada a Estados Unidos, hoy se convierte en ejemplo de emprendimiento en ese pa\u00eds.\",\"breadcrumb\":{\"@id\":\"https:\\\/\\\/accesolatino.org\\\/hoy-despues-de-tanto-esfuerzo-sayda-ayala-lidera-una-empresa-de-transporte\\\/orgullo-latino\\\/#breadcrumb\"},\"inLanguage\":\"en-US\",\"potentialAction\":[{\"@type\":\"ReadAction\",\"target\":[\"https:\\\/\\\/accesolatino.org\\\/hoy-despues-de-tanto-esfuerzo-sayda-ayala-lidera-una-empresa-de-transporte\\\/orgullo-latino\\\/\"]}]},{\"@type\":\"ImageObject\",\"inLanguage\":\"en-US\",\"@id\":\"https:\\\/\\\/accesolatino.org\\\/hoy-despues-de-tanto-esfuerzo-sayda-ayala-lidera-una-empresa-de-transporte\\\/orgullo-latino\\\/#primaryimage\",\"url\":\"https:\\\/\\\/accesolatino.org\\\/wp-content\\\/uploads\\\/2018\\\/08\\\/Hoy-despues-de-tanto-esfuerzo-Sayda-Ayala-lidera-una-empresa-de-transporte.jpg\",\"contentUrl\":\"https:\\\/\\\/accesolatino.org\\\/wp-content\\\/uploads\\\/2018\\\/08\\\/Hoy-despues-de-tanto-esfuerzo-Sayda-Ayala-lidera-una-empresa-de-transporte.jpg\",\"width\":600,\"height\":338,\"caption\":\"Hoy, despu\u00e9s de tanto esfuerzo, Sayda Ayala lidera una empresa de transporte\"},{\"@type\":\"BreadcrumbList\",\"@id\":\"https:\\\/\\\/accesolatino.org\\\/hoy-despues-de-tanto-esfuerzo-sayda-ayala-lidera-una-empresa-de-transporte\\\/orgullo-latino\\\/#breadcrumb\",\"itemListElement\":[{\"@type\":\"ListItem\",\"position\":1,\"name\":\"Portada\",\"item\":\"https:\\\/\\\/accesolatino.org\\\/\"},{\"@type\":\"ListItem\",\"position\":2,\"name\":\"Orgullo Latino\",\"item\":\"https:\\\/\\\/accesolatino.org\\\/category\\\/orgullo-latino\\\/\"},{\"@type\":\"ListItem\",\"position\":3,\"name\":\"Hoy, despu\u00e9s de tanto esfuerzo, Sayda Ayala lidera una empresa de transporte\"}]},{\"@type\":\"WebSite\",\"@id\":\"https:\\\/\\\/accesolatino.org\\\/#website\",\"url\":\"https:\\\/\\\/accesolatino.org\\\/\",\"name\":\"Acceso Latino | Fundaci\u00f3n Carlos Slim\",\"description\":\"Fundaci\u00f3n Carlos Slim\",\"publisher\":{\"@id\":\"https:\\\/\\\/accesolatino.org\\\/#organization\"},\"potentialAction\":[{\"@type\":\"SearchAction\",\"target\":{\"@type\":\"EntryPoint\",\"urlTemplate\":\"https:\\\/\\\/accesolatino.org\\\/?s={search_term_string}\"},\"query-input\":{\"@type\":\"PropertyValueSpecification\",\"valueRequired\":true,\"valueName\":\"search_term_string\"}}],\"inLanguage\":\"en-US\"},{\"@type\":\"Organization\",\"@id\":\"https:\\\/\\\/accesolatino.org\\\/#organization\",\"name\":\"Acceso Latino | Fundaci\u00f3n Carlos Slim\",\"url\":\"https:\\\/\\\/accesolatino.org\\\/\",\"logo\":{\"@type\":\"ImageObject\",\"inLanguage\":\"en-US\",\"@id\":\"https:\\\/\\\/accesolatino.org\\\/#\\\/schema\\\/logo\\\/image\\\/\",\"url\":\"https:\\\/\\\/accesolatino.org\\\/wp-content\\\/uploads\\\/2021\\\/02\\\/logo-footer-acceso-latino.png\",\"contentUrl\":\"https:\\\/\\\/accesolatino.org\\\/wp-content\\\/uploads\\\/2021\\\/02\\\/logo-footer-acceso-latino.png\",\"width\":240,\"height\":40,\"caption\":\"Acceso Latino | Fundaci\u00f3n Carlos Slim\"},\"image\":{\"@id\":\"https:\\\/\\\/accesolatino.org\\\/#\\\/schema\\\/logo\\\/image\\\/\"},\"sameAs\":[\"https:\\\/\\\/www.facebook.com\\\/AccesoLatinoOrg\",\"https:\\\/\\\/x.com\\\/FAccLatino\"]},{\"@type\":\"Person\",\"@id\":\"https:\\\/\\\/accesolatino.org\\\/#\\\/schema\\\/person\\\/57bc3bfd2c357610a5255490ca4cd305\",\"name\":\"Noticias\"}]}<\/script>\n<!-- \/ Yoast SEO plugin. -->","yoast_head_json":{"title":"Hoy, despu\u00e9s de tanto esfuerzo, Sayda Ayala lidera una empresa de transporte","description":"La hondure\u00f1a Sayda Ayala, quien ingres\u00f3 como menor no acompa\u00f1ada a Estados Unidos, hoy se convierte en ejemplo de emprendimiento en ese pa\u00eds.","robots":{"index":"index","follow":"follow","max-snippet":"max-snippet:-1","max-image-preview":"max-image-preview:large","max-video-preview":"max-video-preview:-1"},"canonical":"https:\/\/accesolatino.org\/en\/hoy-despues-de-tanto-esfuerzo-sayda-ayala-lidera-una-empresa-de-transporte\/orgullo-latino\/","og_locale":"en_US","og_type":"article","og_title":"Hoy, despu\u00e9s de tanto esfuerzo, Sayda Ayala lidera una empresa de transporte","og_description":"La hondure\u00f1a Sayda Ayala, quien ingres\u00f3 como menor no acompa\u00f1ada a Estados Unidos, hoy se convierte en ejemplo de emprendimiento en ese pa\u00eds.","og_url":"https:\/\/accesolatino.org\/en\/hoy-despues-de-tanto-esfuerzo-sayda-ayala-lidera-una-empresa-de-transporte\/orgullo-latino\/","og_site_name":"Acceso Latino","article_publisher":"https:\/\/www.facebook.com\/AccesoLatinoOrg","article_published_time":"2018-08-27T17:33:46+00:00","article_modified_time":"2025-11-14T03:53:50+00:00","og_image":[{"width":600,"height":338,"url":"https:\/\/accesolatino.org\/wp-content\/uploads\/2018\/08\/Hoy-despues-de-tanto-esfuerzo-Sayda-Ayala-lidera-una-empresa-de-transporte.jpg","type":"image\/jpeg"}],"author":"Noticias","twitter_card":"summary_large_image","twitter_creator":"@FAccLatino","twitter_site":"@FAccLatino","twitter_misc":{"Written by":"Noticias","Est. reading time":"2 minutes"},"schema":{"@context":"https:\/\/schema.org","@graph":[{"@type":"Article","@id":"https:\/\/accesolatino.org\/hoy-despues-de-tanto-esfuerzo-sayda-ayala-lidera-una-empresa-de-transporte\/orgullo-latino\/#article","isPartOf":{"@id":"https:\/\/accesolatino.org\/hoy-despues-de-tanto-esfuerzo-sayda-ayala-lidera-una-empresa-de-transporte\/orgullo-latino\/"},"author":{"name":"Noticias","@id":"https:\/\/accesolatino.org\/#\/schema\/person\/57bc3bfd2c357610a5255490ca4cd305"},"headline":"Hoy, despu\u00e9s de tanto esfuerzo, Sayda Ayala lidera una empresa de transporte","datePublished":"2018-08-27T17:33:46+00:00","dateModified":"2025-11-14T03:53:50+00:00","mainEntityOfPage":{"@id":"https:\/\/accesolatino.org\/hoy-despues-de-tanto-esfuerzo-sayda-ayala-lidera-una-empresa-de-transporte\/orgullo-latino\/"},"wordCount":213,"commentCount":0,"publisher":{"@id":"https:\/\/accesolatino.org\/#organization"},"image":{"@id":"https:\/\/accesolatino.org\/hoy-despues-de-tanto-esfuerzo-sayda-ayala-lidera-una-empresa-de-transporte\/orgullo-latino\/#primaryimage"},"thumbnailUrl":"https:\/\/accesolatino.org\/wp-content\/uploads\/2018\/08\/Hoy-despues-de-tanto-esfuerzo-Sayda-Ayala-lidera-una-empresa-de-transporte.jpg","articleSection":["Orgullo Latino"],"inLanguage":"en-US","potentialAction":[{"@type":"CommentAction","name":"Comment","target":["https:\/\/accesolatino.org\/hoy-despues-de-tanto-esfuerzo-sayda-ayala-lidera-una-empresa-de-transporte\/orgullo-latino\/#respond"]}]},{"@type":"WebPage","@id":"https:\/\/accesolatino.org\/hoy-despues-de-tanto-esfuerzo-sayda-ayala-lidera-una-empresa-de-transporte\/orgullo-latino\/","url":"https:\/\/accesolatino.org\/hoy-despues-de-tanto-esfuerzo-sayda-ayala-lidera-una-empresa-de-transporte\/orgullo-latino\/","name":"Hoy, despu\u00e9s de tanto esfuerzo, Sayda Ayala lidera una empresa de transporte","isPartOf":{"@id":"https:\/\/accesolatino.org\/#website"},"primaryImageOfPage":{"@id":"https:\/\/accesolatino.org\/hoy-despues-de-tanto-esfuerzo-sayda-ayala-lidera-una-empresa-de-transporte\/orgullo-latino\/#primaryimage"},"image":{"@id":"https:\/\/accesolatino.org\/hoy-despues-de-tanto-esfuerzo-sayda-ayala-lidera-una-empresa-de-transporte\/orgullo-latino\/#primaryimage"},"thumbnailUrl":"https:\/\/accesolatino.org\/wp-content\/uploads\/2018\/08\/Hoy-despues-de-tanto-esfuerzo-Sayda-Ayala-lidera-una-empresa-de-transporte.jpg","datePublished":"2018-08-27T17:33:46+00:00","dateModified":"2025-11-14T03:53:50+00:00","description":"La hondure\u00f1a Sayda Ayala, quien ingres\u00f3 como menor no acompa\u00f1ada a Estados Unidos, hoy se convierte en ejemplo de emprendimiento en ese pa\u00eds.","breadcrumb":{"@id":"https:\/\/accesolatino.org\/hoy-despues-de-tanto-esfuerzo-sayda-ayala-lidera-una-empresa-de-transporte\/orgullo-latino\/#breadcrumb"},"inLanguage":"en-US","potentialAction":[{"@type":"ReadAction","target":["https:\/\/accesolatino.org\/hoy-despues-de-tanto-esfuerzo-sayda-ayala-lidera-una-empresa-de-transporte\/orgullo-latino\/"]}]},{"@type":"ImageObject","inLanguage":"en-US","@id":"https:\/\/accesolatino.org\/hoy-despues-de-tanto-esfuerzo-sayda-ayala-lidera-una-empresa-de-transporte\/orgullo-latino\/#primaryimage","url":"https:\/\/accesolatino.org\/wp-content\/uploads\/2018\/08\/Hoy-despues-de-tanto-esfuerzo-Sayda-Ayala-lidera-una-empresa-de-transporte.jpg","contentUrl":"https:\/\/accesolatino.org\/wp-content\/uploads\/2018\/08\/Hoy-despues-de-tanto-esfuerzo-Sayda-Ayala-lidera-una-empresa-de-transporte.jpg","width":600,"height":338,"caption":"Hoy, despu\u00e9s de tanto esfuerzo, Sayda Ayala lidera una empresa de transporte"},{"@type":"BreadcrumbList","@id":"https:\/\/accesolatino.org\/hoy-despues-de-tanto-esfuerzo-sayda-ayala-lidera-una-empresa-de-transporte\/orgullo-latino\/#breadcrumb","itemListElement":[{"@type":"ListItem","position":1,"name":"Portada","item":"https:\/\/accesolatino.org\/"},{"@type":"ListItem","position":2,"name":"Orgullo Latino","item":"https:\/\/accesolatino.org\/category\/orgullo-latino\/"},{"@type":"ListItem","position":3,"name":"Hoy, despu\u00e9s de tanto esfuerzo, Sayda Ayala lidera una empresa de transporte"}]},{"@type":"WebSite","@id":"https:\/\/accesolatino.org\/#website","url":"https:\/\/accesolatino.org\/","name":"Acceso Latino | Fundaci\u00f3n Carlos Slim","description":"Fundaci\u00f3n Carlos Slim","publisher":{"@id":"https:\/\/accesolatino.org\/#organization"},"potentialAction":[{"@type":"SearchAction","target":{"@type":"EntryPoint","urlTemplate":"https:\/\/accesolatino.org\/?s={search_term_string}"},"query-input":{"@type":"PropertyValueSpecification","valueRequired":true,"valueName":"search_term_string"}}],"inLanguage":"en-US"},{"@type":"Organization","@id":"https:\/\/accesolatino.org\/#organization","name":"Acceso Latino | Fundaci\u00f3n Carlos Slim","url":"https:\/\/accesolatino.org\/","logo":{"@type":"ImageObject","inLanguage":"en-US","@id":"https:\/\/accesolatino.org\/#\/schema\/logo\/image\/","url":"https:\/\/accesolatino.org\/wp-content\/uploads\/2021\/02\/logo-footer-acceso-latino.png","contentUrl":"https:\/\/accesolatino.org\/wp-content\/uploads\/2021\/02\/logo-footer-acceso-latino.png","width":240,"height":40,"caption":"Acceso Latino | Fundaci\u00f3n Carlos Slim"},"image":{"@id":"https:\/\/accesolatino.org\/#\/schema\/logo\/image\/"},"sameAs":["https:\/\/www.facebook.com\/AccesoLatinoOrg","https:\/\/x.com\/FAccLatino"]},{"@type":"Person","@id":"https:\/\/accesolatino.org\/#\/schema\/person\/57bc3bfd2c357610a5255490ca4cd305","name":"News"}]}},"_links":{"self":[{"href":"https:\/\/accesolatino.org\/en\/wp-json\/wp\/v2\/posts\/14624","targetHints":{"allow":["GET"]}}],"collection":[{"href":"https:\/\/accesolatino.org\/en\/wp-json\/wp\/v2\/posts"}],"about":[{"href":"https:\/\/accesolatino.org\/en\/wp-json\/wp\/v2\/types\/post"}],"author":[{"embeddable":true,"href":"https:\/\/accesolatino.org\/en\/wp-json\/wp\/v2\/users\/13"}],"replies":[{"embeddable":true,"href":"https:\/\/accesolatino.org\/en\/wp-json\/wp\/v2\/comments?post=14624"}],"version-history":[{"count":1,"href":"https:\/\/accesolatino.org\/en\/wp-json\/wp\/v2\/posts\/14624\/revisions"}],"predecessor-version":[{"id":68725,"href":"https:\/\/accesolatino.org\/en\/wp-json\/wp\/v2\/posts\/14624\/revisions\/68725"}],"wp:featuredmedia":[{"embeddable":true,"href":"https:\/\/accesolatino.org\/en\/wp-json\/wp\/v2\/media\/14625"}],"wp:attachment":[{"href":"https:\/\/accesolatino.org\/en\/wp-json\/wp\/v2\/media?parent=14624"}],"wp:term":[{"taxonomy":"category","embeddable":true,"href":"https:\/\/accesolatino.org\/en\/wp-json\/wp\/v2\/categories?post=14624"},{"taxonomy":"post_tag","embeddable":true,"href":"https:\/\/accesolatino.org\/en\/wp-json\/wp\/v2\/tags?post=14624"}],"curies":[{"name":"wp","href":"https:\/\/api.w.org\/{rel}","templated":true}]}}