{"id":14611,"date":"2018-08-24T09:35:36","date_gmt":"2018-08-24T14:35:36","guid":{"rendered":"https:\/\/accesolatino.org\/?p=14611"},"modified":"2025-11-13T21:53:46","modified_gmt":"2025-11-14T03:53:46","slug":"acude-a-la-feria-de-empleo-para-residentes-latinos-de-virginia","status":"publish","type":"post","link":"https:\/\/accesolatino.org\/en\/acude-a-la-feria-de-empleo-para-residentes-latinos-de-virginia\/noticias\/","title":{"rendered":"Acude a la \u201cFeria de empleo\u201d para residentes latinos de Virginia"},"content":{"rendered":"<div data-elementor-type=\"wp-post\" data-elementor-id=\"14611\" class=\"elementor elementor-14611 elementor-bc-flex-widget\">\n\t\t\t\t\t\t<section class=\"elementor-section elementor-top-section elementor-element elementor-element-369f77a elementor-section-boxed elementor-section-height-default elementor-section-height-default wpr-particle-no wpr-jarallax-no wpr-parallax-no wpr-sticky-section-no wpr-equal-height-no\" data-id=\"369f77a\" data-element_type=\"section\" data-e-type=\"section\">\n\t\t\t\t\t\t<div class=\"elementor-container elementor-column-gap-default\">\n\t\t\t\t\t<div class=\"elementor-column elementor-col-100 elementor-top-column elementor-element elementor-element-8ef62e2\" data-id=\"8ef62e2\" data-element_type=\"column\" data-e-type=\"column\">\n\t\t\t<div class=\"elementor-widget-wrap elementor-element-populated\">\n\t\t\t\t\t\t<div class=\"elementor-element elementor-element-f218d38 elementor-widget elementor-widget-text-editor\" data-id=\"f218d38\" data-element_type=\"widget\" data-e-type=\"widget\" data-widget_type=\"text-editor.default\">\n\t\t\t\t<div class=\"elementor-widget-container\">\n\t\t\t\t\t\t\t\t\t<p>Una <strong>feria de empleo<\/strong> que se enfocar\u00e1 en los <strong>sectores minoritarios<\/strong> y en los <strong>veteranos<\/strong> se llevar\u00e1 a cabo en el <strong>Northern Virginia Community College<\/strong> el pr\u00f3ximo <strong>martes 28 de agosto<\/strong>, organizada por la C\u00e1mara de Comercio Hispana del Norte de Virginia (NVHCC, por sus siglas en ingl\u00e9s), en la que participar\u00e1n m\u00e1s de 40 empleadores de la zona.<\/p><p>Los sectores a los que va dirigida esta feria de empleo son las <strong>mujeres, los latinos, los afroamericanos, los asi\u00e1ticos y los veteranos<\/strong>.<\/p><p>El vocero oficial de la organizaci\u00f3n hace \u00e9nfasis en que la mayor oferta laboral va enfocada en la b\u00fasqueda de personal que tenga dominio del idioma ingl\u00e9s y espa\u00f1ol.<\/p><p>\u201cHay mucha seguridad enfocada en los veteranos, universidades, contratistas de gobierno, constructoras, tenemos compa\u00f1\u00edas grandes como ManpowerGroup y Dominion Energy, que est\u00e1n buscando personal biling\u00fce. En el caso del Metro, se buscan dos perfiles biling\u00fces, tanto para la polic\u00eda, as\u00ed como para operaciones de autobuses\u201d, afirm\u00f3 el vocero.<\/p><p>La feria de empleo tambi\u00e9n tendr\u00e1 una secci\u00f3n enfocada en asesorar a las personas que est\u00e9n interesadas en iniciar un negocio. Adem\u00e1s, dar\u00e1n orientaci\u00f3n para los que desean elaborar un buen <em>curriculum<\/em> o sacarle mayor provecho al que ya tienen.<\/p><p>En la actualidad, NVHCC agrupa 125 miembros. \u201cHay ciertos programas para que las minor\u00edas, due\u00f1os de peque\u00f1os negocios puedan hacer contratos con el gobierno federal, ese es otro vac\u00edo que exist\u00eda. La ley federal dice que los contratos entre $5mil y $150 mil deben ser otorgados a peque\u00f1os empresarios dentro de las minor\u00edas raciales o de g\u00e9nero\u201d, asever\u00f3 Mari\u00f1o.<\/p><p>En el lugar del evento se habilit\u00f3 el \u201clote B\u201d para parqueo y las puertas abrir\u00e1n de 10 am a 2 pm.<\/p><p>Northern Virginia Community College<\/p><p>Direcci\u00f3n: 2645 College Dr, Woodbridge VA, 22191<\/p><p>Hora: de 10 am. a 2 pm.<\/p><p>Entrada gratis en Event Brite o en el lugar del evento.<\/p><p>En nuestra herramienta de <a href=\"https:\/\/accesolatino.org\/en\/buscas-empleo\/\"><strong>\u201cEmpleo\u201d<\/strong><\/a> tenemos nuestra secci\u00f3n de <a href=\"https:\/\/accesolatino.org\/en\/buscas-empleo\/encuentra-trabajo-en-los-siguientes-buscadores\/\"><strong>\u201cBolsas de empleo en EU\u201d<\/strong><\/a> donde encontrar\u00e1s diversos buscadores que te ayudar\u00e1n a encontrar un mejor empleo; y para los retornados, tambi\u00e9n se cuenta con <a href=\"https:\/\/accesolatino.org\/en\/buscas-empleo\/encuentra-trabajo-en-los-siguientes-buscadores\/\"><strong>\u201cBolsas de empleo en M\u00e9xico\u201d<\/strong><\/a>.<\/p><p>\u00a0<\/p>\t\t\t\t\t\t\t\t<\/div>\n\t\t\t\t<\/div>\n\t\t\t\t\t<\/div>\n\t\t<\/div>\n\t\t\t\t\t<\/div>\n\t\t<\/section>\n\t\t\t\t<\/div>","protected":false},"excerpt":{"rendered":"<p>Mandatarios de Guatemala inauguraron un centro de servicio de impresi\u00f3n y entrega de pasaportes en el consulado de Los \u00c1ngeles, California, con el objetivo de agilizar la atenci\u00f3n a los guatemaltecos que residen en ese pa\u00eds. El gobierno guatemalteco inform\u00f3 que la entrega de pasaportes tardaba dos semanas, pero ahora se espera reducir ese tiempo a no m\u00e1s de dos horas. Con el nuevo centro se beneficiar\u00e1 a m\u00e1s de 1.2 millones de connacionales en California. La canciller de Guatemala reiter\u00f3 el compromiso que tienen el Gobierno y los funcionarios de los consulados para apoyar y servir a la comunidad guatemalteca en el exterior. En el marco del mencionado convenio se contempla instalar otros dos centros de emisi\u00f3n de pasaportes en territorio estadounidense, los cuales abrir\u00e1n sus puertas este martes en las ciudades de Lake Worth, Florida; y Providence, Rhode Island. Y asegur\u00f3 que el objetivo es que en los 19 consulados de Guatemala en Estados Unidos, se puedan emitir las cartillas. As\u00ed como nuestros hermanos guatemaltecos, los migrantes mexicanos podr\u00e1n encontrar en la secci\u00f3n \u201cTus Documentos\u201d c\u00f3mo tramitar copia de su acta de nacimiento en l\u00ednea, as\u00ed como su CURP.<\/p>","protected":false},"author":1,"featured_media":14612,"comment_status":"open","ping_status":"open","sticky":false,"template":"elementor_header_footer","format":"standard","meta":{"_uf_show_specific_survey":0,"_uf_disable_surveys":false,"footnotes":""},"categories":[10,1],"tags":[],"class_list":["post-14611","post","type-post","status-publish","format-standard","has-post-thumbnail","hentry","category-noticias","category-temas-de-interes"],"aioseo_notices":[],"yoast_head":"<!-- This site is optimized with the Yoast SEO plugin v27.5 - https:\/\/yoast.com\/product\/yoast-seo-wordpress\/ -->\n<title>Acude a la \u201cFeria de empleo\u201d para residentes latinos de Virginia<\/title>\n<meta name=\"description\" content=\"Una feria de empleo que se enfocar\u00e1 en los sectores minoritarios y en los veteranos se llevar\u00e1 a cabo en el NVHCC el pr\u00f3ximo martes 28 de agosto\" \/>\n<meta name=\"robots\" content=\"index, follow, max-snippet:-1, max-image-preview:large, max-video-preview:-1\" \/>\n<link rel=\"canonical\" href=\"https:\/\/accesolatino.org\/en\/acude-a-la-feria-de-empleo-para-residentes-latinos-de-virginia\/temas-de-interes\/\" \/>\n<meta property=\"og:locale\" content=\"en_US\" \/>\n<meta property=\"og:type\" content=\"article\" \/>\n<meta property=\"og:title\" content=\"Acude a la \u201cFeria de empleo\u201d para residentes latinos de Virginia\" \/>\n<meta property=\"og:description\" content=\"Una feria de empleo que se enfocar\u00e1 en los sectores minoritarios y en los veteranos se llevar\u00e1 a cabo en el NVHCC el pr\u00f3ximo martes 28 de agosto\" \/>\n<meta property=\"og:url\" content=\"https:\/\/accesolatino.org\/en\/acude-a-la-feria-de-empleo-para-residentes-latinos-de-virginia\/temas-de-interes\/\" \/>\n<meta property=\"og:site_name\" content=\"Acceso Latino\" \/>\n<meta property=\"article:publisher\" content=\"https:\/\/www.facebook.com\/AccesoLatinoOrg\" \/>\n<meta property=\"article:published_time\" content=\"2018-08-24T14:35:36+00:00\" \/>\n<meta property=\"article:modified_time\" content=\"2025-11-14T03:53:46+00:00\" \/>\n<meta property=\"og:image\" content=\"https:\/\/accesolatino.org\/wp-content\/uploads\/2018\/08\/Acude-a-la-Feria-de-empleo-para-residentes-latinos-de-Virginia.jpg\" \/>\n\t<meta property=\"og:image:width\" content=\"600\" \/>\n\t<meta property=\"og:image:height\" content=\"338\" \/>\n\t<meta property=\"og:image:type\" content=\"image\/jpeg\" \/>\n<meta name=\"author\" content=\"admin\" \/>\n<meta name=\"twitter:card\" content=\"summary_large_image\" \/>\n<meta name=\"twitter:creator\" content=\"@FAccLatino\" \/>\n<meta name=\"twitter:site\" content=\"@FAccLatino\" \/>\n<meta name=\"twitter:label1\" content=\"Written by\" \/>\n\t<meta name=\"twitter:data1\" content=\"admin\" \/>\n\t<meta name=\"twitter:label2\" content=\"Est. reading time\" \/>\n\t<meta name=\"twitter:data2\" content=\"2 minutes\" \/>\n<script type=\"application\/ld+json\" class=\"yoast-schema-graph\">{\"@context\":\"https:\\\/\\\/schema.org\",\"@graph\":[{\"@type\":\"Article\",\"@id\":\"https:\\\/\\\/accesolatino.org\\\/acude-a-la-feria-de-empleo-para-residentes-latinos-de-virginia\\\/temas-de-interes\\\/#article\",\"isPartOf\":{\"@id\":\"https:\\\/\\\/accesolatino.org\\\/acude-a-la-feria-de-empleo-para-residentes-latinos-de-virginia\\\/temas-de-interes\\\/\"},\"author\":{\"name\":\"admin\",\"@id\":\"https:\\\/\\\/accesolatino.org\\\/#\\\/schema\\\/person\\\/10763acf0565833da11d915ac8549efd\"},\"headline\":\"Acude a la \u201cFeria de empleo\u201d para residentes latinos de Virginia\",\"datePublished\":\"2018-08-24T14:35:36+00:00\",\"dateModified\":\"2025-11-14T03:53:46+00:00\",\"mainEntityOfPage\":{\"@id\":\"https:\\\/\\\/accesolatino.org\\\/acude-a-la-feria-de-empleo-para-residentes-latinos-de-virginia\\\/temas-de-interes\\\/\"},\"wordCount\":211,\"commentCount\":0,\"publisher\":{\"@id\":\"https:\\\/\\\/accesolatino.org\\\/#organization\"},\"image\":{\"@id\":\"https:\\\/\\\/accesolatino.org\\\/acude-a-la-feria-de-empleo-para-residentes-latinos-de-virginia\\\/temas-de-interes\\\/#primaryimage\"},\"thumbnailUrl\":\"https:\\\/\\\/accesolatino.org\\\/wp-content\\\/uploads\\\/2018\\\/08\\\/Acude-a-la-Feria-de-empleo-para-residentes-latinos-de-Virginia.jpg\",\"articleSection\":[\"Noticias\",\"Temas de inter\u00e9s\"],\"inLanguage\":\"en-US\",\"potentialAction\":[{\"@type\":\"CommentAction\",\"name\":\"Comment\",\"target\":[\"https:\\\/\\\/accesolatino.org\\\/acude-a-la-feria-de-empleo-para-residentes-latinos-de-virginia\\\/temas-de-interes\\\/#respond\"]}]},{\"@type\":\"WebPage\",\"@id\":\"https:\\\/\\\/accesolatino.org\\\/acude-a-la-feria-de-empleo-para-residentes-latinos-de-virginia\\\/temas-de-interes\\\/\",\"url\":\"https:\\\/\\\/accesolatino.org\\\/acude-a-la-feria-de-empleo-para-residentes-latinos-de-virginia\\\/temas-de-interes\\\/\",\"name\":\"Acude a la \u201cFeria de empleo\u201d para residentes latinos de Virginia\",\"isPartOf\":{\"@id\":\"https:\\\/\\\/accesolatino.org\\\/#website\"},\"primaryImageOfPage\":{\"@id\":\"https:\\\/\\\/accesolatino.org\\\/acude-a-la-feria-de-empleo-para-residentes-latinos-de-virginia\\\/temas-de-interes\\\/#primaryimage\"},\"image\":{\"@id\":\"https:\\\/\\\/accesolatino.org\\\/acude-a-la-feria-de-empleo-para-residentes-latinos-de-virginia\\\/temas-de-interes\\\/#primaryimage\"},\"thumbnailUrl\":\"https:\\\/\\\/accesolatino.org\\\/wp-content\\\/uploads\\\/2018\\\/08\\\/Acude-a-la-Feria-de-empleo-para-residentes-latinos-de-Virginia.jpg\",\"datePublished\":\"2018-08-24T14:35:36+00:00\",\"dateModified\":\"2025-11-14T03:53:46+00:00\",\"description\":\"Una feria de empleo que se enfocar\u00e1 en los sectores minoritarios y en los veteranos se llevar\u00e1 a cabo en el NVHCC el pr\u00f3ximo martes 28 de agosto\",\"breadcrumb\":{\"@id\":\"https:\\\/\\\/accesolatino.org\\\/acude-a-la-feria-de-empleo-para-residentes-latinos-de-virginia\\\/temas-de-interes\\\/#breadcrumb\"},\"inLanguage\":\"en-US\",\"potentialAction\":[{\"@type\":\"ReadAction\",\"target\":[\"https:\\\/\\\/accesolatino.org\\\/acude-a-la-feria-de-empleo-para-residentes-latinos-de-virginia\\\/temas-de-interes\\\/\"]}]},{\"@type\":\"ImageObject\",\"inLanguage\":\"en-US\",\"@id\":\"https:\\\/\\\/accesolatino.org\\\/acude-a-la-feria-de-empleo-para-residentes-latinos-de-virginia\\\/temas-de-interes\\\/#primaryimage\",\"url\":\"https:\\\/\\\/accesolatino.org\\\/wp-content\\\/uploads\\\/2018\\\/08\\\/Acude-a-la-Feria-de-empleo-para-residentes-latinos-de-Virginia.jpg\",\"contentUrl\":\"https:\\\/\\\/accesolatino.org\\\/wp-content\\\/uploads\\\/2018\\\/08\\\/Acude-a-la-Feria-de-empleo-para-residentes-latinos-de-Virginia.jpg\",\"width\":600,\"height\":338,\"caption\":\"Acude a la \u201cFeria de empleo\u201d para residentes latinos de Virginia\"},{\"@type\":\"BreadcrumbList\",\"@id\":\"https:\\\/\\\/accesolatino.org\\\/acude-a-la-feria-de-empleo-para-residentes-latinos-de-virginia\\\/temas-de-interes\\\/#breadcrumb\",\"itemListElement\":[{\"@type\":\"ListItem\",\"position\":1,\"name\":\"Portada\",\"item\":\"https:\\\/\\\/accesolatino.org\\\/\"},{\"@type\":\"ListItem\",\"position\":2,\"name\":\"Noticias\",\"item\":\"https:\\\/\\\/accesolatino.org\\\/category\\\/noticias\\\/\"},{\"@type\":\"ListItem\",\"position\":3,\"name\":\"Acude a la \u201cFeria de empleo\u201d para residentes latinos de Virginia\"}]},{\"@type\":\"WebSite\",\"@id\":\"https:\\\/\\\/accesolatino.org\\\/#website\",\"url\":\"https:\\\/\\\/accesolatino.org\\\/\",\"name\":\"Acceso Latino | Fundaci\u00f3n Carlos Slim\",\"description\":\"Fundaci\u00f3n Carlos Slim\",\"publisher\":{\"@id\":\"https:\\\/\\\/accesolatino.org\\\/#organization\"},\"potentialAction\":[{\"@type\":\"SearchAction\",\"target\":{\"@type\":\"EntryPoint\",\"urlTemplate\":\"https:\\\/\\\/accesolatino.org\\\/?s={search_term_string}\"},\"query-input\":{\"@type\":\"PropertyValueSpecification\",\"valueRequired\":true,\"valueName\":\"search_term_string\"}}],\"inLanguage\":\"en-US\"},{\"@type\":\"Organization\",\"@id\":\"https:\\\/\\\/accesolatino.org\\\/#organization\",\"name\":\"Acceso Latino | Fundaci\u00f3n Carlos Slim\",\"url\":\"https:\\\/\\\/accesolatino.org\\\/\",\"logo\":{\"@type\":\"ImageObject\",\"inLanguage\":\"en-US\",\"@id\":\"https:\\\/\\\/accesolatino.org\\\/#\\\/schema\\\/logo\\\/image\\\/\",\"url\":\"https:\\\/\\\/accesolatino.org\\\/wp-content\\\/uploads\\\/2021\\\/02\\\/logo-footer-acceso-latino.png\",\"contentUrl\":\"https:\\\/\\\/accesolatino.org\\\/wp-content\\\/uploads\\\/2021\\\/02\\\/logo-footer-acceso-latino.png\",\"width\":240,\"height\":40,\"caption\":\"Acceso Latino | Fundaci\u00f3n Carlos Slim\"},\"image\":{\"@id\":\"https:\\\/\\\/accesolatino.org\\\/#\\\/schema\\\/logo\\\/image\\\/\"},\"sameAs\":[\"https:\\\/\\\/www.facebook.com\\\/AccesoLatinoOrg\",\"https:\\\/\\\/x.com\\\/FAccLatino\"]},{\"@type\":\"Person\",\"@id\":\"https:\\\/\\\/accesolatino.org\\\/#\\\/schema\\\/person\\\/10763acf0565833da11d915ac8549efd\",\"name\":\"admin\"}]}<\/script>\n<!-- \/ Yoast SEO plugin. -->","yoast_head_json":{"title":"Acude a la \u201cFeria de empleo\u201d para residentes latinos de Virginia","description":"Una feria de empleo que se enfocar\u00e1 en los sectores minoritarios y en los veteranos se llevar\u00e1 a cabo en el NVHCC el pr\u00f3ximo martes 28 de agosto","robots":{"index":"index","follow":"follow","max-snippet":"max-snippet:-1","max-image-preview":"max-image-preview:large","max-video-preview":"max-video-preview:-1"},"canonical":"https:\/\/accesolatino.org\/en\/acude-a-la-feria-de-empleo-para-residentes-latinos-de-virginia\/temas-de-interes\/","og_locale":"en_US","og_type":"article","og_title":"Acude a la \u201cFeria de empleo\u201d para residentes latinos de Virginia","og_description":"Una feria de empleo que se enfocar\u00e1 en los sectores minoritarios y en los veteranos se llevar\u00e1 a cabo en el NVHCC el pr\u00f3ximo martes 28 de agosto","og_url":"https:\/\/accesolatino.org\/en\/acude-a-la-feria-de-empleo-para-residentes-latinos-de-virginia\/temas-de-interes\/","og_site_name":"Acceso Latino","article_publisher":"https:\/\/www.facebook.com\/AccesoLatinoOrg","article_published_time":"2018-08-24T14:35:36+00:00","article_modified_time":"2025-11-14T03:53:46+00:00","og_image":[{"width":600,"height":338,"url":"https:\/\/accesolatino.org\/wp-content\/uploads\/2018\/08\/Acude-a-la-Feria-de-empleo-para-residentes-latinos-de-Virginia.jpg","type":"image\/jpeg"}],"author":"admin","twitter_card":"summary_large_image","twitter_creator":"@FAccLatino","twitter_site":"@FAccLatino","twitter_misc":{"Written by":"admin","Est. reading time":"2 minutes"},"schema":{"@context":"https:\/\/schema.org","@graph":[{"@type":"Article","@id":"https:\/\/accesolatino.org\/acude-a-la-feria-de-empleo-para-residentes-latinos-de-virginia\/temas-de-interes\/#article","isPartOf":{"@id":"https:\/\/accesolatino.org\/acude-a-la-feria-de-empleo-para-residentes-latinos-de-virginia\/temas-de-interes\/"},"author":{"name":"admin","@id":"https:\/\/accesolatino.org\/#\/schema\/person\/10763acf0565833da11d915ac8549efd"},"headline":"Acude a la \u201cFeria de empleo\u201d para residentes latinos de Virginia","datePublished":"2018-08-24T14:35:36+00:00","dateModified":"2025-11-14T03:53:46+00:00","mainEntityOfPage":{"@id":"https:\/\/accesolatino.org\/acude-a-la-feria-de-empleo-para-residentes-latinos-de-virginia\/temas-de-interes\/"},"wordCount":211,"commentCount":0,"publisher":{"@id":"https:\/\/accesolatino.org\/#organization"},"image":{"@id":"https:\/\/accesolatino.org\/acude-a-la-feria-de-empleo-para-residentes-latinos-de-virginia\/temas-de-interes\/#primaryimage"},"thumbnailUrl":"https:\/\/accesolatino.org\/wp-content\/uploads\/2018\/08\/Acude-a-la-Feria-de-empleo-para-residentes-latinos-de-Virginia.jpg","articleSection":["Noticias","Temas de inter\u00e9s"],"inLanguage":"en-US","potentialAction":[{"@type":"CommentAction","name":"Comment","target":["https:\/\/accesolatino.org\/acude-a-la-feria-de-empleo-para-residentes-latinos-de-virginia\/temas-de-interes\/#respond"]}]},{"@type":"WebPage","@id":"https:\/\/accesolatino.org\/acude-a-la-feria-de-empleo-para-residentes-latinos-de-virginia\/temas-de-interes\/","url":"https:\/\/accesolatino.org\/acude-a-la-feria-de-empleo-para-residentes-latinos-de-virginia\/temas-de-interes\/","name":"Acude a la \u201cFeria de empleo\u201d para residentes latinos de Virginia","isPartOf":{"@id":"https:\/\/accesolatino.org\/#website"},"primaryImageOfPage":{"@id":"https:\/\/accesolatino.org\/acude-a-la-feria-de-empleo-para-residentes-latinos-de-virginia\/temas-de-interes\/#primaryimage"},"image":{"@id":"https:\/\/accesolatino.org\/acude-a-la-feria-de-empleo-para-residentes-latinos-de-virginia\/temas-de-interes\/#primaryimage"},"thumbnailUrl":"https:\/\/accesolatino.org\/wp-content\/uploads\/2018\/08\/Acude-a-la-Feria-de-empleo-para-residentes-latinos-de-Virginia.jpg","datePublished":"2018-08-24T14:35:36+00:00","dateModified":"2025-11-14T03:53:46+00:00","description":"Una feria de empleo que se enfocar\u00e1 en los sectores minoritarios y en los veteranos se llevar\u00e1 a cabo en el NVHCC el pr\u00f3ximo martes 28 de agosto","breadcrumb":{"@id":"https:\/\/accesolatino.org\/acude-a-la-feria-de-empleo-para-residentes-latinos-de-virginia\/temas-de-interes\/#breadcrumb"},"inLanguage":"en-US","potentialAction":[{"@type":"ReadAction","target":["https:\/\/accesolatino.org\/acude-a-la-feria-de-empleo-para-residentes-latinos-de-virginia\/temas-de-interes\/"]}]},{"@type":"ImageObject","inLanguage":"en-US","@id":"https:\/\/accesolatino.org\/acude-a-la-feria-de-empleo-para-residentes-latinos-de-virginia\/temas-de-interes\/#primaryimage","url":"https:\/\/accesolatino.org\/wp-content\/uploads\/2018\/08\/Acude-a-la-Feria-de-empleo-para-residentes-latinos-de-Virginia.jpg","contentUrl":"https:\/\/accesolatino.org\/wp-content\/uploads\/2018\/08\/Acude-a-la-Feria-de-empleo-para-residentes-latinos-de-Virginia.jpg","width":600,"height":338,"caption":"Acude a la \u201cFeria de empleo\u201d para residentes latinos de Virginia"},{"@type":"BreadcrumbList","@id":"https:\/\/accesolatino.org\/acude-a-la-feria-de-empleo-para-residentes-latinos-de-virginia\/temas-de-interes\/#breadcrumb","itemListElement":[{"@type":"ListItem","position":1,"name":"Portada","item":"https:\/\/accesolatino.org\/"},{"@type":"ListItem","position":2,"name":"Noticias","item":"https:\/\/accesolatino.org\/category\/noticias\/"},{"@type":"ListItem","position":3,"name":"Acude a la \u201cFeria de empleo\u201d para residentes latinos de Virginia"}]},{"@type":"WebSite","@id":"https:\/\/accesolatino.org\/#website","url":"https:\/\/accesolatino.org\/","name":"Acceso Latino | Fundaci\u00f3n Carlos Slim","description":"Fundaci\u00f3n Carlos Slim","publisher":{"@id":"https:\/\/accesolatino.org\/#organization"},"potentialAction":[{"@type":"SearchAction","target":{"@type":"EntryPoint","urlTemplate":"https:\/\/accesolatino.org\/?s={search_term_string}"},"query-input":{"@type":"PropertyValueSpecification","valueRequired":true,"valueName":"search_term_string"}}],"inLanguage":"en-US"},{"@type":"Organization","@id":"https:\/\/accesolatino.org\/#organization","name":"Acceso Latino | Fundaci\u00f3n Carlos Slim","url":"https:\/\/accesolatino.org\/","logo":{"@type":"ImageObject","inLanguage":"en-US","@id":"https:\/\/accesolatino.org\/#\/schema\/logo\/image\/","url":"https:\/\/accesolatino.org\/wp-content\/uploads\/2021\/02\/logo-footer-acceso-latino.png","contentUrl":"https:\/\/accesolatino.org\/wp-content\/uploads\/2021\/02\/logo-footer-acceso-latino.png","width":240,"height":40,"caption":"Acceso Latino | Fundaci\u00f3n Carlos Slim"},"image":{"@id":"https:\/\/accesolatino.org\/#\/schema\/logo\/image\/"},"sameAs":["https:\/\/www.facebook.com\/AccesoLatinoOrg","https:\/\/x.com\/FAccLatino"]},{"@type":"Person","@id":"https:\/\/accesolatino.org\/#\/schema\/person\/10763acf0565833da11d915ac8549efd","name":"admin"}]}},"_links":{"self":[{"href":"https:\/\/accesolatino.org\/en\/wp-json\/wp\/v2\/posts\/14611","targetHints":{"allow":["GET"]}}],"collection":[{"href":"https:\/\/accesolatino.org\/en\/wp-json\/wp\/v2\/posts"}],"about":[{"href":"https:\/\/accesolatino.org\/en\/wp-json\/wp\/v2\/types\/post"}],"author":[{"embeddable":true,"href":"https:\/\/accesolatino.org\/en\/wp-json\/wp\/v2\/users\/1"}],"replies":[{"embeddable":true,"href":"https:\/\/accesolatino.org\/en\/wp-json\/wp\/v2\/comments?post=14611"}],"version-history":[{"count":1,"href":"https:\/\/accesolatino.org\/en\/wp-json\/wp\/v2\/posts\/14611\/revisions"}],"predecessor-version":[{"id":68724,"href":"https:\/\/accesolatino.org\/en\/wp-json\/wp\/v2\/posts\/14611\/revisions\/68724"}],"wp:featuredmedia":[{"embeddable":true,"href":"https:\/\/accesolatino.org\/en\/wp-json\/wp\/v2\/media\/14612"}],"wp:attachment":[{"href":"https:\/\/accesolatino.org\/en\/wp-json\/wp\/v2\/media?parent=14611"}],"wp:term":[{"taxonomy":"category","embeddable":true,"href":"https:\/\/accesolatino.org\/en\/wp-json\/wp\/v2\/categories?post=14611"},{"taxonomy":"post_tag","embeddable":true,"href":"https:\/\/accesolatino.org\/en\/wp-json\/wp\/v2\/tags?post=14611"}],"curies":[{"name":"wp","href":"https:\/\/api.w.org\/{rel}","templated":true}]}}