{"id":14553,"date":"2018-08-17T09:18:24","date_gmt":"2018-08-17T14:18:24","guid":{"rendered":"https:\/\/accesolatino.org\/?p=14553"},"modified":"2025-11-13T21:53:27","modified_gmt":"2025-11-14T03:53:27","slug":"latinos-afectados-por-los-incendios-en-california-recibiran-ayuda-de-uscis","status":"publish","type":"post","link":"https:\/\/accesolatino.org\/en\/latinos-afectados-por-los-incendios-en-california-recibiran-ayuda-de-uscis\/noticias\/","title":{"rendered":"Latinos afectados por los incendios en California recibir\u00e1n ayuda de USCIS"},"content":{"rendered":"<div data-elementor-type=\"wp-post\" data-elementor-id=\"14553\" class=\"elementor elementor-14553 elementor-bc-flex-widget\">\n\t\t\t\t\t\t<section class=\"elementor-section elementor-top-section elementor-element elementor-element-369f77a elementor-section-boxed elementor-section-height-default elementor-section-height-default wpr-particle-no wpr-jarallax-no wpr-parallax-no wpr-sticky-section-no wpr-equal-height-no\" data-id=\"369f77a\" data-element_type=\"section\" data-e-type=\"section\">\n\t\t\t\t\t\t<div class=\"elementor-container elementor-column-gap-default\">\n\t\t\t\t\t<div class=\"elementor-column elementor-col-100 elementor-top-column elementor-element elementor-element-8ef62e2\" data-id=\"8ef62e2\" data-element_type=\"column\" data-e-type=\"column\">\n\t\t\t<div class=\"elementor-widget-wrap elementor-element-populated\">\n\t\t\t\t\t\t<div class=\"elementor-element elementor-element-f218d38 elementor-widget elementor-widget-text-editor\" data-id=\"f218d38\" data-element_type=\"widget\" data-e-type=\"widget\" data-widget_type=\"text-editor.default\">\n\t\t\t\t<div class=\"elementor-widget-container\">\n\t\t\t\t\t\t\t\t\t<p>El Servicio de Ciudadan\u00eda e Inmigraci\u00f3n (USCIS) ofrece varios servicios a los migrantes que han sido afectados por los incendios forestales en California.<\/p><p>Los siguientes servicios que est\u00e1 otorgando la oficina de migraci\u00f3n podr\u00edan estar disponibles de forma discrecional bajo solicitud previa:<\/p><ul><li>Cambiar el estatus de no inmigrante o extender una estad\u00eda de no inmigrante a una persona que se encuentre actualmente en Estados Unidos. Si no solicita la extensi\u00f3n o el cambio antes de que expire su per\u00edodo de admisi\u00f3n autorizado, podemos excusar el retraso si se debi\u00f3 a circunstancias extraordinarias fuera de su control.<\/li><li>Volver a otorgar permiso de estad\u00eda a personas a las que USCIS otorg\u00f3 anteriormente el permiso de estad\u00eda;<\/li><li>Procesamiento acelerado de peticiones de permiso adelantado;<\/li><li>Adjudicaci\u00f3n acelerada de solicitudes de autorizaci\u00f3n de empleo fuera del campus para estudiantes F-1 que experimenten dificultades econ\u00f3micas severas;<\/li><li>Adjudicaci\u00f3n acelerada de solicitudes de autorizaci\u00f3n de empleo, cuando corresponda;<\/li><li>Consideraci\u00f3n de exenciones de tarifas debido a la imposibilidad de pagar;<\/li><li>Extensi\u00f3n del tiempo de respuesta o aceptaci\u00f3n de una respuesta tard\u00eda a una Solicitud de Evidencia o una Notificaci\u00f3n de Intenci\u00f3n;<\/li><li>Reprogramaci\u00f3n de una entrevista con USCIS;<\/li><li>Reemplazo acelerado de documentos de inmigraci\u00f3n o documentos de viaje da\u00f1ados o perdidos emitidos por USCIS, tales como la Tarjeta de Residencia Permanente (Tarjeta Verde), y<\/li><li>Reprogramaci\u00f3n de la cita de servicios biom\u00e9tricos.<\/li><\/ul><p>Es importante que, al presentar la petici\u00f3n, detalle como los incendios en California est\u00e1n relacionados con la solicitud que present\u00f3.<\/p><p>Para solicitar estas medidas, visite la p\u00e1gina de <a href=\"https:\/\/www.uscis.gov\/es\" target=\"_blank\" rel=\"noopener\">USCIS<\/a>.<\/p><p><strong>Acceso Latino<\/strong> brinda su apoyo a los inmigrantes latinoamericanos que sufrieron alg\u00fan da\u00f1o por los incendios en California al igual que a todos los dem\u00e1s latinos que radican en Estados Unidos proporcionando diferentes herramientas de ayuda en l\u00ednea totalmente gratuitas como <a href=\"https:\/\/accesolatino.org\/en\/orientacion-legal\/\">orientaci\u00f3n legal<\/a>, <a href=\"https:\/\/accesolatino.org\/en\/salud\/\">orientaci\u00f3n psicol\u00f3gica<\/a>, <a href=\"https:\/\/accesolatino.org\/en\/buscas-empleo\/\">capacitaci\u00f3n en oficios<\/a> e informaci\u00f3n sobre<a href=\"https:\/\/accesolatino.org\/en\/conoce-y-protege-tus-derechos-laborales-basicos\/derecho\/\"> tus derechos<\/a>, entre otras.<\/p>\t\t\t\t\t\t\t\t<\/div>\n\t\t\t\t<\/div>\n\t\t\t\t\t<\/div>\n\t\t<\/div>\n\t\t\t\t\t<\/div>\n\t\t<\/section>\n\t\t\t\t<\/div>","protected":false},"excerpt":{"rendered":"<p>El Servicio de Ciudadan\u00eda e Inmigraci\u00f3n (USCIS) ofrece varios servicios a los migrantes que han sido afectados por los incendios forestales en California. Los siguientes servicios que est\u00e1 otorgando la oficina de migraci\u00f3n podr\u00edan estar disponibles de forma discrecional bajo solicitud previa: Cambiar el estatus de no inmigrante o extender una estad\u00eda de no inmigrante a una persona que se encuentre actualmente en Estados Unidos. Si no solicita la extensi\u00f3n o el cambio antes de que expire su per\u00edodo de admisi\u00f3n autorizado, podemos excusar el retraso si se debi\u00f3 a circunstancias extraordinarias fuera de su control. Volver a otorgar permiso de estad\u00eda a personas a las que USCIS otorg\u00f3 anteriormente el permiso de estad\u00eda; Procesamiento acelerado de peticiones de permiso adelantado; Adjudicaci\u00f3n acelerada de solicitudes de autorizaci\u00f3n de empleo fuera del campus para estudiantes F-1 que experimenten dificultades econ\u00f3micas severas; Adjudicaci\u00f3n acelerada de solicitudes de autorizaci\u00f3n de empleo, cuando corresponda; Consideraci\u00f3n de exenciones de tarifas debido a la imposibilidad de pagar; Extensi\u00f3n del tiempo de respuesta o aceptaci\u00f3n de una respuesta tard\u00eda a una Solicitud de Evidencia o una Notificaci\u00f3n de Intenci\u00f3n; Reprogramaci\u00f3n de una entrevista con USCIS; Reemplazo acelerado de documentos de inmigraci\u00f3n o documentos de viaje da\u00f1ados o perdidos emitidos por USCIS, tales como la Tarjeta de Residencia Permanente (Tarjeta Verde), y Reprogramaci\u00f3n de la cita de servicios biom\u00e9tricos. Es importante que, al presentar la petici\u00f3n, detalle como los incendios en California est\u00e1n relacionados con la solicitud que present\u00f3. Para solicitar estas medidas, visite la p\u00e1gina de USCIS. Acceso Latino brinda su apoyo a los inmigrantes latinoamericanos que sufrieron alg\u00fan da\u00f1o por los incendios en California al igual que a todos los dem\u00e1s latinos que radican en Estados Unidos proporcionando diferentes herramientas de ayuda en l\u00ednea totalmente gratuitas como orientaci\u00f3n legal, orientaci\u00f3n psicol\u00f3gica, capacitaci\u00f3n en oficios e informaci\u00f3n sobre tus derechos, entre otras.<\/p>","protected":false},"author":1,"featured_media":14554,"comment_status":"open","ping_status":"open","sticky":false,"template":"elementor_header_footer","format":"standard","meta":{"_uf_show_specific_survey":0,"_uf_disable_surveys":false,"footnotes":""},"categories":[10,1],"tags":[],"class_list":["post-14553","post","type-post","status-publish","format-standard","has-post-thumbnail","hentry","category-noticias","category-temas-de-interes"],"aioseo_notices":[],"yoast_head":"<!-- This site is optimized with the Yoast SEO plugin v27.5 - https:\/\/yoast.com\/product\/yoast-seo-wordpress\/ -->\n<title>Latinos afectados por los incendios en California recibir\u00e1n ayuda de USCIS<\/title>\n<meta name=\"description\" content=\"El Servicio de Ciudadan\u00eda e Inmigraci\u00f3n (USCIS) ofrece varios servicios a los migrantes que han sido afectados por los incendios forestales en California.\" \/>\n<meta name=\"robots\" content=\"index, follow, max-snippet:-1, max-image-preview:large, max-video-preview:-1\" \/>\n<link rel=\"canonical\" href=\"https:\/\/accesolatino.org\/en\/latinos-afectados-por-los-incendios-en-california-recibiran-ayuda-de-uscis\/temas-de-interes\/\" \/>\n<meta property=\"og:locale\" content=\"en_US\" \/>\n<meta property=\"og:type\" content=\"article\" \/>\n<meta property=\"og:title\" content=\"Latinos afectados por los incendios en California recibir\u00e1n ayuda de USCIS\" \/>\n<meta property=\"og:description\" content=\"El Servicio de Ciudadan\u00eda e Inmigraci\u00f3n (USCIS) ofrece varios servicios a los migrantes que han sido afectados por los incendios forestales en California.\" \/>\n<meta property=\"og:url\" content=\"https:\/\/accesolatino.org\/en\/latinos-afectados-por-los-incendios-en-california-recibiran-ayuda-de-uscis\/temas-de-interes\/\" \/>\n<meta property=\"og:site_name\" content=\"Acceso Latino\" \/>\n<meta property=\"article:publisher\" content=\"https:\/\/www.facebook.com\/AccesoLatinoOrg\" \/>\n<meta property=\"article:published_time\" content=\"2018-08-17T14:18:24+00:00\" \/>\n<meta property=\"article:modified_time\" content=\"2025-11-14T03:53:27+00:00\" \/>\n<meta property=\"og:image\" content=\"https:\/\/accesolatino.org\/wp-content\/uploads\/2018\/08\/Latinos-afectados-por-los-incendios-en-California-recibiran-ayuda-de-USCIS.png\" \/>\n\t<meta property=\"og:image:width\" content=\"600\" \/>\n\t<meta property=\"og:image:height\" content=\"338\" \/>\n\t<meta property=\"og:image:type\" content=\"image\/png\" \/>\n<meta name=\"author\" content=\"admin\" \/>\n<meta name=\"twitter:card\" content=\"summary_large_image\" \/>\n<meta name=\"twitter:creator\" content=\"@FAccLatino\" \/>\n<meta name=\"twitter:site\" content=\"@FAccLatino\" \/>\n<meta name=\"twitter:label1\" content=\"Written by\" \/>\n\t<meta name=\"twitter:data1\" content=\"admin\" \/>\n\t<meta name=\"twitter:label2\" content=\"Est. reading time\" \/>\n\t<meta name=\"twitter:data2\" content=\"2 minutes\" \/>\n<script type=\"application\/ld+json\" class=\"yoast-schema-graph\">{\"@context\":\"https:\\\/\\\/schema.org\",\"@graph\":[{\"@type\":\"Article\",\"@id\":\"https:\\\/\\\/accesolatino.org\\\/latinos-afectados-por-los-incendios-en-california-recibiran-ayuda-de-uscis\\\/temas-de-interes\\\/#article\",\"isPartOf\":{\"@id\":\"https:\\\/\\\/accesolatino.org\\\/latinos-afectados-por-los-incendios-en-california-recibiran-ayuda-de-uscis\\\/temas-de-interes\\\/\"},\"author\":{\"name\":\"admin\",\"@id\":\"https:\\\/\\\/accesolatino.org\\\/#\\\/schema\\\/person\\\/10763acf0565833da11d915ac8549efd\"},\"headline\":\"Latinos afectados por los incendios en California recibir\u00e1n ayuda de USCIS\",\"datePublished\":\"2018-08-17T14:18:24+00:00\",\"dateModified\":\"2025-11-14T03:53:27+00:00\",\"mainEntityOfPage\":{\"@id\":\"https:\\\/\\\/accesolatino.org\\\/latinos-afectados-por-los-incendios-en-california-recibiran-ayuda-de-uscis\\\/temas-de-interes\\\/\"},\"wordCount\":355,\"commentCount\":0,\"publisher\":{\"@id\":\"https:\\\/\\\/accesolatino.org\\\/#organization\"},\"image\":{\"@id\":\"https:\\\/\\\/accesolatino.org\\\/latinos-afectados-por-los-incendios-en-california-recibiran-ayuda-de-uscis\\\/temas-de-interes\\\/#primaryimage\"},\"thumbnailUrl\":\"https:\\\/\\\/accesolatino.org\\\/wp-content\\\/uploads\\\/2018\\\/08\\\/Latinos-afectados-por-los-incendios-en-California-recibiran-ayuda-de-USCIS.png\",\"articleSection\":[\"Noticias\",\"Temas de inter\u00e9s\"],\"inLanguage\":\"en-US\",\"potentialAction\":[{\"@type\":\"CommentAction\",\"name\":\"Comment\",\"target\":[\"https:\\\/\\\/accesolatino.org\\\/latinos-afectados-por-los-incendios-en-california-recibiran-ayuda-de-uscis\\\/temas-de-interes\\\/#respond\"]}]},{\"@type\":\"WebPage\",\"@id\":\"https:\\\/\\\/accesolatino.org\\\/latinos-afectados-por-los-incendios-en-california-recibiran-ayuda-de-uscis\\\/temas-de-interes\\\/\",\"url\":\"https:\\\/\\\/accesolatino.org\\\/latinos-afectados-por-los-incendios-en-california-recibiran-ayuda-de-uscis\\\/temas-de-interes\\\/\",\"name\":\"Latinos afectados por los incendios en California recibir\u00e1n ayuda de USCIS\",\"isPartOf\":{\"@id\":\"https:\\\/\\\/accesolatino.org\\\/#website\"},\"primaryImageOfPage\":{\"@id\":\"https:\\\/\\\/accesolatino.org\\\/latinos-afectados-por-los-incendios-en-california-recibiran-ayuda-de-uscis\\\/temas-de-interes\\\/#primaryimage\"},\"image\":{\"@id\":\"https:\\\/\\\/accesolatino.org\\\/latinos-afectados-por-los-incendios-en-california-recibiran-ayuda-de-uscis\\\/temas-de-interes\\\/#primaryimage\"},\"thumbnailUrl\":\"https:\\\/\\\/accesolatino.org\\\/wp-content\\\/uploads\\\/2018\\\/08\\\/Latinos-afectados-por-los-incendios-en-California-recibiran-ayuda-de-USCIS.png\",\"datePublished\":\"2018-08-17T14:18:24+00:00\",\"dateModified\":\"2025-11-14T03:53:27+00:00\",\"description\":\"El Servicio de Ciudadan\u00eda e Inmigraci\u00f3n (USCIS) ofrece varios servicios a los migrantes que han sido afectados por los incendios forestales en California.\",\"breadcrumb\":{\"@id\":\"https:\\\/\\\/accesolatino.org\\\/latinos-afectados-por-los-incendios-en-california-recibiran-ayuda-de-uscis\\\/temas-de-interes\\\/#breadcrumb\"},\"inLanguage\":\"en-US\",\"potentialAction\":[{\"@type\":\"ReadAction\",\"target\":[\"https:\\\/\\\/accesolatino.org\\\/latinos-afectados-por-los-incendios-en-california-recibiran-ayuda-de-uscis\\\/temas-de-interes\\\/\"]}]},{\"@type\":\"ImageObject\",\"inLanguage\":\"en-US\",\"@id\":\"https:\\\/\\\/accesolatino.org\\\/latinos-afectados-por-los-incendios-en-california-recibiran-ayuda-de-uscis\\\/temas-de-interes\\\/#primaryimage\",\"url\":\"https:\\\/\\\/accesolatino.org\\\/wp-content\\\/uploads\\\/2018\\\/08\\\/Latinos-afectados-por-los-incendios-en-California-recibiran-ayuda-de-USCIS.png\",\"contentUrl\":\"https:\\\/\\\/accesolatino.org\\\/wp-content\\\/uploads\\\/2018\\\/08\\\/Latinos-afectados-por-los-incendios-en-California-recibiran-ayuda-de-USCIS.png\",\"width\":600,\"height\":338,\"caption\":\"Latinos afectados por los incendios en California recibir\u00e1n ayuda de USCIS\"},{\"@type\":\"BreadcrumbList\",\"@id\":\"https:\\\/\\\/accesolatino.org\\\/latinos-afectados-por-los-incendios-en-california-recibiran-ayuda-de-uscis\\\/temas-de-interes\\\/#breadcrumb\",\"itemListElement\":[{\"@type\":\"ListItem\",\"position\":1,\"name\":\"Portada\",\"item\":\"https:\\\/\\\/accesolatino.org\\\/\"},{\"@type\":\"ListItem\",\"position\":2,\"name\":\"Noticias\",\"item\":\"https:\\\/\\\/accesolatino.org\\\/category\\\/noticias\\\/\"},{\"@type\":\"ListItem\",\"position\":3,\"name\":\"Latinos afectados por los incendios en California recibir\u00e1n ayuda de USCIS\"}]},{\"@type\":\"WebSite\",\"@id\":\"https:\\\/\\\/accesolatino.org\\\/#website\",\"url\":\"https:\\\/\\\/accesolatino.org\\\/\",\"name\":\"Acceso Latino | Fundaci\u00f3n Carlos Slim\",\"description\":\"Fundaci\u00f3n Carlos Slim\",\"publisher\":{\"@id\":\"https:\\\/\\\/accesolatino.org\\\/#organization\"},\"potentialAction\":[{\"@type\":\"SearchAction\",\"target\":{\"@type\":\"EntryPoint\",\"urlTemplate\":\"https:\\\/\\\/accesolatino.org\\\/?s={search_term_string}\"},\"query-input\":{\"@type\":\"PropertyValueSpecification\",\"valueRequired\":true,\"valueName\":\"search_term_string\"}}],\"inLanguage\":\"en-US\"},{\"@type\":\"Organization\",\"@id\":\"https:\\\/\\\/accesolatino.org\\\/#organization\",\"name\":\"Acceso Latino | Fundaci\u00f3n Carlos Slim\",\"url\":\"https:\\\/\\\/accesolatino.org\\\/\",\"logo\":{\"@type\":\"ImageObject\",\"inLanguage\":\"en-US\",\"@id\":\"https:\\\/\\\/accesolatino.org\\\/#\\\/schema\\\/logo\\\/image\\\/\",\"url\":\"https:\\\/\\\/accesolatino.org\\\/wp-content\\\/uploads\\\/2021\\\/02\\\/logo-footer-acceso-latino.png\",\"contentUrl\":\"https:\\\/\\\/accesolatino.org\\\/wp-content\\\/uploads\\\/2021\\\/02\\\/logo-footer-acceso-latino.png\",\"width\":240,\"height\":40,\"caption\":\"Acceso Latino | Fundaci\u00f3n Carlos Slim\"},\"image\":{\"@id\":\"https:\\\/\\\/accesolatino.org\\\/#\\\/schema\\\/logo\\\/image\\\/\"},\"sameAs\":[\"https:\\\/\\\/www.facebook.com\\\/AccesoLatinoOrg\",\"https:\\\/\\\/x.com\\\/FAccLatino\"]},{\"@type\":\"Person\",\"@id\":\"https:\\\/\\\/accesolatino.org\\\/#\\\/schema\\\/person\\\/10763acf0565833da11d915ac8549efd\",\"name\":\"admin\"}]}<\/script>\n<!-- \/ Yoast SEO plugin. -->","yoast_head_json":{"title":"Latinos afectados por los incendios en California recibir\u00e1n ayuda de USCIS","description":"El Servicio de Ciudadan\u00eda e Inmigraci\u00f3n (USCIS) ofrece varios servicios a los migrantes que han sido afectados por los incendios forestales en California.","robots":{"index":"index","follow":"follow","max-snippet":"max-snippet:-1","max-image-preview":"max-image-preview:large","max-video-preview":"max-video-preview:-1"},"canonical":"https:\/\/accesolatino.org\/en\/latinos-afectados-por-los-incendios-en-california-recibiran-ayuda-de-uscis\/temas-de-interes\/","og_locale":"en_US","og_type":"article","og_title":"Latinos afectados por los incendios en California recibir\u00e1n ayuda de USCIS","og_description":"El Servicio de Ciudadan\u00eda e Inmigraci\u00f3n (USCIS) ofrece varios servicios a los migrantes que han sido afectados por los incendios forestales en California.","og_url":"https:\/\/accesolatino.org\/en\/latinos-afectados-por-los-incendios-en-california-recibiran-ayuda-de-uscis\/temas-de-interes\/","og_site_name":"Acceso Latino","article_publisher":"https:\/\/www.facebook.com\/AccesoLatinoOrg","article_published_time":"2018-08-17T14:18:24+00:00","article_modified_time":"2025-11-14T03:53:27+00:00","og_image":[{"width":600,"height":338,"url":"https:\/\/accesolatino.org\/wp-content\/uploads\/2018\/08\/Latinos-afectados-por-los-incendios-en-California-recibiran-ayuda-de-USCIS.png","type":"image\/png"}],"author":"admin","twitter_card":"summary_large_image","twitter_creator":"@FAccLatino","twitter_site":"@FAccLatino","twitter_misc":{"Written by":"admin","Est. reading time":"2 minutes"},"schema":{"@context":"https:\/\/schema.org","@graph":[{"@type":"Article","@id":"https:\/\/accesolatino.org\/latinos-afectados-por-los-incendios-en-california-recibiran-ayuda-de-uscis\/temas-de-interes\/#article","isPartOf":{"@id":"https:\/\/accesolatino.org\/latinos-afectados-por-los-incendios-en-california-recibiran-ayuda-de-uscis\/temas-de-interes\/"},"author":{"name":"admin","@id":"https:\/\/accesolatino.org\/#\/schema\/person\/10763acf0565833da11d915ac8549efd"},"headline":"Latinos afectados por los incendios en California recibir\u00e1n ayuda de USCIS","datePublished":"2018-08-17T14:18:24+00:00","dateModified":"2025-11-14T03:53:27+00:00","mainEntityOfPage":{"@id":"https:\/\/accesolatino.org\/latinos-afectados-por-los-incendios-en-california-recibiran-ayuda-de-uscis\/temas-de-interes\/"},"wordCount":355,"commentCount":0,"publisher":{"@id":"https:\/\/accesolatino.org\/#organization"},"image":{"@id":"https:\/\/accesolatino.org\/latinos-afectados-por-los-incendios-en-california-recibiran-ayuda-de-uscis\/temas-de-interes\/#primaryimage"},"thumbnailUrl":"https:\/\/accesolatino.org\/wp-content\/uploads\/2018\/08\/Latinos-afectados-por-los-incendios-en-California-recibiran-ayuda-de-USCIS.png","articleSection":["Noticias","Temas de inter\u00e9s"],"inLanguage":"en-US","potentialAction":[{"@type":"CommentAction","name":"Comment","target":["https:\/\/accesolatino.org\/latinos-afectados-por-los-incendios-en-california-recibiran-ayuda-de-uscis\/temas-de-interes\/#respond"]}]},{"@type":"WebPage","@id":"https:\/\/accesolatino.org\/latinos-afectados-por-los-incendios-en-california-recibiran-ayuda-de-uscis\/temas-de-interes\/","url":"https:\/\/accesolatino.org\/latinos-afectados-por-los-incendios-en-california-recibiran-ayuda-de-uscis\/temas-de-interes\/","name":"Latinos afectados por los incendios en California recibir\u00e1n ayuda de USCIS","isPartOf":{"@id":"https:\/\/accesolatino.org\/#website"},"primaryImageOfPage":{"@id":"https:\/\/accesolatino.org\/latinos-afectados-por-los-incendios-en-california-recibiran-ayuda-de-uscis\/temas-de-interes\/#primaryimage"},"image":{"@id":"https:\/\/accesolatino.org\/latinos-afectados-por-los-incendios-en-california-recibiran-ayuda-de-uscis\/temas-de-interes\/#primaryimage"},"thumbnailUrl":"https:\/\/accesolatino.org\/wp-content\/uploads\/2018\/08\/Latinos-afectados-por-los-incendios-en-California-recibiran-ayuda-de-USCIS.png","datePublished":"2018-08-17T14:18:24+00:00","dateModified":"2025-11-14T03:53:27+00:00","description":"El Servicio de Ciudadan\u00eda e Inmigraci\u00f3n (USCIS) ofrece varios servicios a los migrantes que han sido afectados por los incendios forestales en California.","breadcrumb":{"@id":"https:\/\/accesolatino.org\/latinos-afectados-por-los-incendios-en-california-recibiran-ayuda-de-uscis\/temas-de-interes\/#breadcrumb"},"inLanguage":"en-US","potentialAction":[{"@type":"ReadAction","target":["https:\/\/accesolatino.org\/latinos-afectados-por-los-incendios-en-california-recibiran-ayuda-de-uscis\/temas-de-interes\/"]}]},{"@type":"ImageObject","inLanguage":"en-US","@id":"https:\/\/accesolatino.org\/latinos-afectados-por-los-incendios-en-california-recibiran-ayuda-de-uscis\/temas-de-interes\/#primaryimage","url":"https:\/\/accesolatino.org\/wp-content\/uploads\/2018\/08\/Latinos-afectados-por-los-incendios-en-California-recibiran-ayuda-de-USCIS.png","contentUrl":"https:\/\/accesolatino.org\/wp-content\/uploads\/2018\/08\/Latinos-afectados-por-los-incendios-en-California-recibiran-ayuda-de-USCIS.png","width":600,"height":338,"caption":"Latinos afectados por los incendios en California recibir\u00e1n ayuda de USCIS"},{"@type":"BreadcrumbList","@id":"https:\/\/accesolatino.org\/latinos-afectados-por-los-incendios-en-california-recibiran-ayuda-de-uscis\/temas-de-interes\/#breadcrumb","itemListElement":[{"@type":"ListItem","position":1,"name":"Portada","item":"https:\/\/accesolatino.org\/"},{"@type":"ListItem","position":2,"name":"Noticias","item":"https:\/\/accesolatino.org\/category\/noticias\/"},{"@type":"ListItem","position":3,"name":"Latinos afectados por los incendios en California recibir\u00e1n ayuda de USCIS"}]},{"@type":"WebSite","@id":"https:\/\/accesolatino.org\/#website","url":"https:\/\/accesolatino.org\/","name":"Acceso Latino | Fundaci\u00f3n Carlos Slim","description":"Fundaci\u00f3n Carlos Slim","publisher":{"@id":"https:\/\/accesolatino.org\/#organization"},"potentialAction":[{"@type":"SearchAction","target":{"@type":"EntryPoint","urlTemplate":"https:\/\/accesolatino.org\/?s={search_term_string}"},"query-input":{"@type":"PropertyValueSpecification","valueRequired":true,"valueName":"search_term_string"}}],"inLanguage":"en-US"},{"@type":"Organization","@id":"https:\/\/accesolatino.org\/#organization","name":"Acceso Latino | Fundaci\u00f3n Carlos Slim","url":"https:\/\/accesolatino.org\/","logo":{"@type":"ImageObject","inLanguage":"en-US","@id":"https:\/\/accesolatino.org\/#\/schema\/logo\/image\/","url":"https:\/\/accesolatino.org\/wp-content\/uploads\/2021\/02\/logo-footer-acceso-latino.png","contentUrl":"https:\/\/accesolatino.org\/wp-content\/uploads\/2021\/02\/logo-footer-acceso-latino.png","width":240,"height":40,"caption":"Acceso Latino | Fundaci\u00f3n Carlos Slim"},"image":{"@id":"https:\/\/accesolatino.org\/#\/schema\/logo\/image\/"},"sameAs":["https:\/\/www.facebook.com\/AccesoLatinoOrg","https:\/\/x.com\/FAccLatino"]},{"@type":"Person","@id":"https:\/\/accesolatino.org\/#\/schema\/person\/10763acf0565833da11d915ac8549efd","name":"admin"}]}},"_links":{"self":[{"href":"https:\/\/accesolatino.org\/en\/wp-json\/wp\/v2\/posts\/14553","targetHints":{"allow":["GET"]}}],"collection":[{"href":"https:\/\/accesolatino.org\/en\/wp-json\/wp\/v2\/posts"}],"about":[{"href":"https:\/\/accesolatino.org\/en\/wp-json\/wp\/v2\/types\/post"}],"author":[{"embeddable":true,"href":"https:\/\/accesolatino.org\/en\/wp-json\/wp\/v2\/users\/1"}],"replies":[{"embeddable":true,"href":"https:\/\/accesolatino.org\/en\/wp-json\/wp\/v2\/comments?post=14553"}],"version-history":[{"count":1,"href":"https:\/\/accesolatino.org\/en\/wp-json\/wp\/v2\/posts\/14553\/revisions"}],"predecessor-version":[{"id":68721,"href":"https:\/\/accesolatino.org\/en\/wp-json\/wp\/v2\/posts\/14553\/revisions\/68721"}],"wp:featuredmedia":[{"embeddable":true,"href":"https:\/\/accesolatino.org\/en\/wp-json\/wp\/v2\/media\/14554"}],"wp:attachment":[{"href":"https:\/\/accesolatino.org\/en\/wp-json\/wp\/v2\/media?parent=14553"}],"wp:term":[{"taxonomy":"category","embeddable":true,"href":"https:\/\/accesolatino.org\/en\/wp-json\/wp\/v2\/categories?post=14553"},{"taxonomy":"post_tag","embeddable":true,"href":"https:\/\/accesolatino.org\/en\/wp-json\/wp\/v2\/tags?post=14553"}],"curies":[{"name":"wp","href":"https:\/\/api.w.org\/{rel}","templated":true}]}}