{"id":14297,"date":"2018-08-06T11:36:43","date_gmt":"2018-08-06T16:36:43","guid":{"rendered":"https:\/\/accesolatino.org\/?p=14297"},"modified":"2025-10-27T12:43:17","modified_gmt":"2025-10-27T18:43:17","slug":"dreamer-puedes-estar-tranquilo-con-la-reinstalacion-de-daca","status":"publish","type":"post","link":"https:\/\/accesolatino.org\/en\/dreamer-puedes-estar-tranquilo-con-la-reinstalacion-de-daca\/temas-de-interes\/","title":{"rendered":"\u201cDreamer\u201d puedes estar tranquilo con la reinstalaci\u00f3n de DACA"},"content":{"rendered":"<div data-elementor-type=\"wp-post\" data-elementor-id=\"14297\" class=\"elementor elementor-14297 elementor-bc-flex-widget\">\n\t\t\t\t\t\t<section class=\"elementor-section elementor-top-section elementor-element elementor-element-369f77a elementor-section-boxed elementor-section-height-default elementor-section-height-default wpr-particle-no wpr-jarallax-no wpr-parallax-no wpr-sticky-section-no wpr-equal-height-no\" data-id=\"369f77a\" data-element_type=\"section\" data-e-type=\"section\">\n\t\t\t\t\t\t<div class=\"elementor-container elementor-column-gap-default\">\n\t\t\t\t\t<div class=\"elementor-column elementor-col-100 elementor-top-column elementor-element elementor-element-8ef62e2\" data-id=\"8ef62e2\" data-element_type=\"column\" data-e-type=\"column\">\n\t\t\t<div class=\"elementor-widget-wrap elementor-element-populated\">\n\t\t\t\t\t\t<div class=\"elementor-element elementor-element-f218d38 elementor-widget elementor-widget-text-editor\" data-id=\"f218d38\" data-element_type=\"widget\" data-e-type=\"widget\" data-widget_type=\"text-editor.default\">\n\t\t\t\t<div class=\"elementor-widget-container\">\n\t\t\t\t\t\t\t\t\t<p>Un juez federal de Estados Unidos orden\u00f3 al gobierno actual que reinstale el programa de Acci\u00f3n Diferida para los Llegados en la Infancia (DACA por sus siglas en ingl\u00e9s) que evit\u00f3 la deportaci\u00f3n de inmigrantes que hab\u00edan sido tra\u00eddos de ni\u00f1os al pa\u00eds, m\u00e1s conocidos como \u201cdreamers\u201d.<\/p><p>El juez federal de distrito John Bates concedi\u00f3 a la administraci\u00f3n estadounidense hasta el 23 de agosto para apelar la orden o reactivar en su totalidad el programa. Tambi\u00e9n rechaz\u00f3 un pedido del Departamento de Justicia para reconsiderar la decisi\u00f3n que tom\u00f3 en abril de reiniciar las renovaciones de aquellos \u201cdreamers\u201d que ya contaban con aprobaci\u00f3n para el programa.<\/p><p>La suspensi\u00f3n del DACA ten\u00eda que entrar en vigor el pasado 5 de marzo, aunque nunca lleg\u00f3 a materializarse por los desaf\u00edos legales que enfrent\u00f3 la decisi\u00f3n del presidente de la naci\u00f3n americana.<\/p><p>De hecho, en enero, otro juez federal orden\u00f3 la reactivaci\u00f3n parcial del DACA con la admisi\u00f3n de las solicitudes de renovaci\u00f3n a aquellos que ya hab\u00edan recibido previamente los beneficios. Ese fallo, a diferencia del de Bates, ya se ha puesto en pr\u00e1ctica.<\/p><p>Barack Obama promulg\u00f3 en 2012 el programa DACA para proteger de la deportaci\u00f3n y otorgar permisos laborales a unos 690 mil j\u00f3venes.<\/p><p>Todos los beneficiaros DACA al igual que los dem\u00e1s migrantes que viven en Estados Unidos y busquen tramitar su ciudadan\u00eda permanente, en <strong>Acceso Latino<\/strong> les brindamos<a href=\"https:\/\/ciudadanizate.accesolatino.org\/#video3\"> la herramienta en l\u00ednea<\/a> totalmente gratuita, en espa\u00f1ol e ingl\u00e9s, para prepararte y obtener tu ciudadan\u00eda. Te decimos si eres candidato a la naturalizaci\u00f3n, te mostramos c\u00f3mo hacer el llenado del formato N400, te preparamos para el examen de civismo y la entrevista adem\u00e1s de darte consejos y testimonios de usuarios.<\/p>\t\t\t\t\t\t\t\t<\/div>\n\t\t\t\t<\/div>\n\t\t\t\t\t<\/div>\n\t\t<\/div>\n\t\t\t\t\t<\/div>\n\t\t<\/section>\n\t\t\t\t<\/div>","protected":false},"excerpt":{"rendered":"<p>Un juez federal de Estados Unidos orden\u00f3 al gobierno actual que reinstale el programa de Acci\u00f3n Diferida para los Llegados en la Infancia (DACA por sus siglas en ingl\u00e9s) que evit\u00f3 la deportaci\u00f3n de inmigrantes que hab\u00edan sido tra\u00eddos de ni\u00f1os al pa\u00eds, m\u00e1s conocidos como \u201cdreamers\u201d. El juez federal de distrito John Bates concedi\u00f3 a la administraci\u00f3n estadounidense hasta el 23 de agosto para apelar la orden o reactivar en su totalidad el programa. Tambi\u00e9n rechaz\u00f3 un pedido del Departamento de Justicia para reconsiderar la decisi\u00f3n que tom\u00f3 en abril de reiniciar las renovaciones de aquellos \u201cdreamers\u201d que ya contaban con aprobaci\u00f3n para el programa. La suspensi\u00f3n del DACA ten\u00eda que entrar en vigor el pasado 5 de marzo, aunque nunca lleg\u00f3 a materializarse por los desaf\u00edos legales que enfrent\u00f3 la decisi\u00f3n del presidente de la naci\u00f3n americana. De hecho, en enero, otro juez federal orden\u00f3 la reactivaci\u00f3n parcial del DACA con la admisi\u00f3n de las solicitudes de renovaci\u00f3n a aquellos que ya hab\u00edan recibido previamente los beneficios. Ese fallo, a diferencia del de Bates, ya se ha puesto en pr\u00e1ctica. Barack Obama promulg\u00f3 en 2012 el programa DACA para proteger de la deportaci\u00f3n y otorgar permisos laborales a unos 690 mil j\u00f3venes. Todos los beneficiaros DACA al igual que los dem\u00e1s migrantes que viven en Estados Unidos y busquen tramitar su ciudadan\u00eda permanente, en Acceso Latino les brindamos la herramienta en l\u00ednea totalmente gratuita, en espa\u00f1ol e ingl\u00e9s, para prepararte y obtener tu ciudadan\u00eda. Te decimos si eres candidato a la naturalizaci\u00f3n, te mostramos c\u00f3mo hacer el llenado del formato N400, te preparamos para el examen de civismo y la entrevista adem\u00e1s de darte consejos y testimonios de usuarios.<\/p>","protected":false},"author":1,"featured_media":14298,"comment_status":"open","ping_status":"open","sticky":false,"template":"elementor_header_footer","format":"standard","meta":{"_uf_show_specific_survey":0,"_uf_disable_surveys":false,"footnotes":""},"categories":[10,1],"tags":[],"class_list":["post-14297","post","type-post","status-publish","format-standard","has-post-thumbnail","hentry","category-noticias","category-temas-de-interes"],"aioseo_notices":[],"yoast_head":"<!-- This site is optimized with the Yoast SEO plugin v27.5 - https:\/\/yoast.com\/product\/yoast-seo-wordpress\/ -->\n<title>\u201cDreamer\u201d puedes estar tranquilo con la reinstalaci\u00f3n de DACA<\/title>\n<meta name=\"description\" content=\"Un juez federal de EU orden\u00f3 al gobierno actual que reinstale DACA que evit\u00f3 la deportaci\u00f3n de inmigrantes que hab\u00edan sido tra\u00eddos de ni\u00f1os al pa\u00eds\" \/>\n<meta name=\"robots\" content=\"index, follow, max-snippet:-1, max-image-preview:large, max-video-preview:-1\" \/>\n<link rel=\"canonical\" href=\"https:\/\/accesolatino.org\/en\/dreamer-puedes-estar-tranquilo-con-la-reinstalacion-de-daca\/temas-de-interes\/\" \/>\n<meta property=\"og:locale\" content=\"en_US\" \/>\n<meta property=\"og:type\" content=\"article\" \/>\n<meta property=\"og:title\" content=\"\u201cDreamer\u201d puedes estar tranquilo con la reinstalaci\u00f3n de DACA\" \/>\n<meta property=\"og:description\" content=\"Un juez federal de EU orden\u00f3 al gobierno actual que reinstale DACA que evit\u00f3 la deportaci\u00f3n de inmigrantes que hab\u00edan sido tra\u00eddos de ni\u00f1os al pa\u00eds\" \/>\n<meta property=\"og:url\" content=\"https:\/\/accesolatino.org\/en\/dreamer-puedes-estar-tranquilo-con-la-reinstalacion-de-daca\/temas-de-interes\/\" \/>\n<meta property=\"og:site_name\" content=\"Acceso Latino\" \/>\n<meta property=\"article:publisher\" content=\"https:\/\/www.facebook.com\/AccesoLatinoOrg\" \/>\n<meta property=\"article:published_time\" content=\"2018-08-06T16:36:43+00:00\" \/>\n<meta property=\"article:modified_time\" content=\"2025-10-27T18:43:17+00:00\" \/>\n<meta property=\"og:image\" content=\"https:\/\/accesolatino.org\/wp-content\/uploads\/2018\/08\/Dreamer-puedes-estar-tranquilo-con-la-reinstalacion-de-DACA.jpg\" \/>\n\t<meta property=\"og:image:width\" content=\"600\" \/>\n\t<meta property=\"og:image:height\" content=\"338\" \/>\n\t<meta property=\"og:image:type\" content=\"image\/jpeg\" \/>\n<meta name=\"author\" content=\"admin\" \/>\n<meta name=\"twitter:card\" content=\"summary_large_image\" \/>\n<meta name=\"twitter:creator\" content=\"@FAccLatino\" \/>\n<meta name=\"twitter:site\" content=\"@FAccLatino\" \/>\n<meta name=\"twitter:label1\" content=\"Written by\" \/>\n\t<meta name=\"twitter:data1\" content=\"admin\" \/>\n\t<meta name=\"twitter:label2\" content=\"Est. reading time\" \/>\n\t<meta name=\"twitter:data2\" content=\"2 minutes\" \/>\n<script type=\"application\/ld+json\" class=\"yoast-schema-graph\">{\"@context\":\"https:\\\/\\\/schema.org\",\"@graph\":[{\"@type\":\"Article\",\"@id\":\"https:\\\/\\\/accesolatino.org\\\/dreamer-puedes-estar-tranquilo-con-la-reinstalacion-de-daca\\\/temas-de-interes\\\/#article\",\"isPartOf\":{\"@id\":\"https:\\\/\\\/accesolatino.org\\\/dreamer-puedes-estar-tranquilo-con-la-reinstalacion-de-daca\\\/temas-de-interes\\\/\"},\"author\":{\"name\":\"admin\",\"@id\":\"https:\\\/\\\/accesolatino.org\\\/#\\\/schema\\\/person\\\/10763acf0565833da11d915ac8549efd\"},\"headline\":\"\u201cDreamer\u201d puedes estar tranquilo con la reinstalaci\u00f3n de DACA\",\"datePublished\":\"2018-08-06T16:36:43+00:00\",\"dateModified\":\"2025-10-27T18:43:17+00:00\",\"mainEntityOfPage\":{\"@id\":\"https:\\\/\\\/accesolatino.org\\\/dreamer-puedes-estar-tranquilo-con-la-reinstalacion-de-daca\\\/temas-de-interes\\\/\"},\"wordCount\":320,\"commentCount\":0,\"publisher\":{\"@id\":\"https:\\\/\\\/accesolatino.org\\\/#organization\"},\"image\":{\"@id\":\"https:\\\/\\\/accesolatino.org\\\/dreamer-puedes-estar-tranquilo-con-la-reinstalacion-de-daca\\\/temas-de-interes\\\/#primaryimage\"},\"thumbnailUrl\":\"https:\\\/\\\/accesolatino.org\\\/wp-content\\\/uploads\\\/2018\\\/08\\\/Dreamer-puedes-estar-tranquilo-con-la-reinstalacion-de-DACA.jpg\",\"articleSection\":[\"Noticias\",\"Temas de inter\u00e9s\"],\"inLanguage\":\"en-US\",\"potentialAction\":[{\"@type\":\"CommentAction\",\"name\":\"Comment\",\"target\":[\"https:\\\/\\\/accesolatino.org\\\/dreamer-puedes-estar-tranquilo-con-la-reinstalacion-de-daca\\\/temas-de-interes\\\/#respond\"]}]},{\"@type\":\"WebPage\",\"@id\":\"https:\\\/\\\/accesolatino.org\\\/dreamer-puedes-estar-tranquilo-con-la-reinstalacion-de-daca\\\/temas-de-interes\\\/\",\"url\":\"https:\\\/\\\/accesolatino.org\\\/dreamer-puedes-estar-tranquilo-con-la-reinstalacion-de-daca\\\/temas-de-interes\\\/\",\"name\":\"\u201cDreamer\u201d puedes estar tranquilo con la reinstalaci\u00f3n de DACA\",\"isPartOf\":{\"@id\":\"https:\\\/\\\/accesolatino.org\\\/#website\"},\"primaryImageOfPage\":{\"@id\":\"https:\\\/\\\/accesolatino.org\\\/dreamer-puedes-estar-tranquilo-con-la-reinstalacion-de-daca\\\/temas-de-interes\\\/#primaryimage\"},\"image\":{\"@id\":\"https:\\\/\\\/accesolatino.org\\\/dreamer-puedes-estar-tranquilo-con-la-reinstalacion-de-daca\\\/temas-de-interes\\\/#primaryimage\"},\"thumbnailUrl\":\"https:\\\/\\\/accesolatino.org\\\/wp-content\\\/uploads\\\/2018\\\/08\\\/Dreamer-puedes-estar-tranquilo-con-la-reinstalacion-de-DACA.jpg\",\"datePublished\":\"2018-08-06T16:36:43+00:00\",\"dateModified\":\"2025-10-27T18:43:17+00:00\",\"description\":\"Un juez federal de EU orden\u00f3 al gobierno actual que reinstale DACA que evit\u00f3 la deportaci\u00f3n de inmigrantes que hab\u00edan sido tra\u00eddos de ni\u00f1os al pa\u00eds\",\"breadcrumb\":{\"@id\":\"https:\\\/\\\/accesolatino.org\\\/dreamer-puedes-estar-tranquilo-con-la-reinstalacion-de-daca\\\/temas-de-interes\\\/#breadcrumb\"},\"inLanguage\":\"en-US\",\"potentialAction\":[{\"@type\":\"ReadAction\",\"target\":[\"https:\\\/\\\/accesolatino.org\\\/dreamer-puedes-estar-tranquilo-con-la-reinstalacion-de-daca\\\/temas-de-interes\\\/\"]}]},{\"@type\":\"ImageObject\",\"inLanguage\":\"en-US\",\"@id\":\"https:\\\/\\\/accesolatino.org\\\/dreamer-puedes-estar-tranquilo-con-la-reinstalacion-de-daca\\\/temas-de-interes\\\/#primaryimage\",\"url\":\"https:\\\/\\\/accesolatino.org\\\/wp-content\\\/uploads\\\/2018\\\/08\\\/Dreamer-puedes-estar-tranquilo-con-la-reinstalacion-de-DACA.jpg\",\"contentUrl\":\"https:\\\/\\\/accesolatino.org\\\/wp-content\\\/uploads\\\/2018\\\/08\\\/Dreamer-puedes-estar-tranquilo-con-la-reinstalacion-de-DACA.jpg\",\"width\":600,\"height\":338,\"caption\":\"\u201cDreamer\u201d puedes estar tranquilo con la reinstalaci\u00f3n de DACA\"},{\"@type\":\"BreadcrumbList\",\"@id\":\"https:\\\/\\\/accesolatino.org\\\/dreamer-puedes-estar-tranquilo-con-la-reinstalacion-de-daca\\\/temas-de-interes\\\/#breadcrumb\",\"itemListElement\":[{\"@type\":\"ListItem\",\"position\":1,\"name\":\"Portada\",\"item\":\"https:\\\/\\\/accesolatino.org\\\/\"},{\"@type\":\"ListItem\",\"position\":2,\"name\":\"Noticias\",\"item\":\"https:\\\/\\\/accesolatino.org\\\/category\\\/noticias\\\/\"},{\"@type\":\"ListItem\",\"position\":3,\"name\":\"\u201cDreamer\u201d puedes estar tranquilo con la reinstalaci\u00f3n de DACA\"}]},{\"@type\":\"WebSite\",\"@id\":\"https:\\\/\\\/accesolatino.org\\\/#website\",\"url\":\"https:\\\/\\\/accesolatino.org\\\/\",\"name\":\"Acceso Latino | Fundaci\u00f3n Carlos Slim\",\"description\":\"Fundaci\u00f3n Carlos Slim\",\"publisher\":{\"@id\":\"https:\\\/\\\/accesolatino.org\\\/#organization\"},\"potentialAction\":[{\"@type\":\"SearchAction\",\"target\":{\"@type\":\"EntryPoint\",\"urlTemplate\":\"https:\\\/\\\/accesolatino.org\\\/?s={search_term_string}\"},\"query-input\":{\"@type\":\"PropertyValueSpecification\",\"valueRequired\":true,\"valueName\":\"search_term_string\"}}],\"inLanguage\":\"en-US\"},{\"@type\":\"Organization\",\"@id\":\"https:\\\/\\\/accesolatino.org\\\/#organization\",\"name\":\"Acceso Latino | Fundaci\u00f3n Carlos Slim\",\"url\":\"https:\\\/\\\/accesolatino.org\\\/\",\"logo\":{\"@type\":\"ImageObject\",\"inLanguage\":\"en-US\",\"@id\":\"https:\\\/\\\/accesolatino.org\\\/#\\\/schema\\\/logo\\\/image\\\/\",\"url\":\"https:\\\/\\\/accesolatino.org\\\/wp-content\\\/uploads\\\/2021\\\/02\\\/logo-footer-acceso-latino.png\",\"contentUrl\":\"https:\\\/\\\/accesolatino.org\\\/wp-content\\\/uploads\\\/2021\\\/02\\\/logo-footer-acceso-latino.png\",\"width\":240,\"height\":40,\"caption\":\"Acceso Latino | Fundaci\u00f3n Carlos Slim\"},\"image\":{\"@id\":\"https:\\\/\\\/accesolatino.org\\\/#\\\/schema\\\/logo\\\/image\\\/\"},\"sameAs\":[\"https:\\\/\\\/www.facebook.com\\\/AccesoLatinoOrg\",\"https:\\\/\\\/x.com\\\/FAccLatino\"]},{\"@type\":\"Person\",\"@id\":\"https:\\\/\\\/accesolatino.org\\\/#\\\/schema\\\/person\\\/10763acf0565833da11d915ac8549efd\",\"name\":\"admin\"}]}<\/script>\n<!-- \/ Yoast SEO plugin. -->","yoast_head_json":{"title":"\u201cDreamer\u201d puedes estar tranquilo con la reinstalaci\u00f3n de DACA","description":"Un juez federal de EU orden\u00f3 al gobierno actual que reinstale DACA que evit\u00f3 la deportaci\u00f3n de inmigrantes que hab\u00edan sido tra\u00eddos de ni\u00f1os al pa\u00eds","robots":{"index":"index","follow":"follow","max-snippet":"max-snippet:-1","max-image-preview":"max-image-preview:large","max-video-preview":"max-video-preview:-1"},"canonical":"https:\/\/accesolatino.org\/en\/dreamer-puedes-estar-tranquilo-con-la-reinstalacion-de-daca\/temas-de-interes\/","og_locale":"en_US","og_type":"article","og_title":"\u201cDreamer\u201d puedes estar tranquilo con la reinstalaci\u00f3n de DACA","og_description":"Un juez federal de EU orden\u00f3 al gobierno actual que reinstale DACA que evit\u00f3 la deportaci\u00f3n de inmigrantes que hab\u00edan sido tra\u00eddos de ni\u00f1os al pa\u00eds","og_url":"https:\/\/accesolatino.org\/en\/dreamer-puedes-estar-tranquilo-con-la-reinstalacion-de-daca\/temas-de-interes\/","og_site_name":"Acceso Latino","article_publisher":"https:\/\/www.facebook.com\/AccesoLatinoOrg","article_published_time":"2018-08-06T16:36:43+00:00","article_modified_time":"2025-10-27T18:43:17+00:00","og_image":[{"width":600,"height":338,"url":"https:\/\/accesolatino.org\/wp-content\/uploads\/2018\/08\/Dreamer-puedes-estar-tranquilo-con-la-reinstalacion-de-DACA.jpg","type":"image\/jpeg"}],"author":"admin","twitter_card":"summary_large_image","twitter_creator":"@FAccLatino","twitter_site":"@FAccLatino","twitter_misc":{"Written by":"admin","Est. reading time":"2 minutes"},"schema":{"@context":"https:\/\/schema.org","@graph":[{"@type":"Article","@id":"https:\/\/accesolatino.org\/dreamer-puedes-estar-tranquilo-con-la-reinstalacion-de-daca\/temas-de-interes\/#article","isPartOf":{"@id":"https:\/\/accesolatino.org\/dreamer-puedes-estar-tranquilo-con-la-reinstalacion-de-daca\/temas-de-interes\/"},"author":{"name":"admin","@id":"https:\/\/accesolatino.org\/#\/schema\/person\/10763acf0565833da11d915ac8549efd"},"headline":"\u201cDreamer\u201d puedes estar tranquilo con la reinstalaci\u00f3n de DACA","datePublished":"2018-08-06T16:36:43+00:00","dateModified":"2025-10-27T18:43:17+00:00","mainEntityOfPage":{"@id":"https:\/\/accesolatino.org\/dreamer-puedes-estar-tranquilo-con-la-reinstalacion-de-daca\/temas-de-interes\/"},"wordCount":320,"commentCount":0,"publisher":{"@id":"https:\/\/accesolatino.org\/#organization"},"image":{"@id":"https:\/\/accesolatino.org\/dreamer-puedes-estar-tranquilo-con-la-reinstalacion-de-daca\/temas-de-interes\/#primaryimage"},"thumbnailUrl":"https:\/\/accesolatino.org\/wp-content\/uploads\/2018\/08\/Dreamer-puedes-estar-tranquilo-con-la-reinstalacion-de-DACA.jpg","articleSection":["Noticias","Temas de inter\u00e9s"],"inLanguage":"en-US","potentialAction":[{"@type":"CommentAction","name":"Comment","target":["https:\/\/accesolatino.org\/dreamer-puedes-estar-tranquilo-con-la-reinstalacion-de-daca\/temas-de-interes\/#respond"]}]},{"@type":"WebPage","@id":"https:\/\/accesolatino.org\/dreamer-puedes-estar-tranquilo-con-la-reinstalacion-de-daca\/temas-de-interes\/","url":"https:\/\/accesolatino.org\/dreamer-puedes-estar-tranquilo-con-la-reinstalacion-de-daca\/temas-de-interes\/","name":"\u201cDreamer\u201d puedes estar tranquilo con la reinstalaci\u00f3n de DACA","isPartOf":{"@id":"https:\/\/accesolatino.org\/#website"},"primaryImageOfPage":{"@id":"https:\/\/accesolatino.org\/dreamer-puedes-estar-tranquilo-con-la-reinstalacion-de-daca\/temas-de-interes\/#primaryimage"},"image":{"@id":"https:\/\/accesolatino.org\/dreamer-puedes-estar-tranquilo-con-la-reinstalacion-de-daca\/temas-de-interes\/#primaryimage"},"thumbnailUrl":"https:\/\/accesolatino.org\/wp-content\/uploads\/2018\/08\/Dreamer-puedes-estar-tranquilo-con-la-reinstalacion-de-DACA.jpg","datePublished":"2018-08-06T16:36:43+00:00","dateModified":"2025-10-27T18:43:17+00:00","description":"Un juez federal de EU orden\u00f3 al gobierno actual que reinstale DACA que evit\u00f3 la deportaci\u00f3n de inmigrantes que hab\u00edan sido tra\u00eddos de ni\u00f1os al pa\u00eds","breadcrumb":{"@id":"https:\/\/accesolatino.org\/dreamer-puedes-estar-tranquilo-con-la-reinstalacion-de-daca\/temas-de-interes\/#breadcrumb"},"inLanguage":"en-US","potentialAction":[{"@type":"ReadAction","target":["https:\/\/accesolatino.org\/dreamer-puedes-estar-tranquilo-con-la-reinstalacion-de-daca\/temas-de-interes\/"]}]},{"@type":"ImageObject","inLanguage":"en-US","@id":"https:\/\/accesolatino.org\/dreamer-puedes-estar-tranquilo-con-la-reinstalacion-de-daca\/temas-de-interes\/#primaryimage","url":"https:\/\/accesolatino.org\/wp-content\/uploads\/2018\/08\/Dreamer-puedes-estar-tranquilo-con-la-reinstalacion-de-DACA.jpg","contentUrl":"https:\/\/accesolatino.org\/wp-content\/uploads\/2018\/08\/Dreamer-puedes-estar-tranquilo-con-la-reinstalacion-de-DACA.jpg","width":600,"height":338,"caption":"\u201cDreamer\u201d puedes estar tranquilo con la reinstalaci\u00f3n de DACA"},{"@type":"BreadcrumbList","@id":"https:\/\/accesolatino.org\/dreamer-puedes-estar-tranquilo-con-la-reinstalacion-de-daca\/temas-de-interes\/#breadcrumb","itemListElement":[{"@type":"ListItem","position":1,"name":"Portada","item":"https:\/\/accesolatino.org\/"},{"@type":"ListItem","position":2,"name":"Noticias","item":"https:\/\/accesolatino.org\/category\/noticias\/"},{"@type":"ListItem","position":3,"name":"\u201cDreamer\u201d puedes estar tranquilo con la reinstalaci\u00f3n de DACA"}]},{"@type":"WebSite","@id":"https:\/\/accesolatino.org\/#website","url":"https:\/\/accesolatino.org\/","name":"Acceso Latino | Fundaci\u00f3n Carlos Slim","description":"Fundaci\u00f3n Carlos Slim","publisher":{"@id":"https:\/\/accesolatino.org\/#organization"},"potentialAction":[{"@type":"SearchAction","target":{"@type":"EntryPoint","urlTemplate":"https:\/\/accesolatino.org\/?s={search_term_string}"},"query-input":{"@type":"PropertyValueSpecification","valueRequired":true,"valueName":"search_term_string"}}],"inLanguage":"en-US"},{"@type":"Organization","@id":"https:\/\/accesolatino.org\/#organization","name":"Acceso Latino | Fundaci\u00f3n Carlos Slim","url":"https:\/\/accesolatino.org\/","logo":{"@type":"ImageObject","inLanguage":"en-US","@id":"https:\/\/accesolatino.org\/#\/schema\/logo\/image\/","url":"https:\/\/accesolatino.org\/wp-content\/uploads\/2021\/02\/logo-footer-acceso-latino.png","contentUrl":"https:\/\/accesolatino.org\/wp-content\/uploads\/2021\/02\/logo-footer-acceso-latino.png","width":240,"height":40,"caption":"Acceso Latino | Fundaci\u00f3n Carlos Slim"},"image":{"@id":"https:\/\/accesolatino.org\/#\/schema\/logo\/image\/"},"sameAs":["https:\/\/www.facebook.com\/AccesoLatinoOrg","https:\/\/x.com\/FAccLatino"]},{"@type":"Person","@id":"https:\/\/accesolatino.org\/#\/schema\/person\/10763acf0565833da11d915ac8549efd","name":"admin"}]}},"_links":{"self":[{"href":"https:\/\/accesolatino.org\/en\/wp-json\/wp\/v2\/posts\/14297","targetHints":{"allow":["GET"]}}],"collection":[{"href":"https:\/\/accesolatino.org\/en\/wp-json\/wp\/v2\/posts"}],"about":[{"href":"https:\/\/accesolatino.org\/en\/wp-json\/wp\/v2\/types\/post"}],"author":[{"embeddable":true,"href":"https:\/\/accesolatino.org\/en\/wp-json\/wp\/v2\/users\/1"}],"replies":[{"embeddable":true,"href":"https:\/\/accesolatino.org\/en\/wp-json\/wp\/v2\/comments?post=14297"}],"version-history":[{"count":1,"href":"https:\/\/accesolatino.org\/en\/wp-json\/wp\/v2\/posts\/14297\/revisions"}],"predecessor-version":[{"id":66609,"href":"https:\/\/accesolatino.org\/en\/wp-json\/wp\/v2\/posts\/14297\/revisions\/66609"}],"wp:featuredmedia":[{"embeddable":true,"href":"https:\/\/accesolatino.org\/en\/wp-json\/wp\/v2\/media\/14298"}],"wp:attachment":[{"href":"https:\/\/accesolatino.org\/en\/wp-json\/wp\/v2\/media?parent=14297"}],"wp:term":[{"taxonomy":"category","embeddable":true,"href":"https:\/\/accesolatino.org\/en\/wp-json\/wp\/v2\/categories?post=14297"},{"taxonomy":"post_tag","embeddable":true,"href":"https:\/\/accesolatino.org\/en\/wp-json\/wp\/v2\/tags?post=14297"}],"curies":[{"name":"wp","href":"https:\/\/api.w.org\/{rel}","templated":true}]}}