{"id":14263,"date":"2018-08-01T10:04:07","date_gmt":"2018-08-01T15:04:07","guid":{"rendered":"https:\/\/accesolatino.org\/?p=14263"},"modified":"2025-11-13T21:53:11","modified_gmt":"2025-11-14T03:53:11","slug":"conoce-el-programa-que-un-adolescente-crea-para-hijos-de-migrantes-en-riesgo-de-deportacion","status":"publish","type":"post","link":"https:\/\/accesolatino.org\/en\/conoce-el-programa-que-un-adolescente-crea-para-hijos-de-migrantes-en-riesgo-de-deportacion\/temas-de-interes\/","title":{"rendered":"Conoce el programa que un adolescente crea para hijos de migrantes en riesgo de deportaci\u00f3n"},"content":{"rendered":"<div data-elementor-type=\"wp-post\" data-elementor-id=\"14263\" class=\"elementor elementor-14263 elementor-bc-flex-widget\">\n\t\t\t\t\t\t<section class=\"elementor-section elementor-top-section elementor-element elementor-element-369f77a elementor-section-boxed elementor-section-height-default elementor-section-height-default wpr-particle-no wpr-jarallax-no wpr-parallax-no wpr-sticky-section-no wpr-equal-height-no\" data-id=\"369f77a\" data-element_type=\"section\" data-e-type=\"section\">\n\t\t\t\t\t\t<div class=\"elementor-container elementor-column-gap-default\">\n\t\t\t\t\t<div class=\"elementor-column elementor-col-100 elementor-top-column elementor-element elementor-element-8ef62e2\" data-id=\"8ef62e2\" data-element_type=\"column\" data-e-type=\"column\">\n\t\t\t<div class=\"elementor-widget-wrap elementor-element-populated\">\n\t\t\t\t\t\t<div class=\"elementor-element elementor-element-f218d38 elementor-widget elementor-widget-text-editor\" data-id=\"f218d38\" data-element_type=\"widget\" data-e-type=\"widget\" data-widget_type=\"text-editor.default\">\n\t\t\t\t<div class=\"elementor-widget-container\">\n\t\t\t\t\t\t\t\t\t<p>Una estudiante de secundaria superior dise\u00f1\u00f3 un programa de internet denominado \u2018In <a href=\"https:\/\/www.icodhelp.org\/\" target=\"_blank\" rel=\"noopener\">Case of Deportation\u2019 (I.C.O.D., por sus siglas en ingl\u00e9s)<\/a> que ayuda a los menores a prepararse para la posible deportaci\u00f3n de sus padres o de sus custodios legales.<\/p><p>Jody Bell, de 16 a\u00f1os, de la Greenwich High School, en Connecticut, coment\u00f3 que est\u00e1 idea se le ocurri\u00f3 tras escuchar que muchos amigos suyos no se animan a hablar con consejeros ni con adultos acerca del temor que sienten de que sus seres queridos sean deportados. Muchos, dice, tienen familiares que corren peligro de ser deportados en el marco de las pol\u00edticas de l\u00ednea dura del gobierno de Estados unidos hacia la inmigraci\u00f3n ilegal.<\/p><p>\u201cLo hablan con algunos amigos cercanos, como yo y algunos otros\u201d, dijo Bell. \u201cCreo que fue una de las primeras veces que comprend\u00ed que esto era algo serio\u201d.<\/p><p>La estudiante dijo que sab\u00eda que ten\u00eda \u201cque hacer algo\u201d pero no estaba segura de qu\u00e9. Hasta que un consejero le habl\u00f3 de una organizaci\u00f3n nueva de Connecticut llamada Girls With Impact que ofrece un programa de 12 semanas en el que muchachas adolescentes crean negocios, organizaciones sin fines de lucro u otros proyectos que pueden afectar el mundo y sus posibilidades de \u00e9xito en la vida.<\/p><p>Bell fue una de las primeras graduadas de esa \u201cminimaestr\u00eda\u201d, que complet\u00f3 a fines del 2017. Lanz\u00f3 finalmente su portal, In Case of Deportation (En caso de una deportaci\u00f3n) este mes.<\/p><p>Se trata de un programa online dirigido a menores de ocho a 18 a\u00f1os de edad, escrito en un lenguaje que los j\u00f3venes entienden, indic\u00f3 Bell. Explica lo que es la deportaci\u00f3n, c\u00f3mo hablar del tema con los familiares, cu\u00e1les son las opciones del menor si un padre o un custodio legal es deportado y lo que hay que tener en cuenta cuando se toman medidas preventivas con miras a una posible deportaci\u00f3n.<\/p><p>Bell dice que \u201cen algunas situaciones, tu padre o custodio puede ser detenido con miras a su deportaci\u00f3n sin siquiera despedirse o con pocos minutos para prepararte. Antes de que suceda esta detenci\u00f3n abrupta, es importante que t\u00fa y tu familia est\u00e9n preparados en caso de una emergencia por deportaci\u00f3n\u201d.<\/p><p>La adolescente recomienda algunas medidas pr\u00e1cticas, como asegurarse de que los menores tengan llaves de la casa y copias de sus historias m\u00e9dicas, y sepan tambi\u00e9n d\u00f3nde buscar ayuda legal y financiera. Consigui\u00f3 toda la informaci\u00f3n durante meses de investigaci\u00f3n y de consultas con expertos, incluidos grupos de activistas, abogados de inmigraci\u00f3n y funcionarios.<\/p><p>Para ti que requieres de apoyo legal en materia migratoria, te ofrecemos la herramienta <a href=\"https:\/\/accesolatino.org\/en\/orientacion-legal\/\">\u201cOrientaci\u00f3n Legal\u201d<\/a> que cuenta con informaci\u00f3n de abogados gratuitos o de bajo costo, as\u00ed como l\u00edneas telef\u00f3nicas de ayuda para casos de deportaci\u00f3n y otras herramientas de ayuda para situaciones distintas a las que se enfrentan los inmigrantes en Estados Unidos.<\/p><p>Todos los migrantes que se encuentran en Estados Unidos sin importar su situaci\u00f3n migratoria, al igual que los que est\u00e1n de regreso en M\u00e9xico, deben conocer sus derechos, por lo que <strong>Acceso Latino<\/strong> brinda la herramienta <a href=\"https:\/\/accesolatino.org\/en\/conoce-y-protege-tus-derechos-laborales-basicos\/derecho\/\">\u201cTus Derechos\u201d<\/a>. Adem\u00e1s, te brinda la herramienta para interponer una queja ante la CNDH en caso de ser v\u00edctima de violaci\u00f3n a tus derechos humanos en territorio mexicano.<\/p>\t\t\t\t\t\t\t\t<\/div>\n\t\t\t\t<\/div>\n\t\t\t\t\t<\/div>\n\t\t<\/div>\n\t\t\t\t\t<\/div>\n\t\t<\/section>\n\t\t\t\t<\/div>","protected":false},"excerpt":{"rendered":"<p>Una estudiante de secundaria superior dise\u00f1\u00f3 un programa de internet denominado \u2018In Case of Deportation\u2019 (I.C.O.D., por sus siglas en ingl\u00e9s) que ayuda a los menores a prepararse para la posible deportaci\u00f3n de sus padres o de sus custodios legales. Jody Bell, de 16 a\u00f1os, de la Greenwich High School, en Connecticut, coment\u00f3 que est\u00e1 idea se le ocurri\u00f3 tras escuchar que muchos amigos suyos no se animan a hablar con consejeros ni con adultos acerca del temor que sienten de que sus seres queridos sean deportados. Muchos, dice, tienen familiares que corren peligro de ser deportados en el marco de las pol\u00edticas de l\u00ednea dura del gobierno de Estados unidos hacia la inmigraci\u00f3n ilegal. \u201cLo hablan con algunos amigos cercanos, como yo y algunos otros\u201d, dijo Bell. \u201cCreo que fue una de las primeras veces que comprend\u00ed que esto era algo serio\u201d. La estudiante dijo que sab\u00eda que ten\u00eda \u201cque hacer algo\u201d pero no estaba segura de qu\u00e9. Hasta que un consejero le habl\u00f3 de una organizaci\u00f3n nueva de Connecticut llamada Girls With Impact que ofrece un programa de 12 semanas en el que muchachas adolescentes crean negocios, organizaciones sin fines de lucro u otros proyectos que pueden afectar el mundo y sus posibilidades de \u00e9xito en la vida. Bell fue una de las primeras graduadas de esa \u201cminimaestr\u00eda\u201d, que complet\u00f3 a fines del 2017. Lanz\u00f3 finalmente su portal, In Case of Deportation (En caso de una deportaci\u00f3n) este mes. Se trata de un programa online dirigido a menores de ocho a 18 a\u00f1os de edad, escrito en un lenguaje que los j\u00f3venes entienden, indic\u00f3 Bell. Explica lo que es la deportaci\u00f3n, c\u00f3mo hablar del tema con los familiares, cu\u00e1les son las opciones del menor si un padre o un custodio legal es deportado y lo que hay que tener en cuenta cuando se toman medidas preventivas con miras a una posible deportaci\u00f3n. Bell dice que \u201cen algunas situaciones, tu padre o custodio puede ser detenido con miras a su deportaci\u00f3n sin siquiera despedirse o con pocos minutos para prepararte. Antes de que suceda esta detenci\u00f3n abrupta, es importante que t\u00fa y tu familia est\u00e9n preparados en caso de una emergencia por deportaci\u00f3n\u201d. La adolescente recomienda algunas medidas pr\u00e1cticas, como asegurarse de que los menores tengan llaves de la casa y copias de sus historias m\u00e9dicas, y sepan tambi\u00e9n d\u00f3nde buscar ayuda legal y financiera. Consigui\u00f3 toda la informaci\u00f3n durante meses de investigaci\u00f3n y de consultas con expertos, incluidos grupos de activistas, abogados de inmigraci\u00f3n y funcionarios. Para ti que requieres de apoyo legal en materia migratoria, te ofrecemos la herramienta \u201cOrientaci\u00f3n Legal\u201d que cuenta con informaci\u00f3n de abogados gratuitos o de bajo costo, as\u00ed como l\u00edneas telef\u00f3nicas de ayuda para casos de deportaci\u00f3n y otras herramientas de ayuda para situaciones distintas a las que se enfrentan los inmigrantes en Estados Unidos. Todos los migrantes que se encuentran en Estados Unidos sin importar su situaci\u00f3n migratoria, al igual que los que est\u00e1n de regreso en M\u00e9xico, deben conocer sus derechos, por lo que Acceso Latino brinda la herramienta \u201cTus Derechos\u201d. Adem\u00e1s, te brinda la herramienta para interponer una queja ante la CNDH en caso de ser v\u00edctima de violaci\u00f3n a tus derechos humanos en territorio mexicano.<\/p>","protected":false},"author":1,"featured_media":14264,"comment_status":"open","ping_status":"open","sticky":false,"template":"elementor_header_footer","format":"standard","meta":{"_uf_show_specific_survey":0,"_uf_disable_surveys":false,"footnotes":""},"categories":[10,1],"tags":[],"class_list":["post-14263","post","type-post","status-publish","format-standard","has-post-thumbnail","hentry","category-noticias","category-temas-de-interes"],"aioseo_notices":[],"yoast_head":"<!-- This site is optimized with the Yoast SEO plugin v27.5 - https:\/\/yoast.com\/product\/yoast-seo-wordpress\/ -->\n<title>Conoce el programa que un adolescente crea para hijos de migrantes en riesgo de deportaci\u00f3n<\/title>\n<meta name=\"description\" content=\"Una estudiante dise\u00f1\u00f3 un programa denominado \u2018In Case of Deportation\u2019 que ayuda a menores a prepararse para la posible deportaci\u00f3n de sus padres...\" \/>\n<meta name=\"robots\" content=\"index, follow, max-snippet:-1, max-image-preview:large, max-video-preview:-1\" \/>\n<link rel=\"canonical\" href=\"https:\/\/accesolatino.org\/en\/conoce-el-programa-que-un-adolescente-crea-para-hijos-de-migrantes-en-riesgo-de-deportacion\/temas-de-interes\/\" \/>\n<meta property=\"og:locale\" content=\"en_US\" \/>\n<meta property=\"og:type\" content=\"article\" \/>\n<meta property=\"og:title\" content=\"Conoce el programa que un adolescente crea para hijos de migrantes en riesgo de deportaci\u00f3n\" \/>\n<meta property=\"og:description\" content=\"Una estudiante dise\u00f1\u00f3 un programa denominado \u2018In Case of Deportation\u2019 que ayuda a menores a prepararse para la posible deportaci\u00f3n de sus padres...\" \/>\n<meta property=\"og:url\" content=\"https:\/\/accesolatino.org\/en\/conoce-el-programa-que-un-adolescente-crea-para-hijos-de-migrantes-en-riesgo-de-deportacion\/temas-de-interes\/\" \/>\n<meta property=\"og:site_name\" content=\"Acceso Latino\" \/>\n<meta property=\"article:publisher\" content=\"https:\/\/www.facebook.com\/AccesoLatinoOrg\" \/>\n<meta property=\"article:published_time\" content=\"2018-08-01T15:04:07+00:00\" \/>\n<meta property=\"article:modified_time\" content=\"2025-11-14T03:53:11+00:00\" \/>\n<meta property=\"og:image\" content=\"https:\/\/accesolatino.org\/wp-content\/uploads\/2018\/08\/Conoce-el-programa-que-un-adolescente-crea-para-hijos-de-migrantes-en-riesgo-de-deportacion.jpg\" \/>\n\t<meta property=\"og:image:width\" content=\"600\" \/>\n\t<meta property=\"og:image:height\" content=\"338\" \/>\n\t<meta property=\"og:image:type\" content=\"image\/jpeg\" \/>\n<meta name=\"author\" content=\"admin\" \/>\n<meta name=\"twitter:card\" content=\"summary_large_image\" \/>\n<meta name=\"twitter:creator\" content=\"@FAccLatino\" \/>\n<meta name=\"twitter:site\" content=\"@FAccLatino\" \/>\n<meta name=\"twitter:label1\" content=\"Written by\" \/>\n\t<meta name=\"twitter:data1\" content=\"admin\" \/>\n\t<meta name=\"twitter:label2\" content=\"Est. reading time\" \/>\n\t<meta name=\"twitter:data2\" content=\"3 minutes\" \/>\n<script type=\"application\/ld+json\" class=\"yoast-schema-graph\">{\"@context\":\"https:\\\/\\\/schema.org\",\"@graph\":[{\"@type\":\"Article\",\"@id\":\"https:\\\/\\\/accesolatino.org\\\/conoce-el-programa-que-un-adolescente-crea-para-hijos-de-migrantes-en-riesgo-de-deportacion\\\/temas-de-interes\\\/#article\",\"isPartOf\":{\"@id\":\"https:\\\/\\\/accesolatino.org\\\/conoce-el-programa-que-un-adolescente-crea-para-hijos-de-migrantes-en-riesgo-de-deportacion\\\/temas-de-interes\\\/\"},\"author\":{\"name\":\"admin\",\"@id\":\"https:\\\/\\\/accesolatino.org\\\/#\\\/schema\\\/person\\\/10763acf0565833da11d915ac8549efd\"},\"headline\":\"Conoce el programa que un adolescente crea para hijos de migrantes en riesgo de deportaci\u00f3n\",\"datePublished\":\"2018-08-01T15:04:07+00:00\",\"dateModified\":\"2025-11-14T03:53:11+00:00\",\"mainEntityOfPage\":{\"@id\":\"https:\\\/\\\/accesolatino.org\\\/conoce-el-programa-que-un-adolescente-crea-para-hijos-de-migrantes-en-riesgo-de-deportacion\\\/temas-de-interes\\\/\"},\"wordCount\":591,\"commentCount\":0,\"publisher\":{\"@id\":\"https:\\\/\\\/accesolatino.org\\\/#organization\"},\"image\":{\"@id\":\"https:\\\/\\\/accesolatino.org\\\/conoce-el-programa-que-un-adolescente-crea-para-hijos-de-migrantes-en-riesgo-de-deportacion\\\/temas-de-interes\\\/#primaryimage\"},\"thumbnailUrl\":\"https:\\\/\\\/accesolatino.org\\\/wp-content\\\/uploads\\\/2018\\\/08\\\/Conoce-el-programa-que-un-adolescente-crea-para-hijos-de-migrantes-en-riesgo-de-deportacion.jpg\",\"articleSection\":[\"Noticias\",\"Temas de inter\u00e9s\"],\"inLanguage\":\"en-US\",\"potentialAction\":[{\"@type\":\"CommentAction\",\"name\":\"Comment\",\"target\":[\"https:\\\/\\\/accesolatino.org\\\/conoce-el-programa-que-un-adolescente-crea-para-hijos-de-migrantes-en-riesgo-de-deportacion\\\/temas-de-interes\\\/#respond\"]}]},{\"@type\":\"WebPage\",\"@id\":\"https:\\\/\\\/accesolatino.org\\\/conoce-el-programa-que-un-adolescente-crea-para-hijos-de-migrantes-en-riesgo-de-deportacion\\\/temas-de-interes\\\/\",\"url\":\"https:\\\/\\\/accesolatino.org\\\/conoce-el-programa-que-un-adolescente-crea-para-hijos-de-migrantes-en-riesgo-de-deportacion\\\/temas-de-interes\\\/\",\"name\":\"Conoce el programa que un adolescente crea para hijos de migrantes en riesgo de deportaci\u00f3n\",\"isPartOf\":{\"@id\":\"https:\\\/\\\/accesolatino.org\\\/#website\"},\"primaryImageOfPage\":{\"@id\":\"https:\\\/\\\/accesolatino.org\\\/conoce-el-programa-que-un-adolescente-crea-para-hijos-de-migrantes-en-riesgo-de-deportacion\\\/temas-de-interes\\\/#primaryimage\"},\"image\":{\"@id\":\"https:\\\/\\\/accesolatino.org\\\/conoce-el-programa-que-un-adolescente-crea-para-hijos-de-migrantes-en-riesgo-de-deportacion\\\/temas-de-interes\\\/#primaryimage\"},\"thumbnailUrl\":\"https:\\\/\\\/accesolatino.org\\\/wp-content\\\/uploads\\\/2018\\\/08\\\/Conoce-el-programa-que-un-adolescente-crea-para-hijos-de-migrantes-en-riesgo-de-deportacion.jpg\",\"datePublished\":\"2018-08-01T15:04:07+00:00\",\"dateModified\":\"2025-11-14T03:53:11+00:00\",\"description\":\"Una estudiante dise\u00f1\u00f3 un programa denominado \u2018In Case of Deportation\u2019 que ayuda a menores a prepararse para la posible deportaci\u00f3n de sus padres...\",\"breadcrumb\":{\"@id\":\"https:\\\/\\\/accesolatino.org\\\/conoce-el-programa-que-un-adolescente-crea-para-hijos-de-migrantes-en-riesgo-de-deportacion\\\/temas-de-interes\\\/#breadcrumb\"},\"inLanguage\":\"en-US\",\"potentialAction\":[{\"@type\":\"ReadAction\",\"target\":[\"https:\\\/\\\/accesolatino.org\\\/conoce-el-programa-que-un-adolescente-crea-para-hijos-de-migrantes-en-riesgo-de-deportacion\\\/temas-de-interes\\\/\"]}]},{\"@type\":\"ImageObject\",\"inLanguage\":\"en-US\",\"@id\":\"https:\\\/\\\/accesolatino.org\\\/conoce-el-programa-que-un-adolescente-crea-para-hijos-de-migrantes-en-riesgo-de-deportacion\\\/temas-de-interes\\\/#primaryimage\",\"url\":\"https:\\\/\\\/accesolatino.org\\\/wp-content\\\/uploads\\\/2018\\\/08\\\/Conoce-el-programa-que-un-adolescente-crea-para-hijos-de-migrantes-en-riesgo-de-deportacion.jpg\",\"contentUrl\":\"https:\\\/\\\/accesolatino.org\\\/wp-content\\\/uploads\\\/2018\\\/08\\\/Conoce-el-programa-que-un-adolescente-crea-para-hijos-de-migrantes-en-riesgo-de-deportacion.jpg\",\"width\":600,\"height\":338,\"caption\":\"Conoce el programa que un adolescente crea para hijos de migrantes en riesgo de deportaci\u00f3n\"},{\"@type\":\"BreadcrumbList\",\"@id\":\"https:\\\/\\\/accesolatino.org\\\/conoce-el-programa-que-un-adolescente-crea-para-hijos-de-migrantes-en-riesgo-de-deportacion\\\/temas-de-interes\\\/#breadcrumb\",\"itemListElement\":[{\"@type\":\"ListItem\",\"position\":1,\"name\":\"Portada\",\"item\":\"https:\\\/\\\/accesolatino.org\\\/\"},{\"@type\":\"ListItem\",\"position\":2,\"name\":\"Noticias\",\"item\":\"https:\\\/\\\/accesolatino.org\\\/category\\\/noticias\\\/\"},{\"@type\":\"ListItem\",\"position\":3,\"name\":\"Conoce el programa que un adolescente crea para hijos de migrantes en riesgo de deportaci\u00f3n\"}]},{\"@type\":\"WebSite\",\"@id\":\"https:\\\/\\\/accesolatino.org\\\/#website\",\"url\":\"https:\\\/\\\/accesolatino.org\\\/\",\"name\":\"Acceso Latino | Fundaci\u00f3n Carlos Slim\",\"description\":\"Fundaci\u00f3n Carlos Slim\",\"publisher\":{\"@id\":\"https:\\\/\\\/accesolatino.org\\\/#organization\"},\"potentialAction\":[{\"@type\":\"SearchAction\",\"target\":{\"@type\":\"EntryPoint\",\"urlTemplate\":\"https:\\\/\\\/accesolatino.org\\\/?s={search_term_string}\"},\"query-input\":{\"@type\":\"PropertyValueSpecification\",\"valueRequired\":true,\"valueName\":\"search_term_string\"}}],\"inLanguage\":\"en-US\"},{\"@type\":\"Organization\",\"@id\":\"https:\\\/\\\/accesolatino.org\\\/#organization\",\"name\":\"Acceso Latino | Fundaci\u00f3n Carlos Slim\",\"url\":\"https:\\\/\\\/accesolatino.org\\\/\",\"logo\":{\"@type\":\"ImageObject\",\"inLanguage\":\"en-US\",\"@id\":\"https:\\\/\\\/accesolatino.org\\\/#\\\/schema\\\/logo\\\/image\\\/\",\"url\":\"https:\\\/\\\/accesolatino.org\\\/wp-content\\\/uploads\\\/2021\\\/02\\\/logo-footer-acceso-latino.png\",\"contentUrl\":\"https:\\\/\\\/accesolatino.org\\\/wp-content\\\/uploads\\\/2021\\\/02\\\/logo-footer-acceso-latino.png\",\"width\":240,\"height\":40,\"caption\":\"Acceso Latino | Fundaci\u00f3n Carlos Slim\"},\"image\":{\"@id\":\"https:\\\/\\\/accesolatino.org\\\/#\\\/schema\\\/logo\\\/image\\\/\"},\"sameAs\":[\"https:\\\/\\\/www.facebook.com\\\/AccesoLatinoOrg\",\"https:\\\/\\\/x.com\\\/FAccLatino\"]},{\"@type\":\"Person\",\"@id\":\"https:\\\/\\\/accesolatino.org\\\/#\\\/schema\\\/person\\\/10763acf0565833da11d915ac8549efd\",\"name\":\"admin\"}]}<\/script>\n<!-- \/ Yoast SEO plugin. -->","yoast_head_json":{"title":"Conoce el programa que un adolescente crea para hijos de migrantes en riesgo de deportaci\u00f3n","description":"Una estudiante dise\u00f1\u00f3 un programa denominado \u2018In Case of Deportation\u2019 que ayuda a menores a prepararse para la posible deportaci\u00f3n de sus padres...","robots":{"index":"index","follow":"follow","max-snippet":"max-snippet:-1","max-image-preview":"max-image-preview:large","max-video-preview":"max-video-preview:-1"},"canonical":"https:\/\/accesolatino.org\/en\/conoce-el-programa-que-un-adolescente-crea-para-hijos-de-migrantes-en-riesgo-de-deportacion\/temas-de-interes\/","og_locale":"en_US","og_type":"article","og_title":"Conoce el programa que un adolescente crea para hijos de migrantes en riesgo de deportaci\u00f3n","og_description":"Una estudiante dise\u00f1\u00f3 un programa denominado \u2018In Case of Deportation\u2019 que ayuda a menores a prepararse para la posible deportaci\u00f3n de sus padres...","og_url":"https:\/\/accesolatino.org\/en\/conoce-el-programa-que-un-adolescente-crea-para-hijos-de-migrantes-en-riesgo-de-deportacion\/temas-de-interes\/","og_site_name":"Acceso Latino","article_publisher":"https:\/\/www.facebook.com\/AccesoLatinoOrg","article_published_time":"2018-08-01T15:04:07+00:00","article_modified_time":"2025-11-14T03:53:11+00:00","og_image":[{"width":600,"height":338,"url":"https:\/\/accesolatino.org\/wp-content\/uploads\/2018\/08\/Conoce-el-programa-que-un-adolescente-crea-para-hijos-de-migrantes-en-riesgo-de-deportacion.jpg","type":"image\/jpeg"}],"author":"admin","twitter_card":"summary_large_image","twitter_creator":"@FAccLatino","twitter_site":"@FAccLatino","twitter_misc":{"Written by":"admin","Est. reading time":"3 minutes"},"schema":{"@context":"https:\/\/schema.org","@graph":[{"@type":"Article","@id":"https:\/\/accesolatino.org\/conoce-el-programa-que-un-adolescente-crea-para-hijos-de-migrantes-en-riesgo-de-deportacion\/temas-de-interes\/#article","isPartOf":{"@id":"https:\/\/accesolatino.org\/conoce-el-programa-que-un-adolescente-crea-para-hijos-de-migrantes-en-riesgo-de-deportacion\/temas-de-interes\/"},"author":{"name":"admin","@id":"https:\/\/accesolatino.org\/#\/schema\/person\/10763acf0565833da11d915ac8549efd"},"headline":"Conoce el programa que un adolescente crea para hijos de migrantes en riesgo de deportaci\u00f3n","datePublished":"2018-08-01T15:04:07+00:00","dateModified":"2025-11-14T03:53:11+00:00","mainEntityOfPage":{"@id":"https:\/\/accesolatino.org\/conoce-el-programa-que-un-adolescente-crea-para-hijos-de-migrantes-en-riesgo-de-deportacion\/temas-de-interes\/"},"wordCount":591,"commentCount":0,"publisher":{"@id":"https:\/\/accesolatino.org\/#organization"},"image":{"@id":"https:\/\/accesolatino.org\/conoce-el-programa-que-un-adolescente-crea-para-hijos-de-migrantes-en-riesgo-de-deportacion\/temas-de-interes\/#primaryimage"},"thumbnailUrl":"https:\/\/accesolatino.org\/wp-content\/uploads\/2018\/08\/Conoce-el-programa-que-un-adolescente-crea-para-hijos-de-migrantes-en-riesgo-de-deportacion.jpg","articleSection":["Noticias","Temas de inter\u00e9s"],"inLanguage":"en-US","potentialAction":[{"@type":"CommentAction","name":"Comment","target":["https:\/\/accesolatino.org\/conoce-el-programa-que-un-adolescente-crea-para-hijos-de-migrantes-en-riesgo-de-deportacion\/temas-de-interes\/#respond"]}]},{"@type":"WebPage","@id":"https:\/\/accesolatino.org\/conoce-el-programa-que-un-adolescente-crea-para-hijos-de-migrantes-en-riesgo-de-deportacion\/temas-de-interes\/","url":"https:\/\/accesolatino.org\/conoce-el-programa-que-un-adolescente-crea-para-hijos-de-migrantes-en-riesgo-de-deportacion\/temas-de-interes\/","name":"Conoce el programa que un adolescente crea para hijos de migrantes en riesgo de deportaci\u00f3n","isPartOf":{"@id":"https:\/\/accesolatino.org\/#website"},"primaryImageOfPage":{"@id":"https:\/\/accesolatino.org\/conoce-el-programa-que-un-adolescente-crea-para-hijos-de-migrantes-en-riesgo-de-deportacion\/temas-de-interes\/#primaryimage"},"image":{"@id":"https:\/\/accesolatino.org\/conoce-el-programa-que-un-adolescente-crea-para-hijos-de-migrantes-en-riesgo-de-deportacion\/temas-de-interes\/#primaryimage"},"thumbnailUrl":"https:\/\/accesolatino.org\/wp-content\/uploads\/2018\/08\/Conoce-el-programa-que-un-adolescente-crea-para-hijos-de-migrantes-en-riesgo-de-deportacion.jpg","datePublished":"2018-08-01T15:04:07+00:00","dateModified":"2025-11-14T03:53:11+00:00","description":"Una estudiante dise\u00f1\u00f3 un programa denominado \u2018In Case of Deportation\u2019 que ayuda a menores a prepararse para la posible deportaci\u00f3n de sus padres...","breadcrumb":{"@id":"https:\/\/accesolatino.org\/conoce-el-programa-que-un-adolescente-crea-para-hijos-de-migrantes-en-riesgo-de-deportacion\/temas-de-interes\/#breadcrumb"},"inLanguage":"en-US","potentialAction":[{"@type":"ReadAction","target":["https:\/\/accesolatino.org\/conoce-el-programa-que-un-adolescente-crea-para-hijos-de-migrantes-en-riesgo-de-deportacion\/temas-de-interes\/"]}]},{"@type":"ImageObject","inLanguage":"en-US","@id":"https:\/\/accesolatino.org\/conoce-el-programa-que-un-adolescente-crea-para-hijos-de-migrantes-en-riesgo-de-deportacion\/temas-de-interes\/#primaryimage","url":"https:\/\/accesolatino.org\/wp-content\/uploads\/2018\/08\/Conoce-el-programa-que-un-adolescente-crea-para-hijos-de-migrantes-en-riesgo-de-deportacion.jpg","contentUrl":"https:\/\/accesolatino.org\/wp-content\/uploads\/2018\/08\/Conoce-el-programa-que-un-adolescente-crea-para-hijos-de-migrantes-en-riesgo-de-deportacion.jpg","width":600,"height":338,"caption":"Conoce el programa que un adolescente crea para hijos de migrantes en riesgo de deportaci\u00f3n"},{"@type":"BreadcrumbList","@id":"https:\/\/accesolatino.org\/conoce-el-programa-que-un-adolescente-crea-para-hijos-de-migrantes-en-riesgo-de-deportacion\/temas-de-interes\/#breadcrumb","itemListElement":[{"@type":"ListItem","position":1,"name":"Portada","item":"https:\/\/accesolatino.org\/"},{"@type":"ListItem","position":2,"name":"Noticias","item":"https:\/\/accesolatino.org\/category\/noticias\/"},{"@type":"ListItem","position":3,"name":"Conoce el programa que un adolescente crea para hijos de migrantes en riesgo de deportaci\u00f3n"}]},{"@type":"WebSite","@id":"https:\/\/accesolatino.org\/#website","url":"https:\/\/accesolatino.org\/","name":"Acceso Latino | Fundaci\u00f3n Carlos Slim","description":"Fundaci\u00f3n Carlos Slim","publisher":{"@id":"https:\/\/accesolatino.org\/#organization"},"potentialAction":[{"@type":"SearchAction","target":{"@type":"EntryPoint","urlTemplate":"https:\/\/accesolatino.org\/?s={search_term_string}"},"query-input":{"@type":"PropertyValueSpecification","valueRequired":true,"valueName":"search_term_string"}}],"inLanguage":"en-US"},{"@type":"Organization","@id":"https:\/\/accesolatino.org\/#organization","name":"Acceso Latino | Fundaci\u00f3n Carlos Slim","url":"https:\/\/accesolatino.org\/","logo":{"@type":"ImageObject","inLanguage":"en-US","@id":"https:\/\/accesolatino.org\/#\/schema\/logo\/image\/","url":"https:\/\/accesolatino.org\/wp-content\/uploads\/2021\/02\/logo-footer-acceso-latino.png","contentUrl":"https:\/\/accesolatino.org\/wp-content\/uploads\/2021\/02\/logo-footer-acceso-latino.png","width":240,"height":40,"caption":"Acceso Latino | Fundaci\u00f3n Carlos Slim"},"image":{"@id":"https:\/\/accesolatino.org\/#\/schema\/logo\/image\/"},"sameAs":["https:\/\/www.facebook.com\/AccesoLatinoOrg","https:\/\/x.com\/FAccLatino"]},{"@type":"Person","@id":"https:\/\/accesolatino.org\/#\/schema\/person\/10763acf0565833da11d915ac8549efd","name":"admin"}]}},"_links":{"self":[{"href":"https:\/\/accesolatino.org\/en\/wp-json\/wp\/v2\/posts\/14263","targetHints":{"allow":["GET"]}}],"collection":[{"href":"https:\/\/accesolatino.org\/en\/wp-json\/wp\/v2\/posts"}],"about":[{"href":"https:\/\/accesolatino.org\/en\/wp-json\/wp\/v2\/types\/post"}],"author":[{"embeddable":true,"href":"https:\/\/accesolatino.org\/en\/wp-json\/wp\/v2\/users\/1"}],"replies":[{"embeddable":true,"href":"https:\/\/accesolatino.org\/en\/wp-json\/wp\/v2\/comments?post=14263"}],"version-history":[{"count":1,"href":"https:\/\/accesolatino.org\/en\/wp-json\/wp\/v2\/posts\/14263\/revisions"}],"predecessor-version":[{"id":68718,"href":"https:\/\/accesolatino.org\/en\/wp-json\/wp\/v2\/posts\/14263\/revisions\/68718"}],"wp:featuredmedia":[{"embeddable":true,"href":"https:\/\/accesolatino.org\/en\/wp-json\/wp\/v2\/media\/14264"}],"wp:attachment":[{"href":"https:\/\/accesolatino.org\/en\/wp-json\/wp\/v2\/media?parent=14263"}],"wp:term":[{"taxonomy":"category","embeddable":true,"href":"https:\/\/accesolatino.org\/en\/wp-json\/wp\/v2\/categories?post=14263"},{"taxonomy":"post_tag","embeddable":true,"href":"https:\/\/accesolatino.org\/en\/wp-json\/wp\/v2\/tags?post=14263"}],"curies":[{"name":"wp","href":"https:\/\/api.w.org\/{rel}","templated":true}]}}