{"id":14141,"date":"2018-07-25T10:04:18","date_gmt":"2018-07-25T15:04:18","guid":{"rendered":"https:\/\/accesolatino.org\/?p=14141"},"modified":"2025-10-27T12:44:33","modified_gmt":"2025-10-27T18:44:33","slug":"orlando-con-su-nueva-resolucion-mantiene-su-proteccion-a-los-inmigrantes","status":"publish","type":"post","link":"https:\/\/accesolatino.org\/en\/orlando-con-su-nueva-resolucion-mantiene-su-proteccion-a-los-inmigrantes\/noticias\/","title":{"rendered":"Orlando con su nueva resoluci\u00f3n mantiene su protecci\u00f3n a los inmigrantes"},"content":{"rendered":"<div data-elementor-type=\"wp-post\" data-elementor-id=\"14141\" class=\"elementor elementor-14141 elementor-bc-flex-widget\">\n\t\t\t\t\t\t<section class=\"elementor-section elementor-top-section elementor-element elementor-element-369f77a elementor-section-boxed elementor-section-height-default elementor-section-height-default wpr-particle-no wpr-jarallax-no wpr-parallax-no wpr-sticky-section-no wpr-equal-height-no\" data-id=\"369f77a\" data-element_type=\"section\" data-e-type=\"section\">\n\t\t\t\t\t\t<div class=\"elementor-container elementor-column-gap-default\">\n\t\t\t\t\t<div class=\"elementor-column elementor-col-100 elementor-top-column elementor-element elementor-element-8ef62e2\" data-id=\"8ef62e2\" data-element_type=\"column\" data-e-type=\"column\">\n\t\t\t<div class=\"elementor-widget-wrap elementor-element-populated\">\n\t\t\t\t\t\t<div class=\"elementor-element elementor-element-f218d38 elementor-widget elementor-widget-text-editor\" data-id=\"f218d38\" data-element_type=\"widget\" data-e-type=\"widget\" data-widget_type=\"text-editor.default\">\n\t\t\t\t<div class=\"elementor-widget-container\">\n\t\t\t\t\t\t\t\t\t<p>La ciudad de Orlando, Florida aprob\u00f3 una resoluci\u00f3n que proh\u00edbe a los funcionarios y a la Polic\u00eda local cuestionar el estatus migratorio de sus residentes.<\/p><p>La medida, aprobada de manera un\u00e1nime por el Concejo de esta ciudad, convierte a esta tur\u00edstica urbe en la primera del sur del pa\u00eds en adoptar una medida de este tipo, seg\u00fan sus promotores, la Coalici\u00f3n Trust Orlando, integrada por treinta organizaciones.<\/p><p>\u00a0\u201c(Orlando) es una de las ciudades de m\u00e1s r\u00e1pido crecimiento y su comunidad inmigrante forma una parte vital de este crecimiento, en realidad casi un cuarto de los negocios que tenemos en el \u00e1rea metropolitana son propiedad de inmigrantes\u201d, coment\u00f3 Buddy Dyer, el alcalde de la ciudad.<\/p><p>Dyer reconoci\u00f3 que entre la comunidad inmigrante hay temores y ansiedad por la pol\u00edtica migratoria de la actual Administraci\u00f3n del presidente de Estados Unidos.<\/p><p>\u201cAfirmo, ratifico, nuestro compromiso de inclusi\u00f3n y de confianza entre nuestros agentes policiales y la comunidad, especialmente de aquellos con miedo debido a su estatus migratorio\u201d, insisti\u00f3 Dyer.<\/p><p>El texto de la resoluci\u00f3n, impulsada por el concejal de origen puertorrique\u00f1o Tony Ortiz, explica que es vital para la seguridad de esa ciudad contar la asistencia de cualquier persona que haya sido v\u00edctima o haya presenciado un crimen sin importar su condici\u00f3n migratoria.<\/p><p>\u201cNing\u00fan residente que respete las leyes ser\u00e1 de manera rutinaria requerida a proveer su estatus migratorio durante cualquier investigaci\u00f3n que ejecute la Polic\u00eda de Orlando\u201d, se lee en el documento de dos p\u00e1ginas.<\/p><p>La nueva medida aplica a los conductores que comentan alguna infracci\u00f3n de tr\u00e1nsito no criminal, a v\u00edctimas de cr\u00edmenes, testigos, personas que reporten un crimen y otros que de manera rutinaria mantienen contacto con la Polic\u00eda.<\/p><p>La resoluci\u00f3n recalca que Orlando est\u00e1 comprometida no obstante \u201ca cumplir con la Constituci\u00f3n de Estados Unidos, y con cualquier ley o estatus federal, estatal o local que aplique a las leyes migratorias\u201d.<\/p><p>Resalta tambi\u00e9n que esta ciudad no cuenta con c\u00e1rceles ni ning\u00fan centro de detenci\u00f3n de indocumentados, por lo que la Polic\u00eda \u201cno puede, ni lo har\u00e1\u201d, detener a individuos en base solo a su situaci\u00f3n migratoria \u201ca menos que sea requerido por la ley\u201d.<\/p><p>Durante la sesi\u00f3n, el comisionado Ortiz dijo que se asegurar\u00e1n de que la Polic\u00eda tramite de manera diligente el certificado que permite a v\u00edctimas de cr\u00edmenes, o a quienes cooperan con las autoridades en la persecuci\u00f3n de actividades criminales, solicitar la visa U ante el Departamento de Inmigraci\u00f3n de Estados Unidos.<\/p><p><strong>Acceso Latino<\/strong> brinda su apoyo a los inmigrantes latinoamericanos en Estados Unidos proporcionando diferentes herramientas de ayuda en l\u00ednea totalmente gratuitas como <a href=\"https:\/\/accesolatino.org\/en\/orientacion-legal\/\">orientaci\u00f3n legal<\/a>,<a href=\"https:\/\/accesolatino.org\/en\/salud\/\"> orientaci\u00f3n psicol\u00f3gica<\/a>, <a href=\"https:\/\/accesolatino.org\/en\/buscas-empleo\/\">capacitaci\u00f3n en oficios<\/a> and <a href=\"https:\/\/accesolatino.org\/en\/tus-derechos\/\">informaci\u00f3n sobre tus derechos<\/a>, entre otras.<\/p>\t\t\t\t\t\t\t\t<\/div>\n\t\t\t\t<\/div>\n\t\t\t\t\t<\/div>\n\t\t<\/div>\n\t\t\t\t\t<\/div>\n\t\t<\/section>\n\t\t\t\t<\/div>","protected":false},"excerpt":{"rendered":"<p>Adquirir una vivienda en Estados Unidos no es imposible para los extranjeros que acaban de llegar al pa\u00eds. El gobierno de la Uni\u00f3n Americana otorga facilidades a los compradores para que dejen de pagar renta e inviertan en su propio hogar. Lo primero que debes hacer es elaborar una lista con todo lo que deseas encontrar en una casa, como lugares de estacionamiento, \u00e1reas verdes o varias habitaciones. Puedes recurrir a un agente de bienes ra\u00edces para que te d\u00e9 un presupuesto de cu\u00e1nto podr\u00eda costarte una vivienda con las caracter\u00edsticas que quieres. Despu\u00e9s, tendr\u00e1s que definir el presupuesto con el que cuentas para adquirir tu nuevo hogar y analizar el tiempo en el que podr\u00edas conseguir todo el dinero para la compra, si es que no cuentas con el monto total. Si no te alcanza el dinero para la casa que deseas, puedes solicitar un pr\u00e9stamo hipotecario a la Administraci\u00f3n Federal de Vivienda, pues cuenta con un programa de ayuda para compradores primerizos. Tambi\u00e9n existen los Programas de Vales de Elecci\u00f3n de Vivienda (HUD), que ayuda a las personas con pocos ingresos econ\u00f3micos a adquirir inmuebles de bajo costo. Para que no pagues de m\u00e1s por una casa puedes contratar a un valuador que verifique el estado de la casa y te brinde argumentos para negociar el precio que pide el vendedor. Si necesitas m\u00e1s ayuda para el proceso de compra en cada estado del pa\u00eds, puedes llamar al Centro de Asesor\u00eda de Vivienda al marcar el 1-800-569-4287 y marcar la opci\u00f3n dos para recibir atenci\u00f3n en espa\u00f1ol. Asimismo, los migrantes que radican en Estados Unidos o que est\u00e1n de regreso en M\u00e9xico encontrar\u00e1n en Acceso Latino nuestra herramienta de \u201cApoyos Sociales\u201d, que les facilitar\u00e1 el acceso a un programa federal de vivienda, as\u00ed como a otro tipo de apoyos que ofrece el gobierno estadounidense y mexicano.<\/p>","protected":false},"author":1,"featured_media":14142,"comment_status":"open","ping_status":"open","sticky":false,"template":"elementor_header_footer","format":"standard","meta":{"_uf_show_specific_survey":0,"_uf_disable_surveys":false,"footnotes":""},"categories":[10,1],"tags":[],"class_list":["post-14141","post","type-post","status-publish","format-standard","has-post-thumbnail","hentry","category-noticias","category-temas-de-interes"],"aioseo_notices":[],"yoast_head":"<!-- This site is optimized with the Yoast SEO plugin v27.5 - https:\/\/yoast.com\/product\/yoast-seo-wordpress\/ -->\n<title>Orlando con su nueva resoluci\u00f3n mantiene su protecci\u00f3n a los inmigrantes<\/title>\n<meta name=\"description\" content=\"La ciudad de Orlando, Florida aprob\u00f3 una resoluci\u00f3n que proh\u00edbe a los funcionarios y a la Polic\u00eda local cuestionar el estatus migratorio de sus residentes.\" \/>\n<meta name=\"robots\" content=\"index, follow, max-snippet:-1, max-image-preview:large, max-video-preview:-1\" \/>\n<link rel=\"canonical\" href=\"https:\/\/accesolatino.org\/en\/orlando-con-su-nueva-resolucion-mantiene-su-proteccion-a-los-inmigrantes\/noticias\/\" \/>\n<meta property=\"og:locale\" content=\"en_US\" \/>\n<meta property=\"og:type\" content=\"article\" \/>\n<meta property=\"og:title\" content=\"Orlando con su nueva resoluci\u00f3n mantiene su protecci\u00f3n a los inmigrantes\" \/>\n<meta property=\"og:description\" content=\"La ciudad de Orlando, Florida aprob\u00f3 una resoluci\u00f3n que proh\u00edbe a los funcionarios y a la Polic\u00eda local cuestionar el estatus migratorio de sus residentes.\" \/>\n<meta property=\"og:url\" content=\"https:\/\/accesolatino.org\/en\/orlando-con-su-nueva-resolucion-mantiene-su-proteccion-a-los-inmigrantes\/noticias\/\" \/>\n<meta property=\"og:site_name\" content=\"Acceso Latino\" \/>\n<meta property=\"article:publisher\" content=\"https:\/\/www.facebook.com\/AccesoLatinoOrg\" \/>\n<meta property=\"article:published_time\" content=\"2018-07-25T15:04:18+00:00\" \/>\n<meta property=\"article:modified_time\" content=\"2025-10-27T18:44:33+00:00\" \/>\n<meta property=\"og:image\" content=\"https:\/\/accesolatino.org\/wp-content\/uploads\/2018\/07\/Orlando-con-su-nueva-resolucion-mantiene-su-proteccion-a-los-inmigrantes.jpg\" \/>\n\t<meta property=\"og:image:width\" content=\"600\" \/>\n\t<meta property=\"og:image:height\" content=\"338\" \/>\n\t<meta property=\"og:image:type\" content=\"image\/jpeg\" \/>\n<meta name=\"author\" content=\"admin\" \/>\n<meta name=\"twitter:card\" content=\"summary_large_image\" \/>\n<meta name=\"twitter:creator\" content=\"@FAccLatino\" \/>\n<meta name=\"twitter:site\" content=\"@FAccLatino\" \/>\n<meta name=\"twitter:label1\" content=\"Written by\" \/>\n\t<meta name=\"twitter:data1\" content=\"admin\" \/>\n\t<meta name=\"twitter:label2\" content=\"Est. reading time\" \/>\n\t<meta name=\"twitter:data2\" content=\"2 minutes\" \/>\n<script type=\"application\/ld+json\" class=\"yoast-schema-graph\">{\"@context\":\"https:\\\/\\\/schema.org\",\"@graph\":[{\"@type\":\"Article\",\"@id\":\"https:\\\/\\\/accesolatino.org\\\/orlando-con-su-nueva-resolucion-mantiene-su-proteccion-a-los-inmigrantes\\\/noticias\\\/#article\",\"isPartOf\":{\"@id\":\"https:\\\/\\\/accesolatino.org\\\/orlando-con-su-nueva-resolucion-mantiene-su-proteccion-a-los-inmigrantes\\\/noticias\\\/\"},\"author\":{\"name\":\"admin\",\"@id\":\"https:\\\/\\\/accesolatino.org\\\/#\\\/schema\\\/person\\\/10763acf0565833da11d915ac8549efd\"},\"headline\":\"Orlando con su nueva resoluci\u00f3n mantiene su protecci\u00f3n a los inmigrantes\",\"datePublished\":\"2018-07-25T15:04:18+00:00\",\"dateModified\":\"2025-10-27T18:44:33+00:00\",\"mainEntityOfPage\":{\"@id\":\"https:\\\/\\\/accesolatino.org\\\/orlando-con-su-nueva-resolucion-mantiene-su-proteccion-a-los-inmigrantes\\\/noticias\\\/\"},\"wordCount\":347,\"commentCount\":0,\"publisher\":{\"@id\":\"https:\\\/\\\/accesolatino.org\\\/#organization\"},\"image\":{\"@id\":\"https:\\\/\\\/accesolatino.org\\\/orlando-con-su-nueva-resolucion-mantiene-su-proteccion-a-los-inmigrantes\\\/noticias\\\/#primaryimage\"},\"thumbnailUrl\":\"https:\\\/\\\/accesolatino.org\\\/wp-content\\\/uploads\\\/2018\\\/07\\\/Orlando-con-su-nueva-resolucion-mantiene-su-proteccion-a-los-inmigrantes.jpg\",\"articleSection\":[\"Noticias\",\"Temas de inter\u00e9s\"],\"inLanguage\":\"en-US\",\"potentialAction\":[{\"@type\":\"CommentAction\",\"name\":\"Comment\",\"target\":[\"https:\\\/\\\/accesolatino.org\\\/orlando-con-su-nueva-resolucion-mantiene-su-proteccion-a-los-inmigrantes\\\/noticias\\\/#respond\"]}]},{\"@type\":\"WebPage\",\"@id\":\"https:\\\/\\\/accesolatino.org\\\/orlando-con-su-nueva-resolucion-mantiene-su-proteccion-a-los-inmigrantes\\\/noticias\\\/\",\"url\":\"https:\\\/\\\/accesolatino.org\\\/orlando-con-su-nueva-resolucion-mantiene-su-proteccion-a-los-inmigrantes\\\/noticias\\\/\",\"name\":\"Orlando con su nueva resoluci\u00f3n mantiene su protecci\u00f3n a los inmigrantes\",\"isPartOf\":{\"@id\":\"https:\\\/\\\/accesolatino.org\\\/#website\"},\"primaryImageOfPage\":{\"@id\":\"https:\\\/\\\/accesolatino.org\\\/orlando-con-su-nueva-resolucion-mantiene-su-proteccion-a-los-inmigrantes\\\/noticias\\\/#primaryimage\"},\"image\":{\"@id\":\"https:\\\/\\\/accesolatino.org\\\/orlando-con-su-nueva-resolucion-mantiene-su-proteccion-a-los-inmigrantes\\\/noticias\\\/#primaryimage\"},\"thumbnailUrl\":\"https:\\\/\\\/accesolatino.org\\\/wp-content\\\/uploads\\\/2018\\\/07\\\/Orlando-con-su-nueva-resolucion-mantiene-su-proteccion-a-los-inmigrantes.jpg\",\"datePublished\":\"2018-07-25T15:04:18+00:00\",\"dateModified\":\"2025-10-27T18:44:33+00:00\",\"description\":\"La ciudad de Orlando, Florida aprob\u00f3 una resoluci\u00f3n que proh\u00edbe a los funcionarios y a la Polic\u00eda local cuestionar el estatus migratorio de sus residentes.\",\"breadcrumb\":{\"@id\":\"https:\\\/\\\/accesolatino.org\\\/orlando-con-su-nueva-resolucion-mantiene-su-proteccion-a-los-inmigrantes\\\/noticias\\\/#breadcrumb\"},\"inLanguage\":\"en-US\",\"potentialAction\":[{\"@type\":\"ReadAction\",\"target\":[\"https:\\\/\\\/accesolatino.org\\\/orlando-con-su-nueva-resolucion-mantiene-su-proteccion-a-los-inmigrantes\\\/noticias\\\/\"]}]},{\"@type\":\"ImageObject\",\"inLanguage\":\"en-US\",\"@id\":\"https:\\\/\\\/accesolatino.org\\\/orlando-con-su-nueva-resolucion-mantiene-su-proteccion-a-los-inmigrantes\\\/noticias\\\/#primaryimage\",\"url\":\"https:\\\/\\\/accesolatino.org\\\/wp-content\\\/uploads\\\/2018\\\/07\\\/Orlando-con-su-nueva-resolucion-mantiene-su-proteccion-a-los-inmigrantes.jpg\",\"contentUrl\":\"https:\\\/\\\/accesolatino.org\\\/wp-content\\\/uploads\\\/2018\\\/07\\\/Orlando-con-su-nueva-resolucion-mantiene-su-proteccion-a-los-inmigrantes.jpg\",\"width\":\"600\",\"height\":\"338\",\"caption\":\"Orlando con su nueva resoluci\u00f3n mantiene su protecci\u00f3n a los inmigrantes\"},{\"@type\":\"BreadcrumbList\",\"@id\":\"https:\\\/\\\/accesolatino.org\\\/orlando-con-su-nueva-resolucion-mantiene-su-proteccion-a-los-inmigrantes\\\/noticias\\\/#breadcrumb\",\"itemListElement\":[{\"@type\":\"ListItem\",\"position\":1,\"name\":\"Portada\",\"item\":\"https:\\\/\\\/accesolatino.org\\\/\"},{\"@type\":\"ListItem\",\"position\":2,\"name\":\"Noticias\",\"item\":\"https:\\\/\\\/accesolatino.org\\\/category\\\/noticias\\\/\"},{\"@type\":\"ListItem\",\"position\":3,\"name\":\"Orlando con su nueva resoluci\u00f3n mantiene su protecci\u00f3n a los inmigrantes\"}]},{\"@type\":\"WebSite\",\"@id\":\"https:\\\/\\\/accesolatino.org\\\/#website\",\"url\":\"https:\\\/\\\/accesolatino.org\\\/\",\"name\":\"Acceso Latino | Fundaci\u00f3n Carlos Slim\",\"description\":\"Fundaci\u00f3n Carlos Slim\",\"publisher\":{\"@id\":\"https:\\\/\\\/accesolatino.org\\\/#organization\"},\"potentialAction\":[{\"@type\":\"SearchAction\",\"target\":{\"@type\":\"EntryPoint\",\"urlTemplate\":\"https:\\\/\\\/accesolatino.org\\\/?s={search_term_string}\"},\"query-input\":{\"@type\":\"PropertyValueSpecification\",\"valueRequired\":true,\"valueName\":\"search_term_string\"}}],\"inLanguage\":\"en-US\"},{\"@type\":\"Organization\",\"@id\":\"https:\\\/\\\/accesolatino.org\\\/#organization\",\"name\":\"Acceso Latino | Fundaci\u00f3n Carlos Slim\",\"url\":\"https:\\\/\\\/accesolatino.org\\\/\",\"logo\":{\"@type\":\"ImageObject\",\"inLanguage\":\"en-US\",\"@id\":\"https:\\\/\\\/accesolatino.org\\\/#\\\/schema\\\/logo\\\/image\\\/\",\"url\":\"https:\\\/\\\/accesolatino.org\\\/wp-content\\\/uploads\\\/2021\\\/02\\\/logo-footer-acceso-latino.png\",\"contentUrl\":\"https:\\\/\\\/accesolatino.org\\\/wp-content\\\/uploads\\\/2021\\\/02\\\/logo-footer-acceso-latino.png\",\"width\":240,\"height\":40,\"caption\":\"Acceso Latino | Fundaci\u00f3n Carlos Slim\"},\"image\":{\"@id\":\"https:\\\/\\\/accesolatino.org\\\/#\\\/schema\\\/logo\\\/image\\\/\"},\"sameAs\":[\"https:\\\/\\\/www.facebook.com\\\/AccesoLatinoOrg\",\"https:\\\/\\\/x.com\\\/FAccLatino\"]},{\"@type\":\"Person\",\"@id\":\"https:\\\/\\\/accesolatino.org\\\/#\\\/schema\\\/person\\\/10763acf0565833da11d915ac8549efd\",\"name\":\"admin\"}]}<\/script>\n<!-- \/ Yoast SEO plugin. -->","yoast_head_json":{"title":"Orlando con su nueva resoluci\u00f3n mantiene su protecci\u00f3n a los inmigrantes","description":"La ciudad de Orlando, Florida aprob\u00f3 una resoluci\u00f3n que proh\u00edbe a los funcionarios y a la Polic\u00eda local cuestionar el estatus migratorio de sus residentes.","robots":{"index":"index","follow":"follow","max-snippet":"max-snippet:-1","max-image-preview":"max-image-preview:large","max-video-preview":"max-video-preview:-1"},"canonical":"https:\/\/accesolatino.org\/en\/orlando-con-su-nueva-resolucion-mantiene-su-proteccion-a-los-inmigrantes\/noticias\/","og_locale":"en_US","og_type":"article","og_title":"Orlando con su nueva resoluci\u00f3n mantiene su protecci\u00f3n a los inmigrantes","og_description":"La ciudad de Orlando, Florida aprob\u00f3 una resoluci\u00f3n que proh\u00edbe a los funcionarios y a la Polic\u00eda local cuestionar el estatus migratorio de sus residentes.","og_url":"https:\/\/accesolatino.org\/en\/orlando-con-su-nueva-resolucion-mantiene-su-proteccion-a-los-inmigrantes\/noticias\/","og_site_name":"Acceso Latino","article_publisher":"https:\/\/www.facebook.com\/AccesoLatinoOrg","article_published_time":"2018-07-25T15:04:18+00:00","article_modified_time":"2025-10-27T18:44:33+00:00","og_image":[{"width":600,"height":338,"url":"https:\/\/accesolatino.org\/wp-content\/uploads\/2018\/07\/Orlando-con-su-nueva-resolucion-mantiene-su-proteccion-a-los-inmigrantes.jpg","type":"image\/jpeg"}],"author":"admin","twitter_card":"summary_large_image","twitter_creator":"@FAccLatino","twitter_site":"@FAccLatino","twitter_misc":{"Written by":"admin","Est. reading time":"2 minutes"},"schema":{"@context":"https:\/\/schema.org","@graph":[{"@type":"Article","@id":"https:\/\/accesolatino.org\/orlando-con-su-nueva-resolucion-mantiene-su-proteccion-a-los-inmigrantes\/noticias\/#article","isPartOf":{"@id":"https:\/\/accesolatino.org\/orlando-con-su-nueva-resolucion-mantiene-su-proteccion-a-los-inmigrantes\/noticias\/"},"author":{"name":"admin","@id":"https:\/\/accesolatino.org\/#\/schema\/person\/10763acf0565833da11d915ac8549efd"},"headline":"Orlando con su nueva resoluci\u00f3n mantiene su protecci\u00f3n a los inmigrantes","datePublished":"2018-07-25T15:04:18+00:00","dateModified":"2025-10-27T18:44:33+00:00","mainEntityOfPage":{"@id":"https:\/\/accesolatino.org\/orlando-con-su-nueva-resolucion-mantiene-su-proteccion-a-los-inmigrantes\/noticias\/"},"wordCount":347,"commentCount":0,"publisher":{"@id":"https:\/\/accesolatino.org\/#organization"},"image":{"@id":"https:\/\/accesolatino.org\/orlando-con-su-nueva-resolucion-mantiene-su-proteccion-a-los-inmigrantes\/noticias\/#primaryimage"},"thumbnailUrl":"https:\/\/accesolatino.org\/wp-content\/uploads\/2018\/07\/Orlando-con-su-nueva-resolucion-mantiene-su-proteccion-a-los-inmigrantes.jpg","articleSection":["Noticias","Temas de inter\u00e9s"],"inLanguage":"en-US","potentialAction":[{"@type":"CommentAction","name":"Comment","target":["https:\/\/accesolatino.org\/orlando-con-su-nueva-resolucion-mantiene-su-proteccion-a-los-inmigrantes\/noticias\/#respond"]}]},{"@type":"WebPage","@id":"https:\/\/accesolatino.org\/orlando-con-su-nueva-resolucion-mantiene-su-proteccion-a-los-inmigrantes\/noticias\/","url":"https:\/\/accesolatino.org\/orlando-con-su-nueva-resolucion-mantiene-su-proteccion-a-los-inmigrantes\/noticias\/","name":"Orlando con su nueva resoluci\u00f3n mantiene su protecci\u00f3n a los inmigrantes","isPartOf":{"@id":"https:\/\/accesolatino.org\/#website"},"primaryImageOfPage":{"@id":"https:\/\/accesolatino.org\/orlando-con-su-nueva-resolucion-mantiene-su-proteccion-a-los-inmigrantes\/noticias\/#primaryimage"},"image":{"@id":"https:\/\/accesolatino.org\/orlando-con-su-nueva-resolucion-mantiene-su-proteccion-a-los-inmigrantes\/noticias\/#primaryimage"},"thumbnailUrl":"https:\/\/accesolatino.org\/wp-content\/uploads\/2018\/07\/Orlando-con-su-nueva-resolucion-mantiene-su-proteccion-a-los-inmigrantes.jpg","datePublished":"2018-07-25T15:04:18+00:00","dateModified":"2025-10-27T18:44:33+00:00","description":"La ciudad de Orlando, Florida aprob\u00f3 una resoluci\u00f3n que proh\u00edbe a los funcionarios y a la Polic\u00eda local cuestionar el estatus migratorio de sus residentes.","breadcrumb":{"@id":"https:\/\/accesolatino.org\/orlando-con-su-nueva-resolucion-mantiene-su-proteccion-a-los-inmigrantes\/noticias\/#breadcrumb"},"inLanguage":"en-US","potentialAction":[{"@type":"ReadAction","target":["https:\/\/accesolatino.org\/orlando-con-su-nueva-resolucion-mantiene-su-proteccion-a-los-inmigrantes\/noticias\/"]}]},{"@type":"ImageObject","inLanguage":"en-US","@id":"https:\/\/accesolatino.org\/orlando-con-su-nueva-resolucion-mantiene-su-proteccion-a-los-inmigrantes\/noticias\/#primaryimage","url":"https:\/\/accesolatino.org\/wp-content\/uploads\/2018\/07\/Orlando-con-su-nueva-resolucion-mantiene-su-proteccion-a-los-inmigrantes.jpg","contentUrl":"https:\/\/accesolatino.org\/wp-content\/uploads\/2018\/07\/Orlando-con-su-nueva-resolucion-mantiene-su-proteccion-a-los-inmigrantes.jpg","width":"600","height":"338","caption":"Orlando con su nueva resoluci\u00f3n mantiene su protecci\u00f3n a los inmigrantes"},{"@type":"BreadcrumbList","@id":"https:\/\/accesolatino.org\/orlando-con-su-nueva-resolucion-mantiene-su-proteccion-a-los-inmigrantes\/noticias\/#breadcrumb","itemListElement":[{"@type":"ListItem","position":1,"name":"Portada","item":"https:\/\/accesolatino.org\/"},{"@type":"ListItem","position":2,"name":"Noticias","item":"https:\/\/accesolatino.org\/category\/noticias\/"},{"@type":"ListItem","position":3,"name":"Orlando con su nueva resoluci\u00f3n mantiene su protecci\u00f3n a los inmigrantes"}]},{"@type":"WebSite","@id":"https:\/\/accesolatino.org\/#website","url":"https:\/\/accesolatino.org\/","name":"Acceso Latino | Fundaci\u00f3n Carlos Slim","description":"Fundaci\u00f3n Carlos Slim","publisher":{"@id":"https:\/\/accesolatino.org\/#organization"},"potentialAction":[{"@type":"SearchAction","target":{"@type":"EntryPoint","urlTemplate":"https:\/\/accesolatino.org\/?s={search_term_string}"},"query-input":{"@type":"PropertyValueSpecification","valueRequired":true,"valueName":"search_term_string"}}],"inLanguage":"en-US"},{"@type":"Organization","@id":"https:\/\/accesolatino.org\/#organization","name":"Acceso Latino | Fundaci\u00f3n Carlos Slim","url":"https:\/\/accesolatino.org\/","logo":{"@type":"ImageObject","inLanguage":"en-US","@id":"https:\/\/accesolatino.org\/#\/schema\/logo\/image\/","url":"https:\/\/accesolatino.org\/wp-content\/uploads\/2021\/02\/logo-footer-acceso-latino.png","contentUrl":"https:\/\/accesolatino.org\/wp-content\/uploads\/2021\/02\/logo-footer-acceso-latino.png","width":240,"height":40,"caption":"Acceso Latino | Fundaci\u00f3n Carlos Slim"},"image":{"@id":"https:\/\/accesolatino.org\/#\/schema\/logo\/image\/"},"sameAs":["https:\/\/www.facebook.com\/AccesoLatinoOrg","https:\/\/x.com\/FAccLatino"]},{"@type":"Person","@id":"https:\/\/accesolatino.org\/#\/schema\/person\/10763acf0565833da11d915ac8549efd","name":"admin"}]}},"_links":{"self":[{"href":"https:\/\/accesolatino.org\/en\/wp-json\/wp\/v2\/posts\/14141","targetHints":{"allow":["GET"]}}],"collection":[{"href":"https:\/\/accesolatino.org\/en\/wp-json\/wp\/v2\/posts"}],"about":[{"href":"https:\/\/accesolatino.org\/en\/wp-json\/wp\/v2\/types\/post"}],"author":[{"embeddable":true,"href":"https:\/\/accesolatino.org\/en\/wp-json\/wp\/v2\/users\/1"}],"replies":[{"embeddable":true,"href":"https:\/\/accesolatino.org\/en\/wp-json\/wp\/v2\/comments?post=14141"}],"version-history":[{"count":1,"href":"https:\/\/accesolatino.org\/en\/wp-json\/wp\/v2\/posts\/14141\/revisions"}],"predecessor-version":[{"id":66618,"href":"https:\/\/accesolatino.org\/en\/wp-json\/wp\/v2\/posts\/14141\/revisions\/66618"}],"wp:featuredmedia":[{"embeddable":true,"href":"https:\/\/accesolatino.org\/en\/wp-json\/wp\/v2\/media\/14142"}],"wp:attachment":[{"href":"https:\/\/accesolatino.org\/en\/wp-json\/wp\/v2\/media?parent=14141"}],"wp:term":[{"taxonomy":"category","embeddable":true,"href":"https:\/\/accesolatino.org\/en\/wp-json\/wp\/v2\/categories?post=14141"},{"taxonomy":"post_tag","embeddable":true,"href":"https:\/\/accesolatino.org\/en\/wp-json\/wp\/v2\/tags?post=14141"}],"curies":[{"name":"wp","href":"https:\/\/api.w.org\/{rel}","templated":true}]}}