{"id":13583,"date":"2018-06-12T09:32:11","date_gmt":"2018-06-12T14:32:11","guid":{"rendered":"https:\/\/accesolatino.org\/?p=13583"},"modified":"2025-10-27T12:55:54","modified_gmt":"2025-10-27T18:55:54","slug":"migrante-deportado-ahora-trabaja-en-un-restaurante-famoso-de-mexico","status":"publish","type":"post","link":"https:\/\/accesolatino.org\/en\/migrante-deportado-ahora-trabaja-en-un-restaurante-famoso-de-mexico\/orgullo-latino\/","title":{"rendered":"Migrante deportado ahora trabaja en un restaurante famoso de M\u00e9xico"},"content":{"rendered":"<div data-elementor-type=\"wp-post\" data-elementor-id=\"13583\" class=\"elementor elementor-13583 elementor-bc-flex-widget\">\n\t\t\t\t\t\t<section class=\"elementor-section elementor-top-section elementor-element elementor-element-369f77a elementor-section-boxed elementor-section-height-default elementor-section-height-default wpr-particle-no wpr-jarallax-no wpr-parallax-no wpr-sticky-section-no wpr-equal-height-no\" data-id=\"369f77a\" data-element_type=\"section\" data-e-type=\"section\">\n\t\t\t\t\t\t<div class=\"elementor-container elementor-column-gap-default\">\n\t\t\t\t\t<div class=\"elementor-column elementor-col-100 elementor-top-column elementor-element elementor-element-8ef62e2\" data-id=\"8ef62e2\" data-element_type=\"column\" data-e-type=\"column\">\n\t\t\t<div class=\"elementor-widget-wrap elementor-element-populated\">\n\t\t\t\t\t\t<div class=\"elementor-element elementor-element-f218d38 elementor-widget elementor-widget-text-editor\" data-id=\"f218d38\" data-element_type=\"widget\" data-e-type=\"widget\" data-widget_type=\"text-editor.default\">\n\t\t\t\t<div class=\"elementor-widget-container\">\n\t\t\t\t\t\t\t\t\t<p>Hugo Hern\u00e1ndez fue deportado en 2014 por Estados Unidos. Lo primero que vio cuando lleg\u00f3 a suelo mexicano fue a otro de los deportados, cay\u00f3 en cuenta que \u00e9l no era el \u00fanico que deb\u00eda encontrar c\u00f3mo ganarse la vida.<\/p><p>Hoy, Hugo es el coordinador de cocina en \u2018<em>Pinche Gringo\u2019<\/em>, el \u201cBBQ Joint\u201d que el estadounidense Dan DeFossey y el mexicano Roberto Luna manejan desde hace 4 a\u00f1os. Como Hugo, otros 6 mexicanos deportados de Estados Unidos trabajan en este restaurante.<\/p><p>Hoy, su restaurante matriz les ha permitido inaugurar un almac\u00e9n de 3,500 metros cuadrados, asociarse con importantes marcas norteamericanas como Jim Beam, Budlight y Budweiser y estar a punto de convertirse en el primer restaurante en M\u00e9xico en servir el refresco estadounidense Mountain Drew. \u201cHemos trabajado por cuatro a\u00f1os por un gran producto de calidad puramente americano y las marcas notan eso\u201d, afirma Dan.<\/p><p>\u201cNosotros aprendimos a hacer BBQ con unos mexicanos. Es curioso porque fuimos a estos excelentes restaurantes en Austin Texas como el Franklin Barbecue o LA Barbecue y fueron ellos quienes nos ense\u00f1aron. Se trata de la antigua t\u00e9cnica norteamericana, pero, ya que predominan los mexicanos en el sector restaurantero, adquirieron ese conocimiento, lo detallaron y terminaron por mejorarlo, creo que por la gastronom\u00eda mexicana y sus especias\u201d afirma Roberto Luna.<\/p><p>Actualmente el restaurante americano en M\u00e9xico emplea a 53 personas deportadas. Su apuesta es por la calidad de su producto, la atenci\u00f3n al cliente y la creaci\u00f3n de una experiencia. Adem\u00e1s, todas las cervezas artesanales de barril que venden son mexicanas al igual que su carne, que proviene de Veracruz y Monterrey.<\/p><p>Sobre el tema de los inmigrantes y los deportados son tajantes: \u201chay una relaci\u00f3n calidad-deportados. Los chicos que vienen de all\u00e1 son s\u00faper poderosos. Somos un espacio con las puertas abiertas a la gente que es capaz, gente con ganas de crecer. Esta gente es muy interesante de tener en nuestras compa\u00f1\u00edas.\u201d<\/p><p>In <strong>Acceso Latino<\/strong>, encontrar\u00e1s <a href=\"https:\/\/accesolatino.org\/en\/buscas-empleo\/\">diversos cursos en materia laboral<\/a>, uno de los cursos que ofrecemos es el de jefe de cocina, donde al terminarlo podr\u00e1s desempe\u00f1arte en este rubro y alcanzar tus metas como lo ha logrado Hugo Hern\u00e1ndez, de igual manera en nuestra herramienta de <a href=\"https:\/\/accesolatino.org\/en\/buscas-empleo\/\">\u201cBuscas empleo\u201d<\/a> encontrar\u00e1s m\u00e1s de 10 bolsas de empleo que te ayudar\u00e1n en tu b\u00fasqueda de trabajo en M\u00e9xico o Estados Unidos.<\/p>\t\t\t\t\t\t\t\t<\/div>\n\t\t\t\t<\/div>\n\t\t\t\t\t<\/div>\n\t\t<\/div>\n\t\t\t\t\t<\/div>\n\t\t<\/section>\n\t\t\t\t<\/div>","protected":false},"excerpt":{"rendered":"<p>Hugo Hern\u00e1ndez fue deportado en 2014 por Estados Unidos. Lo primero que vio cuando lleg\u00f3 a suelo mexicano fue a otro de los deportados, cay\u00f3 en cuenta que \u00e9l no era el \u00fanico que deb\u00eda encontrar c\u00f3mo ganarse la vida. Hoy, Hugo es el coordinador de cocina en \u2018Pinche Gringo\u2019, el \u201cBBQ Joint\u201d que el estadounidense Dan DeFossey y el mexicano Roberto Luna manejan desde hace 4 a\u00f1os. Como Hugo, otros 6 mexicanos deportados de Estados Unidos trabajan en este restaurante. Hoy, su restaurante matriz les ha permitido inaugurar un almac\u00e9n de 3,500 metros cuadrados, asociarse con importantes marcas norteamericanas como Jim Beam, Budlight y Budweiser y estar a punto de convertirse en el primer restaurante en M\u00e9xico en servir el refresco estadounidense Mountain Drew. \u201cHemos trabajado por cuatro a\u00f1os por un gran producto de calidad puramente americano y las marcas notan eso\u201d, afirma Dan. \u201cNosotros aprendimos a hacer BBQ con unos mexicanos. Es curioso porque fuimos a estos excelentes restaurantes en Austin Texas como el Franklin Barbecue o LA Barbecue y fueron ellos quienes nos ense\u00f1aron. Se trata de la antigua t\u00e9cnica norteamericana, pero, ya que predominan los mexicanos en el sector restaurantero, adquirieron ese conocimiento, lo detallaron y terminaron por mejorarlo, creo que por la gastronom\u00eda mexicana y sus especias\u201d afirma Roberto Luna. Actualmente el restaurante americano en M\u00e9xico emplea a 53 personas deportadas. Su apuesta es por la calidad de su producto, la atenci\u00f3n al cliente y la creaci\u00f3n de una experiencia. Adem\u00e1s, todas las cervezas artesanales de barril que venden son mexicanas al igual que su carne, que proviene de Veracruz y Monterrey. Sobre el tema de los inmigrantes y los deportados son tajantes: \u201chay una relaci\u00f3n calidad-deportados. Los chicos que vienen de all\u00e1 son s\u00faper poderosos. Somos un espacio con las puertas abiertas a la gente que es capaz, gente con ganas de crecer. Esta gente es muy interesante de tener en nuestras compa\u00f1\u00edas.\u201d En Acceso Latino, encontrar\u00e1s diversos cursos en materia laboral, uno de los cursos que ofrecemos es el de jefe de cocina, donde al terminarlo podr\u00e1s desempe\u00f1arte en este rubro y alcanzar tus metas como lo ha logrado Hugo Hern\u00e1ndez, de igual manera en nuestra herramienta de \u201cBuscas empleo\u201d encontrar\u00e1s m\u00e1s de 10 bolsas de empleo que te ayudar\u00e1n en tu b\u00fasqueda de trabajo en M\u00e9xico o Estados Unidos.<\/p>","protected":false},"author":13,"featured_media":13584,"comment_status":"open","ping_status":"open","sticky":false,"template":"","format":"standard","meta":{"_uf_show_specific_survey":0,"_uf_disable_surveys":false,"footnotes":""},"categories":[9],"tags":[],"class_list":["post-13583","post","type-post","status-publish","format-standard","has-post-thumbnail","hentry","category-orgullo-latino"],"aioseo_notices":[],"yoast_head":"<!-- This site is optimized with the Yoast SEO plugin v27.5 - https:\/\/yoast.com\/product\/yoast-seo-wordpress\/ -->\n<title>Migrante deportado ahora trabaja en un restaurante famoso de M\u00e9xico<\/title>\n<meta name=\"description\" content=\"Hugo Hern\u00e1ndez fue deportado en 2014 por Estados Unidos. Lo primero que vio cuando lleg\u00f3 a suelo mexicano fue a otro de los deportados\" \/>\n<meta name=\"robots\" content=\"index, follow, max-snippet:-1, max-image-preview:large, max-video-preview:-1\" \/>\n<link rel=\"canonical\" href=\"https:\/\/accesolatino.org\/en\/migrante-deportado-ahora-trabaja-en-un-restaurante-famoso-de-mexico\/orgullo-latino\/\" \/>\n<meta property=\"og:locale\" content=\"en_US\" \/>\n<meta property=\"og:type\" content=\"article\" \/>\n<meta property=\"og:title\" content=\"Migrante deportado ahora trabaja en un restaurante famoso de M\u00e9xico\" \/>\n<meta property=\"og:description\" content=\"Hugo Hern\u00e1ndez fue deportado en 2014 por Estados Unidos. Lo primero que vio cuando lleg\u00f3 a suelo mexicano fue a otro de los deportados\" \/>\n<meta property=\"og:url\" content=\"https:\/\/accesolatino.org\/en\/migrante-deportado-ahora-trabaja-en-un-restaurante-famoso-de-mexico\/orgullo-latino\/\" \/>\n<meta property=\"og:site_name\" content=\"Acceso Latino\" \/>\n<meta property=\"article:publisher\" content=\"https:\/\/www.facebook.com\/AccesoLatinoOrg\" \/>\n<meta property=\"article:published_time\" content=\"2018-06-12T14:32:11+00:00\" \/>\n<meta property=\"article:modified_time\" content=\"2025-10-27T18:55:54+00:00\" \/>\n<meta property=\"og:image\" content=\"https:\/\/accesolatino.org\/wp-content\/uploads\/2018\/06\/Migrante-deportado-ahora-trabaja-en-un-restaurante-famoso-de-Mexico.jpg\" \/>\n\t<meta property=\"og:image:width\" content=\"600\" \/>\n\t<meta property=\"og:image:height\" content=\"338\" \/>\n\t<meta property=\"og:image:type\" content=\"image\/jpeg\" \/>\n<meta name=\"author\" content=\"Noticias\" \/>\n<meta name=\"twitter:card\" content=\"summary_large_image\" \/>\n<meta name=\"twitter:creator\" content=\"@FAccLatino\" \/>\n<meta name=\"twitter:site\" content=\"@FAccLatino\" \/>\n<meta name=\"twitter:label1\" content=\"Written by\" \/>\n\t<meta name=\"twitter:data1\" content=\"Noticias\" \/>\n\t<meta name=\"twitter:label2\" content=\"Est. reading time\" \/>\n\t<meta name=\"twitter:data2\" content=\"2 minutes\" \/>\n<script type=\"application\/ld+json\" class=\"yoast-schema-graph\">{\"@context\":\"https:\\\/\\\/schema.org\",\"@graph\":[{\"@type\":\"Article\",\"@id\":\"https:\\\/\\\/accesolatino.org\\\/migrante-deportado-ahora-trabaja-en-un-restaurante-famoso-de-mexico\\\/orgullo-latino\\\/#article\",\"isPartOf\":{\"@id\":\"https:\\\/\\\/accesolatino.org\\\/migrante-deportado-ahora-trabaja-en-un-restaurante-famoso-de-mexico\\\/orgullo-latino\\\/\"},\"author\":{\"name\":\"Noticias\",\"@id\":\"https:\\\/\\\/accesolatino.org\\\/#\\\/schema\\\/person\\\/57bc3bfd2c357610a5255490ca4cd305\"},\"headline\":\"Migrante deportado ahora trabaja en un restaurante famoso de M\u00e9xico\",\"datePublished\":\"2018-06-12T14:32:11+00:00\",\"dateModified\":\"2025-10-27T18:55:54+00:00\",\"mainEntityOfPage\":{\"@id\":\"https:\\\/\\\/accesolatino.org\\\/migrante-deportado-ahora-trabaja-en-un-restaurante-famoso-de-mexico\\\/orgullo-latino\\\/\"},\"wordCount\":418,\"commentCount\":0,\"publisher\":{\"@id\":\"https:\\\/\\\/accesolatino.org\\\/#organization\"},\"image\":{\"@id\":\"https:\\\/\\\/accesolatino.org\\\/migrante-deportado-ahora-trabaja-en-un-restaurante-famoso-de-mexico\\\/orgullo-latino\\\/#primaryimage\"},\"thumbnailUrl\":\"https:\\\/\\\/accesolatino.org\\\/wp-content\\\/uploads\\\/2018\\\/06\\\/Migrante-deportado-ahora-trabaja-en-un-restaurante-famoso-de-Mexico.jpg\",\"articleSection\":[\"Orgullo Latino\"],\"inLanguage\":\"en-US\",\"potentialAction\":[{\"@type\":\"CommentAction\",\"name\":\"Comment\",\"target\":[\"https:\\\/\\\/accesolatino.org\\\/migrante-deportado-ahora-trabaja-en-un-restaurante-famoso-de-mexico\\\/orgullo-latino\\\/#respond\"]}]},{\"@type\":\"WebPage\",\"@id\":\"https:\\\/\\\/accesolatino.org\\\/migrante-deportado-ahora-trabaja-en-un-restaurante-famoso-de-mexico\\\/orgullo-latino\\\/\",\"url\":\"https:\\\/\\\/accesolatino.org\\\/migrante-deportado-ahora-trabaja-en-un-restaurante-famoso-de-mexico\\\/orgullo-latino\\\/\",\"name\":\"Migrante deportado ahora trabaja en un restaurante famoso de M\u00e9xico\",\"isPartOf\":{\"@id\":\"https:\\\/\\\/accesolatino.org\\\/#website\"},\"primaryImageOfPage\":{\"@id\":\"https:\\\/\\\/accesolatino.org\\\/migrante-deportado-ahora-trabaja-en-un-restaurante-famoso-de-mexico\\\/orgullo-latino\\\/#primaryimage\"},\"image\":{\"@id\":\"https:\\\/\\\/accesolatino.org\\\/migrante-deportado-ahora-trabaja-en-un-restaurante-famoso-de-mexico\\\/orgullo-latino\\\/#primaryimage\"},\"thumbnailUrl\":\"https:\\\/\\\/accesolatino.org\\\/wp-content\\\/uploads\\\/2018\\\/06\\\/Migrante-deportado-ahora-trabaja-en-un-restaurante-famoso-de-Mexico.jpg\",\"datePublished\":\"2018-06-12T14:32:11+00:00\",\"dateModified\":\"2025-10-27T18:55:54+00:00\",\"description\":\"Hugo Hern\u00e1ndez fue deportado en 2014 por Estados Unidos. Lo primero que vio cuando lleg\u00f3 a suelo mexicano fue a otro de los deportados\",\"breadcrumb\":{\"@id\":\"https:\\\/\\\/accesolatino.org\\\/migrante-deportado-ahora-trabaja-en-un-restaurante-famoso-de-mexico\\\/orgullo-latino\\\/#breadcrumb\"},\"inLanguage\":\"en-US\",\"potentialAction\":[{\"@type\":\"ReadAction\",\"target\":[\"https:\\\/\\\/accesolatino.org\\\/migrante-deportado-ahora-trabaja-en-un-restaurante-famoso-de-mexico\\\/orgullo-latino\\\/\"]}]},{\"@type\":\"ImageObject\",\"inLanguage\":\"en-US\",\"@id\":\"https:\\\/\\\/accesolatino.org\\\/migrante-deportado-ahora-trabaja-en-un-restaurante-famoso-de-mexico\\\/orgullo-latino\\\/#primaryimage\",\"url\":\"https:\\\/\\\/accesolatino.org\\\/wp-content\\\/uploads\\\/2018\\\/06\\\/Migrante-deportado-ahora-trabaja-en-un-restaurante-famoso-de-Mexico.jpg\",\"contentUrl\":\"https:\\\/\\\/accesolatino.org\\\/wp-content\\\/uploads\\\/2018\\\/06\\\/Migrante-deportado-ahora-trabaja-en-un-restaurante-famoso-de-Mexico.jpg\",\"width\":\"600\",\"height\":\"338\",\"caption\":\"Migrante deportado ahora trabaja en un restaurante famoso de M\u00e9xico\"},{\"@type\":\"BreadcrumbList\",\"@id\":\"https:\\\/\\\/accesolatino.org\\\/migrante-deportado-ahora-trabaja-en-un-restaurante-famoso-de-mexico\\\/orgullo-latino\\\/#breadcrumb\",\"itemListElement\":[{\"@type\":\"ListItem\",\"position\":1,\"name\":\"Portada\",\"item\":\"https:\\\/\\\/accesolatino.org\\\/\"},{\"@type\":\"ListItem\",\"position\":2,\"name\":\"Orgullo Latino\",\"item\":\"https:\\\/\\\/accesolatino.org\\\/category\\\/orgullo-latino\\\/\"},{\"@type\":\"ListItem\",\"position\":3,\"name\":\"Migrante deportado ahora trabaja en un restaurante famoso de M\u00e9xico\"}]},{\"@type\":\"WebSite\",\"@id\":\"https:\\\/\\\/accesolatino.org\\\/#website\",\"url\":\"https:\\\/\\\/accesolatino.org\\\/\",\"name\":\"Acceso Latino | Fundaci\u00f3n Carlos Slim\",\"description\":\"Fundaci\u00f3n Carlos Slim\",\"publisher\":{\"@id\":\"https:\\\/\\\/accesolatino.org\\\/#organization\"},\"potentialAction\":[{\"@type\":\"SearchAction\",\"target\":{\"@type\":\"EntryPoint\",\"urlTemplate\":\"https:\\\/\\\/accesolatino.org\\\/?s={search_term_string}\"},\"query-input\":{\"@type\":\"PropertyValueSpecification\",\"valueRequired\":true,\"valueName\":\"search_term_string\"}}],\"inLanguage\":\"en-US\"},{\"@type\":\"Organization\",\"@id\":\"https:\\\/\\\/accesolatino.org\\\/#organization\",\"name\":\"Acceso Latino | Fundaci\u00f3n Carlos Slim\",\"url\":\"https:\\\/\\\/accesolatino.org\\\/\",\"logo\":{\"@type\":\"ImageObject\",\"inLanguage\":\"en-US\",\"@id\":\"https:\\\/\\\/accesolatino.org\\\/#\\\/schema\\\/logo\\\/image\\\/\",\"url\":\"https:\\\/\\\/accesolatino.org\\\/wp-content\\\/uploads\\\/2021\\\/02\\\/logo-footer-acceso-latino.png\",\"contentUrl\":\"https:\\\/\\\/accesolatino.org\\\/wp-content\\\/uploads\\\/2021\\\/02\\\/logo-footer-acceso-latino.png\",\"width\":240,\"height\":40,\"caption\":\"Acceso Latino | Fundaci\u00f3n Carlos Slim\"},\"image\":{\"@id\":\"https:\\\/\\\/accesolatino.org\\\/#\\\/schema\\\/logo\\\/image\\\/\"},\"sameAs\":[\"https:\\\/\\\/www.facebook.com\\\/AccesoLatinoOrg\",\"https:\\\/\\\/x.com\\\/FAccLatino\"]},{\"@type\":\"Person\",\"@id\":\"https:\\\/\\\/accesolatino.org\\\/#\\\/schema\\\/person\\\/57bc3bfd2c357610a5255490ca4cd305\",\"name\":\"Noticias\"}]}<\/script>\n<!-- \/ Yoast SEO plugin. -->","yoast_head_json":{"title":"Migrante deportado ahora trabaja en un restaurante famoso de M\u00e9xico","description":"Hugo Hern\u00e1ndez fue deportado en 2014 por Estados Unidos. Lo primero que vio cuando lleg\u00f3 a suelo mexicano fue a otro de los deportados","robots":{"index":"index","follow":"follow","max-snippet":"max-snippet:-1","max-image-preview":"max-image-preview:large","max-video-preview":"max-video-preview:-1"},"canonical":"https:\/\/accesolatino.org\/en\/migrante-deportado-ahora-trabaja-en-un-restaurante-famoso-de-mexico\/orgullo-latino\/","og_locale":"en_US","og_type":"article","og_title":"Migrante deportado ahora trabaja en un restaurante famoso de M\u00e9xico","og_description":"Hugo Hern\u00e1ndez fue deportado en 2014 por Estados Unidos. Lo primero que vio cuando lleg\u00f3 a suelo mexicano fue a otro de los deportados","og_url":"https:\/\/accesolatino.org\/en\/migrante-deportado-ahora-trabaja-en-un-restaurante-famoso-de-mexico\/orgullo-latino\/","og_site_name":"Acceso Latino","article_publisher":"https:\/\/www.facebook.com\/AccesoLatinoOrg","article_published_time":"2018-06-12T14:32:11+00:00","article_modified_time":"2025-10-27T18:55:54+00:00","og_image":[{"width":600,"height":338,"url":"https:\/\/accesolatino.org\/wp-content\/uploads\/2018\/06\/Migrante-deportado-ahora-trabaja-en-un-restaurante-famoso-de-Mexico.jpg","type":"image\/jpeg"}],"author":"Noticias","twitter_card":"summary_large_image","twitter_creator":"@FAccLatino","twitter_site":"@FAccLatino","twitter_misc":{"Written by":"Noticias","Est. reading time":"2 minutes"},"schema":{"@context":"https:\/\/schema.org","@graph":[{"@type":"Article","@id":"https:\/\/accesolatino.org\/migrante-deportado-ahora-trabaja-en-un-restaurante-famoso-de-mexico\/orgullo-latino\/#article","isPartOf":{"@id":"https:\/\/accesolatino.org\/migrante-deportado-ahora-trabaja-en-un-restaurante-famoso-de-mexico\/orgullo-latino\/"},"author":{"name":"Noticias","@id":"https:\/\/accesolatino.org\/#\/schema\/person\/57bc3bfd2c357610a5255490ca4cd305"},"headline":"Migrante deportado ahora trabaja en un restaurante famoso de M\u00e9xico","datePublished":"2018-06-12T14:32:11+00:00","dateModified":"2025-10-27T18:55:54+00:00","mainEntityOfPage":{"@id":"https:\/\/accesolatino.org\/migrante-deportado-ahora-trabaja-en-un-restaurante-famoso-de-mexico\/orgullo-latino\/"},"wordCount":418,"commentCount":0,"publisher":{"@id":"https:\/\/accesolatino.org\/#organization"},"image":{"@id":"https:\/\/accesolatino.org\/migrante-deportado-ahora-trabaja-en-un-restaurante-famoso-de-mexico\/orgullo-latino\/#primaryimage"},"thumbnailUrl":"https:\/\/accesolatino.org\/wp-content\/uploads\/2018\/06\/Migrante-deportado-ahora-trabaja-en-un-restaurante-famoso-de-Mexico.jpg","articleSection":["Orgullo Latino"],"inLanguage":"en-US","potentialAction":[{"@type":"CommentAction","name":"Comment","target":["https:\/\/accesolatino.org\/migrante-deportado-ahora-trabaja-en-un-restaurante-famoso-de-mexico\/orgullo-latino\/#respond"]}]},{"@type":"WebPage","@id":"https:\/\/accesolatino.org\/migrante-deportado-ahora-trabaja-en-un-restaurante-famoso-de-mexico\/orgullo-latino\/","url":"https:\/\/accesolatino.org\/migrante-deportado-ahora-trabaja-en-un-restaurante-famoso-de-mexico\/orgullo-latino\/","name":"Migrante deportado ahora trabaja en un restaurante famoso de M\u00e9xico","isPartOf":{"@id":"https:\/\/accesolatino.org\/#website"},"primaryImageOfPage":{"@id":"https:\/\/accesolatino.org\/migrante-deportado-ahora-trabaja-en-un-restaurante-famoso-de-mexico\/orgullo-latino\/#primaryimage"},"image":{"@id":"https:\/\/accesolatino.org\/migrante-deportado-ahora-trabaja-en-un-restaurante-famoso-de-mexico\/orgullo-latino\/#primaryimage"},"thumbnailUrl":"https:\/\/accesolatino.org\/wp-content\/uploads\/2018\/06\/Migrante-deportado-ahora-trabaja-en-un-restaurante-famoso-de-Mexico.jpg","datePublished":"2018-06-12T14:32:11+00:00","dateModified":"2025-10-27T18:55:54+00:00","description":"Hugo Hern\u00e1ndez fue deportado en 2014 por Estados Unidos. Lo primero que vio cuando lleg\u00f3 a suelo mexicano fue a otro de los deportados","breadcrumb":{"@id":"https:\/\/accesolatino.org\/migrante-deportado-ahora-trabaja-en-un-restaurante-famoso-de-mexico\/orgullo-latino\/#breadcrumb"},"inLanguage":"en-US","potentialAction":[{"@type":"ReadAction","target":["https:\/\/accesolatino.org\/migrante-deportado-ahora-trabaja-en-un-restaurante-famoso-de-mexico\/orgullo-latino\/"]}]},{"@type":"ImageObject","inLanguage":"en-US","@id":"https:\/\/accesolatino.org\/migrante-deportado-ahora-trabaja-en-un-restaurante-famoso-de-mexico\/orgullo-latino\/#primaryimage","url":"https:\/\/accesolatino.org\/wp-content\/uploads\/2018\/06\/Migrante-deportado-ahora-trabaja-en-un-restaurante-famoso-de-Mexico.jpg","contentUrl":"https:\/\/accesolatino.org\/wp-content\/uploads\/2018\/06\/Migrante-deportado-ahora-trabaja-en-un-restaurante-famoso-de-Mexico.jpg","width":"600","height":"338","caption":"Migrante deportado ahora trabaja en un restaurante famoso de M\u00e9xico"},{"@type":"BreadcrumbList","@id":"https:\/\/accesolatino.org\/migrante-deportado-ahora-trabaja-en-un-restaurante-famoso-de-mexico\/orgullo-latino\/#breadcrumb","itemListElement":[{"@type":"ListItem","position":1,"name":"Portada","item":"https:\/\/accesolatino.org\/"},{"@type":"ListItem","position":2,"name":"Orgullo Latino","item":"https:\/\/accesolatino.org\/category\/orgullo-latino\/"},{"@type":"ListItem","position":3,"name":"Migrante deportado ahora trabaja en un restaurante famoso de M\u00e9xico"}]},{"@type":"WebSite","@id":"https:\/\/accesolatino.org\/#website","url":"https:\/\/accesolatino.org\/","name":"Acceso Latino | Fundaci\u00f3n Carlos Slim","description":"Fundaci\u00f3n Carlos Slim","publisher":{"@id":"https:\/\/accesolatino.org\/#organization"},"potentialAction":[{"@type":"SearchAction","target":{"@type":"EntryPoint","urlTemplate":"https:\/\/accesolatino.org\/?s={search_term_string}"},"query-input":{"@type":"PropertyValueSpecification","valueRequired":true,"valueName":"search_term_string"}}],"inLanguage":"en-US"},{"@type":"Organization","@id":"https:\/\/accesolatino.org\/#organization","name":"Acceso Latino | Fundaci\u00f3n Carlos Slim","url":"https:\/\/accesolatino.org\/","logo":{"@type":"ImageObject","inLanguage":"en-US","@id":"https:\/\/accesolatino.org\/#\/schema\/logo\/image\/","url":"https:\/\/accesolatino.org\/wp-content\/uploads\/2021\/02\/logo-footer-acceso-latino.png","contentUrl":"https:\/\/accesolatino.org\/wp-content\/uploads\/2021\/02\/logo-footer-acceso-latino.png","width":240,"height":40,"caption":"Acceso Latino | Fundaci\u00f3n Carlos Slim"},"image":{"@id":"https:\/\/accesolatino.org\/#\/schema\/logo\/image\/"},"sameAs":["https:\/\/www.facebook.com\/AccesoLatinoOrg","https:\/\/x.com\/FAccLatino"]},{"@type":"Person","@id":"https:\/\/accesolatino.org\/#\/schema\/person\/57bc3bfd2c357610a5255490ca4cd305","name":"News"}]}},"_links":{"self":[{"href":"https:\/\/accesolatino.org\/en\/wp-json\/wp\/v2\/posts\/13583","targetHints":{"allow":["GET"]}}],"collection":[{"href":"https:\/\/accesolatino.org\/en\/wp-json\/wp\/v2\/posts"}],"about":[{"href":"https:\/\/accesolatino.org\/en\/wp-json\/wp\/v2\/types\/post"}],"author":[{"embeddable":true,"href":"https:\/\/accesolatino.org\/en\/wp-json\/wp\/v2\/users\/13"}],"replies":[{"embeddable":true,"href":"https:\/\/accesolatino.org\/en\/wp-json\/wp\/v2\/comments?post=13583"}],"version-history":[{"count":1,"href":"https:\/\/accesolatino.org\/en\/wp-json\/wp\/v2\/posts\/13583\/revisions"}],"predecessor-version":[{"id":66649,"href":"https:\/\/accesolatino.org\/en\/wp-json\/wp\/v2\/posts\/13583\/revisions\/66649"}],"wp:featuredmedia":[{"embeddable":true,"href":"https:\/\/accesolatino.org\/en\/wp-json\/wp\/v2\/media\/13584"}],"wp:attachment":[{"href":"https:\/\/accesolatino.org\/en\/wp-json\/wp\/v2\/media?parent=13583"}],"wp:term":[{"taxonomy":"category","embeddable":true,"href":"https:\/\/accesolatino.org\/en\/wp-json\/wp\/v2\/categories?post=13583"},{"taxonomy":"post_tag","embeddable":true,"href":"https:\/\/accesolatino.org\/en\/wp-json\/wp\/v2\/tags?post=13583"}],"curies":[{"name":"wp","href":"https:\/\/api.w.org\/{rel}","templated":true}]}}