{"id":13299,"date":"2018-05-18T09:31:39","date_gmt":"2018-05-18T14:31:39","guid":{"rendered":"http:\/\/accesolatino.org\/?p=13299"},"modified":"2025-10-27T13:11:01","modified_gmt":"2025-10-27T19:11:01","slug":"javier-migrante-hondureno-que-se-convierte-en-empresario","status":"publish","type":"post","link":"https:\/\/accesolatino.org\/en\/javier-migrante-hondureno-que-se-convierte-en-empresario\/noticias\/","title":{"rendered":"Javier, migrante hondure\u00f1o que se convierte en empresario"},"content":{"rendered":"<div data-elementor-type=\"wp-post\" data-elementor-id=\"13299\" class=\"elementor elementor-13299 elementor-bc-flex-widget\">\n\t\t\t\t\t\t<section class=\"elementor-section elementor-top-section elementor-element elementor-element-369f77a elementor-section-boxed elementor-section-height-default elementor-section-height-default wpr-particle-no wpr-jarallax-no wpr-parallax-no wpr-sticky-section-no wpr-equal-height-no\" data-id=\"369f77a\" data-element_type=\"section\" data-e-type=\"section\">\n\t\t\t\t\t\t<div class=\"elementor-container elementor-column-gap-default\">\n\t\t\t\t\t<div class=\"elementor-column elementor-col-100 elementor-top-column elementor-element elementor-element-8ef62e2\" data-id=\"8ef62e2\" data-element_type=\"column\" data-e-type=\"column\">\n\t\t\t<div class=\"elementor-widget-wrap elementor-element-populated\">\n\t\t\t\t\t\t<div class=\"elementor-element elementor-element-f218d38 elementor-widget elementor-widget-text-editor\" data-id=\"f218d38\" data-element_type=\"widget\" data-e-type=\"widget\" data-widget_type=\"text-editor.default\">\n\t\t\t\t<div class=\"elementor-widget-container\">\n\t\t\t\t\t\t\t\t\t<p>Dedicarse al negocio de la pintura no estaba dentro de los planes de Javier. Sin embargo, la necesidad y el deseo de salir adelante en Estados Unidos, lo llev\u00f3 a tomar esta opci\u00f3n que hoy lo ha convertido en un empresario.<\/p><p>Javier lleg\u00f3 de Honduras hace m\u00e1s de una d\u00e9cada y junto a su esposa decidieron emprender. \u00c9l en el negocio de la pintura y ella, haciendo limpieza de casas. Resulta conveniente para ambos ya que sus labores se complementan para ofrecer un servicio integral.<\/p><p>Los pintores tienen jornadas laborales extenuantes que a veces pasan las 10 horas. Un pintor promedio puede ganar de 12 a 16 d\u00f3lares por hora dependiendo su experiencia.<\/p><p>Lo que m\u00e1s trabajo le costo al hondure\u00f1o a la hora de comenzar su negocio fue construir su nombre y su reputaci\u00f3n para que fuera recomendado con otros clientes.<\/p><p>Para eso Javier recomienda que el trabajo debe ser impecable y muy honesto. Adem\u00e1s, recomienda que aunque el negocio contrate muchas personas hispanas, la mayor\u00eda que los contrata son clientes estadounidenses.<\/p><p>Aprender ingl\u00e9s fue otro de los grandes retos para este pintor quien se dio cuenta de que para ganar otros contratos, no pod\u00eda ignorar el mercado m\u00e1s grande. Ya que en muchas de las compa\u00f1\u00edas que lo contratan no hablan espa\u00f1ol.<\/p><p>Javier recomienda que para que un negocio sea pr\u00f3spero, se deben tener en cuenta tres factores indispensables:<\/p><ul><li>Buenos proveedores<\/li><\/ul><p>La calidad de la materia prima con la que se trabaja debe estar garantizada e impecable.<\/p><ul><li>Buenas relaciones con los clientes<\/li><\/ul><p>Esto es lo principal para que tu negocio sea recomendado y as\u00ed haces publicidad org\u00e1nica voz a voz para conseguir m\u00e1s clientes.<\/p><ul><li>Buenos trabajadores<\/li><\/ul><p>Los trabajadores cumplen una parte fundamental, ya que de nada sirven las dos recomendaciones anteriores, si el trabajo no queda bien hecho. Tus empleados ser\u00e1n quienes al final respondan por tu empresa.<\/p><p>Aqu\u00ed te dejamos el contacto de la empresa de Javier: Mix Painting and Cleaning \u2013 <a title=\"\" href=\"tel:+7702352428\" target=\"_blank\" rel=\"noopener\">770-2352428<\/a><\/p><p>In <strong>Acceso Latino<\/strong>, encontrar\u00e1s diversos <a title=\"\" href=\"https:\/\/accesolatino.org\/en\/buscas-empleo\/\">cursos en materia laboral<\/a>, uno de los cursos que ofrecemos es el de pintor, donde al terminarlo podr\u00e1s desempe\u00f1arte en este rubro y alcanzar tus metas como Javier.<\/p>\t\t\t\t\t\t\t\t<\/div>\n\t\t\t\t<\/div>\n\t\t\t\t\t<\/div>\n\t\t<\/div>\n\t\t\t\t\t<\/div>\n\t\t<\/section>\n\t\t\t\t<\/div>","protected":false},"excerpt":{"rendered":"<p>Dedicarse al negocio de la pintura no estaba dentro de los planes de Javier. Sin embargo, la necesidad y el deseo de salir adelante en Estados Unidos, lo llev\u00f3 a tomar esta opci\u00f3n que hoy lo ha convertido en un empresario. Javier lleg\u00f3 de Honduras hace m\u00e1s de una d\u00e9cada y junto a su esposa decidieron emprender. \u00c9l en el negocio de la pintura y ella, haciendo limpieza de casas. Resulta conveniente para ambos ya que sus labores se complementan para ofrecer un servicio integral. Los pintores tienen jornadas laborales extenuantes que a veces pasan las 10 horas. Un pintor promedio puede ganar de 12 a 16 d\u00f3lares por hora dependiendo su experiencia. Lo que m\u00e1s trabajo le costo al hondure\u00f1o a la hora de comenzar su negocio fue construir su nombre y su reputaci\u00f3n para que fuera recomendado con otros clientes. Para eso Javier recomienda que el trabajo debe ser impecable y muy honesto. Adem\u00e1s, recomienda que aunque el negocio contrate muchas personas hispanas, la mayor\u00eda que los contrata son clientes estadounidenses. Aprender ingl\u00e9s fue otro de los grandes retos para este pintor quien se dio cuenta de que para ganar otros contratos, no pod\u00eda ignorar el mercado m\u00e1s grande. Ya que en muchas de las compa\u00f1\u00edas que lo contratan no hablan espa\u00f1ol. Javier recomienda que para que un negocio sea pr\u00f3spero, se deben tener en cuenta tres factores indispensables: Buenos proveedores La calidad de la materia prima con la que se trabaja debe estar garantizada e impecable. Buenas relaciones con los clientes Esto es lo principal para que tu negocio sea recomendado y as\u00ed haces publicidad org\u00e1nica voz a voz para conseguir m\u00e1s clientes. Buenos trabajadores Los trabajadores cumplen una parte fundamental, ya que de nada sirven las dos recomendaciones anteriores, si el trabajo no queda bien hecho. Tus empleados ser\u00e1n quienes al final respondan por tu empresa. Aqu\u00ed te dejamos el contacto de la empresa de Javier: Mix Painting and Cleaning \u2013 770-2352428 En Acceso Latino, encontrar\u00e1s diversos cursos en materia laboral, uno de los cursos que ofrecemos es el de pintor, donde al terminarlo podr\u00e1s desempe\u00f1arte en este rubro y alcanzar tus metas como Javier.<\/p>","protected":false},"author":1,"featured_media":13300,"comment_status":"open","ping_status":"open","sticky":false,"template":"elementor_header_footer","format":"standard","meta":{"_uf_show_specific_survey":0,"_uf_disable_surveys":false,"footnotes":""},"categories":[10,9],"tags":[],"class_list":["post-13299","post","type-post","status-publish","format-standard","has-post-thumbnail","hentry","category-noticias","category-orgullo-latino"],"aioseo_notices":[],"yoast_head":"<!-- This site is optimized with the Yoast SEO plugin v27.5 - https:\/\/yoast.com\/product\/yoast-seo-wordpress\/ -->\n<title>Javier, migrante hondure\u00f1o que se convierte en empresario<\/title>\n<meta name=\"robots\" content=\"index, follow, max-snippet:-1, max-image-preview:large, max-video-preview:-1\" \/>\n<link rel=\"canonical\" href=\"https:\/\/accesolatino.org\/en\/javier-migrante-hondureno-que-se-convierte-en-empresario\/noticias\/\" \/>\n<meta property=\"og:locale\" content=\"en_US\" \/>\n<meta property=\"og:type\" content=\"article\" \/>\n<meta property=\"og:title\" content=\"Javier, migrante hondure\u00f1o que se convierte en empresario\" \/>\n<meta property=\"og:description\" content=\"Dedicarse al negocio de la pintura no estaba dentro de los planes de Javier. Sin embargo, la necesidad y el deseo de salir adelante en Estados Unidos, lo llev\u00f3 a tomar esta opci\u00f3n que hoy lo ha convertido en un empresario. Javier lleg\u00f3 de Honduras hace m\u00e1s de una d\u00e9cada y junto a su esposa decidieron emprender. \u00c9l en el negocio de la pintura y ella, haciendo limpieza de casas. Resulta conveniente para ambos ya que sus labores se complementan para ofrecer un servicio integral. Los pintores tienen jornadas laborales extenuantes que a veces pasan las 10 horas. Un pintor promedio puede ganar de 12 a 16 d\u00f3lares por hora dependiendo su experiencia. Lo que m\u00e1s trabajo le costo al hondure\u00f1o a la hora de comenzar su negocio fue construir su nombre y su reputaci\u00f3n para que fuera recomendado con otros clientes. Para eso Javier recomienda que el trabajo debe ser impecable y muy honesto. Adem\u00e1s, recomienda que aunque el negocio contrate muchas personas hispanas, la mayor\u00eda que los contrata son clientes estadounidenses. Aprender ingl\u00e9s fue otro de los grandes retos para este pintor quien se dio cuenta de que para ganar otros contratos, no pod\u00eda ignorar el mercado m\u00e1s grande. Ya que en muchas de las compa\u00f1\u00edas que lo contratan no hablan espa\u00f1ol. Javier recomienda que para que un negocio sea pr\u00f3spero, se deben tener en cuenta tres factores indispensables: Buenos proveedores La calidad de la materia prima con la que se trabaja debe estar garantizada e impecable. Buenas relaciones con los clientes Esto es lo principal para que tu negocio sea recomendado y as\u00ed haces publicidad org\u00e1nica voz a voz para conseguir m\u00e1s clientes. Buenos trabajadores Los trabajadores cumplen una parte fundamental, ya que de nada sirven las dos recomendaciones anteriores, si el trabajo no queda bien hecho. Tus empleados ser\u00e1n quienes al final respondan por tu empresa. Aqu\u00ed te dejamos el contacto de la empresa de Javier: Mix Painting and Cleaning \u2013 770-2352428 En Acceso Latino, encontrar\u00e1s diversos cursos en materia laboral, uno de los cursos que ofrecemos es el de pintor, donde al terminarlo podr\u00e1s desempe\u00f1arte en este rubro y alcanzar tus metas como Javier.\" \/>\n<meta property=\"og:url\" content=\"https:\/\/accesolatino.org\/en\/javier-migrante-hondureno-que-se-convierte-en-empresario\/noticias\/\" \/>\n<meta property=\"og:site_name\" content=\"Acceso Latino\" \/>\n<meta property=\"article:publisher\" content=\"https:\/\/www.facebook.com\/AccesoLatinoOrg\" \/>\n<meta property=\"article:published_time\" content=\"2018-05-18T14:31:39+00:00\" \/>\n<meta property=\"article:modified_time\" content=\"2025-10-27T19:11:01+00:00\" \/>\n<meta property=\"og:image\" content=\"https:\/\/accesolatino.org\/wp-content\/uploads\/2018\/05\/Javier-migrante-hondureno-que-se-convierte-en-empresario.jpg\" \/>\n\t<meta property=\"og:image:width\" content=\"600\" \/>\n\t<meta property=\"og:image:height\" content=\"338\" \/>\n\t<meta property=\"og:image:type\" content=\"image\/jpeg\" \/>\n<meta name=\"author\" content=\"admin\" \/>\n<meta name=\"twitter:card\" content=\"summary_large_image\" \/>\n<meta name=\"twitter:creator\" content=\"@FAccLatino\" \/>\n<meta name=\"twitter:site\" content=\"@FAccLatino\" \/>\n<meta name=\"twitter:label1\" content=\"Written by\" \/>\n\t<meta name=\"twitter:data1\" content=\"admin\" \/>\n\t<meta name=\"twitter:label2\" content=\"Est. reading time\" \/>\n\t<meta name=\"twitter:data2\" content=\"2 minutes\" \/>\n<script type=\"application\/ld+json\" class=\"yoast-schema-graph\">{\"@context\":\"https:\\\/\\\/schema.org\",\"@graph\":[{\"@type\":\"Article\",\"@id\":\"https:\\\/\\\/accesolatino.org\\\/javier-migrante-hondureno-que-se-convierte-en-empresario\\\/noticias\\\/#article\",\"isPartOf\":{\"@id\":\"https:\\\/\\\/accesolatino.org\\\/javier-migrante-hondureno-que-se-convierte-en-empresario\\\/noticias\\\/\"},\"author\":{\"name\":\"admin\",\"@id\":\"https:\\\/\\\/accesolatino.org\\\/#\\\/schema\\\/person\\\/10763acf0565833da11d915ac8549efd\"},\"headline\":\"Javier, migrante hondure\u00f1o que se convierte en empresario\",\"datePublished\":\"2018-05-18T14:31:39+00:00\",\"dateModified\":\"2025-10-27T19:11:01+00:00\",\"mainEntityOfPage\":{\"@id\":\"https:\\\/\\\/accesolatino.org\\\/javier-migrante-hondureno-que-se-convierte-en-empresario\\\/noticias\\\/\"},\"wordCount\":385,\"commentCount\":0,\"publisher\":{\"@id\":\"https:\\\/\\\/accesolatino.org\\\/#organization\"},\"image\":{\"@id\":\"https:\\\/\\\/accesolatino.org\\\/javier-migrante-hondureno-que-se-convierte-en-empresario\\\/noticias\\\/#primaryimage\"},\"thumbnailUrl\":\"https:\\\/\\\/accesolatino.org\\\/wp-content\\\/uploads\\\/2018\\\/05\\\/Javier-migrante-hondureno-que-se-convierte-en-empresario.jpg\",\"articleSection\":[\"Noticias\",\"Orgullo Latino\"],\"inLanguage\":\"en-US\",\"potentialAction\":[{\"@type\":\"CommentAction\",\"name\":\"Comment\",\"target\":[\"https:\\\/\\\/accesolatino.org\\\/javier-migrante-hondureno-que-se-convierte-en-empresario\\\/noticias\\\/#respond\"]}]},{\"@type\":\"WebPage\",\"@id\":\"https:\\\/\\\/accesolatino.org\\\/javier-migrante-hondureno-que-se-convierte-en-empresario\\\/noticias\\\/\",\"url\":\"https:\\\/\\\/accesolatino.org\\\/javier-migrante-hondureno-que-se-convierte-en-empresario\\\/noticias\\\/\",\"name\":\"Javier, migrante hondure\u00f1o que se convierte en empresario\",\"isPartOf\":{\"@id\":\"https:\\\/\\\/accesolatino.org\\\/#website\"},\"primaryImageOfPage\":{\"@id\":\"https:\\\/\\\/accesolatino.org\\\/javier-migrante-hondureno-que-se-convierte-en-empresario\\\/noticias\\\/#primaryimage\"},\"image\":{\"@id\":\"https:\\\/\\\/accesolatino.org\\\/javier-migrante-hondureno-que-se-convierte-en-empresario\\\/noticias\\\/#primaryimage\"},\"thumbnailUrl\":\"https:\\\/\\\/accesolatino.org\\\/wp-content\\\/uploads\\\/2018\\\/05\\\/Javier-migrante-hondureno-que-se-convierte-en-empresario.jpg\",\"datePublished\":\"2018-05-18T14:31:39+00:00\",\"dateModified\":\"2025-10-27T19:11:01+00:00\",\"breadcrumb\":{\"@id\":\"https:\\\/\\\/accesolatino.org\\\/javier-migrante-hondureno-que-se-convierte-en-empresario\\\/noticias\\\/#breadcrumb\"},\"inLanguage\":\"en-US\",\"potentialAction\":[{\"@type\":\"ReadAction\",\"target\":[\"https:\\\/\\\/accesolatino.org\\\/javier-migrante-hondureno-que-se-convierte-en-empresario\\\/noticias\\\/\"]}]},{\"@type\":\"ImageObject\",\"inLanguage\":\"en-US\",\"@id\":\"https:\\\/\\\/accesolatino.org\\\/javier-migrante-hondureno-que-se-convierte-en-empresario\\\/noticias\\\/#primaryimage\",\"url\":\"https:\\\/\\\/accesolatino.org\\\/wp-content\\\/uploads\\\/2018\\\/05\\\/Javier-migrante-hondureno-que-se-convierte-en-empresario.jpg\",\"contentUrl\":\"https:\\\/\\\/accesolatino.org\\\/wp-content\\\/uploads\\\/2018\\\/05\\\/Javier-migrante-hondureno-que-se-convierte-en-empresario.jpg\",\"width\":\"600\",\"height\":\"338\",\"caption\":\"Javier, migrante hondure\u00f1o que se convierte en empresario\"},{\"@type\":\"BreadcrumbList\",\"@id\":\"https:\\\/\\\/accesolatino.org\\\/javier-migrante-hondureno-que-se-convierte-en-empresario\\\/noticias\\\/#breadcrumb\",\"itemListElement\":[{\"@type\":\"ListItem\",\"position\":1,\"name\":\"Portada\",\"item\":\"https:\\\/\\\/accesolatino.org\\\/\"},{\"@type\":\"ListItem\",\"position\":2,\"name\":\"Noticias\",\"item\":\"https:\\\/\\\/accesolatino.org\\\/category\\\/noticias\\\/\"},{\"@type\":\"ListItem\",\"position\":3,\"name\":\"Javier, migrante hondure\u00f1o que se convierte en empresario\"}]},{\"@type\":\"WebSite\",\"@id\":\"https:\\\/\\\/accesolatino.org\\\/#website\",\"url\":\"https:\\\/\\\/accesolatino.org\\\/\",\"name\":\"Acceso Latino | Fundaci\u00f3n Carlos Slim\",\"description\":\"Fundaci\u00f3n Carlos Slim\",\"publisher\":{\"@id\":\"https:\\\/\\\/accesolatino.org\\\/#organization\"},\"potentialAction\":[{\"@type\":\"SearchAction\",\"target\":{\"@type\":\"EntryPoint\",\"urlTemplate\":\"https:\\\/\\\/accesolatino.org\\\/?s={search_term_string}\"},\"query-input\":{\"@type\":\"PropertyValueSpecification\",\"valueRequired\":true,\"valueName\":\"search_term_string\"}}],\"inLanguage\":\"en-US\"},{\"@type\":\"Organization\",\"@id\":\"https:\\\/\\\/accesolatino.org\\\/#organization\",\"name\":\"Acceso Latino | Fundaci\u00f3n Carlos Slim\",\"url\":\"https:\\\/\\\/accesolatino.org\\\/\",\"logo\":{\"@type\":\"ImageObject\",\"inLanguage\":\"en-US\",\"@id\":\"https:\\\/\\\/accesolatino.org\\\/#\\\/schema\\\/logo\\\/image\\\/\",\"url\":\"https:\\\/\\\/accesolatino.org\\\/wp-content\\\/uploads\\\/2021\\\/02\\\/logo-footer-acceso-latino.png\",\"contentUrl\":\"https:\\\/\\\/accesolatino.org\\\/wp-content\\\/uploads\\\/2021\\\/02\\\/logo-footer-acceso-latino.png\",\"width\":240,\"height\":40,\"caption\":\"Acceso Latino | Fundaci\u00f3n Carlos Slim\"},\"image\":{\"@id\":\"https:\\\/\\\/accesolatino.org\\\/#\\\/schema\\\/logo\\\/image\\\/\"},\"sameAs\":[\"https:\\\/\\\/www.facebook.com\\\/AccesoLatinoOrg\",\"https:\\\/\\\/x.com\\\/FAccLatino\"]},{\"@type\":\"Person\",\"@id\":\"https:\\\/\\\/accesolatino.org\\\/#\\\/schema\\\/person\\\/10763acf0565833da11d915ac8549efd\",\"name\":\"admin\"}]}<\/script>\n<!-- \/ Yoast SEO plugin. -->","yoast_head_json":{"title":"Javier, migrante hondure\u00f1o que se convierte en empresario","robots":{"index":"index","follow":"follow","max-snippet":"max-snippet:-1","max-image-preview":"max-image-preview:large","max-video-preview":"max-video-preview:-1"},"canonical":"https:\/\/accesolatino.org\/en\/javier-migrante-hondureno-que-se-convierte-en-empresario\/noticias\/","og_locale":"en_US","og_type":"article","og_title":"Javier, migrante hondure\u00f1o que se convierte en empresario","og_description":"Dedicarse al negocio de la pintura no estaba dentro de los planes de Javier. Sin embargo, la necesidad y el deseo de salir adelante en Estados Unidos, lo llev\u00f3 a tomar esta opci\u00f3n que hoy lo ha convertido en un empresario. Javier lleg\u00f3 de Honduras hace m\u00e1s de una d\u00e9cada y junto a su esposa decidieron emprender. \u00c9l en el negocio de la pintura y ella, haciendo limpieza de casas. Resulta conveniente para ambos ya que sus labores se complementan para ofrecer un servicio integral. Los pintores tienen jornadas laborales extenuantes que a veces pasan las 10 horas. Un pintor promedio puede ganar de 12 a 16 d\u00f3lares por hora dependiendo su experiencia. Lo que m\u00e1s trabajo le costo al hondure\u00f1o a la hora de comenzar su negocio fue construir su nombre y su reputaci\u00f3n para que fuera recomendado con otros clientes. Para eso Javier recomienda que el trabajo debe ser impecable y muy honesto. Adem\u00e1s, recomienda que aunque el negocio contrate muchas personas hispanas, la mayor\u00eda que los contrata son clientes estadounidenses. Aprender ingl\u00e9s fue otro de los grandes retos para este pintor quien se dio cuenta de que para ganar otros contratos, no pod\u00eda ignorar el mercado m\u00e1s grande. Ya que en muchas de las compa\u00f1\u00edas que lo contratan no hablan espa\u00f1ol. Javier recomienda que para que un negocio sea pr\u00f3spero, se deben tener en cuenta tres factores indispensables: Buenos proveedores La calidad de la materia prima con la que se trabaja debe estar garantizada e impecable. Buenas relaciones con los clientes Esto es lo principal para que tu negocio sea recomendado y as\u00ed haces publicidad org\u00e1nica voz a voz para conseguir m\u00e1s clientes. Buenos trabajadores Los trabajadores cumplen una parte fundamental, ya que de nada sirven las dos recomendaciones anteriores, si el trabajo no queda bien hecho. Tus empleados ser\u00e1n quienes al final respondan por tu empresa. Aqu\u00ed te dejamos el contacto de la empresa de Javier: Mix Painting and Cleaning \u2013 770-2352428 En Acceso Latino, encontrar\u00e1s diversos cursos en materia laboral, uno de los cursos que ofrecemos es el de pintor, donde al terminarlo podr\u00e1s desempe\u00f1arte en este rubro y alcanzar tus metas como Javier.","og_url":"https:\/\/accesolatino.org\/en\/javier-migrante-hondureno-que-se-convierte-en-empresario\/noticias\/","og_site_name":"Acceso Latino","article_publisher":"https:\/\/www.facebook.com\/AccesoLatinoOrg","article_published_time":"2018-05-18T14:31:39+00:00","article_modified_time":"2025-10-27T19:11:01+00:00","og_image":[{"width":600,"height":338,"url":"https:\/\/accesolatino.org\/wp-content\/uploads\/2018\/05\/Javier-migrante-hondureno-que-se-convierte-en-empresario.jpg","type":"image\/jpeg"}],"author":"admin","twitter_card":"summary_large_image","twitter_creator":"@FAccLatino","twitter_site":"@FAccLatino","twitter_misc":{"Written by":"admin","Est. reading time":"2 minutes"},"schema":{"@context":"https:\/\/schema.org","@graph":[{"@type":"Article","@id":"https:\/\/accesolatino.org\/javier-migrante-hondureno-que-se-convierte-en-empresario\/noticias\/#article","isPartOf":{"@id":"https:\/\/accesolatino.org\/javier-migrante-hondureno-que-se-convierte-en-empresario\/noticias\/"},"author":{"name":"admin","@id":"https:\/\/accesolatino.org\/#\/schema\/person\/10763acf0565833da11d915ac8549efd"},"headline":"Javier, migrante hondure\u00f1o que se convierte en empresario","datePublished":"2018-05-18T14:31:39+00:00","dateModified":"2025-10-27T19:11:01+00:00","mainEntityOfPage":{"@id":"https:\/\/accesolatino.org\/javier-migrante-hondureno-que-se-convierte-en-empresario\/noticias\/"},"wordCount":385,"commentCount":0,"publisher":{"@id":"https:\/\/accesolatino.org\/#organization"},"image":{"@id":"https:\/\/accesolatino.org\/javier-migrante-hondureno-que-se-convierte-en-empresario\/noticias\/#primaryimage"},"thumbnailUrl":"https:\/\/accesolatino.org\/wp-content\/uploads\/2018\/05\/Javier-migrante-hondureno-que-se-convierte-en-empresario.jpg","articleSection":["Noticias","Orgullo Latino"],"inLanguage":"en-US","potentialAction":[{"@type":"CommentAction","name":"Comment","target":["https:\/\/accesolatino.org\/javier-migrante-hondureno-que-se-convierte-en-empresario\/noticias\/#respond"]}]},{"@type":"WebPage","@id":"https:\/\/accesolatino.org\/javier-migrante-hondureno-que-se-convierte-en-empresario\/noticias\/","url":"https:\/\/accesolatino.org\/javier-migrante-hondureno-que-se-convierte-en-empresario\/noticias\/","name":"Javier, migrante hondure\u00f1o que se convierte en empresario","isPartOf":{"@id":"https:\/\/accesolatino.org\/#website"},"primaryImageOfPage":{"@id":"https:\/\/accesolatino.org\/javier-migrante-hondureno-que-se-convierte-en-empresario\/noticias\/#primaryimage"},"image":{"@id":"https:\/\/accesolatino.org\/javier-migrante-hondureno-que-se-convierte-en-empresario\/noticias\/#primaryimage"},"thumbnailUrl":"https:\/\/accesolatino.org\/wp-content\/uploads\/2018\/05\/Javier-migrante-hondureno-que-se-convierte-en-empresario.jpg","datePublished":"2018-05-18T14:31:39+00:00","dateModified":"2025-10-27T19:11:01+00:00","breadcrumb":{"@id":"https:\/\/accesolatino.org\/javier-migrante-hondureno-que-se-convierte-en-empresario\/noticias\/#breadcrumb"},"inLanguage":"en-US","potentialAction":[{"@type":"ReadAction","target":["https:\/\/accesolatino.org\/javier-migrante-hondureno-que-se-convierte-en-empresario\/noticias\/"]}]},{"@type":"ImageObject","inLanguage":"en-US","@id":"https:\/\/accesolatino.org\/javier-migrante-hondureno-que-se-convierte-en-empresario\/noticias\/#primaryimage","url":"https:\/\/accesolatino.org\/wp-content\/uploads\/2018\/05\/Javier-migrante-hondureno-que-se-convierte-en-empresario.jpg","contentUrl":"https:\/\/accesolatino.org\/wp-content\/uploads\/2018\/05\/Javier-migrante-hondureno-que-se-convierte-en-empresario.jpg","width":"600","height":"338","caption":"Javier, migrante hondure\u00f1o que se convierte en empresario"},{"@type":"BreadcrumbList","@id":"https:\/\/accesolatino.org\/javier-migrante-hondureno-que-se-convierte-en-empresario\/noticias\/#breadcrumb","itemListElement":[{"@type":"ListItem","position":1,"name":"Portada","item":"https:\/\/accesolatino.org\/"},{"@type":"ListItem","position":2,"name":"Noticias","item":"https:\/\/accesolatino.org\/category\/noticias\/"},{"@type":"ListItem","position":3,"name":"Javier, migrante hondure\u00f1o que se convierte en empresario"}]},{"@type":"WebSite","@id":"https:\/\/accesolatino.org\/#website","url":"https:\/\/accesolatino.org\/","name":"Acceso Latino | Fundaci\u00f3n Carlos Slim","description":"Fundaci\u00f3n Carlos Slim","publisher":{"@id":"https:\/\/accesolatino.org\/#organization"},"potentialAction":[{"@type":"SearchAction","target":{"@type":"EntryPoint","urlTemplate":"https:\/\/accesolatino.org\/?s={search_term_string}"},"query-input":{"@type":"PropertyValueSpecification","valueRequired":true,"valueName":"search_term_string"}}],"inLanguage":"en-US"},{"@type":"Organization","@id":"https:\/\/accesolatino.org\/#organization","name":"Acceso Latino | Fundaci\u00f3n Carlos Slim","url":"https:\/\/accesolatino.org\/","logo":{"@type":"ImageObject","inLanguage":"en-US","@id":"https:\/\/accesolatino.org\/#\/schema\/logo\/image\/","url":"https:\/\/accesolatino.org\/wp-content\/uploads\/2021\/02\/logo-footer-acceso-latino.png","contentUrl":"https:\/\/accesolatino.org\/wp-content\/uploads\/2021\/02\/logo-footer-acceso-latino.png","width":240,"height":40,"caption":"Acceso Latino | Fundaci\u00f3n Carlos Slim"},"image":{"@id":"https:\/\/accesolatino.org\/#\/schema\/logo\/image\/"},"sameAs":["https:\/\/www.facebook.com\/AccesoLatinoOrg","https:\/\/x.com\/FAccLatino"]},{"@type":"Person","@id":"https:\/\/accesolatino.org\/#\/schema\/person\/10763acf0565833da11d915ac8549efd","name":"admin"}]}},"_links":{"self":[{"href":"https:\/\/accesolatino.org\/en\/wp-json\/wp\/v2\/posts\/13299","targetHints":{"allow":["GET"]}}],"collection":[{"href":"https:\/\/accesolatino.org\/en\/wp-json\/wp\/v2\/posts"}],"about":[{"href":"https:\/\/accesolatino.org\/en\/wp-json\/wp\/v2\/types\/post"}],"author":[{"embeddable":true,"href":"https:\/\/accesolatino.org\/en\/wp-json\/wp\/v2\/users\/1"}],"replies":[{"embeddable":true,"href":"https:\/\/accesolatino.org\/en\/wp-json\/wp\/v2\/comments?post=13299"}],"version-history":[{"count":1,"href":"https:\/\/accesolatino.org\/en\/wp-json\/wp\/v2\/posts\/13299\/revisions"}],"predecessor-version":[{"id":66669,"href":"https:\/\/accesolatino.org\/en\/wp-json\/wp\/v2\/posts\/13299\/revisions\/66669"}],"wp:featuredmedia":[{"embeddable":true,"href":"https:\/\/accesolatino.org\/en\/wp-json\/wp\/v2\/media\/13300"}],"wp:attachment":[{"href":"https:\/\/accesolatino.org\/en\/wp-json\/wp\/v2\/media?parent=13299"}],"wp:term":[{"taxonomy":"category","embeddable":true,"href":"https:\/\/accesolatino.org\/en\/wp-json\/wp\/v2\/categories?post=13299"},{"taxonomy":"post_tag","embeddable":true,"href":"https:\/\/accesolatino.org\/en\/wp-json\/wp\/v2\/tags?post=13299"}],"curies":[{"name":"wp","href":"https:\/\/api.w.org\/{rel}","templated":true}]}}