{"id":12043,"date":"2015-06-15T16:55:45","date_gmt":"2015-06-15T21:55:45","guid":{"rendered":"https:\/\/accesolatino.org\/?p=1375"},"modified":"2025-10-29T23:05:07","modified_gmt":"2025-10-30T05:05:07","slug":"estudiante-latino-exhibira-pintura-en-el-capitolio","status":"publish","type":"post","link":"https:\/\/accesolatino.org\/en\/estudiante-latino-exhibira-pintura-en-el-capitolio\/temas-de-interes\/","title":{"rendered":"Estudiante latino exhibir\u00e1 pintura en el Capitolio"},"content":{"rendered":"<p><strong>El estudiante de preparatoria de origen latino, Kevin Estrada de California fue elegido para exponer una pintura suya en el Capitolio de los Estados Unidos.<\/strong><\/p>\n<p>El joven de 17 a\u00f1os de origen mexicano se mostr\u00f3 muy contento de exponer su trabajo en Washington.<br \/>\nEstrada estudia en el centro educativo Lynwood, al sur de Los \u00c1ngeles y su pintura tiene como protagonista a un hidrante de agua. Estrada explic\u00f3 c\u00f3mo fue que realiz\u00f3 su premiado trabajo: \u201c<em>La idea de hacer que algo peque\u00f1o luzca grande, usando la perspectiva, lo aprend\u00ed en clases. Con una c\u00e1mara que me prestaron fotografi\u00e9 un hidrante que despu\u00e9s pint\u00e9 hasta los detalles del paso del tiempo<\/em>\".<\/p>\n<p>Adem\u00e1s de exponer su trabajo en la capital del pa\u00eds, el joven se hizo acreedor a un premio en efectivo de 500 d\u00f3lares.<\/p>\n<p><strong>El estudiante se mostr\u00f3 inspirado por este reconocimiento y aspira a conseguir una beca para estudiar arquitectura.<\/strong><\/p>\n<p>Por su parte, Ang\u00e9lica Estrada, la madre de Kevin mencion\u00f3 que el dominio de formas y combinaciones de colores es un sello que tiene el trabajo de sus hijos desde que era peque\u00f1o cuando dibujaba en sus cuadernos para entretenerse.<\/p>\n<p>La se\u00f1ora Estrada expres\u00f3 que su hijo siempre demostr\u00f3 su inter\u00e9s en el dibujo ya que generalmente llevaba consigo colores y papel para poder dibujar.<\/p>\n<p>Kevin fue el ganador de un concurso organizado por varios congresistas federales en el que convocaron a los j\u00f3venes a mostrar sus trabajos para que fueran exhibidos en el Capitolio.<\/p>\n<p>&nbsp;<\/p>\n<p><strong>Fuente:<\/strong> <em>La Opini\u00f3n<\/em>    \t<\/p>","protected":false},"excerpt":{"rendered":"<p>El estudiante de preparatoria de origen latino, Kevin Estrada de California fue elegido para exponer una pintura suya en el Capitolio de los Estados Unidos. El joven de 17 a\u00f1os de origen mexicano se mostr\u00f3 muy contento de exponer su trabajo en Washington. Estrada estudia en el centro educativo Lynwood, al sur de Los \u00c1ngeles y su pintura tiene como protagonista a un hidrante de agua. Estrada explic\u00f3 c\u00f3mo fue que realiz\u00f3 su premiado trabajo: \u201cLa idea de hacer que algo peque\u00f1o luzca grande, usando la perspectiva, lo aprend\u00ed en clases. Con una c\u00e1mara que me prestaron fotografi\u00e9 un hidrante que despu\u00e9s pint\u00e9 hasta los detalles del paso del tiempo\u201d. Adem\u00e1s de exponer su trabajo en la capital del pa\u00eds, el joven se hizo acreedor a un premio en efectivo de 500 d\u00f3lares. El estudiante se mostr\u00f3 inspirado por este reconocimiento y aspira a conseguir una beca para estudiar arquitectura. Por su parte, Ang\u00e9lica Estrada, la madre de Kevin mencion\u00f3 que el dominio de formas y combinaciones de colores es un sello que tiene el trabajo de sus hijos desde que era peque\u00f1o cuando dibujaba en sus cuadernos para entretenerse. La se\u00f1ora Estrada expres\u00f3 que su hijo siempre demostr\u00f3 su inter\u00e9s en el dibujo ya que generalmente llevaba consigo colores y papel para poder dibujar. Kevin fue el ganador de un concurso organizado por varios congresistas federales en el que convocaron a los j\u00f3venes a mostrar sus trabajos para que fueran exhibidos en el Capitolio. &nbsp; Fuente: La Opini\u00f3n<\/p>","protected":false},"author":13,"featured_media":0,"comment_status":"open","ping_status":"open","sticky":false,"template":"","format":"standard","meta":{"_uf_show_specific_survey":0,"_uf_disable_surveys":false,"footnotes":""},"categories":[10,1],"tags":[],"class_list":["post-12043","post","type-post","status-publish","format-standard","hentry","category-noticias","category-temas-de-interes"],"aioseo_notices":[],"yoast_head":"<!-- This site is optimized with the Yoast SEO plugin v27.4 - https:\/\/yoast.com\/product\/yoast-seo-wordpress\/ -->\n<title>Estudiante latino exhibir\u00e1 pintura en el Capitolio<\/title>\n<meta name=\"description\" content=\"El estudiante latino, Kevin Estrada de California fue elegido para exponer una pintura suya en el Capitolio de los Estados Unidos.\" \/>\n<meta name=\"robots\" content=\"index, follow, max-snippet:-1, max-image-preview:large, max-video-preview:-1\" \/>\n<link rel=\"canonical\" href=\"https:\/\/accesolatino.org\/en\/estudiante-latino-exhibira-pintura-en-el-capitolio\/temas-de-interes\/\" \/>\n<meta property=\"og:locale\" content=\"en_US\" \/>\n<meta property=\"og:type\" content=\"article\" \/>\n<meta property=\"og:title\" content=\"Estudiante latino exhibir\u00e1 pintura en el Capitolio\" \/>\n<meta property=\"og:description\" content=\"El estudiante latino, Kevin Estrada de California fue elegido para exponer una pintura suya en el Capitolio de los Estados Unidos.\" \/>\n<meta property=\"og:url\" content=\"https:\/\/accesolatino.org\/en\/estudiante-latino-exhibira-pintura-en-el-capitolio\/temas-de-interes\/\" \/>\n<meta property=\"og:site_name\" content=\"Acceso Latino\" \/>\n<meta property=\"article:publisher\" content=\"https:\/\/www.facebook.com\/AccesoLatinoOrg\" \/>\n<meta property=\"article:published_time\" content=\"2015-06-15T21:55:45+00:00\" \/>\n<meta property=\"article:modified_time\" content=\"2025-10-30T05:05:07+00:00\" \/>\n<meta name=\"author\" content=\"Noticias\" \/>\n<meta name=\"twitter:card\" content=\"summary_large_image\" \/>\n<meta name=\"twitter:creator\" content=\"@FAccLatino\" \/>\n<meta name=\"twitter:site\" content=\"@FAccLatino\" \/>\n<meta name=\"twitter:label1\" content=\"Written by\" \/>\n\t<meta name=\"twitter:data1\" content=\"Noticias\" \/>\n\t<meta name=\"twitter:label2\" content=\"Est. reading time\" \/>\n\t<meta name=\"twitter:data2\" content=\"2 minutes\" \/>\n<script type=\"application\/ld+json\" class=\"yoast-schema-graph\">{\"@context\":\"https:\\\/\\\/schema.org\",\"@graph\":[{\"@type\":\"Article\",\"@id\":\"https:\\\/\\\/accesolatino.org\\\/estudiante-latino-exhibira-pintura-en-el-capitolio\\\/temas-de-interes\\\/#article\",\"isPartOf\":{\"@id\":\"https:\\\/\\\/accesolatino.org\\\/estudiante-latino-exhibira-pintura-en-el-capitolio\\\/temas-de-interes\\\/\"},\"author\":{\"name\":\"Noticias\",\"@id\":\"https:\\\/\\\/accesolatino.org\\\/#\\\/schema\\\/person\\\/6b654926a4e7e4709c9ad12459661666\"},\"headline\":\"Estudiante latino exhibir\u00e1 pintura en el Capitolio\",\"datePublished\":\"2015-06-15T21:55:45+00:00\",\"dateModified\":\"2025-10-30T05:05:07+00:00\",\"mainEntityOfPage\":{\"@id\":\"https:\\\/\\\/accesolatino.org\\\/estudiante-latino-exhibira-pintura-en-el-capitolio\\\/temas-de-interes\\\/\"},\"wordCount\":268,\"commentCount\":0,\"publisher\":{\"@id\":\"https:\\\/\\\/accesolatino.org\\\/#organization\"},\"articleSection\":[\"Noticias\",\"Temas de inter\u00e9s\"],\"inLanguage\":\"en-US\",\"potentialAction\":[{\"@type\":\"CommentAction\",\"name\":\"Comment\",\"target\":[\"https:\\\/\\\/accesolatino.org\\\/estudiante-latino-exhibira-pintura-en-el-capitolio\\\/temas-de-interes\\\/#respond\"]}]},{\"@type\":\"WebPage\",\"@id\":\"https:\\\/\\\/accesolatino.org\\\/estudiante-latino-exhibira-pintura-en-el-capitolio\\\/temas-de-interes\\\/\",\"url\":\"https:\\\/\\\/accesolatino.org\\\/estudiante-latino-exhibira-pintura-en-el-capitolio\\\/temas-de-interes\\\/\",\"name\":\"Estudiante latino exhibir\u00e1 pintura en el Capitolio\",\"isPartOf\":{\"@id\":\"https:\\\/\\\/accesolatino.org\\\/#website\"},\"datePublished\":\"2015-06-15T21:55:45+00:00\",\"dateModified\":\"2025-10-30T05:05:07+00:00\",\"description\":\"El estudiante latino, Kevin Estrada de California fue elegido para exponer una pintura suya en el Capitolio de los Estados Unidos.\",\"breadcrumb\":{\"@id\":\"https:\\\/\\\/accesolatino.org\\\/estudiante-latino-exhibira-pintura-en-el-capitolio\\\/temas-de-interes\\\/#breadcrumb\"},\"inLanguage\":\"en-US\",\"potentialAction\":[{\"@type\":\"ReadAction\",\"target\":[\"https:\\\/\\\/accesolatino.org\\\/estudiante-latino-exhibira-pintura-en-el-capitolio\\\/temas-de-interes\\\/\"]}]},{\"@type\":\"BreadcrumbList\",\"@id\":\"https:\\\/\\\/accesolatino.org\\\/estudiante-latino-exhibira-pintura-en-el-capitolio\\\/temas-de-interes\\\/#breadcrumb\",\"itemListElement\":[{\"@type\":\"ListItem\",\"position\":1,\"name\":\"Portada\",\"item\":\"https:\\\/\\\/accesolatino.org\\\/\"},{\"@type\":\"ListItem\",\"position\":2,\"name\":\"Noticias\",\"item\":\"https:\\\/\\\/accesolatino.org\\\/category\\\/noticias\\\/\"},{\"@type\":\"ListItem\",\"position\":3,\"name\":\"Estudiante latino exhibir\u00e1 pintura en el Capitolio\"}]},{\"@type\":\"WebSite\",\"@id\":\"https:\\\/\\\/accesolatino.org\\\/#website\",\"url\":\"https:\\\/\\\/accesolatino.org\\\/\",\"name\":\"Acceso Latino | Fundaci\u00f3n Carlos Slim\",\"description\":\"Fundaci\u00f3n Carlos Slim\",\"publisher\":{\"@id\":\"https:\\\/\\\/accesolatino.org\\\/#organization\"},\"potentialAction\":[{\"@type\":\"SearchAction\",\"target\":{\"@type\":\"EntryPoint\",\"urlTemplate\":\"https:\\\/\\\/accesolatino.org\\\/?s={search_term_string}\"},\"query-input\":{\"@type\":\"PropertyValueSpecification\",\"valueRequired\":true,\"valueName\":\"search_term_string\"}}],\"inLanguage\":\"en-US\"},{\"@type\":\"Organization\",\"@id\":\"https:\\\/\\\/accesolatino.org\\\/#organization\",\"name\":\"Acceso Latino | Fundaci\u00f3n Carlos Slim\",\"url\":\"https:\\\/\\\/accesolatino.org\\\/\",\"logo\":{\"@type\":\"ImageObject\",\"inLanguage\":\"en-US\",\"@id\":\"https:\\\/\\\/accesolatino.org\\\/#\\\/schema\\\/logo\\\/image\\\/\",\"url\":\"https:\\\/\\\/accesolatino.org\\\/wp-content\\\/uploads\\\/2021\\\/02\\\/logo-footer-acceso-latino.png\",\"contentUrl\":\"https:\\\/\\\/accesolatino.org\\\/wp-content\\\/uploads\\\/2021\\\/02\\\/logo-footer-acceso-latino.png\",\"width\":240,\"height\":40,\"caption\":\"Acceso Latino | Fundaci\u00f3n Carlos Slim\"},\"image\":{\"@id\":\"https:\\\/\\\/accesolatino.org\\\/#\\\/schema\\\/logo\\\/image\\\/\"},\"sameAs\":[\"https:\\\/\\\/www.facebook.com\\\/AccesoLatinoOrg\",\"https:\\\/\\\/x.com\\\/FAccLatino\"]},{\"@type\":\"Person\",\"@id\":\"https:\\\/\\\/accesolatino.org\\\/#\\\/schema\\\/person\\\/6b654926a4e7e4709c9ad12459661666\",\"name\":\"Noticias\"}]}<\/script>\n<!-- \/ Yoast SEO plugin. -->","yoast_head_json":{"title":"Estudiante latino exhibir\u00e1 pintura en el Capitolio","description":"El estudiante latino, Kevin Estrada de California fue elegido para exponer una pintura suya en el Capitolio de los Estados Unidos.","robots":{"index":"index","follow":"follow","max-snippet":"max-snippet:-1","max-image-preview":"max-image-preview:large","max-video-preview":"max-video-preview:-1"},"canonical":"https:\/\/accesolatino.org\/en\/estudiante-latino-exhibira-pintura-en-el-capitolio\/temas-de-interes\/","og_locale":"en_US","og_type":"article","og_title":"Estudiante latino exhibir\u00e1 pintura en el Capitolio","og_description":"El estudiante latino, Kevin Estrada de California fue elegido para exponer una pintura suya en el Capitolio de los Estados Unidos.","og_url":"https:\/\/accesolatino.org\/en\/estudiante-latino-exhibira-pintura-en-el-capitolio\/temas-de-interes\/","og_site_name":"Acceso Latino","article_publisher":"https:\/\/www.facebook.com\/AccesoLatinoOrg","article_published_time":"2015-06-15T21:55:45+00:00","article_modified_time":"2025-10-30T05:05:07+00:00","author":"Noticias","twitter_card":"summary_large_image","twitter_creator":"@FAccLatino","twitter_site":"@FAccLatino","twitter_misc":{"Written by":"Noticias","Est. reading time":"2 minutes"},"schema":{"@context":"https:\/\/schema.org","@graph":[{"@type":"Article","@id":"https:\/\/accesolatino.org\/estudiante-latino-exhibira-pintura-en-el-capitolio\/temas-de-interes\/#article","isPartOf":{"@id":"https:\/\/accesolatino.org\/estudiante-latino-exhibira-pintura-en-el-capitolio\/temas-de-interes\/"},"author":{"name":"Noticias","@id":"https:\/\/accesolatino.org\/#\/schema\/person\/6b654926a4e7e4709c9ad12459661666"},"headline":"Estudiante latino exhibir\u00e1 pintura en el Capitolio","datePublished":"2015-06-15T21:55:45+00:00","dateModified":"2025-10-30T05:05:07+00:00","mainEntityOfPage":{"@id":"https:\/\/accesolatino.org\/estudiante-latino-exhibira-pintura-en-el-capitolio\/temas-de-interes\/"},"wordCount":268,"commentCount":0,"publisher":{"@id":"https:\/\/accesolatino.org\/#organization"},"articleSection":["Noticias","Temas de inter\u00e9s"],"inLanguage":"en-US","potentialAction":[{"@type":"CommentAction","name":"Comment","target":["https:\/\/accesolatino.org\/estudiante-latino-exhibira-pintura-en-el-capitolio\/temas-de-interes\/#respond"]}]},{"@type":"WebPage","@id":"https:\/\/accesolatino.org\/estudiante-latino-exhibira-pintura-en-el-capitolio\/temas-de-interes\/","url":"https:\/\/accesolatino.org\/estudiante-latino-exhibira-pintura-en-el-capitolio\/temas-de-interes\/","name":"Estudiante latino exhibir\u00e1 pintura en el Capitolio","isPartOf":{"@id":"https:\/\/accesolatino.org\/#website"},"datePublished":"2015-06-15T21:55:45+00:00","dateModified":"2025-10-30T05:05:07+00:00","description":"El estudiante latino, Kevin Estrada de California fue elegido para exponer una pintura suya en el Capitolio de los Estados Unidos.","breadcrumb":{"@id":"https:\/\/accesolatino.org\/estudiante-latino-exhibira-pintura-en-el-capitolio\/temas-de-interes\/#breadcrumb"},"inLanguage":"en-US","potentialAction":[{"@type":"ReadAction","target":["https:\/\/accesolatino.org\/estudiante-latino-exhibira-pintura-en-el-capitolio\/temas-de-interes\/"]}]},{"@type":"BreadcrumbList","@id":"https:\/\/accesolatino.org\/estudiante-latino-exhibira-pintura-en-el-capitolio\/temas-de-interes\/#breadcrumb","itemListElement":[{"@type":"ListItem","position":1,"name":"Portada","item":"https:\/\/accesolatino.org\/"},{"@type":"ListItem","position":2,"name":"Noticias","item":"https:\/\/accesolatino.org\/category\/noticias\/"},{"@type":"ListItem","position":3,"name":"Estudiante latino exhibir\u00e1 pintura en el Capitolio"}]},{"@type":"WebSite","@id":"https:\/\/accesolatino.org\/#website","url":"https:\/\/accesolatino.org\/","name":"Acceso Latino | Fundaci\u00f3n Carlos Slim","description":"Fundaci\u00f3n Carlos Slim","publisher":{"@id":"https:\/\/accesolatino.org\/#organization"},"potentialAction":[{"@type":"SearchAction","target":{"@type":"EntryPoint","urlTemplate":"https:\/\/accesolatino.org\/?s={search_term_string}"},"query-input":{"@type":"PropertyValueSpecification","valueRequired":true,"valueName":"search_term_string"}}],"inLanguage":"en-US"},{"@type":"Organization","@id":"https:\/\/accesolatino.org\/#organization","name":"Acceso Latino | Fundaci\u00f3n Carlos Slim","url":"https:\/\/accesolatino.org\/","logo":{"@type":"ImageObject","inLanguage":"en-US","@id":"https:\/\/accesolatino.org\/#\/schema\/logo\/image\/","url":"https:\/\/accesolatino.org\/wp-content\/uploads\/2021\/02\/logo-footer-acceso-latino.png","contentUrl":"https:\/\/accesolatino.org\/wp-content\/uploads\/2021\/02\/logo-footer-acceso-latino.png","width":240,"height":40,"caption":"Acceso Latino | Fundaci\u00f3n Carlos Slim"},"image":{"@id":"https:\/\/accesolatino.org\/#\/schema\/logo\/image\/"},"sameAs":["https:\/\/www.facebook.com\/AccesoLatinoOrg","https:\/\/x.com\/FAccLatino"]},{"@type":"Person","@id":"https:\/\/accesolatino.org\/#\/schema\/person\/6b654926a4e7e4709c9ad12459661666","name":"News"}]}},"_links":{"self":[{"href":"https:\/\/accesolatino.org\/en\/wp-json\/wp\/v2\/posts\/12043","targetHints":{"allow":["GET"]}}],"collection":[{"href":"https:\/\/accesolatino.org\/en\/wp-json\/wp\/v2\/posts"}],"about":[{"href":"https:\/\/accesolatino.org\/en\/wp-json\/wp\/v2\/types\/post"}],"author":[{"embeddable":true,"href":"https:\/\/accesolatino.org\/en\/wp-json\/wp\/v2\/users\/13"}],"replies":[{"embeddable":true,"href":"https:\/\/accesolatino.org\/en\/wp-json\/wp\/v2\/comments?post=12043"}],"version-history":[{"count":1,"href":"https:\/\/accesolatino.org\/en\/wp-json\/wp\/v2\/posts\/12043\/revisions"}],"predecessor-version":[{"id":68273,"href":"https:\/\/accesolatino.org\/en\/wp-json\/wp\/v2\/posts\/12043\/revisions\/68273"}],"wp:attachment":[{"href":"https:\/\/accesolatino.org\/en\/wp-json\/wp\/v2\/media?parent=12043"}],"wp:term":[{"taxonomy":"category","embeddable":true,"href":"https:\/\/accesolatino.org\/en\/wp-json\/wp\/v2\/categories?post=12043"},{"taxonomy":"post_tag","embeddable":true,"href":"https:\/\/accesolatino.org\/en\/wp-json\/wp\/v2\/tags?post=12043"}],"curies":[{"name":"wp","href":"https:\/\/api.w.org\/{rel}","templated":true}]}}