{"id":12042,"date":"2015-06-15T11:55:23","date_gmt":"2015-06-15T16:55:23","guid":{"rendered":"https:\/\/accesolatino.org\/?p=1372"},"modified":"2025-10-29T23:05:01","modified_gmt":"2025-10-30T05:05:01","slug":"daca-cumple-tres-anos-de-haber-entrado-en-vigor","status":"publish","type":"post","link":"https:\/\/accesolatino.org\/en\/daca-cumple-tres-anos-de-haber-entrado-en-vigor\/temas-de-interes\/","title":{"rendered":"DACA cumple tres a\u00f1os de haber entrado en vigor"},"content":{"rendered":"<p><strong>El d\u00eda de hoy la Acci\u00f3n Diferida para los Llegados en la Infancia (DACA, por sus siglas en ingl\u00e9s) cumple tres a\u00f1os de haber entrado en vigor.<\/strong> DACA tiene como fin regularizar la situaci\u00f3n migratoria de las personas que llegaron a los Estados Unidos en la infancia y darles un permiso para trabajar.<\/p>\n<p>Fue el 15 de junio de 2013 cuando el Departamento de Seguridad Interna anunci\u00f3 que algunas personas que llegaron a Estados Unidos cuando eran ni\u00f1os y cumplen algunos requisitos pueden solicitar DACA por un periodo de dos a\u00f1os que es renovable.<\/p>\n<p>Entre los criterios para solicitar DACA se encuentra ser menor de 31 a\u00f1os al 15 de junio de 2012 y haber llegado a los Estados Unidos antes de haber cumplido los 16 a\u00f1os, haber estado f\u00edsicamente en territorio estadounidense en la fecha antes mencionada y cuando presento la solicitud, no contar con un estatus migratorio legal y no tener antecedentes penales.<\/p>\n<p>Adem\u00e1s el solicitante deber\u00e1 ser un estudiante actual o graduado, o haber obtenido un certificado de preparatoria o tener otros estudios.<\/p>\n<p>En noviembre pasado el presidente Obama anunci\u00f3 una extensi\u00f3n de DACA, que ampliaba el espectro para ser elegible a este programa, sin embargo en febrero de este a\u00f1o la extensi\u00f3n de DACA fue bloqueada por un juez federal y fue ratificada hace unas semanas por una Corte de Apelaciones.<\/p>\n<p><strong>Actualmente el Servicio de Ciudadan\u00eda e Inmigraci\u00f3n (USCIS, por sus siglas en ingl\u00e9s) se encuentra recibiendo solicitudes para DACA con los criterios que se ten\u00eda previo a su expansi\u00f3n.<\/strong><\/p>\n<p>Los especialistas calculan que en tres a\u00f1os han sido recibidas casi 800 mil solicitudes para DACA.<\/p>\n<p>&nbsp;<\/p>\n<p><strong>Fuente:<\/strong><em> Z\u00f3calo<\/em>    \t<\/p>","protected":false},"excerpt":{"rendered":"<p>El d\u00eda de hoy la Acci\u00f3n Diferida para los Llegados en la Infancia (DACA, por sus siglas en ingl\u00e9s) cumple tres a\u00f1os de haber entrado en vigor. DACA tiene como fin regularizar la situaci\u00f3n migratoria de las personas que llegaron a los Estados Unidos en la infancia y darles un permiso para trabajar. Fue el 15 de junio de 2013 cuando el Departamento de Seguridad Interna anunci\u00f3 que algunas personas que llegaron a Estados Unidos cuando eran ni\u00f1os y cumplen algunos requisitos pueden solicitar DACA por un periodo de dos a\u00f1os que es renovable. Entre los criterios para solicitar DACA se encuentra ser menor de 31 a\u00f1os al 15 de junio de 2012 y haber llegado a los Estados Unidos antes de haber cumplido los 16 a\u00f1os, haber estado f\u00edsicamente en territorio estadounidense en la fecha antes mencionada y cuando presento la solicitud, no contar con un estatus migratorio legal y no tener antecedentes penales. Adem\u00e1s el solicitante deber\u00e1 ser un estudiante actual o graduado, o haber obtenido un certificado de preparatoria o tener otros estudios. En noviembre pasado el presidente Obama anunci\u00f3 una extensi\u00f3n de DACA, que ampliaba el espectro para ser elegible a este programa, sin embargo en febrero de este a\u00f1o la extensi\u00f3n de DACA fue bloqueada por un juez federal y fue ratificada hace unas semanas por una Corte de Apelaciones. Actualmente el Servicio de Ciudadan\u00eda e Inmigraci\u00f3n (USCIS, por sus siglas en ingl\u00e9s) se encuentra recibiendo solicitudes para DACA con los criterios que se ten\u00eda previo a su expansi\u00f3n. Los especialistas calculan que en tres a\u00f1os han sido recibidas casi 800 mil solicitudes para DACA. &nbsp; Fuente: Z\u00f3calo<\/p>","protected":false},"author":13,"featured_media":0,"comment_status":"open","ping_status":"open","sticky":false,"template":"","format":"standard","meta":{"_uf_show_specific_survey":0,"_uf_disable_surveys":false,"footnotes":""},"categories":[10,1],"tags":[],"class_list":["post-12042","post","type-post","status-publish","format-standard","hentry","category-noticias","category-temas-de-interes"],"aioseo_notices":[],"yoast_head":"<!-- This site is optimized with the Yoast SEO plugin v27.4 - https:\/\/yoast.com\/product\/yoast-seo-wordpress\/ -->\n<title>DACA cumple tres a\u00f1os de haber entrado en vigor<\/title>\n<meta name=\"description\" content=\"El d\u00eda de hoy la Acci\u00f3n Diferida para los Llegados en la Infancia (DACA, por sus siglas en ingl\u00e9s) cumple tres a\u00f1os de haber entrado en vigor.\" \/>\n<meta name=\"robots\" content=\"index, follow, max-snippet:-1, max-image-preview:large, max-video-preview:-1\" \/>\n<link rel=\"canonical\" href=\"https:\/\/accesolatino.org\/en\/daca-cumple-tres-anos-de-haber-entrado-en-vigor\/temas-de-interes\/\" \/>\n<meta property=\"og:locale\" content=\"en_US\" \/>\n<meta property=\"og:type\" content=\"article\" \/>\n<meta property=\"og:title\" content=\"DACA cumple tres a\u00f1os de haber entrado en vigor\" \/>\n<meta property=\"og:description\" content=\"El d\u00eda de hoy la Acci\u00f3n Diferida para los Llegados en la Infancia (DACA, por sus siglas en ingl\u00e9s) cumple tres a\u00f1os de haber entrado en vigor.\" \/>\n<meta property=\"og:url\" content=\"https:\/\/accesolatino.org\/en\/daca-cumple-tres-anos-de-haber-entrado-en-vigor\/temas-de-interes\/\" \/>\n<meta property=\"og:site_name\" content=\"Acceso Latino\" \/>\n<meta property=\"article:publisher\" content=\"https:\/\/www.facebook.com\/AccesoLatinoOrg\" \/>\n<meta property=\"article:published_time\" content=\"2015-06-15T16:55:23+00:00\" \/>\n<meta property=\"article:modified_time\" content=\"2025-10-30T05:05:01+00:00\" \/>\n<meta name=\"author\" content=\"Noticias\" \/>\n<meta name=\"twitter:card\" content=\"summary_large_image\" \/>\n<meta name=\"twitter:creator\" content=\"@FAccLatino\" \/>\n<meta name=\"twitter:site\" content=\"@FAccLatino\" \/>\n<meta name=\"twitter:label1\" content=\"Written by\" \/>\n\t<meta name=\"twitter:data1\" content=\"Noticias\" \/>\n\t<meta name=\"twitter:label2\" content=\"Est. reading time\" \/>\n\t<meta name=\"twitter:data2\" content=\"2 minutes\" \/>\n<script type=\"application\/ld+json\" class=\"yoast-schema-graph\">{\"@context\":\"https:\\\/\\\/schema.org\",\"@graph\":[{\"@type\":\"Article\",\"@id\":\"https:\\\/\\\/accesolatino.org\\\/daca-cumple-tres-anos-de-haber-entrado-en-vigor\\\/temas-de-interes\\\/#article\",\"isPartOf\":{\"@id\":\"https:\\\/\\\/accesolatino.org\\\/daca-cumple-tres-anos-de-haber-entrado-en-vigor\\\/temas-de-interes\\\/\"},\"author\":{\"name\":\"Noticias\",\"@id\":\"https:\\\/\\\/accesolatino.org\\\/#\\\/schema\\\/person\\\/6b654926a4e7e4709c9ad12459661666\"},\"headline\":\"DACA cumple tres a\u00f1os de haber entrado en vigor\",\"datePublished\":\"2015-06-15T16:55:23+00:00\",\"dateModified\":\"2025-10-30T05:05:01+00:00\",\"mainEntityOfPage\":{\"@id\":\"https:\\\/\\\/accesolatino.org\\\/daca-cumple-tres-anos-de-haber-entrado-en-vigor\\\/temas-de-interes\\\/\"},\"wordCount\":297,\"commentCount\":0,\"publisher\":{\"@id\":\"https:\\\/\\\/accesolatino.org\\\/#organization\"},\"articleSection\":[\"Noticias\",\"Temas de inter\u00e9s\"],\"inLanguage\":\"en-US\",\"potentialAction\":[{\"@type\":\"CommentAction\",\"name\":\"Comment\",\"target\":[\"https:\\\/\\\/accesolatino.org\\\/daca-cumple-tres-anos-de-haber-entrado-en-vigor\\\/temas-de-interes\\\/#respond\"]}]},{\"@type\":\"WebPage\",\"@id\":\"https:\\\/\\\/accesolatino.org\\\/daca-cumple-tres-anos-de-haber-entrado-en-vigor\\\/temas-de-interes\\\/\",\"url\":\"https:\\\/\\\/accesolatino.org\\\/daca-cumple-tres-anos-de-haber-entrado-en-vigor\\\/temas-de-interes\\\/\",\"name\":\"DACA cumple tres a\u00f1os de haber entrado en vigor\",\"isPartOf\":{\"@id\":\"https:\\\/\\\/accesolatino.org\\\/#website\"},\"datePublished\":\"2015-06-15T16:55:23+00:00\",\"dateModified\":\"2025-10-30T05:05:01+00:00\",\"description\":\"El d\u00eda de hoy la Acci\u00f3n Diferida para los Llegados en la Infancia (DACA, por sus siglas en ingl\u00e9s) cumple tres a\u00f1os de haber entrado en vigor.\",\"breadcrumb\":{\"@id\":\"https:\\\/\\\/accesolatino.org\\\/daca-cumple-tres-anos-de-haber-entrado-en-vigor\\\/temas-de-interes\\\/#breadcrumb\"},\"inLanguage\":\"en-US\",\"potentialAction\":[{\"@type\":\"ReadAction\",\"target\":[\"https:\\\/\\\/accesolatino.org\\\/daca-cumple-tres-anos-de-haber-entrado-en-vigor\\\/temas-de-interes\\\/\"]}]},{\"@type\":\"BreadcrumbList\",\"@id\":\"https:\\\/\\\/accesolatino.org\\\/daca-cumple-tres-anos-de-haber-entrado-en-vigor\\\/temas-de-interes\\\/#breadcrumb\",\"itemListElement\":[{\"@type\":\"ListItem\",\"position\":1,\"name\":\"Portada\",\"item\":\"https:\\\/\\\/accesolatino.org\\\/\"},{\"@type\":\"ListItem\",\"position\":2,\"name\":\"Noticias\",\"item\":\"https:\\\/\\\/accesolatino.org\\\/category\\\/noticias\\\/\"},{\"@type\":\"ListItem\",\"position\":3,\"name\":\"DACA cumple tres a\u00f1os de haber entrado en vigor\"}]},{\"@type\":\"WebSite\",\"@id\":\"https:\\\/\\\/accesolatino.org\\\/#website\",\"url\":\"https:\\\/\\\/accesolatino.org\\\/\",\"name\":\"Acceso Latino | Fundaci\u00f3n Carlos Slim\",\"description\":\"Fundaci\u00f3n Carlos Slim\",\"publisher\":{\"@id\":\"https:\\\/\\\/accesolatino.org\\\/#organization\"},\"potentialAction\":[{\"@type\":\"SearchAction\",\"target\":{\"@type\":\"EntryPoint\",\"urlTemplate\":\"https:\\\/\\\/accesolatino.org\\\/?s={search_term_string}\"},\"query-input\":{\"@type\":\"PropertyValueSpecification\",\"valueRequired\":true,\"valueName\":\"search_term_string\"}}],\"inLanguage\":\"en-US\"},{\"@type\":\"Organization\",\"@id\":\"https:\\\/\\\/accesolatino.org\\\/#organization\",\"name\":\"Acceso Latino | Fundaci\u00f3n Carlos Slim\",\"url\":\"https:\\\/\\\/accesolatino.org\\\/\",\"logo\":{\"@type\":\"ImageObject\",\"inLanguage\":\"en-US\",\"@id\":\"https:\\\/\\\/accesolatino.org\\\/#\\\/schema\\\/logo\\\/image\\\/\",\"url\":\"https:\\\/\\\/accesolatino.org\\\/wp-content\\\/uploads\\\/2021\\\/02\\\/logo-footer-acceso-latino.png\",\"contentUrl\":\"https:\\\/\\\/accesolatino.org\\\/wp-content\\\/uploads\\\/2021\\\/02\\\/logo-footer-acceso-latino.png\",\"width\":240,\"height\":40,\"caption\":\"Acceso Latino | Fundaci\u00f3n Carlos Slim\"},\"image\":{\"@id\":\"https:\\\/\\\/accesolatino.org\\\/#\\\/schema\\\/logo\\\/image\\\/\"},\"sameAs\":[\"https:\\\/\\\/www.facebook.com\\\/AccesoLatinoOrg\",\"https:\\\/\\\/x.com\\\/FAccLatino\"]},{\"@type\":\"Person\",\"@id\":\"https:\\\/\\\/accesolatino.org\\\/#\\\/schema\\\/person\\\/6b654926a4e7e4709c9ad12459661666\",\"name\":\"Noticias\"}]}<\/script>\n<!-- \/ Yoast SEO plugin. -->","yoast_head_json":{"title":"DACA cumple tres a\u00f1os de haber entrado en vigor","description":"El d\u00eda de hoy la Acci\u00f3n Diferida para los Llegados en la Infancia (DACA, por sus siglas en ingl\u00e9s) cumple tres a\u00f1os de haber entrado en vigor.","robots":{"index":"index","follow":"follow","max-snippet":"max-snippet:-1","max-image-preview":"max-image-preview:large","max-video-preview":"max-video-preview:-1"},"canonical":"https:\/\/accesolatino.org\/en\/daca-cumple-tres-anos-de-haber-entrado-en-vigor\/temas-de-interes\/","og_locale":"en_US","og_type":"article","og_title":"DACA cumple tres a\u00f1os de haber entrado en vigor","og_description":"El d\u00eda de hoy la Acci\u00f3n Diferida para los Llegados en la Infancia (DACA, por sus siglas en ingl\u00e9s) cumple tres a\u00f1os de haber entrado en vigor.","og_url":"https:\/\/accesolatino.org\/en\/daca-cumple-tres-anos-de-haber-entrado-en-vigor\/temas-de-interes\/","og_site_name":"Acceso Latino","article_publisher":"https:\/\/www.facebook.com\/AccesoLatinoOrg","article_published_time":"2015-06-15T16:55:23+00:00","article_modified_time":"2025-10-30T05:05:01+00:00","author":"Noticias","twitter_card":"summary_large_image","twitter_creator":"@FAccLatino","twitter_site":"@FAccLatino","twitter_misc":{"Written by":"Noticias","Est. reading time":"2 minutes"},"schema":{"@context":"https:\/\/schema.org","@graph":[{"@type":"Article","@id":"https:\/\/accesolatino.org\/daca-cumple-tres-anos-de-haber-entrado-en-vigor\/temas-de-interes\/#article","isPartOf":{"@id":"https:\/\/accesolatino.org\/daca-cumple-tres-anos-de-haber-entrado-en-vigor\/temas-de-interes\/"},"author":{"name":"Noticias","@id":"https:\/\/accesolatino.org\/#\/schema\/person\/6b654926a4e7e4709c9ad12459661666"},"headline":"DACA cumple tres a\u00f1os de haber entrado en vigor","datePublished":"2015-06-15T16:55:23+00:00","dateModified":"2025-10-30T05:05:01+00:00","mainEntityOfPage":{"@id":"https:\/\/accesolatino.org\/daca-cumple-tres-anos-de-haber-entrado-en-vigor\/temas-de-interes\/"},"wordCount":297,"commentCount":0,"publisher":{"@id":"https:\/\/accesolatino.org\/#organization"},"articleSection":["Noticias","Temas de inter\u00e9s"],"inLanguage":"en-US","potentialAction":[{"@type":"CommentAction","name":"Comment","target":["https:\/\/accesolatino.org\/daca-cumple-tres-anos-de-haber-entrado-en-vigor\/temas-de-interes\/#respond"]}]},{"@type":"WebPage","@id":"https:\/\/accesolatino.org\/daca-cumple-tres-anos-de-haber-entrado-en-vigor\/temas-de-interes\/","url":"https:\/\/accesolatino.org\/daca-cumple-tres-anos-de-haber-entrado-en-vigor\/temas-de-interes\/","name":"DACA cumple tres a\u00f1os de haber entrado en vigor","isPartOf":{"@id":"https:\/\/accesolatino.org\/#website"},"datePublished":"2015-06-15T16:55:23+00:00","dateModified":"2025-10-30T05:05:01+00:00","description":"El d\u00eda de hoy la Acci\u00f3n Diferida para los Llegados en la Infancia (DACA, por sus siglas en ingl\u00e9s) cumple tres a\u00f1os de haber entrado en vigor.","breadcrumb":{"@id":"https:\/\/accesolatino.org\/daca-cumple-tres-anos-de-haber-entrado-en-vigor\/temas-de-interes\/#breadcrumb"},"inLanguage":"en-US","potentialAction":[{"@type":"ReadAction","target":["https:\/\/accesolatino.org\/daca-cumple-tres-anos-de-haber-entrado-en-vigor\/temas-de-interes\/"]}]},{"@type":"BreadcrumbList","@id":"https:\/\/accesolatino.org\/daca-cumple-tres-anos-de-haber-entrado-en-vigor\/temas-de-interes\/#breadcrumb","itemListElement":[{"@type":"ListItem","position":1,"name":"Portada","item":"https:\/\/accesolatino.org\/"},{"@type":"ListItem","position":2,"name":"Noticias","item":"https:\/\/accesolatino.org\/category\/noticias\/"},{"@type":"ListItem","position":3,"name":"DACA cumple tres a\u00f1os de haber entrado en vigor"}]},{"@type":"WebSite","@id":"https:\/\/accesolatino.org\/#website","url":"https:\/\/accesolatino.org\/","name":"Acceso Latino | Fundaci\u00f3n Carlos Slim","description":"Fundaci\u00f3n Carlos Slim","publisher":{"@id":"https:\/\/accesolatino.org\/#organization"},"potentialAction":[{"@type":"SearchAction","target":{"@type":"EntryPoint","urlTemplate":"https:\/\/accesolatino.org\/?s={search_term_string}"},"query-input":{"@type":"PropertyValueSpecification","valueRequired":true,"valueName":"search_term_string"}}],"inLanguage":"en-US"},{"@type":"Organization","@id":"https:\/\/accesolatino.org\/#organization","name":"Acceso Latino | Fundaci\u00f3n Carlos Slim","url":"https:\/\/accesolatino.org\/","logo":{"@type":"ImageObject","inLanguage":"en-US","@id":"https:\/\/accesolatino.org\/#\/schema\/logo\/image\/","url":"https:\/\/accesolatino.org\/wp-content\/uploads\/2021\/02\/logo-footer-acceso-latino.png","contentUrl":"https:\/\/accesolatino.org\/wp-content\/uploads\/2021\/02\/logo-footer-acceso-latino.png","width":240,"height":40,"caption":"Acceso Latino | Fundaci\u00f3n Carlos Slim"},"image":{"@id":"https:\/\/accesolatino.org\/#\/schema\/logo\/image\/"},"sameAs":["https:\/\/www.facebook.com\/AccesoLatinoOrg","https:\/\/x.com\/FAccLatino"]},{"@type":"Person","@id":"https:\/\/accesolatino.org\/#\/schema\/person\/6b654926a4e7e4709c9ad12459661666","name":"News"}]}},"_links":{"self":[{"href":"https:\/\/accesolatino.org\/en\/wp-json\/wp\/v2\/posts\/12042","targetHints":{"allow":["GET"]}}],"collection":[{"href":"https:\/\/accesolatino.org\/en\/wp-json\/wp\/v2\/posts"}],"about":[{"href":"https:\/\/accesolatino.org\/en\/wp-json\/wp\/v2\/types\/post"}],"author":[{"embeddable":true,"href":"https:\/\/accesolatino.org\/en\/wp-json\/wp\/v2\/users\/13"}],"replies":[{"embeddable":true,"href":"https:\/\/accesolatino.org\/en\/wp-json\/wp\/v2\/comments?post=12042"}],"version-history":[{"count":1,"href":"https:\/\/accesolatino.org\/en\/wp-json\/wp\/v2\/posts\/12042\/revisions"}],"predecessor-version":[{"id":68272,"href":"https:\/\/accesolatino.org\/en\/wp-json\/wp\/v2\/posts\/12042\/revisions\/68272"}],"wp:attachment":[{"href":"https:\/\/accesolatino.org\/en\/wp-json\/wp\/v2\/media?parent=12042"}],"wp:term":[{"taxonomy":"category","embeddable":true,"href":"https:\/\/accesolatino.org\/en\/wp-json\/wp\/v2\/categories?post=12042"},{"taxonomy":"post_tag","embeddable":true,"href":"https:\/\/accesolatino.org\/en\/wp-json\/wp\/v2\/tags?post=12042"}],"curies":[{"name":"wp","href":"https:\/\/api.w.org\/{rel}","templated":true}]}}