{"id":12041,"date":"2015-06-14T11:55:14","date_gmt":"2015-06-14T16:55:14","guid":{"rendered":"https:\/\/accesolatino.org\/?p=1369"},"modified":"2025-10-29T23:04:55","modified_gmt":"2025-10-30T05:04:55","slug":"los-latinos-y-el-trastorno-bipolar","status":"publish","type":"post","link":"https:\/\/accesolatino.org\/en\/los-latinos-y-el-trastorno-bipolar\/temas-de-interes\/","title":{"rendered":"Los latinos y el trastorno bipolar"},"content":{"rendered":"<p><strong>El trastorno bipolar es un padecimiento que se caracteriza por cambios repentinos en el estado de \u00e1nimo, la energ\u00eda y la manera de reaccionar a los diferentes est\u00edmulos de la vida diaria.<\/strong> Diversos estudios han demostrado que las comunidades latinas la tienen muy dif\u00edcil a la hora de afrontar enfermedades mentales.<\/p>\n<p>Los especialistas consideran que los latinos que padecen trastorno bipolar frecuentemente son mal diagnosticados y se resisten a recibir alg\u00fan tratamiento, es por eso que los expertos consideran que se debe hacer un trabajo de educaci\u00f3n en la comunidad para explicar la importancia que tiene el tratamiento de los padecimientos mentales.<\/p>\n<p>El doctor Luis A. Vargas, profesor asociado del departamento de Psiquiatr\u00eda de la Escuela de Medicina de la Universidad de Nuevo M\u00e9xico explic\u00f3 que el trastorno bipolar tiene un alto impacto en las habilidades de las personas para ser funcionales y destac\u00f3 que un tratamiento adecuado puede mejorar considerablemente la funcionalidad de las personas.<\/p>\n<p><strong>Respecto a la prevalencia de la enfermedad los expertos sostienen que los latinos nacidos en los Estados Unidos sufren m\u00e1s del trastorno bipolar que los latinos provenientes del extranjero.<\/strong><\/p>\n<p>El doctor Vargas explic\u00f3 que uno de los m\u00e1s grandes obst\u00e1culos que encuentran los latinos a la hora de decidirse por un tratamiento para el trastorno bipolar es la estigmatizaci\u00f3n debido a la err\u00f3nea idea que se tiene de los padecimientos mentales.<\/p>\n<p>El trastorno bipolar puede ser controlado por medio de medicamentos y psicoterapia.<\/p>\n<p><strong>Recuerde que a para ser diagnosticado con trastorno bipolar u otra enfermedad mental debe consultar con un especialista calificado que dise\u00f1ar\u00e1 dado el caso un tratamiento adecuado para usted.<\/strong><\/p>\n<p>&nbsp;<\/p>\n<p><strong>Fuente:<\/strong> <em>Latin Post<\/em>    \t<\/p>","protected":false},"excerpt":{"rendered":"<p>El trastorno bipolar es un padecimiento que se caracteriza por cambios repentinos en el estado de \u00e1nimo, la energ\u00eda y la manera de reaccionar a los diferentes est\u00edmulos de la vida diaria. Diversos estudios han demostrado que las comunidades latinas la tienen muy dif\u00edcil a la hora de afrontar enfermedades mentales. Los especialistas consideran que los latinos que padecen trastorno bipolar frecuentemente son mal diagnosticados y se resisten a recibir alg\u00fan tratamiento, es por eso que los expertos consideran que se debe hacer un trabajo de educaci\u00f3n en la comunidad para explicar la importancia que tiene el tratamiento de los padecimientos mentales. El doctor Luis A. Vargas, profesor asociado del departamento de Psiquiatr\u00eda de la Escuela de Medicina de la Universidad de Nuevo M\u00e9xico explic\u00f3 que el trastorno bipolar tiene un alto impacto en las habilidades de las personas para ser funcionales y destac\u00f3 que un tratamiento adecuado puede mejorar considerablemente la funcionalidad de las personas. Respecto a la prevalencia de la enfermedad los expertos sostienen que los latinos nacidos en los Estados Unidos sufren m\u00e1s del trastorno bipolar que los latinos provenientes del extranjero. El doctor Vargas explic\u00f3 que uno de los m\u00e1s grandes obst\u00e1culos que encuentran los latinos a la hora de decidirse por un tratamiento para el trastorno bipolar es la estigmatizaci\u00f3n debido a la err\u00f3nea idea que se tiene de los padecimientos mentales. El trastorno bipolar puede ser controlado por medio de medicamentos y psicoterapia. Recuerde que a para ser diagnosticado con trastorno bipolar u otra enfermedad mental debe consultar con un especialista calificado que dise\u00f1ar\u00e1 dado el caso un tratamiento adecuado para usted. &nbsp; Fuente: Latin Post<\/p>","protected":false},"author":13,"featured_media":0,"comment_status":"open","ping_status":"open","sticky":false,"template":"","format":"standard","meta":{"_uf_show_specific_survey":0,"_uf_disable_surveys":false,"footnotes":""},"categories":[10,1],"tags":[],"class_list":["post-12041","post","type-post","status-publish","format-standard","hentry","category-noticias","category-temas-de-interes"],"aioseo_notices":[],"yoast_head":"<!-- This site is optimized with the Yoast SEO plugin v27.4 - https:\/\/yoast.com\/product\/yoast-seo-wordpress\/ -->\n<title>Los latinos y el trastorno bipolar<\/title>\n<meta name=\"description\" content=\"Diversos estudios han demostrado que los latinos la tienen muy dif\u00edcil a la hora de afrontar enfermedades mentales.\" \/>\n<meta name=\"robots\" content=\"index, follow, max-snippet:-1, max-image-preview:large, max-video-preview:-1\" \/>\n<link rel=\"canonical\" href=\"https:\/\/accesolatino.org\/en\/los-latinos-y-el-trastorno-bipolar\/temas-de-interes\/\" \/>\n<meta property=\"og:locale\" content=\"en_US\" \/>\n<meta property=\"og:type\" content=\"article\" \/>\n<meta property=\"og:title\" content=\"Los latinos y el trastorno bipolar\" \/>\n<meta property=\"og:description\" content=\"Diversos estudios han demostrado que los latinos la tienen muy dif\u00edcil a la hora de afrontar enfermedades mentales.\" \/>\n<meta property=\"og:url\" content=\"https:\/\/accesolatino.org\/en\/los-latinos-y-el-trastorno-bipolar\/temas-de-interes\/\" \/>\n<meta property=\"og:site_name\" content=\"Acceso Latino\" \/>\n<meta property=\"article:publisher\" content=\"https:\/\/www.facebook.com\/AccesoLatinoOrg\" \/>\n<meta property=\"article:published_time\" content=\"2015-06-14T16:55:14+00:00\" \/>\n<meta property=\"article:modified_time\" content=\"2025-10-30T05:04:55+00:00\" \/>\n<meta name=\"author\" content=\"Noticias\" \/>\n<meta name=\"twitter:card\" content=\"summary_large_image\" \/>\n<meta name=\"twitter:creator\" content=\"@FAccLatino\" \/>\n<meta name=\"twitter:site\" content=\"@FAccLatino\" \/>\n<meta name=\"twitter:label1\" content=\"Written by\" \/>\n\t<meta name=\"twitter:data1\" content=\"Noticias\" \/>\n\t<meta name=\"twitter:label2\" content=\"Est. reading time\" \/>\n\t<meta name=\"twitter:data2\" content=\"2 minutes\" \/>\n<script type=\"application\/ld+json\" class=\"yoast-schema-graph\">{\"@context\":\"https:\\\/\\\/schema.org\",\"@graph\":[{\"@type\":\"Article\",\"@id\":\"https:\\\/\\\/accesolatino.org\\\/los-latinos-y-el-trastorno-bipolar\\\/temas-de-interes\\\/#article\",\"isPartOf\":{\"@id\":\"https:\\\/\\\/accesolatino.org\\\/los-latinos-y-el-trastorno-bipolar\\\/temas-de-interes\\\/\"},\"author\":{\"name\":\"Noticias\",\"@id\":\"https:\\\/\\\/accesolatino.org\\\/#\\\/schema\\\/person\\\/6b654926a4e7e4709c9ad12459661666\"},\"headline\":\"Los latinos y el trastorno bipolar\",\"datePublished\":\"2015-06-14T16:55:14+00:00\",\"dateModified\":\"2025-10-30T05:04:55+00:00\",\"mainEntityOfPage\":{\"@id\":\"https:\\\/\\\/accesolatino.org\\\/los-latinos-y-el-trastorno-bipolar\\\/temas-de-interes\\\/\"},\"wordCount\":291,\"commentCount\":0,\"publisher\":{\"@id\":\"https:\\\/\\\/accesolatino.org\\\/#organization\"},\"articleSection\":[\"Noticias\",\"Temas de inter\u00e9s\"],\"inLanguage\":\"en-US\",\"potentialAction\":[{\"@type\":\"CommentAction\",\"name\":\"Comment\",\"target\":[\"https:\\\/\\\/accesolatino.org\\\/los-latinos-y-el-trastorno-bipolar\\\/temas-de-interes\\\/#respond\"]}]},{\"@type\":\"WebPage\",\"@id\":\"https:\\\/\\\/accesolatino.org\\\/los-latinos-y-el-trastorno-bipolar\\\/temas-de-interes\\\/\",\"url\":\"https:\\\/\\\/accesolatino.org\\\/los-latinos-y-el-trastorno-bipolar\\\/temas-de-interes\\\/\",\"name\":\"Los latinos y el trastorno bipolar\",\"isPartOf\":{\"@id\":\"https:\\\/\\\/accesolatino.org\\\/#website\"},\"datePublished\":\"2015-06-14T16:55:14+00:00\",\"dateModified\":\"2025-10-30T05:04:55+00:00\",\"description\":\"Diversos estudios han demostrado que los latinos la tienen muy dif\u00edcil a la hora de afrontar enfermedades mentales.\",\"breadcrumb\":{\"@id\":\"https:\\\/\\\/accesolatino.org\\\/los-latinos-y-el-trastorno-bipolar\\\/temas-de-interes\\\/#breadcrumb\"},\"inLanguage\":\"en-US\",\"potentialAction\":[{\"@type\":\"ReadAction\",\"target\":[\"https:\\\/\\\/accesolatino.org\\\/los-latinos-y-el-trastorno-bipolar\\\/temas-de-interes\\\/\"]}]},{\"@type\":\"BreadcrumbList\",\"@id\":\"https:\\\/\\\/accesolatino.org\\\/los-latinos-y-el-trastorno-bipolar\\\/temas-de-interes\\\/#breadcrumb\",\"itemListElement\":[{\"@type\":\"ListItem\",\"position\":1,\"name\":\"Portada\",\"item\":\"https:\\\/\\\/accesolatino.org\\\/\"},{\"@type\":\"ListItem\",\"position\":2,\"name\":\"Noticias\",\"item\":\"https:\\\/\\\/accesolatino.org\\\/category\\\/noticias\\\/\"},{\"@type\":\"ListItem\",\"position\":3,\"name\":\"Los latinos y el trastorno bipolar\"}]},{\"@type\":\"WebSite\",\"@id\":\"https:\\\/\\\/accesolatino.org\\\/#website\",\"url\":\"https:\\\/\\\/accesolatino.org\\\/\",\"name\":\"Acceso Latino | Fundaci\u00f3n Carlos Slim\",\"description\":\"Fundaci\u00f3n Carlos Slim\",\"publisher\":{\"@id\":\"https:\\\/\\\/accesolatino.org\\\/#organization\"},\"potentialAction\":[{\"@type\":\"SearchAction\",\"target\":{\"@type\":\"EntryPoint\",\"urlTemplate\":\"https:\\\/\\\/accesolatino.org\\\/?s={search_term_string}\"},\"query-input\":{\"@type\":\"PropertyValueSpecification\",\"valueRequired\":true,\"valueName\":\"search_term_string\"}}],\"inLanguage\":\"en-US\"},{\"@type\":\"Organization\",\"@id\":\"https:\\\/\\\/accesolatino.org\\\/#organization\",\"name\":\"Acceso Latino | Fundaci\u00f3n Carlos Slim\",\"url\":\"https:\\\/\\\/accesolatino.org\\\/\",\"logo\":{\"@type\":\"ImageObject\",\"inLanguage\":\"en-US\",\"@id\":\"https:\\\/\\\/accesolatino.org\\\/#\\\/schema\\\/logo\\\/image\\\/\",\"url\":\"https:\\\/\\\/accesolatino.org\\\/wp-content\\\/uploads\\\/2021\\\/02\\\/logo-footer-acceso-latino.png\",\"contentUrl\":\"https:\\\/\\\/accesolatino.org\\\/wp-content\\\/uploads\\\/2021\\\/02\\\/logo-footer-acceso-latino.png\",\"width\":240,\"height\":40,\"caption\":\"Acceso Latino | Fundaci\u00f3n Carlos Slim\"},\"image\":{\"@id\":\"https:\\\/\\\/accesolatino.org\\\/#\\\/schema\\\/logo\\\/image\\\/\"},\"sameAs\":[\"https:\\\/\\\/www.facebook.com\\\/AccesoLatinoOrg\",\"https:\\\/\\\/x.com\\\/FAccLatino\"]},{\"@type\":\"Person\",\"@id\":\"https:\\\/\\\/accesolatino.org\\\/#\\\/schema\\\/person\\\/6b654926a4e7e4709c9ad12459661666\",\"name\":\"Noticias\"}]}<\/script>\n<!-- \/ Yoast SEO plugin. -->","yoast_head_json":{"title":"Los latinos y el trastorno bipolar","description":"Diversos estudios han demostrado que los latinos la tienen muy dif\u00edcil a la hora de afrontar enfermedades mentales.","robots":{"index":"index","follow":"follow","max-snippet":"max-snippet:-1","max-image-preview":"max-image-preview:large","max-video-preview":"max-video-preview:-1"},"canonical":"https:\/\/accesolatino.org\/en\/los-latinos-y-el-trastorno-bipolar\/temas-de-interes\/","og_locale":"en_US","og_type":"article","og_title":"Los latinos y el trastorno bipolar","og_description":"Diversos estudios han demostrado que los latinos la tienen muy dif\u00edcil a la hora de afrontar enfermedades mentales.","og_url":"https:\/\/accesolatino.org\/en\/los-latinos-y-el-trastorno-bipolar\/temas-de-interes\/","og_site_name":"Acceso Latino","article_publisher":"https:\/\/www.facebook.com\/AccesoLatinoOrg","article_published_time":"2015-06-14T16:55:14+00:00","article_modified_time":"2025-10-30T05:04:55+00:00","author":"Noticias","twitter_card":"summary_large_image","twitter_creator":"@FAccLatino","twitter_site":"@FAccLatino","twitter_misc":{"Written by":"Noticias","Est. reading time":"2 minutes"},"schema":{"@context":"https:\/\/schema.org","@graph":[{"@type":"Article","@id":"https:\/\/accesolatino.org\/los-latinos-y-el-trastorno-bipolar\/temas-de-interes\/#article","isPartOf":{"@id":"https:\/\/accesolatino.org\/los-latinos-y-el-trastorno-bipolar\/temas-de-interes\/"},"author":{"name":"Noticias","@id":"https:\/\/accesolatino.org\/#\/schema\/person\/6b654926a4e7e4709c9ad12459661666"},"headline":"Los latinos y el trastorno bipolar","datePublished":"2015-06-14T16:55:14+00:00","dateModified":"2025-10-30T05:04:55+00:00","mainEntityOfPage":{"@id":"https:\/\/accesolatino.org\/los-latinos-y-el-trastorno-bipolar\/temas-de-interes\/"},"wordCount":291,"commentCount":0,"publisher":{"@id":"https:\/\/accesolatino.org\/#organization"},"articleSection":["Noticias","Temas de inter\u00e9s"],"inLanguage":"en-US","potentialAction":[{"@type":"CommentAction","name":"Comment","target":["https:\/\/accesolatino.org\/los-latinos-y-el-trastorno-bipolar\/temas-de-interes\/#respond"]}]},{"@type":"WebPage","@id":"https:\/\/accesolatino.org\/los-latinos-y-el-trastorno-bipolar\/temas-de-interes\/","url":"https:\/\/accesolatino.org\/los-latinos-y-el-trastorno-bipolar\/temas-de-interes\/","name":"Los latinos y el trastorno bipolar","isPartOf":{"@id":"https:\/\/accesolatino.org\/#website"},"datePublished":"2015-06-14T16:55:14+00:00","dateModified":"2025-10-30T05:04:55+00:00","description":"Diversos estudios han demostrado que los latinos la tienen muy dif\u00edcil a la hora de afrontar enfermedades mentales.","breadcrumb":{"@id":"https:\/\/accesolatino.org\/los-latinos-y-el-trastorno-bipolar\/temas-de-interes\/#breadcrumb"},"inLanguage":"en-US","potentialAction":[{"@type":"ReadAction","target":["https:\/\/accesolatino.org\/los-latinos-y-el-trastorno-bipolar\/temas-de-interes\/"]}]},{"@type":"BreadcrumbList","@id":"https:\/\/accesolatino.org\/los-latinos-y-el-trastorno-bipolar\/temas-de-interes\/#breadcrumb","itemListElement":[{"@type":"ListItem","position":1,"name":"Portada","item":"https:\/\/accesolatino.org\/"},{"@type":"ListItem","position":2,"name":"Noticias","item":"https:\/\/accesolatino.org\/category\/noticias\/"},{"@type":"ListItem","position":3,"name":"Los latinos y el trastorno bipolar"}]},{"@type":"WebSite","@id":"https:\/\/accesolatino.org\/#website","url":"https:\/\/accesolatino.org\/","name":"Acceso Latino | Fundaci\u00f3n Carlos Slim","description":"Fundaci\u00f3n Carlos Slim","publisher":{"@id":"https:\/\/accesolatino.org\/#organization"},"potentialAction":[{"@type":"SearchAction","target":{"@type":"EntryPoint","urlTemplate":"https:\/\/accesolatino.org\/?s={search_term_string}"},"query-input":{"@type":"PropertyValueSpecification","valueRequired":true,"valueName":"search_term_string"}}],"inLanguage":"en-US"},{"@type":"Organization","@id":"https:\/\/accesolatino.org\/#organization","name":"Acceso Latino | Fundaci\u00f3n Carlos Slim","url":"https:\/\/accesolatino.org\/","logo":{"@type":"ImageObject","inLanguage":"en-US","@id":"https:\/\/accesolatino.org\/#\/schema\/logo\/image\/","url":"https:\/\/accesolatino.org\/wp-content\/uploads\/2021\/02\/logo-footer-acceso-latino.png","contentUrl":"https:\/\/accesolatino.org\/wp-content\/uploads\/2021\/02\/logo-footer-acceso-latino.png","width":240,"height":40,"caption":"Acceso Latino | Fundaci\u00f3n Carlos Slim"},"image":{"@id":"https:\/\/accesolatino.org\/#\/schema\/logo\/image\/"},"sameAs":["https:\/\/www.facebook.com\/AccesoLatinoOrg","https:\/\/x.com\/FAccLatino"]},{"@type":"Person","@id":"https:\/\/accesolatino.org\/#\/schema\/person\/6b654926a4e7e4709c9ad12459661666","name":"News"}]}},"_links":{"self":[{"href":"https:\/\/accesolatino.org\/en\/wp-json\/wp\/v2\/posts\/12041","targetHints":{"allow":["GET"]}}],"collection":[{"href":"https:\/\/accesolatino.org\/en\/wp-json\/wp\/v2\/posts"}],"about":[{"href":"https:\/\/accesolatino.org\/en\/wp-json\/wp\/v2\/types\/post"}],"author":[{"embeddable":true,"href":"https:\/\/accesolatino.org\/en\/wp-json\/wp\/v2\/users\/13"}],"replies":[{"embeddable":true,"href":"https:\/\/accesolatino.org\/en\/wp-json\/wp\/v2\/comments?post=12041"}],"version-history":[{"count":1,"href":"https:\/\/accesolatino.org\/en\/wp-json\/wp\/v2\/posts\/12041\/revisions"}],"predecessor-version":[{"id":68271,"href":"https:\/\/accesolatino.org\/en\/wp-json\/wp\/v2\/posts\/12041\/revisions\/68271"}],"wp:attachment":[{"href":"https:\/\/accesolatino.org\/en\/wp-json\/wp\/v2\/media?parent=12041"}],"wp:term":[{"taxonomy":"category","embeddable":true,"href":"https:\/\/accesolatino.org\/en\/wp-json\/wp\/v2\/categories?post=12041"},{"taxonomy":"post_tag","embeddable":true,"href":"https:\/\/accesolatino.org\/en\/wp-json\/wp\/v2\/tags?post=12041"}],"curies":[{"name":"wp","href":"https:\/\/api.w.org\/{rel}","templated":true}]}}