{"id":12040,"date":"2015-06-13T11:55:35","date_gmt":"2015-06-13T16:55:35","guid":{"rendered":"https:\/\/accesolatino.org\/?p=1363"},"modified":"2025-10-29T23:04:47","modified_gmt":"2025-10-30T05:04:47","slug":"baja-en-51-numero-de-menores-que-llegan-a-la-frontera","status":"publish","type":"post","link":"https:\/\/accesolatino.org\/en\/baja-en-51-numero-de-menores-que-llegan-a-la-frontera\/temas-de-interes\/","title":{"rendered":"Baja en 51% n\u00famero de menores que llegan a la frontera"},"content":{"rendered":"<p><strong>Las autoridades de migraci\u00f3n de Estados Unidos detuvieron de octubre a la fecha a 22 mil 869 menores de edad sin acompa\u00f1ar en la frontera con M\u00e9xico, esto representa un 51 por ciento menos con respecto al mismo periodo del a\u00f1o pasado.<\/strong><\/p>\n<p>En el periodo correspondiente a octubre del 2013 a junio de 2014 se detuvieron a m\u00e1s del doble de menores de edad sin acompa\u00f1ar (46 mil 858) que intentaron cruzar la frontera.<\/p>\n<p><strong>Hay que recordar que el a\u00f1o pasado se dio una gran crisis migratoria por los problemas de inseguridad en varios pa\u00edses de Centroam\u00e9rica que desencaden\u00f3 un mayor flujo migratorio de estos pa\u00edses hacia los Estados Unidos.<\/strong><\/p>\n<p>Los menores de edad que en este periodo de 8 meses intentaron llegar a la frontera y entrar a suelo de los Estados Unidos provienen casi en su totalidad de M\u00e9xico y Centroam\u00e9rica. Guatemala es el pa\u00eds de origen de la mayor\u00eda de estos menores (8 mil 048), seguido de M\u00e9xico (7 mil 487), El Salvador (4 mil 458) y Honduras (2 mil 533).<\/p>\n<p>La mayor parte de estas detenciones se dieron en el \u00e1rea de R\u00edo Grande con 13 mil 249 detenciones, seguido de Tucson (4 mil 026), Laredo (mil 571), Del R\u00edo (mil 209), El Paso (882), San Diego (709), Yuma (487), El Centro (391) y Big Bend (346).<\/p>\n<p>Tambi\u00e9n se ha abierto una pol\u00e9mica respecto a la detenci\u00f3n de menores de edad en centros de detenci\u00f3n de inmigrantes que varios grupos defensores de derechos humanos consideran que son violatorios a la ley.<\/p>\n<p>&nbsp;<\/p>\n<p><strong>Fuente:<\/strong> <em>Univisi\u00f3n<\/em>    \t<\/p>","protected":false},"excerpt":{"rendered":"<p>Las autoridades de migraci\u00f3n de Estados Unidos detuvieron de octubre a la fecha a 22 mil 869 menores de edad sin acompa\u00f1ar en la frontera con M\u00e9xico, esto representa un 51 por ciento menos con respecto al mismo periodo del a\u00f1o pasado. En el periodo correspondiente a octubre del 2013 a junio de 2014 se detuvieron a m\u00e1s del doble de menores de edad sin acompa\u00f1ar (46 mil 858) que intentaron cruzar la frontera. Hay que recordar que el a\u00f1o pasado se dio una gran crisis migratoria por los problemas de inseguridad en varios pa\u00edses de Centroam\u00e9rica que desencaden\u00f3 un mayor flujo migratorio de estos pa\u00edses hacia los Estados Unidos. Los menores de edad que en este periodo de 8 meses intentaron llegar a la frontera y entrar a suelo de los Estados Unidos provienen casi en su totalidad de M\u00e9xico y Centroam\u00e9rica. Guatemala es el pa\u00eds de origen de la mayor\u00eda de estos menores (8 mil 048), seguido de M\u00e9xico (7 mil 487), El Salvador (4 mil 458) y Honduras (2 mil 533). La mayor parte de estas detenciones se dieron en el \u00e1rea de R\u00edo Grande con 13 mil 249 detenciones, seguido de Tucson (4 mil 026), Laredo (mil 571), Del R\u00edo (mil 209), El Paso (882), San Diego (709), Yuma (487), El Centro (391) y Big Bend (346). Tambi\u00e9n se ha abierto una pol\u00e9mica respecto a la detenci\u00f3n de menores de edad en centros de detenci\u00f3n de inmigrantes que varios grupos defensores de derechos humanos consideran que son violatorios a la ley. &nbsp; Fuente: Univisi\u00f3n<\/p>","protected":false},"author":13,"featured_media":0,"comment_status":"open","ping_status":"open","sticky":false,"template":"","format":"standard","meta":{"_uf_show_specific_survey":0,"_uf_disable_surveys":false,"footnotes":""},"categories":[10,1],"tags":[],"class_list":["post-12040","post","type-post","status-publish","format-standard","hentry","category-noticias","category-temas-de-interes"],"aioseo_notices":[],"yoast_head":"<!-- This site is optimized with the Yoast SEO plugin v27.4 - https:\/\/yoast.com\/product\/yoast-seo-wordpress\/ -->\n<title>Baja en 51% n\u00famero de menores que llegan a la frontera<\/title>\n<meta name=\"description\" content=\"Las autoridades de migraci\u00f3n de Estados Unidos detuvieron en ocho meses a 22 mil 869 menores de edad sin acompa\u00f1ar en la frontera con M\u00e9xico.\" \/>\n<meta name=\"robots\" content=\"index, follow, max-snippet:-1, max-image-preview:large, max-video-preview:-1\" \/>\n<link rel=\"canonical\" href=\"https:\/\/accesolatino.org\/en\/baja-en-51-numero-de-menores-que-llegan-a-la-frontera\/temas-de-interes\/\" \/>\n<meta property=\"og:locale\" content=\"en_US\" \/>\n<meta property=\"og:type\" content=\"article\" \/>\n<meta property=\"og:title\" content=\"Baja en 51% n\u00famero de menores que llegan a la frontera\" \/>\n<meta property=\"og:description\" content=\"Las autoridades de migraci\u00f3n de Estados Unidos detuvieron en ocho meses a 22 mil 869 menores de edad sin acompa\u00f1ar en la frontera con M\u00e9xico.\" \/>\n<meta property=\"og:url\" content=\"https:\/\/accesolatino.org\/en\/baja-en-51-numero-de-menores-que-llegan-a-la-frontera\/temas-de-interes\/\" \/>\n<meta property=\"og:site_name\" content=\"Acceso Latino\" \/>\n<meta property=\"article:publisher\" content=\"https:\/\/www.facebook.com\/AccesoLatinoOrg\" \/>\n<meta property=\"article:published_time\" content=\"2015-06-13T16:55:35+00:00\" \/>\n<meta property=\"article:modified_time\" content=\"2025-10-30T05:04:47+00:00\" \/>\n<meta name=\"author\" content=\"Noticias\" \/>\n<meta name=\"twitter:card\" content=\"summary_large_image\" \/>\n<meta name=\"twitter:creator\" content=\"@FAccLatino\" \/>\n<meta name=\"twitter:site\" content=\"@FAccLatino\" \/>\n<meta name=\"twitter:label1\" content=\"Written by\" \/>\n\t<meta name=\"twitter:data1\" content=\"Noticias\" \/>\n\t<meta name=\"twitter:label2\" content=\"Est. reading time\" \/>\n\t<meta name=\"twitter:data2\" content=\"2 minutes\" \/>\n<script type=\"application\/ld+json\" class=\"yoast-schema-graph\">{\"@context\":\"https:\\\/\\\/schema.org\",\"@graph\":[{\"@type\":\"Article\",\"@id\":\"https:\\\/\\\/accesolatino.org\\\/baja-en-51-numero-de-menores-que-llegan-a-la-frontera\\\/temas-de-interes\\\/#article\",\"isPartOf\":{\"@id\":\"https:\\\/\\\/accesolatino.org\\\/baja-en-51-numero-de-menores-que-llegan-a-la-frontera\\\/temas-de-interes\\\/\"},\"author\":{\"name\":\"Noticias\",\"@id\":\"https:\\\/\\\/accesolatino.org\\\/#\\\/schema\\\/person\\\/6b654926a4e7e4709c9ad12459661666\"},\"headline\":\"Baja en 51% n\u00famero de menores que llegan a la frontera\",\"datePublished\":\"2015-06-13T16:55:35+00:00\",\"dateModified\":\"2025-10-30T05:04:47+00:00\",\"mainEntityOfPage\":{\"@id\":\"https:\\\/\\\/accesolatino.org\\\/baja-en-51-numero-de-menores-que-llegan-a-la-frontera\\\/temas-de-interes\\\/\"},\"wordCount\":264,\"commentCount\":0,\"publisher\":{\"@id\":\"https:\\\/\\\/accesolatino.org\\\/#organization\"},\"articleSection\":[\"Noticias\",\"Temas de inter\u00e9s\"],\"inLanguage\":\"en-US\",\"potentialAction\":[{\"@type\":\"CommentAction\",\"name\":\"Comment\",\"target\":[\"https:\\\/\\\/accesolatino.org\\\/baja-en-51-numero-de-menores-que-llegan-a-la-frontera\\\/temas-de-interes\\\/#respond\"]}]},{\"@type\":\"WebPage\",\"@id\":\"https:\\\/\\\/accesolatino.org\\\/baja-en-51-numero-de-menores-que-llegan-a-la-frontera\\\/temas-de-interes\\\/\",\"url\":\"https:\\\/\\\/accesolatino.org\\\/baja-en-51-numero-de-menores-que-llegan-a-la-frontera\\\/temas-de-interes\\\/\",\"name\":\"Baja en 51% n\u00famero de menores que llegan a la frontera\",\"isPartOf\":{\"@id\":\"https:\\\/\\\/accesolatino.org\\\/#website\"},\"datePublished\":\"2015-06-13T16:55:35+00:00\",\"dateModified\":\"2025-10-30T05:04:47+00:00\",\"description\":\"Las autoridades de migraci\u00f3n de Estados Unidos detuvieron en ocho meses a 22 mil 869 menores de edad sin acompa\u00f1ar en la frontera con M\u00e9xico.\",\"breadcrumb\":{\"@id\":\"https:\\\/\\\/accesolatino.org\\\/baja-en-51-numero-de-menores-que-llegan-a-la-frontera\\\/temas-de-interes\\\/#breadcrumb\"},\"inLanguage\":\"en-US\",\"potentialAction\":[{\"@type\":\"ReadAction\",\"target\":[\"https:\\\/\\\/accesolatino.org\\\/baja-en-51-numero-de-menores-que-llegan-a-la-frontera\\\/temas-de-interes\\\/\"]}]},{\"@type\":\"BreadcrumbList\",\"@id\":\"https:\\\/\\\/accesolatino.org\\\/baja-en-51-numero-de-menores-que-llegan-a-la-frontera\\\/temas-de-interes\\\/#breadcrumb\",\"itemListElement\":[{\"@type\":\"ListItem\",\"position\":1,\"name\":\"Portada\",\"item\":\"https:\\\/\\\/accesolatino.org\\\/\"},{\"@type\":\"ListItem\",\"position\":2,\"name\":\"Noticias\",\"item\":\"https:\\\/\\\/accesolatino.org\\\/category\\\/noticias\\\/\"},{\"@type\":\"ListItem\",\"position\":3,\"name\":\"Baja en 51% n\u00famero de menores que llegan a la frontera\"}]},{\"@type\":\"WebSite\",\"@id\":\"https:\\\/\\\/accesolatino.org\\\/#website\",\"url\":\"https:\\\/\\\/accesolatino.org\\\/\",\"name\":\"Acceso Latino | Fundaci\u00f3n Carlos Slim\",\"description\":\"Fundaci\u00f3n Carlos Slim\",\"publisher\":{\"@id\":\"https:\\\/\\\/accesolatino.org\\\/#organization\"},\"potentialAction\":[{\"@type\":\"SearchAction\",\"target\":{\"@type\":\"EntryPoint\",\"urlTemplate\":\"https:\\\/\\\/accesolatino.org\\\/?s={search_term_string}\"},\"query-input\":{\"@type\":\"PropertyValueSpecification\",\"valueRequired\":true,\"valueName\":\"search_term_string\"}}],\"inLanguage\":\"en-US\"},{\"@type\":\"Organization\",\"@id\":\"https:\\\/\\\/accesolatino.org\\\/#organization\",\"name\":\"Acceso Latino | Fundaci\u00f3n Carlos Slim\",\"url\":\"https:\\\/\\\/accesolatino.org\\\/\",\"logo\":{\"@type\":\"ImageObject\",\"inLanguage\":\"en-US\",\"@id\":\"https:\\\/\\\/accesolatino.org\\\/#\\\/schema\\\/logo\\\/image\\\/\",\"url\":\"https:\\\/\\\/accesolatino.org\\\/wp-content\\\/uploads\\\/2021\\\/02\\\/logo-footer-acceso-latino.png\",\"contentUrl\":\"https:\\\/\\\/accesolatino.org\\\/wp-content\\\/uploads\\\/2021\\\/02\\\/logo-footer-acceso-latino.png\",\"width\":240,\"height\":40,\"caption\":\"Acceso Latino | Fundaci\u00f3n Carlos Slim\"},\"image\":{\"@id\":\"https:\\\/\\\/accesolatino.org\\\/#\\\/schema\\\/logo\\\/image\\\/\"},\"sameAs\":[\"https:\\\/\\\/www.facebook.com\\\/AccesoLatinoOrg\",\"https:\\\/\\\/x.com\\\/FAccLatino\"]},{\"@type\":\"Person\",\"@id\":\"https:\\\/\\\/accesolatino.org\\\/#\\\/schema\\\/person\\\/6b654926a4e7e4709c9ad12459661666\",\"name\":\"Noticias\"}]}<\/script>\n<!-- \/ Yoast SEO plugin. -->","yoast_head_json":{"title":"Baja en 51% n\u00famero de menores que llegan a la frontera","description":"Las autoridades de migraci\u00f3n de Estados Unidos detuvieron en ocho meses a 22 mil 869 menores de edad sin acompa\u00f1ar en la frontera con M\u00e9xico.","robots":{"index":"index","follow":"follow","max-snippet":"max-snippet:-1","max-image-preview":"max-image-preview:large","max-video-preview":"max-video-preview:-1"},"canonical":"https:\/\/accesolatino.org\/en\/baja-en-51-numero-de-menores-que-llegan-a-la-frontera\/temas-de-interes\/","og_locale":"en_US","og_type":"article","og_title":"Baja en 51% n\u00famero de menores que llegan a la frontera","og_description":"Las autoridades de migraci\u00f3n de Estados Unidos detuvieron en ocho meses a 22 mil 869 menores de edad sin acompa\u00f1ar en la frontera con M\u00e9xico.","og_url":"https:\/\/accesolatino.org\/en\/baja-en-51-numero-de-menores-que-llegan-a-la-frontera\/temas-de-interes\/","og_site_name":"Acceso Latino","article_publisher":"https:\/\/www.facebook.com\/AccesoLatinoOrg","article_published_time":"2015-06-13T16:55:35+00:00","article_modified_time":"2025-10-30T05:04:47+00:00","author":"Noticias","twitter_card":"summary_large_image","twitter_creator":"@FAccLatino","twitter_site":"@FAccLatino","twitter_misc":{"Written by":"Noticias","Est. reading time":"2 minutes"},"schema":{"@context":"https:\/\/schema.org","@graph":[{"@type":"Article","@id":"https:\/\/accesolatino.org\/baja-en-51-numero-de-menores-que-llegan-a-la-frontera\/temas-de-interes\/#article","isPartOf":{"@id":"https:\/\/accesolatino.org\/baja-en-51-numero-de-menores-que-llegan-a-la-frontera\/temas-de-interes\/"},"author":{"name":"Noticias","@id":"https:\/\/accesolatino.org\/#\/schema\/person\/6b654926a4e7e4709c9ad12459661666"},"headline":"Baja en 51% n\u00famero de menores que llegan a la frontera","datePublished":"2015-06-13T16:55:35+00:00","dateModified":"2025-10-30T05:04:47+00:00","mainEntityOfPage":{"@id":"https:\/\/accesolatino.org\/baja-en-51-numero-de-menores-que-llegan-a-la-frontera\/temas-de-interes\/"},"wordCount":264,"commentCount":0,"publisher":{"@id":"https:\/\/accesolatino.org\/#organization"},"articleSection":["Noticias","Temas de inter\u00e9s"],"inLanguage":"en-US","potentialAction":[{"@type":"CommentAction","name":"Comment","target":["https:\/\/accesolatino.org\/baja-en-51-numero-de-menores-que-llegan-a-la-frontera\/temas-de-interes\/#respond"]}]},{"@type":"WebPage","@id":"https:\/\/accesolatino.org\/baja-en-51-numero-de-menores-que-llegan-a-la-frontera\/temas-de-interes\/","url":"https:\/\/accesolatino.org\/baja-en-51-numero-de-menores-que-llegan-a-la-frontera\/temas-de-interes\/","name":"Baja en 51% n\u00famero de menores que llegan a la frontera","isPartOf":{"@id":"https:\/\/accesolatino.org\/#website"},"datePublished":"2015-06-13T16:55:35+00:00","dateModified":"2025-10-30T05:04:47+00:00","description":"Las autoridades de migraci\u00f3n de Estados Unidos detuvieron en ocho meses a 22 mil 869 menores de edad sin acompa\u00f1ar en la frontera con M\u00e9xico.","breadcrumb":{"@id":"https:\/\/accesolatino.org\/baja-en-51-numero-de-menores-que-llegan-a-la-frontera\/temas-de-interes\/#breadcrumb"},"inLanguage":"en-US","potentialAction":[{"@type":"ReadAction","target":["https:\/\/accesolatino.org\/baja-en-51-numero-de-menores-que-llegan-a-la-frontera\/temas-de-interes\/"]}]},{"@type":"BreadcrumbList","@id":"https:\/\/accesolatino.org\/baja-en-51-numero-de-menores-que-llegan-a-la-frontera\/temas-de-interes\/#breadcrumb","itemListElement":[{"@type":"ListItem","position":1,"name":"Portada","item":"https:\/\/accesolatino.org\/"},{"@type":"ListItem","position":2,"name":"Noticias","item":"https:\/\/accesolatino.org\/category\/noticias\/"},{"@type":"ListItem","position":3,"name":"Baja en 51% n\u00famero de menores que llegan a la frontera"}]},{"@type":"WebSite","@id":"https:\/\/accesolatino.org\/#website","url":"https:\/\/accesolatino.org\/","name":"Acceso Latino | Fundaci\u00f3n Carlos Slim","description":"Fundaci\u00f3n Carlos Slim","publisher":{"@id":"https:\/\/accesolatino.org\/#organization"},"potentialAction":[{"@type":"SearchAction","target":{"@type":"EntryPoint","urlTemplate":"https:\/\/accesolatino.org\/?s={search_term_string}"},"query-input":{"@type":"PropertyValueSpecification","valueRequired":true,"valueName":"search_term_string"}}],"inLanguage":"en-US"},{"@type":"Organization","@id":"https:\/\/accesolatino.org\/#organization","name":"Acceso Latino | Fundaci\u00f3n Carlos Slim","url":"https:\/\/accesolatino.org\/","logo":{"@type":"ImageObject","inLanguage":"en-US","@id":"https:\/\/accesolatino.org\/#\/schema\/logo\/image\/","url":"https:\/\/accesolatino.org\/wp-content\/uploads\/2021\/02\/logo-footer-acceso-latino.png","contentUrl":"https:\/\/accesolatino.org\/wp-content\/uploads\/2021\/02\/logo-footer-acceso-latino.png","width":240,"height":40,"caption":"Acceso Latino | Fundaci\u00f3n Carlos Slim"},"image":{"@id":"https:\/\/accesolatino.org\/#\/schema\/logo\/image\/"},"sameAs":["https:\/\/www.facebook.com\/AccesoLatinoOrg","https:\/\/x.com\/FAccLatino"]},{"@type":"Person","@id":"https:\/\/accesolatino.org\/#\/schema\/person\/6b654926a4e7e4709c9ad12459661666","name":"News"}]}},"_links":{"self":[{"href":"https:\/\/accesolatino.org\/en\/wp-json\/wp\/v2\/posts\/12040","targetHints":{"allow":["GET"]}}],"collection":[{"href":"https:\/\/accesolatino.org\/en\/wp-json\/wp\/v2\/posts"}],"about":[{"href":"https:\/\/accesolatino.org\/en\/wp-json\/wp\/v2\/types\/post"}],"author":[{"embeddable":true,"href":"https:\/\/accesolatino.org\/en\/wp-json\/wp\/v2\/users\/13"}],"replies":[{"embeddable":true,"href":"https:\/\/accesolatino.org\/en\/wp-json\/wp\/v2\/comments?post=12040"}],"version-history":[{"count":1,"href":"https:\/\/accesolatino.org\/en\/wp-json\/wp\/v2\/posts\/12040\/revisions"}],"predecessor-version":[{"id":68270,"href":"https:\/\/accesolatino.org\/en\/wp-json\/wp\/v2\/posts\/12040\/revisions\/68270"}],"wp:attachment":[{"href":"https:\/\/accesolatino.org\/en\/wp-json\/wp\/v2\/media?parent=12040"}],"wp:term":[{"taxonomy":"category","embeddable":true,"href":"https:\/\/accesolatino.org\/en\/wp-json\/wp\/v2\/categories?post=12040"},{"taxonomy":"post_tag","embeddable":true,"href":"https:\/\/accesolatino.org\/en\/wp-json\/wp\/v2\/tags?post=12040"}],"curies":[{"name":"wp","href":"https:\/\/api.w.org\/{rel}","templated":true}]}}