{"id":12039,"date":"2015-06-12T11:55:25","date_gmt":"2015-06-12T16:55:25","guid":{"rendered":"https:\/\/accesolatino.org\/?p=1359"},"modified":"2025-10-29T23:04:41","modified_gmt":"2025-10-30T05:04:41","slug":"casi-800-mil-jovenes-han-solicitado-daca-en-tres-anos","status":"publish","type":"post","link":"https:\/\/accesolatino.org\/en\/casi-800-mil-jovenes-han-solicitado-daca-en-tres-anos\/temas-de-interes\/","title":{"rendered":"Casi 800 mil j\u00f3venes han solicitado DACA en tres a\u00f1os"},"content":{"rendered":"<p><strong>Cerca de 800 mil j\u00f3venes indocumentados en Estados Unidos solicitaron la Acci\u00f3n Diferida para los Llegados en la Infancia (DACA, por sus siglas en ingl\u00e9s) desde 2012, a\u00f1o en que entr\u00f3 en vigor este programa para regularizar a los inmigrantes indocumentados.<\/strong><\/p>\n<p>Concretamente fueron 794 mil 501 j\u00f3venes indocumentados quienes solicitaron DACA en los tres a\u00f1os en los que ha estado en vigor, de los cuales 381 mil 188 han recibido la aprobaci\u00f3n por parte de la Oficina de Servicios de Inmigraci\u00f3n y Ciudadan\u00eda (USCIS, por sus siglas en ingl\u00e9s).<\/p>\n<p>DACA fue anunciado el 15 de junio de 2012 y ha evitado la deportaci\u00f3n de miles de j\u00f3venes que llegaron a los Estados Unidos siendo ni\u00f1os y que son conocidos como \u201cdreamers\u201d.<\/p>\n<p>Actualmente DACA permite que aquellos j\u00f3venes indocumentados que entraron a Estados Unidos antes o durante el 15 de junio de 2007 y son menores de 30 a\u00f1os puedan tener un permiso de estancia legal en el pa\u00eds y puedan conseguir un trabajo. En noviembre pasado el presidente Obama extendi\u00f3 DACA, actualmente la extensi\u00f3n fue suspendida por un juez federal y la suspensi\u00f3n fue ratificada por un tribunal de apelaciones.<\/p>\n<p>DACA se solicita ante USCIS y tiene una vigencia de dos a\u00f1os que es renovable.<\/p>\n<p><strong>USCIS recibe solicitudes de DACA por primera vez o renovaci\u00f3n con los requisitos que se ten\u00edan previos a la extensi\u00f3n.<\/strong><\/p>\n<p>Por su parte Le\u00f3n Rodr\u00edguez, director de USCIS urgi\u00f3 a los j\u00f3venes que tienen su DACA por vencer la renueven: &#8220;<em>Es importante no s\u00f3lo que los j\u00f3venes soliciten la renovaci\u00f3n de DACA, sino que lo hagan pronto. A cada persona que est\u00e1 recibiendo DACA le llega una carta 180 d\u00edas antes de que venza la ayuda<\/em>&#8221;<\/p>\n<p>&nbsp;<\/p>\n<p><strong>Fuente:<\/strong> <em>Univisi\u00f3n<\/em>    \t<\/p>","protected":false},"excerpt":{"rendered":"<p>Cerca de 800 mil j\u00f3venes indocumentados en Estados Unidos solicitaron la Acci\u00f3n Diferida para los Llegados en la Infancia (DACA, por sus siglas en ingl\u00e9s) desde 2012, a\u00f1o en que entr\u00f3 en vigor este programa para regularizar a los inmigrantes indocumentados. Concretamente fueron 794 mil 501 j\u00f3venes indocumentados quienes solicitaron DACA en los tres a\u00f1os en los que ha estado en vigor, de los cuales 381 mil 188 han recibido la aprobaci\u00f3n por parte de la Oficina de Servicios de Inmigraci\u00f3n y Ciudadan\u00eda (USCIS, por sus siglas en ingl\u00e9s). DACA fue anunciado el 15 de junio de 2012 y ha evitado la deportaci\u00f3n de miles de j\u00f3venes que llegaron a los Estados Unidos siendo ni\u00f1os y que son conocidos como \u201cdreamers\u201d. Actualmente DACA permite que aquellos j\u00f3venes indocumentados que entraron a Estados Unidos antes o durante el 15 de junio de 2007 y son menores de 30 a\u00f1os puedan tener un permiso de estancia legal en el pa\u00eds y puedan conseguir un trabajo. En noviembre pasado el presidente Obama extendi\u00f3 DACA, actualmente la extensi\u00f3n fue suspendida por un juez federal y la suspensi\u00f3n fue ratificada por un tribunal de apelaciones. DACA se solicita ante USCIS y tiene una vigencia de dos a\u00f1os que es renovable. USCIS recibe solicitudes de DACA por primera vez o renovaci\u00f3n con los requisitos que se ten\u00edan previos a la extensi\u00f3n. Por su parte Le\u00f3n Rodr\u00edguez, director de USCIS urgi\u00f3 a los j\u00f3venes que tienen su DACA por vencer la renueven: &#8220;Es importante no s\u00f3lo que los j\u00f3venes soliciten la renovaci\u00f3n de DACA, sino que lo hagan pronto. A cada persona que est\u00e1 recibiendo DACA le llega una carta 180 d\u00edas antes de que venza la ayuda&#8221; &nbsp; Fuente: Univisi\u00f3n<\/p>","protected":false},"author":13,"featured_media":0,"comment_status":"open","ping_status":"open","sticky":false,"template":"","format":"standard","meta":{"_uf_show_specific_survey":0,"_uf_disable_surveys":false,"footnotes":""},"categories":[10,1],"tags":[],"class_list":["post-12039","post","type-post","status-publish","format-standard","hentry","category-noticias","category-temas-de-interes"],"aioseo_notices":[],"yoast_head":"<!-- This site is optimized with the Yoast SEO plugin v27.4 - https:\/\/yoast.com\/product\/yoast-seo-wordpress\/ -->\n<title>Casi 800 mil j\u00f3venes han solicitado DACA en tres a\u00f1os<\/title>\n<meta name=\"description\" content=\"Cerca de 800 mil j\u00f3venes indocumentados en Estados Unidos solicitaron DACA desde 2012 a la fecha.\" \/>\n<meta name=\"robots\" content=\"index, follow, max-snippet:-1, max-image-preview:large, max-video-preview:-1\" \/>\n<link rel=\"canonical\" href=\"https:\/\/accesolatino.org\/en\/casi-800-mil-jovenes-han-solicitado-daca-en-tres-anos\/temas-de-interes\/\" \/>\n<meta property=\"og:locale\" content=\"en_US\" \/>\n<meta property=\"og:type\" content=\"article\" \/>\n<meta property=\"og:title\" content=\"Casi 800 mil j\u00f3venes han solicitado DACA en tres a\u00f1os\" \/>\n<meta property=\"og:description\" content=\"Cerca de 800 mil j\u00f3venes indocumentados en Estados Unidos solicitaron DACA desde 2012 a la fecha.\" \/>\n<meta property=\"og:url\" content=\"https:\/\/accesolatino.org\/en\/casi-800-mil-jovenes-han-solicitado-daca-en-tres-anos\/temas-de-interes\/\" \/>\n<meta property=\"og:site_name\" content=\"Acceso Latino\" \/>\n<meta property=\"article:publisher\" content=\"https:\/\/www.facebook.com\/AccesoLatinoOrg\" \/>\n<meta property=\"article:published_time\" content=\"2015-06-12T16:55:25+00:00\" \/>\n<meta property=\"article:modified_time\" content=\"2025-10-30T05:04:41+00:00\" \/>\n<meta name=\"author\" content=\"Noticias\" \/>\n<meta name=\"twitter:card\" content=\"summary_large_image\" \/>\n<meta name=\"twitter:creator\" content=\"@FAccLatino\" \/>\n<meta name=\"twitter:site\" content=\"@FAccLatino\" \/>\n<meta name=\"twitter:label1\" content=\"Written by\" \/>\n\t<meta name=\"twitter:data1\" content=\"Noticias\" \/>\n\t<meta name=\"twitter:label2\" content=\"Est. reading time\" \/>\n\t<meta name=\"twitter:data2\" content=\"2 minutes\" \/>\n<script type=\"application\/ld+json\" class=\"yoast-schema-graph\">{\"@context\":\"https:\\\/\\\/schema.org\",\"@graph\":[{\"@type\":\"Article\",\"@id\":\"https:\\\/\\\/accesolatino.org\\\/casi-800-mil-jovenes-han-solicitado-daca-en-tres-anos\\\/temas-de-interes\\\/#article\",\"isPartOf\":{\"@id\":\"https:\\\/\\\/accesolatino.org\\\/casi-800-mil-jovenes-han-solicitado-daca-en-tres-anos\\\/temas-de-interes\\\/\"},\"author\":{\"name\":\"Noticias\",\"@id\":\"https:\\\/\\\/accesolatino.org\\\/#\\\/schema\\\/person\\\/6b654926a4e7e4709c9ad12459661666\"},\"headline\":\"Casi 800 mil j\u00f3venes han solicitado DACA en tres a\u00f1os\",\"datePublished\":\"2015-06-12T16:55:25+00:00\",\"dateModified\":\"2025-10-30T05:04:41+00:00\",\"mainEntityOfPage\":{\"@id\":\"https:\\\/\\\/accesolatino.org\\\/casi-800-mil-jovenes-han-solicitado-daca-en-tres-anos\\\/temas-de-interes\\\/\"},\"wordCount\":313,\"commentCount\":0,\"publisher\":{\"@id\":\"https:\\\/\\\/accesolatino.org\\\/#organization\"},\"articleSection\":[\"Noticias\",\"Temas de inter\u00e9s\"],\"inLanguage\":\"en-US\",\"potentialAction\":[{\"@type\":\"CommentAction\",\"name\":\"Comment\",\"target\":[\"https:\\\/\\\/accesolatino.org\\\/casi-800-mil-jovenes-han-solicitado-daca-en-tres-anos\\\/temas-de-interes\\\/#respond\"]}]},{\"@type\":\"WebPage\",\"@id\":\"https:\\\/\\\/accesolatino.org\\\/casi-800-mil-jovenes-han-solicitado-daca-en-tres-anos\\\/temas-de-interes\\\/\",\"url\":\"https:\\\/\\\/accesolatino.org\\\/casi-800-mil-jovenes-han-solicitado-daca-en-tres-anos\\\/temas-de-interes\\\/\",\"name\":\"Casi 800 mil j\u00f3venes han solicitado DACA en tres a\u00f1os\",\"isPartOf\":{\"@id\":\"https:\\\/\\\/accesolatino.org\\\/#website\"},\"datePublished\":\"2015-06-12T16:55:25+00:00\",\"dateModified\":\"2025-10-30T05:04:41+00:00\",\"description\":\"Cerca de 800 mil j\u00f3venes indocumentados en Estados Unidos solicitaron DACA desde 2012 a la fecha.\",\"breadcrumb\":{\"@id\":\"https:\\\/\\\/accesolatino.org\\\/casi-800-mil-jovenes-han-solicitado-daca-en-tres-anos\\\/temas-de-interes\\\/#breadcrumb\"},\"inLanguage\":\"en-US\",\"potentialAction\":[{\"@type\":\"ReadAction\",\"target\":[\"https:\\\/\\\/accesolatino.org\\\/casi-800-mil-jovenes-han-solicitado-daca-en-tres-anos\\\/temas-de-interes\\\/\"]}]},{\"@type\":\"BreadcrumbList\",\"@id\":\"https:\\\/\\\/accesolatino.org\\\/casi-800-mil-jovenes-han-solicitado-daca-en-tres-anos\\\/temas-de-interes\\\/#breadcrumb\",\"itemListElement\":[{\"@type\":\"ListItem\",\"position\":1,\"name\":\"Portada\",\"item\":\"https:\\\/\\\/accesolatino.org\\\/\"},{\"@type\":\"ListItem\",\"position\":2,\"name\":\"Noticias\",\"item\":\"https:\\\/\\\/accesolatino.org\\\/category\\\/noticias\\\/\"},{\"@type\":\"ListItem\",\"position\":3,\"name\":\"Casi 800 mil j\u00f3venes han solicitado DACA en tres a\u00f1os\"}]},{\"@type\":\"WebSite\",\"@id\":\"https:\\\/\\\/accesolatino.org\\\/#website\",\"url\":\"https:\\\/\\\/accesolatino.org\\\/\",\"name\":\"Acceso Latino | Fundaci\u00f3n Carlos Slim\",\"description\":\"Fundaci\u00f3n Carlos Slim\",\"publisher\":{\"@id\":\"https:\\\/\\\/accesolatino.org\\\/#organization\"},\"potentialAction\":[{\"@type\":\"SearchAction\",\"target\":{\"@type\":\"EntryPoint\",\"urlTemplate\":\"https:\\\/\\\/accesolatino.org\\\/?s={search_term_string}\"},\"query-input\":{\"@type\":\"PropertyValueSpecification\",\"valueRequired\":true,\"valueName\":\"search_term_string\"}}],\"inLanguage\":\"en-US\"},{\"@type\":\"Organization\",\"@id\":\"https:\\\/\\\/accesolatino.org\\\/#organization\",\"name\":\"Acceso Latino | Fundaci\u00f3n Carlos Slim\",\"url\":\"https:\\\/\\\/accesolatino.org\\\/\",\"logo\":{\"@type\":\"ImageObject\",\"inLanguage\":\"en-US\",\"@id\":\"https:\\\/\\\/accesolatino.org\\\/#\\\/schema\\\/logo\\\/image\\\/\",\"url\":\"https:\\\/\\\/accesolatino.org\\\/wp-content\\\/uploads\\\/2021\\\/02\\\/logo-footer-acceso-latino.png\",\"contentUrl\":\"https:\\\/\\\/accesolatino.org\\\/wp-content\\\/uploads\\\/2021\\\/02\\\/logo-footer-acceso-latino.png\",\"width\":240,\"height\":40,\"caption\":\"Acceso Latino | Fundaci\u00f3n Carlos Slim\"},\"image\":{\"@id\":\"https:\\\/\\\/accesolatino.org\\\/#\\\/schema\\\/logo\\\/image\\\/\"},\"sameAs\":[\"https:\\\/\\\/www.facebook.com\\\/AccesoLatinoOrg\",\"https:\\\/\\\/x.com\\\/FAccLatino\"]},{\"@type\":\"Person\",\"@id\":\"https:\\\/\\\/accesolatino.org\\\/#\\\/schema\\\/person\\\/6b654926a4e7e4709c9ad12459661666\",\"name\":\"Noticias\"}]}<\/script>\n<!-- \/ Yoast SEO plugin. -->","yoast_head_json":{"title":"Casi 800 mil j\u00f3venes han solicitado DACA en tres a\u00f1os","description":"Cerca de 800 mil j\u00f3venes indocumentados en Estados Unidos solicitaron DACA desde 2012 a la fecha.","robots":{"index":"index","follow":"follow","max-snippet":"max-snippet:-1","max-image-preview":"max-image-preview:large","max-video-preview":"max-video-preview:-1"},"canonical":"https:\/\/accesolatino.org\/en\/casi-800-mil-jovenes-han-solicitado-daca-en-tres-anos\/temas-de-interes\/","og_locale":"en_US","og_type":"article","og_title":"Casi 800 mil j\u00f3venes han solicitado DACA en tres a\u00f1os","og_description":"Cerca de 800 mil j\u00f3venes indocumentados en Estados Unidos solicitaron DACA desde 2012 a la fecha.","og_url":"https:\/\/accesolatino.org\/en\/casi-800-mil-jovenes-han-solicitado-daca-en-tres-anos\/temas-de-interes\/","og_site_name":"Acceso Latino","article_publisher":"https:\/\/www.facebook.com\/AccesoLatinoOrg","article_published_time":"2015-06-12T16:55:25+00:00","article_modified_time":"2025-10-30T05:04:41+00:00","author":"Noticias","twitter_card":"summary_large_image","twitter_creator":"@FAccLatino","twitter_site":"@FAccLatino","twitter_misc":{"Written by":"Noticias","Est. reading time":"2 minutes"},"schema":{"@context":"https:\/\/schema.org","@graph":[{"@type":"Article","@id":"https:\/\/accesolatino.org\/casi-800-mil-jovenes-han-solicitado-daca-en-tres-anos\/temas-de-interes\/#article","isPartOf":{"@id":"https:\/\/accesolatino.org\/casi-800-mil-jovenes-han-solicitado-daca-en-tres-anos\/temas-de-interes\/"},"author":{"name":"Noticias","@id":"https:\/\/accesolatino.org\/#\/schema\/person\/6b654926a4e7e4709c9ad12459661666"},"headline":"Casi 800 mil j\u00f3venes han solicitado DACA en tres a\u00f1os","datePublished":"2015-06-12T16:55:25+00:00","dateModified":"2025-10-30T05:04:41+00:00","mainEntityOfPage":{"@id":"https:\/\/accesolatino.org\/casi-800-mil-jovenes-han-solicitado-daca-en-tres-anos\/temas-de-interes\/"},"wordCount":313,"commentCount":0,"publisher":{"@id":"https:\/\/accesolatino.org\/#organization"},"articleSection":["Noticias","Temas de inter\u00e9s"],"inLanguage":"en-US","potentialAction":[{"@type":"CommentAction","name":"Comment","target":["https:\/\/accesolatino.org\/casi-800-mil-jovenes-han-solicitado-daca-en-tres-anos\/temas-de-interes\/#respond"]}]},{"@type":"WebPage","@id":"https:\/\/accesolatino.org\/casi-800-mil-jovenes-han-solicitado-daca-en-tres-anos\/temas-de-interes\/","url":"https:\/\/accesolatino.org\/casi-800-mil-jovenes-han-solicitado-daca-en-tres-anos\/temas-de-interes\/","name":"Casi 800 mil j\u00f3venes han solicitado DACA en tres a\u00f1os","isPartOf":{"@id":"https:\/\/accesolatino.org\/#website"},"datePublished":"2015-06-12T16:55:25+00:00","dateModified":"2025-10-30T05:04:41+00:00","description":"Cerca de 800 mil j\u00f3venes indocumentados en Estados Unidos solicitaron DACA desde 2012 a la fecha.","breadcrumb":{"@id":"https:\/\/accesolatino.org\/casi-800-mil-jovenes-han-solicitado-daca-en-tres-anos\/temas-de-interes\/#breadcrumb"},"inLanguage":"en-US","potentialAction":[{"@type":"ReadAction","target":["https:\/\/accesolatino.org\/casi-800-mil-jovenes-han-solicitado-daca-en-tres-anos\/temas-de-interes\/"]}]},{"@type":"BreadcrumbList","@id":"https:\/\/accesolatino.org\/casi-800-mil-jovenes-han-solicitado-daca-en-tres-anos\/temas-de-interes\/#breadcrumb","itemListElement":[{"@type":"ListItem","position":1,"name":"Portada","item":"https:\/\/accesolatino.org\/"},{"@type":"ListItem","position":2,"name":"Noticias","item":"https:\/\/accesolatino.org\/category\/noticias\/"},{"@type":"ListItem","position":3,"name":"Casi 800 mil j\u00f3venes han solicitado DACA en tres a\u00f1os"}]},{"@type":"WebSite","@id":"https:\/\/accesolatino.org\/#website","url":"https:\/\/accesolatino.org\/","name":"Acceso Latino | Fundaci\u00f3n Carlos Slim","description":"Fundaci\u00f3n Carlos Slim","publisher":{"@id":"https:\/\/accesolatino.org\/#organization"},"potentialAction":[{"@type":"SearchAction","target":{"@type":"EntryPoint","urlTemplate":"https:\/\/accesolatino.org\/?s={search_term_string}"},"query-input":{"@type":"PropertyValueSpecification","valueRequired":true,"valueName":"search_term_string"}}],"inLanguage":"en-US"},{"@type":"Organization","@id":"https:\/\/accesolatino.org\/#organization","name":"Acceso Latino | Fundaci\u00f3n Carlos Slim","url":"https:\/\/accesolatino.org\/","logo":{"@type":"ImageObject","inLanguage":"en-US","@id":"https:\/\/accesolatino.org\/#\/schema\/logo\/image\/","url":"https:\/\/accesolatino.org\/wp-content\/uploads\/2021\/02\/logo-footer-acceso-latino.png","contentUrl":"https:\/\/accesolatino.org\/wp-content\/uploads\/2021\/02\/logo-footer-acceso-latino.png","width":240,"height":40,"caption":"Acceso Latino | Fundaci\u00f3n Carlos Slim"},"image":{"@id":"https:\/\/accesolatino.org\/#\/schema\/logo\/image\/"},"sameAs":["https:\/\/www.facebook.com\/AccesoLatinoOrg","https:\/\/x.com\/FAccLatino"]},{"@type":"Person","@id":"https:\/\/accesolatino.org\/#\/schema\/person\/6b654926a4e7e4709c9ad12459661666","name":"News"}]}},"_links":{"self":[{"href":"https:\/\/accesolatino.org\/en\/wp-json\/wp\/v2\/posts\/12039","targetHints":{"allow":["GET"]}}],"collection":[{"href":"https:\/\/accesolatino.org\/en\/wp-json\/wp\/v2\/posts"}],"about":[{"href":"https:\/\/accesolatino.org\/en\/wp-json\/wp\/v2\/types\/post"}],"author":[{"embeddable":true,"href":"https:\/\/accesolatino.org\/en\/wp-json\/wp\/v2\/users\/13"}],"replies":[{"embeddable":true,"href":"https:\/\/accesolatino.org\/en\/wp-json\/wp\/v2\/comments?post=12039"}],"version-history":[{"count":1,"href":"https:\/\/accesolatino.org\/en\/wp-json\/wp\/v2\/posts\/12039\/revisions"}],"predecessor-version":[{"id":68268,"href":"https:\/\/accesolatino.org\/en\/wp-json\/wp\/v2\/posts\/12039\/revisions\/68268"}],"wp:attachment":[{"href":"https:\/\/accesolatino.org\/en\/wp-json\/wp\/v2\/media?parent=12039"}],"wp:term":[{"taxonomy":"category","embeddable":true,"href":"https:\/\/accesolatino.org\/en\/wp-json\/wp\/v2\/categories?post=12039"},{"taxonomy":"post_tag","embeddable":true,"href":"https:\/\/accesolatino.org\/en\/wp-json\/wp\/v2\/tags?post=12039"}],"curies":[{"name":"wp","href":"https:\/\/api.w.org\/{rel}","templated":true}]}}