{"id":12038,"date":"2015-06-11T11:55:41","date_gmt":"2015-06-11T16:55:41","guid":{"rendered":"https:\/\/accesolatino.org\/?p=1245"},"modified":"2025-10-29T23:04:34","modified_gmt":"2025-10-30T05:04:34","slug":"67-de-latinos-dicen-que-la-hispanidad-es-parte-de-su-raza","status":"publish","type":"post","link":"https:\/\/accesolatino.org\/en\/67-de-latinos-dicen-que-la-hispanidad-es-parte-de-su-raza\/temas-de-interes\/","title":{"rendered":"67% de latinos dicen que la hispanidad es parte de su raza"},"content":{"rendered":"<p>El Centro de Investigaciones Pew encontr\u00f3 que <strong>el 67 por ciento de los latinos en los Estados Unidos menciona que la hispanidad es parte de su origen racial.<\/strong><\/p>\n<p>El estudio de Pew tuvo como fin realizar una encuesta a ra\u00edz de las respuestas que dan los latinos sobre su identidad racial y \u00e9tnica en los formularios que realiza la Oficina del Censo que define la categor\u00eda hispano como un origen \u00e9tnico y no como una raza.<\/p>\n<p>En los formularios del Censo muchos latinos se identifican escribiendo su propia definici\u00f3n de raza en una casilla en lugar de escoger algunas de las opciones disponibles en el apartado de rubro racial, es decir, en lugar de escoger una opci\u00f3n como \u201cafroamericano\u201d o \u201ccauc\u00e1sico\u201d optan por escribir \u201chispano\u201d, \u201clatinoamericano\u201d o \u201cmexicano\u201d. <strong>Un 37 por ciento de los hispanos se decant\u00f3 por hacer lo anteriormente mencionado en 2010 y un 42 por ciento lo hizo en el censo del a\u00f1o 2000.<\/strong><\/p>\n<p>Para averiguar el por qu\u00e9 los latinos se definen de esta manera, los investigadores preguntaron a mil 555 estadounidenses de por lo menos dos tipos de origen \u00e9tnico su s\u00ed herencia hispana era parte de su origen racial, \u00e9tnico o ambos. El 11 por ciento de los encuestados opt\u00f3 por la primera opci\u00f3n, el 19 por ciento por la segunda y el 56 por ciento mencionaron que eran ambos.<\/p>\n<p>Mark Hugo L\u00f3pez, director de investigaci\u00f3n de asuntos hispanos de Pew mencion\u00f3 que el gobierno en muchas ocasiones puede etiquetar a las personas en grupos en los que no necesariamente se identifican, adem\u00e1s de que cada vez ha crecido m\u00e1s el n\u00famero de personas con dos or\u00edgenes raciales diferentes: &#8220;<em>En los a\u00f1os 60 y 70 la gente no pod\u00eda identificarse como (de dos o m\u00e1s razas en las planillas del censo). No pod\u00eda decir que era blanca y negra a la vez, por ejemplo. El t\u00e9rmino hispano no fue usado sino hasta el 80 [\u2026] miras a la larga historia del censo, te das cuenta de que est\u00e1n tratando de reflejar los cambios de percepci\u00f3n racial y de identidad de la gente<\/em>&#8220;.<\/p>\n<p>&nbsp;<\/p>\n<p><strong>Fuente:<\/strong><em> El Nuevo Herald<\/em>    \t<\/p>\n","protected":false},"excerpt":{"rendered":"<p>El Centro de Investigaciones Pew encontr\u00f3 que el 67 por ciento de los latinos en los Estados Unidos menciona que la hispanidad es parte de su origen racial. El estudio de Pew tuvo como fin realizar una encuesta a ra\u00edz de las respuestas que dan los latinos sobre su identidad racial y \u00e9tnica en los formularios que realiza la Oficina del Censo que define la categor\u00eda hispano como un origen \u00e9tnico y no como una raza. En los formularios del Censo muchos latinos se identifican escribiendo su propia definici\u00f3n de raza en una casilla en lugar de escoger algunas de las opciones disponibles en el apartado de rubro racial, es decir, en lugar de escoger una opci\u00f3n como \u201cafroamericano\u201d o \u201ccauc\u00e1sico\u201d optan por escribir \u201chispano\u201d, \u201clatinoamericano\u201d o \u201cmexicano\u201d. Un 37 por ciento de los hispanos se decant\u00f3 por hacer lo anteriormente mencionado en 2010 y un 42 por ciento lo hizo en el censo del a\u00f1o 2000. Para averiguar el por qu\u00e9 los latinos se definen de esta manera, los investigadores preguntaron a mil 555 estadounidenses de por lo menos dos tipos de origen \u00e9tnico su s\u00ed herencia hispana era parte de su origen racial, \u00e9tnico o ambos. El 11 por ciento de los encuestados opt\u00f3 por la primera opci\u00f3n, el 19 por ciento por la segunda y el 56 por ciento mencionaron que eran ambos. Mark Hugo L\u00f3pez, director de investigaci\u00f3n de asuntos hispanos de Pew mencion\u00f3 que el gobierno en muchas ocasiones puede etiquetar a las personas en grupos en los que no necesariamente se identifican, adem\u00e1s de que cada vez ha crecido m\u00e1s el n\u00famero de personas con dos or\u00edgenes raciales diferentes: &#8220;En los a\u00f1os 60 y 70 la gente no pod\u00eda identificarse como (de dos o m\u00e1s razas en las planillas del censo). No pod\u00eda decir que era blanca y negra a la vez, por ejemplo. El t\u00e9rmino hispano no fue usado sino hasta el 80 [\u2026] miras a la larga historia del censo, te das cuenta de que est\u00e1n tratando de reflejar los cambios de percepci\u00f3n racial y de identidad de la gente&#8220;. &nbsp; Fuente: El Nuevo Herald<\/p>\n","protected":false},"author":13,"featured_media":1246,"comment_status":"open","ping_status":"open","sticky":false,"template":"","format":"standard","meta":{"_uf_show_specific_survey":0,"_uf_disable_surveys":false,"footnotes":""},"categories":[10,1],"tags":[],"class_list":["post-12038","post","type-post","status-publish","format-standard","has-post-thumbnail","hentry","category-noticias","category-temas-de-interes"],"aioseo_notices":[],"yoast_head":"<!-- This site is optimized with the Yoast SEO plugin v27.4 - https:\/\/yoast.com\/product\/yoast-seo-wordpress\/ -->\n<title>67% de latinos dicen que la hispanidad es parte de su raza<\/title>\n<meta name=\"description\" content=\"El Centro de Investigaciones Pew encontr\u00f3 que el 67 por ciento de los latinos en los Estados Unidos menciona que la hispanidad es parte de su origen racial.\" \/>\n<meta name=\"robots\" content=\"index, follow, max-snippet:-1, max-image-preview:large, max-video-preview:-1\" \/>\n<link rel=\"canonical\" href=\"https:\/\/accesolatino.org\/en\/67-de-latinos-dicen-que-la-hispanidad-es-parte-de-su-raza\/temas-de-interes\/\" \/>\n<meta property=\"og:locale\" content=\"en_US\" \/>\n<meta property=\"og:type\" content=\"article\" \/>\n<meta property=\"og:title\" content=\"67% de latinos dicen que la hispanidad es parte de su raza\" \/>\n<meta property=\"og:description\" content=\"El Centro de Investigaciones Pew encontr\u00f3 que el 67 por ciento de los latinos en los Estados Unidos menciona que la hispanidad es parte de su origen racial.\" \/>\n<meta property=\"og:url\" content=\"https:\/\/accesolatino.org\/en\/67-de-latinos-dicen-que-la-hispanidad-es-parte-de-su-raza\/temas-de-interes\/\" \/>\n<meta property=\"og:site_name\" content=\"Acceso Latino\" \/>\n<meta property=\"article:publisher\" content=\"https:\/\/www.facebook.com\/AccesoLatinoOrg\" \/>\n<meta property=\"article:published_time\" content=\"2015-06-11T16:55:41+00:00\" \/>\n<meta property=\"article:modified_time\" content=\"2025-10-30T05:04:34+00:00\" \/>\n<meta name=\"author\" content=\"Noticias\" \/>\n<meta name=\"twitter:card\" content=\"summary_large_image\" \/>\n<meta name=\"twitter:creator\" content=\"@FAccLatino\" \/>\n<meta name=\"twitter:site\" content=\"@FAccLatino\" \/>\n<meta name=\"twitter:label1\" content=\"Written by\" \/>\n\t<meta name=\"twitter:data1\" content=\"Noticias\" \/>\n\t<meta name=\"twitter:label2\" content=\"Est. reading time\" \/>\n\t<meta name=\"twitter:data2\" content=\"2 minutes\" \/>\n<script type=\"application\/ld+json\" class=\"yoast-schema-graph\">{\"@context\":\"https:\\\/\\\/schema.org\",\"@graph\":[{\"@type\":\"Article\",\"@id\":\"https:\\\/\\\/accesolatino.org\\\/67-de-latinos-dicen-que-la-hispanidad-es-parte-de-su-raza\\\/temas-de-interes\\\/#article\",\"isPartOf\":{\"@id\":\"https:\\\/\\\/accesolatino.org\\\/67-de-latinos-dicen-que-la-hispanidad-es-parte-de-su-raza\\\/temas-de-interes\\\/\"},\"author\":{\"name\":\"Noticias\",\"@id\":\"https:\\\/\\\/accesolatino.org\\\/#\\\/schema\\\/person\\\/6b654926a4e7e4709c9ad12459661666\"},\"headline\":\"67% de latinos dicen que la hispanidad es parte de su raza\",\"datePublished\":\"2015-06-11T16:55:41+00:00\",\"dateModified\":\"2025-10-30T05:04:34+00:00\",\"mainEntityOfPage\":{\"@id\":\"https:\\\/\\\/accesolatino.org\\\/67-de-latinos-dicen-que-la-hispanidad-es-parte-de-su-raza\\\/temas-de-interes\\\/\"},\"wordCount\":371,\"commentCount\":0,\"publisher\":{\"@id\":\"https:\\\/\\\/accesolatino.org\\\/#organization\"},\"image\":{\"@id\":\"https:\\\/\\\/accesolatino.org\\\/67-de-latinos-dicen-que-la-hispanidad-es-parte-de-su-raza\\\/temas-de-interes\\\/#primaryimage\"},\"thumbnailUrl\":\"\",\"articleSection\":[\"Noticias\",\"Temas de inter\u00e9s\"],\"inLanguage\":\"en-US\",\"potentialAction\":[{\"@type\":\"CommentAction\",\"name\":\"Comment\",\"target\":[\"https:\\\/\\\/accesolatino.org\\\/67-de-latinos-dicen-que-la-hispanidad-es-parte-de-su-raza\\\/temas-de-interes\\\/#respond\"]}]},{\"@type\":\"WebPage\",\"@id\":\"https:\\\/\\\/accesolatino.org\\\/67-de-latinos-dicen-que-la-hispanidad-es-parte-de-su-raza\\\/temas-de-interes\\\/\",\"url\":\"https:\\\/\\\/accesolatino.org\\\/67-de-latinos-dicen-que-la-hispanidad-es-parte-de-su-raza\\\/temas-de-interes\\\/\",\"name\":\"67% de latinos dicen que la hispanidad es parte de su raza\",\"isPartOf\":{\"@id\":\"https:\\\/\\\/accesolatino.org\\\/#website\"},\"primaryImageOfPage\":{\"@id\":\"https:\\\/\\\/accesolatino.org\\\/67-de-latinos-dicen-que-la-hispanidad-es-parte-de-su-raza\\\/temas-de-interes\\\/#primaryimage\"},\"image\":{\"@id\":\"https:\\\/\\\/accesolatino.org\\\/67-de-latinos-dicen-que-la-hispanidad-es-parte-de-su-raza\\\/temas-de-interes\\\/#primaryimage\"},\"thumbnailUrl\":\"\",\"datePublished\":\"2015-06-11T16:55:41+00:00\",\"dateModified\":\"2025-10-30T05:04:34+00:00\",\"description\":\"El Centro de Investigaciones Pew encontr\u00f3 que el 67 por ciento de los latinos en los Estados Unidos menciona que la hispanidad es parte de su origen racial.\",\"breadcrumb\":{\"@id\":\"https:\\\/\\\/accesolatino.org\\\/67-de-latinos-dicen-que-la-hispanidad-es-parte-de-su-raza\\\/temas-de-interes\\\/#breadcrumb\"},\"inLanguage\":\"en-US\",\"potentialAction\":[{\"@type\":\"ReadAction\",\"target\":[\"https:\\\/\\\/accesolatino.org\\\/67-de-latinos-dicen-que-la-hispanidad-es-parte-de-su-raza\\\/temas-de-interes\\\/\"]}]},{\"@type\":\"ImageObject\",\"inLanguage\":\"en-US\",\"@id\":\"https:\\\/\\\/accesolatino.org\\\/67-de-latinos-dicen-que-la-hispanidad-es-parte-de-su-raza\\\/temas-de-interes\\\/#primaryimage\",\"url\":\"\",\"contentUrl\":\"\"},{\"@type\":\"BreadcrumbList\",\"@id\":\"https:\\\/\\\/accesolatino.org\\\/67-de-latinos-dicen-que-la-hispanidad-es-parte-de-su-raza\\\/temas-de-interes\\\/#breadcrumb\",\"itemListElement\":[{\"@type\":\"ListItem\",\"position\":1,\"name\":\"Portada\",\"item\":\"https:\\\/\\\/accesolatino.org\\\/\"},{\"@type\":\"ListItem\",\"position\":2,\"name\":\"Noticias\",\"item\":\"https:\\\/\\\/accesolatino.org\\\/category\\\/noticias\\\/\"},{\"@type\":\"ListItem\",\"position\":3,\"name\":\"67% de latinos dicen que la hispanidad es parte de su raza\"}]},{\"@type\":\"WebSite\",\"@id\":\"https:\\\/\\\/accesolatino.org\\\/#website\",\"url\":\"https:\\\/\\\/accesolatino.org\\\/\",\"name\":\"Acceso Latino | Fundaci\u00f3n Carlos Slim\",\"description\":\"Fundaci\u00f3n Carlos Slim\",\"publisher\":{\"@id\":\"https:\\\/\\\/accesolatino.org\\\/#organization\"},\"potentialAction\":[{\"@type\":\"SearchAction\",\"target\":{\"@type\":\"EntryPoint\",\"urlTemplate\":\"https:\\\/\\\/accesolatino.org\\\/?s={search_term_string}\"},\"query-input\":{\"@type\":\"PropertyValueSpecification\",\"valueRequired\":true,\"valueName\":\"search_term_string\"}}],\"inLanguage\":\"en-US\"},{\"@type\":\"Organization\",\"@id\":\"https:\\\/\\\/accesolatino.org\\\/#organization\",\"name\":\"Acceso Latino | Fundaci\u00f3n Carlos Slim\",\"url\":\"https:\\\/\\\/accesolatino.org\\\/\",\"logo\":{\"@type\":\"ImageObject\",\"inLanguage\":\"en-US\",\"@id\":\"https:\\\/\\\/accesolatino.org\\\/#\\\/schema\\\/logo\\\/image\\\/\",\"url\":\"https:\\\/\\\/accesolatino.org\\\/wp-content\\\/uploads\\\/2021\\\/02\\\/logo-footer-acceso-latino.png\",\"contentUrl\":\"https:\\\/\\\/accesolatino.org\\\/wp-content\\\/uploads\\\/2021\\\/02\\\/logo-footer-acceso-latino.png\",\"width\":240,\"height\":40,\"caption\":\"Acceso Latino | Fundaci\u00f3n Carlos Slim\"},\"image\":{\"@id\":\"https:\\\/\\\/accesolatino.org\\\/#\\\/schema\\\/logo\\\/image\\\/\"},\"sameAs\":[\"https:\\\/\\\/www.facebook.com\\\/AccesoLatinoOrg\",\"https:\\\/\\\/x.com\\\/FAccLatino\"]},{\"@type\":\"Person\",\"@id\":\"https:\\\/\\\/accesolatino.org\\\/#\\\/schema\\\/person\\\/6b654926a4e7e4709c9ad12459661666\",\"name\":\"Noticias\"}]}<\/script>\n<!-- \/ Yoast SEO plugin. -->","yoast_head_json":{"title":"67% de latinos dicen que la hispanidad es parte de su raza","description":"El Centro de Investigaciones Pew encontr\u00f3 que el 67 por ciento de los latinos en los Estados Unidos menciona que la hispanidad es parte de su origen racial.","robots":{"index":"index","follow":"follow","max-snippet":"max-snippet:-1","max-image-preview":"max-image-preview:large","max-video-preview":"max-video-preview:-1"},"canonical":"https:\/\/accesolatino.org\/en\/67-de-latinos-dicen-que-la-hispanidad-es-parte-de-su-raza\/temas-de-interes\/","og_locale":"en_US","og_type":"article","og_title":"67% de latinos dicen que la hispanidad es parte de su raza","og_description":"El Centro de Investigaciones Pew encontr\u00f3 que el 67 por ciento de los latinos en los Estados Unidos menciona que la hispanidad es parte de su origen racial.","og_url":"https:\/\/accesolatino.org\/en\/67-de-latinos-dicen-que-la-hispanidad-es-parte-de-su-raza\/temas-de-interes\/","og_site_name":"Acceso Latino","article_publisher":"https:\/\/www.facebook.com\/AccesoLatinoOrg","article_published_time":"2015-06-11T16:55:41+00:00","article_modified_time":"2025-10-30T05:04:34+00:00","author":"Noticias","twitter_card":"summary_large_image","twitter_creator":"@FAccLatino","twitter_site":"@FAccLatino","twitter_misc":{"Written by":"Noticias","Est. reading time":"2 minutes"},"schema":{"@context":"https:\/\/schema.org","@graph":[{"@type":"Article","@id":"https:\/\/accesolatino.org\/67-de-latinos-dicen-que-la-hispanidad-es-parte-de-su-raza\/temas-de-interes\/#article","isPartOf":{"@id":"https:\/\/accesolatino.org\/67-de-latinos-dicen-que-la-hispanidad-es-parte-de-su-raza\/temas-de-interes\/"},"author":{"name":"Noticias","@id":"https:\/\/accesolatino.org\/#\/schema\/person\/6b654926a4e7e4709c9ad12459661666"},"headline":"67% de latinos dicen que la hispanidad es parte de su raza","datePublished":"2015-06-11T16:55:41+00:00","dateModified":"2025-10-30T05:04:34+00:00","mainEntityOfPage":{"@id":"https:\/\/accesolatino.org\/67-de-latinos-dicen-que-la-hispanidad-es-parte-de-su-raza\/temas-de-interes\/"},"wordCount":371,"commentCount":0,"publisher":{"@id":"https:\/\/accesolatino.org\/#organization"},"image":{"@id":"https:\/\/accesolatino.org\/67-de-latinos-dicen-que-la-hispanidad-es-parte-de-su-raza\/temas-de-interes\/#primaryimage"},"thumbnailUrl":"","articleSection":["Noticias","Temas de inter\u00e9s"],"inLanguage":"en-US","potentialAction":[{"@type":"CommentAction","name":"Comment","target":["https:\/\/accesolatino.org\/67-de-latinos-dicen-que-la-hispanidad-es-parte-de-su-raza\/temas-de-interes\/#respond"]}]},{"@type":"WebPage","@id":"https:\/\/accesolatino.org\/67-de-latinos-dicen-que-la-hispanidad-es-parte-de-su-raza\/temas-de-interes\/","url":"https:\/\/accesolatino.org\/67-de-latinos-dicen-que-la-hispanidad-es-parte-de-su-raza\/temas-de-interes\/","name":"67% de latinos dicen que la hispanidad es parte de su raza","isPartOf":{"@id":"https:\/\/accesolatino.org\/#website"},"primaryImageOfPage":{"@id":"https:\/\/accesolatino.org\/67-de-latinos-dicen-que-la-hispanidad-es-parte-de-su-raza\/temas-de-interes\/#primaryimage"},"image":{"@id":"https:\/\/accesolatino.org\/67-de-latinos-dicen-que-la-hispanidad-es-parte-de-su-raza\/temas-de-interes\/#primaryimage"},"thumbnailUrl":"","datePublished":"2015-06-11T16:55:41+00:00","dateModified":"2025-10-30T05:04:34+00:00","description":"El Centro de Investigaciones Pew encontr\u00f3 que el 67 por ciento de los latinos en los Estados Unidos menciona que la hispanidad es parte de su origen racial.","breadcrumb":{"@id":"https:\/\/accesolatino.org\/67-de-latinos-dicen-que-la-hispanidad-es-parte-de-su-raza\/temas-de-interes\/#breadcrumb"},"inLanguage":"en-US","potentialAction":[{"@type":"ReadAction","target":["https:\/\/accesolatino.org\/67-de-latinos-dicen-que-la-hispanidad-es-parte-de-su-raza\/temas-de-interes\/"]}]},{"@type":"ImageObject","inLanguage":"en-US","@id":"https:\/\/accesolatino.org\/67-de-latinos-dicen-que-la-hispanidad-es-parte-de-su-raza\/temas-de-interes\/#primaryimage","url":"","contentUrl":""},{"@type":"BreadcrumbList","@id":"https:\/\/accesolatino.org\/67-de-latinos-dicen-que-la-hispanidad-es-parte-de-su-raza\/temas-de-interes\/#breadcrumb","itemListElement":[{"@type":"ListItem","position":1,"name":"Portada","item":"https:\/\/accesolatino.org\/"},{"@type":"ListItem","position":2,"name":"Noticias","item":"https:\/\/accesolatino.org\/category\/noticias\/"},{"@type":"ListItem","position":3,"name":"67% de latinos dicen que la hispanidad es parte de su raza"}]},{"@type":"WebSite","@id":"https:\/\/accesolatino.org\/#website","url":"https:\/\/accesolatino.org\/","name":"Acceso Latino | Fundaci\u00f3n Carlos Slim","description":"Fundaci\u00f3n Carlos Slim","publisher":{"@id":"https:\/\/accesolatino.org\/#organization"},"potentialAction":[{"@type":"SearchAction","target":{"@type":"EntryPoint","urlTemplate":"https:\/\/accesolatino.org\/?s={search_term_string}"},"query-input":{"@type":"PropertyValueSpecification","valueRequired":true,"valueName":"search_term_string"}}],"inLanguage":"en-US"},{"@type":"Organization","@id":"https:\/\/accesolatino.org\/#organization","name":"Acceso Latino | Fundaci\u00f3n Carlos Slim","url":"https:\/\/accesolatino.org\/","logo":{"@type":"ImageObject","inLanguage":"en-US","@id":"https:\/\/accesolatino.org\/#\/schema\/logo\/image\/","url":"https:\/\/accesolatino.org\/wp-content\/uploads\/2021\/02\/logo-footer-acceso-latino.png","contentUrl":"https:\/\/accesolatino.org\/wp-content\/uploads\/2021\/02\/logo-footer-acceso-latino.png","width":240,"height":40,"caption":"Acceso Latino | Fundaci\u00f3n Carlos Slim"},"image":{"@id":"https:\/\/accesolatino.org\/#\/schema\/logo\/image\/"},"sameAs":["https:\/\/www.facebook.com\/AccesoLatinoOrg","https:\/\/x.com\/FAccLatino"]},{"@type":"Person","@id":"https:\/\/accesolatino.org\/#\/schema\/person\/6b654926a4e7e4709c9ad12459661666","name":"News"}]}},"_links":{"self":[{"href":"https:\/\/accesolatino.org\/en\/wp-json\/wp\/v2\/posts\/12038","targetHints":{"allow":["GET"]}}],"collection":[{"href":"https:\/\/accesolatino.org\/en\/wp-json\/wp\/v2\/posts"}],"about":[{"href":"https:\/\/accesolatino.org\/en\/wp-json\/wp\/v2\/types\/post"}],"author":[{"embeddable":true,"href":"https:\/\/accesolatino.org\/en\/wp-json\/wp\/v2\/users\/13"}],"replies":[{"embeddable":true,"href":"https:\/\/accesolatino.org\/en\/wp-json\/wp\/v2\/comments?post=12038"}],"version-history":[{"count":1,"href":"https:\/\/accesolatino.org\/en\/wp-json\/wp\/v2\/posts\/12038\/revisions"}],"predecessor-version":[{"id":68266,"href":"https:\/\/accesolatino.org\/en\/wp-json\/wp\/v2\/posts\/12038\/revisions\/68266"}],"wp:featuredmedia":[{"embeddable":true,"href":"https:\/\/accesolatino.org\/en\/wp-json\/"}],"wp:attachment":[{"href":"https:\/\/accesolatino.org\/en\/wp-json\/wp\/v2\/media?parent=12038"}],"wp:term":[{"taxonomy":"category","embeddable":true,"href":"https:\/\/accesolatino.org\/en\/wp-json\/wp\/v2\/categories?post=12038"},{"taxonomy":"post_tag","embeddable":true,"href":"https:\/\/accesolatino.org\/en\/wp-json\/wp\/v2\/tags?post=12038"}],"curies":[{"name":"wp","href":"https:\/\/api.w.org\/{rel}","templated":true}]}}