{"id":12037,"date":"2015-06-10T11:55:25","date_gmt":"2015-06-10T16:55:25","guid":{"rendered":"https:\/\/accesolatino.org\/?p=1232"},"modified":"2025-10-29T23:04:41","modified_gmt":"2025-10-30T05:04:41","slug":"juan-felipe-herrera-primer-poeta-hispano-laureado-de-eeuu","status":"publish","type":"post","link":"https:\/\/accesolatino.org\/en\/juan-felipe-herrera-primer-poeta-hispano-laureado-de-eeuu\/temas-de-interes\/","title":{"rendered":"Juan Felipe Herrera, primer poeta hispano laureado de EUA"},"content":{"rendered":"<p>El poeta Juan Felipe Herrera se convertir\u00e1 en el primer poeta hispano laureado por la Biblioteca del Congreso. <strong>La instituci\u00f3n anunci\u00f3 el d\u00eda de hoy que Herrera se convirti\u00f3 en el consultor oficial para la poes\u00eda de la Librer\u00eda del Congreso para el periodo 2015-2016.<\/strong><\/p>\n<p>El poeta es hijo de campesinos mexicanos que trabajaron en el Estado de California. Herrera naci\u00f3 en 1948 en Fowler, California y su familia constantemente viv\u00eda en carpas y remolques itinerantes. El padre de Herrera aprendi\u00f3 ingl\u00e9s pagando a otros trabajadores para que le ense\u00f1aran nuevas palabras.<\/p>\n<p>Por su parte, James Billington, bibliotecario del Congreso, afirm\u00f3 por medio de un comunicado que la obra de Herrera crea &#8220;<em>una gran sensaci\u00f3n de juego, en el lenguaje y en la imagen, que creo les da poder perdurable [\u2026] Veo c\u00f3mo defienden voces, tradiciones e historias, as\u00ed como una perspectiva cultural, que es una parte vital de nuestra amplia identidad estadounidense<\/em>&#8220;.<\/p>\n<p>Herrera se dijo honrado por ser el primer hispano en recibir esta distinci\u00f3n y ser el responsable de la creaci\u00f3n de proyectos de poes\u00eda a nivel nacional.<\/p>\n<p>El poeta anunci\u00f3 que uno de sus planes en la Biblioteca del Congreso es lanzar un programa llamado <strong>Casa de Colores, que sea para incluir a personas de diferentes etnias y trasfondos culturales, adem\u00e1s de organizar actos con j\u00f3venes para atraerlos a la poes\u00eda con poemas de autores como Walt Whitman.<\/strong><\/p>\n<p>Herrera apunt\u00f3 que quiere instar a m\u00e1s j\u00f3venes y estudiantes hispanos para que escriban y aprovechen los recursos que la Biblioteca del Congreso tiene para ofrecerles.<\/p>\n<p>El laureado poeta creci\u00f3 hablando espa\u00f1ol y al avergonzarle su manera de hablar encontr\u00f3 en la poes\u00eda una v\u00e1lvula de escape. El autor es graduado en la UCLA y obtuvo t\u00edtulos en Stanford y en el Taller de Escritores de Iowa.<\/p>\n<p>&nbsp;<\/p>\n<p><strong>Fuente:<\/strong> <em>Univisi\u00f3n<\/em>    \t<\/p>\n","protected":false},"excerpt":{"rendered":"<p>El poeta Juan Felipe Herrera se convertir\u00e1 en el primer poeta hispano laureado por la Biblioteca del Congreso. La instituci\u00f3n anunci\u00f3 el d\u00eda de hoy que Herrera se convirti\u00f3 en el consultor oficial para la poes\u00eda de la Librer\u00eda del Congreso para el periodo 2015-2016. El poeta es hijo de campesinos mexicanos que trabajaron en el Estado de California. Herrera naci\u00f3 en 1948 en Fowler, California y su familia constantemente viv\u00eda en carpas y remolques itinerantes. El padre de Herrera aprendi\u00f3 ingl\u00e9s pagando a otros trabajadores para que le ense\u00f1aran nuevas palabras. Por su parte, James Billington, bibliotecario del Congreso, afirm\u00f3 por medio de un comunicado que la obra de Herrera crea &#8220;una gran sensaci\u00f3n de juego, en el lenguaje y en la imagen, que creo les da poder perdurable [\u2026] Veo c\u00f3mo defienden voces, tradiciones e historias, as\u00ed como una perspectiva cultural, que es una parte vital de nuestra amplia identidad estadounidense&#8220;. Herrera se dijo honrado por ser el primer hispano en recibir esta distinci\u00f3n y ser el responsable de la creaci\u00f3n de proyectos de poes\u00eda a nivel nacional. El poeta anunci\u00f3 que uno de sus planes en la Biblioteca del Congreso es lanzar un programa llamado Casa de Colores, que sea para incluir a personas de diferentes etnias y trasfondos culturales, adem\u00e1s de organizar actos con j\u00f3venes para atraerlos a la poes\u00eda con poemas de autores como Walt Whitman. Herrera apunt\u00f3 que quiere instar a m\u00e1s j\u00f3venes y estudiantes hispanos para que escriban y aprovechen los recursos que la Biblioteca del Congreso tiene para ofrecerles. El laureado poeta creci\u00f3 hablando espa\u00f1ol y al avergonzarle su manera de hablar encontr\u00f3 en la poes\u00eda una v\u00e1lvula de escape. El autor es graduado en la UCLA y obtuvo t\u00edtulos en Stanford y en el Taller de Escritores de Iowa. &nbsp; Fuente: Univisi\u00f3n<\/p>\n","protected":false},"author":13,"featured_media":1235,"comment_status":"open","ping_status":"open","sticky":false,"template":"","format":"standard","meta":{"_uf_show_specific_survey":0,"_uf_disable_surveys":false,"footnotes":""},"categories":[10,1],"tags":[],"class_list":["post-12037","post","type-post","status-publish","format-standard","has-post-thumbnail","hentry","category-noticias","category-temas-de-interes"],"aioseo_notices":[],"yoast_head":"<!-- This site is optimized with the Yoast SEO plugin v27.4 - https:\/\/yoast.com\/product\/yoast-seo-wordpress\/ -->\n<title>Juan Felipe Herrera, primer poeta hispano laureado de EUA<\/title>\n<meta name=\"description\" content=\"El poeta Juan Felipe Herrera se convertir\u00e1 en el primer poeta hispano laureado por la Biblioteca del Congreso.\" \/>\n<meta name=\"robots\" content=\"index, follow, max-snippet:-1, max-image-preview:large, max-video-preview:-1\" \/>\n<link rel=\"canonical\" href=\"https:\/\/accesolatino.org\/en\/juan-felipe-herrera-primer-poeta-hispano-laureado-de-eeuu\/temas-de-interes\/\" \/>\n<meta property=\"og:locale\" content=\"en_US\" \/>\n<meta property=\"og:type\" content=\"article\" \/>\n<meta property=\"og:title\" content=\"Juan Felipe Herrera, primer poeta hispano laureado de EUA\" \/>\n<meta property=\"og:description\" content=\"El poeta Juan Felipe Herrera se convertir\u00e1 en el primer poeta hispano laureado por la Biblioteca del Congreso.\" \/>\n<meta property=\"og:url\" content=\"https:\/\/accesolatino.org\/en\/juan-felipe-herrera-primer-poeta-hispano-laureado-de-eeuu\/temas-de-interes\/\" \/>\n<meta property=\"og:site_name\" content=\"Acceso Latino\" \/>\n<meta property=\"article:publisher\" content=\"https:\/\/www.facebook.com\/AccesoLatinoOrg\" \/>\n<meta property=\"article:published_time\" content=\"2015-06-10T16:55:25+00:00\" \/>\n<meta property=\"article:modified_time\" content=\"2025-10-30T05:04:41+00:00\" \/>\n<meta name=\"author\" content=\"Noticias\" \/>\n<meta name=\"twitter:card\" content=\"summary_large_image\" \/>\n<meta name=\"twitter:creator\" content=\"@FAccLatino\" \/>\n<meta name=\"twitter:site\" content=\"@FAccLatino\" \/>\n<meta name=\"twitter:label1\" content=\"Written by\" \/>\n\t<meta name=\"twitter:data1\" content=\"Noticias\" \/>\n\t<meta name=\"twitter:label2\" content=\"Est. reading time\" \/>\n\t<meta name=\"twitter:data2\" content=\"2 minutes\" \/>\n<script type=\"application\/ld+json\" class=\"yoast-schema-graph\">{\"@context\":\"https:\\\/\\\/schema.org\",\"@graph\":[{\"@type\":\"Article\",\"@id\":\"https:\\\/\\\/accesolatino.org\\\/juan-felipe-herrera-primer-poeta-hispano-laureado-de-eeuu\\\/temas-de-interes\\\/#article\",\"isPartOf\":{\"@id\":\"https:\\\/\\\/accesolatino.org\\\/juan-felipe-herrera-primer-poeta-hispano-laureado-de-eeuu\\\/temas-de-interes\\\/\"},\"author\":{\"name\":\"Noticias\",\"@id\":\"https:\\\/\\\/accesolatino.org\\\/#\\\/schema\\\/person\\\/6b654926a4e7e4709c9ad12459661666\"},\"headline\":\"Juan Felipe Herrera, primer poeta hispano laureado de EUA\",\"datePublished\":\"2015-06-10T16:55:25+00:00\",\"dateModified\":\"2025-10-30T05:04:41+00:00\",\"mainEntityOfPage\":{\"@id\":\"https:\\\/\\\/accesolatino.org\\\/juan-felipe-herrera-primer-poeta-hispano-laureado-de-eeuu\\\/temas-de-interes\\\/\"},\"wordCount\":330,\"commentCount\":0,\"publisher\":{\"@id\":\"https:\\\/\\\/accesolatino.org\\\/#organization\"},\"image\":{\"@id\":\"https:\\\/\\\/accesolatino.org\\\/juan-felipe-herrera-primer-poeta-hispano-laureado-de-eeuu\\\/temas-de-interes\\\/#primaryimage\"},\"thumbnailUrl\":\"\",\"articleSection\":[\"Noticias\",\"Temas de inter\u00e9s\"],\"inLanguage\":\"en-US\",\"potentialAction\":[{\"@type\":\"CommentAction\",\"name\":\"Comment\",\"target\":[\"https:\\\/\\\/accesolatino.org\\\/juan-felipe-herrera-primer-poeta-hispano-laureado-de-eeuu\\\/temas-de-interes\\\/#respond\"]}]},{\"@type\":\"WebPage\",\"@id\":\"https:\\\/\\\/accesolatino.org\\\/juan-felipe-herrera-primer-poeta-hispano-laureado-de-eeuu\\\/temas-de-interes\\\/\",\"url\":\"https:\\\/\\\/accesolatino.org\\\/juan-felipe-herrera-primer-poeta-hispano-laureado-de-eeuu\\\/temas-de-interes\\\/\",\"name\":\"Juan Felipe Herrera, primer poeta hispano laureado de EUA\",\"isPartOf\":{\"@id\":\"https:\\\/\\\/accesolatino.org\\\/#website\"},\"primaryImageOfPage\":{\"@id\":\"https:\\\/\\\/accesolatino.org\\\/juan-felipe-herrera-primer-poeta-hispano-laureado-de-eeuu\\\/temas-de-interes\\\/#primaryimage\"},\"image\":{\"@id\":\"https:\\\/\\\/accesolatino.org\\\/juan-felipe-herrera-primer-poeta-hispano-laureado-de-eeuu\\\/temas-de-interes\\\/#primaryimage\"},\"thumbnailUrl\":\"\",\"datePublished\":\"2015-06-10T16:55:25+00:00\",\"dateModified\":\"2025-10-30T05:04:41+00:00\",\"description\":\"El poeta Juan Felipe Herrera se convertir\u00e1 en el primer poeta hispano laureado por la Biblioteca del Congreso.\",\"breadcrumb\":{\"@id\":\"https:\\\/\\\/accesolatino.org\\\/juan-felipe-herrera-primer-poeta-hispano-laureado-de-eeuu\\\/temas-de-interes\\\/#breadcrumb\"},\"inLanguage\":\"en-US\",\"potentialAction\":[{\"@type\":\"ReadAction\",\"target\":[\"https:\\\/\\\/accesolatino.org\\\/juan-felipe-herrera-primer-poeta-hispano-laureado-de-eeuu\\\/temas-de-interes\\\/\"]}]},{\"@type\":\"ImageObject\",\"inLanguage\":\"en-US\",\"@id\":\"https:\\\/\\\/accesolatino.org\\\/juan-felipe-herrera-primer-poeta-hispano-laureado-de-eeuu\\\/temas-de-interes\\\/#primaryimage\",\"url\":\"\",\"contentUrl\":\"\"},{\"@type\":\"BreadcrumbList\",\"@id\":\"https:\\\/\\\/accesolatino.org\\\/juan-felipe-herrera-primer-poeta-hispano-laureado-de-eeuu\\\/temas-de-interes\\\/#breadcrumb\",\"itemListElement\":[{\"@type\":\"ListItem\",\"position\":1,\"name\":\"Portada\",\"item\":\"https:\\\/\\\/accesolatino.org\\\/\"},{\"@type\":\"ListItem\",\"position\":2,\"name\":\"Noticias\",\"item\":\"https:\\\/\\\/accesolatino.org\\\/category\\\/noticias\\\/\"},{\"@type\":\"ListItem\",\"position\":3,\"name\":\"Juan Felipe Herrera, primer poeta hispano laureado de EUA\"}]},{\"@type\":\"WebSite\",\"@id\":\"https:\\\/\\\/accesolatino.org\\\/#website\",\"url\":\"https:\\\/\\\/accesolatino.org\\\/\",\"name\":\"Acceso Latino | Fundaci\u00f3n Carlos Slim\",\"description\":\"Fundaci\u00f3n Carlos Slim\",\"publisher\":{\"@id\":\"https:\\\/\\\/accesolatino.org\\\/#organization\"},\"potentialAction\":[{\"@type\":\"SearchAction\",\"target\":{\"@type\":\"EntryPoint\",\"urlTemplate\":\"https:\\\/\\\/accesolatino.org\\\/?s={search_term_string}\"},\"query-input\":{\"@type\":\"PropertyValueSpecification\",\"valueRequired\":true,\"valueName\":\"search_term_string\"}}],\"inLanguage\":\"en-US\"},{\"@type\":\"Organization\",\"@id\":\"https:\\\/\\\/accesolatino.org\\\/#organization\",\"name\":\"Acceso Latino | Fundaci\u00f3n Carlos Slim\",\"url\":\"https:\\\/\\\/accesolatino.org\\\/\",\"logo\":{\"@type\":\"ImageObject\",\"inLanguage\":\"en-US\",\"@id\":\"https:\\\/\\\/accesolatino.org\\\/#\\\/schema\\\/logo\\\/image\\\/\",\"url\":\"https:\\\/\\\/accesolatino.org\\\/wp-content\\\/uploads\\\/2021\\\/02\\\/logo-footer-acceso-latino.png\",\"contentUrl\":\"https:\\\/\\\/accesolatino.org\\\/wp-content\\\/uploads\\\/2021\\\/02\\\/logo-footer-acceso-latino.png\",\"width\":240,\"height\":40,\"caption\":\"Acceso Latino | Fundaci\u00f3n Carlos Slim\"},\"image\":{\"@id\":\"https:\\\/\\\/accesolatino.org\\\/#\\\/schema\\\/logo\\\/image\\\/\"},\"sameAs\":[\"https:\\\/\\\/www.facebook.com\\\/AccesoLatinoOrg\",\"https:\\\/\\\/x.com\\\/FAccLatino\"]},{\"@type\":\"Person\",\"@id\":\"https:\\\/\\\/accesolatino.org\\\/#\\\/schema\\\/person\\\/6b654926a4e7e4709c9ad12459661666\",\"name\":\"Noticias\"}]}<\/script>\n<!-- \/ Yoast SEO plugin. -->","yoast_head_json":{"title":"Juan Felipe Herrera, primer poeta hispano laureado de EUA","description":"El poeta Juan Felipe Herrera se convertir\u00e1 en el primer poeta hispano laureado por la Biblioteca del Congreso.","robots":{"index":"index","follow":"follow","max-snippet":"max-snippet:-1","max-image-preview":"max-image-preview:large","max-video-preview":"max-video-preview:-1"},"canonical":"https:\/\/accesolatino.org\/en\/juan-felipe-herrera-primer-poeta-hispano-laureado-de-eeuu\/temas-de-interes\/","og_locale":"en_US","og_type":"article","og_title":"Juan Felipe Herrera, primer poeta hispano laureado de EUA","og_description":"El poeta Juan Felipe Herrera se convertir\u00e1 en el primer poeta hispano laureado por la Biblioteca del Congreso.","og_url":"https:\/\/accesolatino.org\/en\/juan-felipe-herrera-primer-poeta-hispano-laureado-de-eeuu\/temas-de-interes\/","og_site_name":"Acceso Latino","article_publisher":"https:\/\/www.facebook.com\/AccesoLatinoOrg","article_published_time":"2015-06-10T16:55:25+00:00","article_modified_time":"2025-10-30T05:04:41+00:00","author":"Noticias","twitter_card":"summary_large_image","twitter_creator":"@FAccLatino","twitter_site":"@FAccLatino","twitter_misc":{"Written by":"Noticias","Est. reading time":"2 minutes"},"schema":{"@context":"https:\/\/schema.org","@graph":[{"@type":"Article","@id":"https:\/\/accesolatino.org\/juan-felipe-herrera-primer-poeta-hispano-laureado-de-eeuu\/temas-de-interes\/#article","isPartOf":{"@id":"https:\/\/accesolatino.org\/juan-felipe-herrera-primer-poeta-hispano-laureado-de-eeuu\/temas-de-interes\/"},"author":{"name":"Noticias","@id":"https:\/\/accesolatino.org\/#\/schema\/person\/6b654926a4e7e4709c9ad12459661666"},"headline":"Juan Felipe Herrera, primer poeta hispano laureado de EUA","datePublished":"2015-06-10T16:55:25+00:00","dateModified":"2025-10-30T05:04:41+00:00","mainEntityOfPage":{"@id":"https:\/\/accesolatino.org\/juan-felipe-herrera-primer-poeta-hispano-laureado-de-eeuu\/temas-de-interes\/"},"wordCount":330,"commentCount":0,"publisher":{"@id":"https:\/\/accesolatino.org\/#organization"},"image":{"@id":"https:\/\/accesolatino.org\/juan-felipe-herrera-primer-poeta-hispano-laureado-de-eeuu\/temas-de-interes\/#primaryimage"},"thumbnailUrl":"","articleSection":["Noticias","Temas de inter\u00e9s"],"inLanguage":"en-US","potentialAction":[{"@type":"CommentAction","name":"Comment","target":["https:\/\/accesolatino.org\/juan-felipe-herrera-primer-poeta-hispano-laureado-de-eeuu\/temas-de-interes\/#respond"]}]},{"@type":"WebPage","@id":"https:\/\/accesolatino.org\/juan-felipe-herrera-primer-poeta-hispano-laureado-de-eeuu\/temas-de-interes\/","url":"https:\/\/accesolatino.org\/juan-felipe-herrera-primer-poeta-hispano-laureado-de-eeuu\/temas-de-interes\/","name":"Juan Felipe Herrera, primer poeta hispano laureado de EUA","isPartOf":{"@id":"https:\/\/accesolatino.org\/#website"},"primaryImageOfPage":{"@id":"https:\/\/accesolatino.org\/juan-felipe-herrera-primer-poeta-hispano-laureado-de-eeuu\/temas-de-interes\/#primaryimage"},"image":{"@id":"https:\/\/accesolatino.org\/juan-felipe-herrera-primer-poeta-hispano-laureado-de-eeuu\/temas-de-interes\/#primaryimage"},"thumbnailUrl":"","datePublished":"2015-06-10T16:55:25+00:00","dateModified":"2025-10-30T05:04:41+00:00","description":"El poeta Juan Felipe Herrera se convertir\u00e1 en el primer poeta hispano laureado por la Biblioteca del Congreso.","breadcrumb":{"@id":"https:\/\/accesolatino.org\/juan-felipe-herrera-primer-poeta-hispano-laureado-de-eeuu\/temas-de-interes\/#breadcrumb"},"inLanguage":"en-US","potentialAction":[{"@type":"ReadAction","target":["https:\/\/accesolatino.org\/juan-felipe-herrera-primer-poeta-hispano-laureado-de-eeuu\/temas-de-interes\/"]}]},{"@type":"ImageObject","inLanguage":"en-US","@id":"https:\/\/accesolatino.org\/juan-felipe-herrera-primer-poeta-hispano-laureado-de-eeuu\/temas-de-interes\/#primaryimage","url":"","contentUrl":""},{"@type":"BreadcrumbList","@id":"https:\/\/accesolatino.org\/juan-felipe-herrera-primer-poeta-hispano-laureado-de-eeuu\/temas-de-interes\/#breadcrumb","itemListElement":[{"@type":"ListItem","position":1,"name":"Portada","item":"https:\/\/accesolatino.org\/"},{"@type":"ListItem","position":2,"name":"Noticias","item":"https:\/\/accesolatino.org\/category\/noticias\/"},{"@type":"ListItem","position":3,"name":"Juan Felipe Herrera, primer poeta hispano laureado de EUA"}]},{"@type":"WebSite","@id":"https:\/\/accesolatino.org\/#website","url":"https:\/\/accesolatino.org\/","name":"Acceso Latino | Fundaci\u00f3n Carlos Slim","description":"Fundaci\u00f3n Carlos Slim","publisher":{"@id":"https:\/\/accesolatino.org\/#organization"},"potentialAction":[{"@type":"SearchAction","target":{"@type":"EntryPoint","urlTemplate":"https:\/\/accesolatino.org\/?s={search_term_string}"},"query-input":{"@type":"PropertyValueSpecification","valueRequired":true,"valueName":"search_term_string"}}],"inLanguage":"en-US"},{"@type":"Organization","@id":"https:\/\/accesolatino.org\/#organization","name":"Acceso Latino | Fundaci\u00f3n Carlos Slim","url":"https:\/\/accesolatino.org\/","logo":{"@type":"ImageObject","inLanguage":"en-US","@id":"https:\/\/accesolatino.org\/#\/schema\/logo\/image\/","url":"https:\/\/accesolatino.org\/wp-content\/uploads\/2021\/02\/logo-footer-acceso-latino.png","contentUrl":"https:\/\/accesolatino.org\/wp-content\/uploads\/2021\/02\/logo-footer-acceso-latino.png","width":240,"height":40,"caption":"Acceso Latino | Fundaci\u00f3n Carlos Slim"},"image":{"@id":"https:\/\/accesolatino.org\/#\/schema\/logo\/image\/"},"sameAs":["https:\/\/www.facebook.com\/AccesoLatinoOrg","https:\/\/x.com\/FAccLatino"]},{"@type":"Person","@id":"https:\/\/accesolatino.org\/#\/schema\/person\/6b654926a4e7e4709c9ad12459661666","name":"News"}]}},"_links":{"self":[{"href":"https:\/\/accesolatino.org\/en\/wp-json\/wp\/v2\/posts\/12037","targetHints":{"allow":["GET"]}}],"collection":[{"href":"https:\/\/accesolatino.org\/en\/wp-json\/wp\/v2\/posts"}],"about":[{"href":"https:\/\/accesolatino.org\/en\/wp-json\/wp\/v2\/types\/post"}],"author":[{"embeddable":true,"href":"https:\/\/accesolatino.org\/en\/wp-json\/wp\/v2\/users\/13"}],"replies":[{"embeddable":true,"href":"https:\/\/accesolatino.org\/en\/wp-json\/wp\/v2\/comments?post=12037"}],"version-history":[{"count":1,"href":"https:\/\/accesolatino.org\/en\/wp-json\/wp\/v2\/posts\/12037\/revisions"}],"predecessor-version":[{"id":68269,"href":"https:\/\/accesolatino.org\/en\/wp-json\/wp\/v2\/posts\/12037\/revisions\/68269"}],"wp:featuredmedia":[{"embeddable":true,"href":"https:\/\/accesolatino.org\/en\/wp-json\/"}],"wp:attachment":[{"href":"https:\/\/accesolatino.org\/en\/wp-json\/wp\/v2\/media?parent=12037"}],"wp:term":[{"taxonomy":"category","embeddable":true,"href":"https:\/\/accesolatino.org\/en\/wp-json\/wp\/v2\/categories?post=12037"},{"taxonomy":"post_tag","embeddable":true,"href":"https:\/\/accesolatino.org\/en\/wp-json\/wp\/v2\/tags?post=12037"}],"curies":[{"name":"wp","href":"https:\/\/api.w.org\/{rel}","templated":true}]}}