{"id":12036,"date":"2015-06-09T11:55:12","date_gmt":"2015-06-09T16:55:12","guid":{"rendered":"https:\/\/accesolatino.org\/?p=1229"},"modified":"2025-10-29T23:04:36","modified_gmt":"2025-10-30T05:04:36","slug":"inmigrantes-en-centros-de-detencion-enfrentan-futuro-incierto","status":"publish","type":"post","link":"https:\/\/accesolatino.org\/en\/inmigrantes-en-centros-de-detencion-enfrentan-futuro-incierto\/temas-de-interes\/","title":{"rendered":"Inmigrantes en centros de detenci\u00f3n enfrentan futuro incierto"},"content":{"rendered":"<p><strong>A medida que van llegando los inmigrantes aumenta la inversi\u00f3n que hace el gobierno estadounidense en centros de detenci\u00f3n para ni\u00f1os y mujeres.<\/strong> Estos centros han enfrentado una gran oposici\u00f3n de organizaciones civiles que defienden los derechos de los inmigrantes, de hecho la existencia de estos centros se est\u00e1 litigando en los tribunales del pa\u00eds.<\/p>\n<p>El Servicio de Control de Inmigraci\u00f3n y Aduanas (ICE, por sus siglas en ingl\u00e9s) abri\u00f3 dos centros de detenci\u00f3n, uno en Dilley muy cerca de la ciudad de San Antonio y otro en Karnes City, el segundo puede alojar solo a 4 mil 300 personas, una peque\u00f1a fracci\u00f3n de las mujeres y los menores que entran sin papeles a los Estados Unidos.<br \/>\nOrganizaciones civiles y l\u00edderes pol\u00edticos han pedido al gobierno federal que deje de detener a las familias.<\/p>\n<p>En abril la jueza federal de California, Dolly Gee, determin\u00f3 en un fallo tentativo que <strong>la detenci\u00f3n de familias por parte de autoridades de migraci\u00f3n es una violaci\u00f3n al acuerdo judicial del caso Flores V. Meese que data de 1997 que establece que los ni\u00f1os deben ser entregados a familias adoptivas, parientes o en ambientes en los que sea posible el cuidado a los menores.<\/strong> La jueza mantuvo el fallo en calidad de tentativo para que las autoridades y los abogados de los inmigrantes puedan negociar una soluci\u00f3n.<\/p>\n<p>Por su parte ICE prometi\u00f3 mejorar las condiciones de estos centros por medio de una revisi\u00f3n de los casos de las personas que se encuentran detenidas en estos centros.<\/p>\n<p>&nbsp;<\/p>\n<p><strong>Fuente:<\/strong> <em>Univisi\u00f3n<\/em>    \t<\/p>","protected":false},"excerpt":{"rendered":"<p>A medida que van llegando los inmigrantes aumenta la inversi\u00f3n que hace el gobierno estadounidense en centros de detenci\u00f3n para ni\u00f1os y mujeres. Estos centros han enfrentado una gran oposici\u00f3n de organizaciones civiles que defienden los derechos de los inmigrantes, de hecho la existencia de estos centros se est\u00e1 litigando en los tribunales del pa\u00eds. El Servicio de Control de Inmigraci\u00f3n y Aduanas (ICE, por sus siglas en ingl\u00e9s) abri\u00f3 dos centros de detenci\u00f3n, uno en Dilley muy cerca de la ciudad de San Antonio y otro en Karnes City, el segundo puede alojar solo a 4 mil 300 personas, una peque\u00f1a fracci\u00f3n de las mujeres y los menores que entran sin papeles a los Estados Unidos. Organizaciones civiles y l\u00edderes pol\u00edticos han pedido al gobierno federal que deje de detener a las familias. En abril la jueza federal de California, Dolly Gee, determin\u00f3 en un fallo tentativo que la detenci\u00f3n de familias por parte de autoridades de migraci\u00f3n es una violaci\u00f3n al acuerdo judicial del caso Flores V. Meese que data de 1997 que establece que los ni\u00f1os deben ser entregados a familias adoptivas, parientes o en ambientes en los que sea posible el cuidado a los menores. La jueza mantuvo el fallo en calidad de tentativo para que las autoridades y los abogados de los inmigrantes puedan negociar una soluci\u00f3n. Por su parte ICE prometi\u00f3 mejorar las condiciones de estos centros por medio de una revisi\u00f3n de los casos de las personas que se encuentran detenidas en estos centros. &nbsp; Fuente: Univisi\u00f3n<\/p>","protected":false},"author":13,"featured_media":1230,"comment_status":"open","ping_status":"open","sticky":false,"template":"","format":"standard","meta":{"_uf_show_specific_survey":0,"_uf_disable_surveys":false,"footnotes":""},"categories":[10,1],"tags":[],"class_list":["post-12036","post","type-post","status-publish","format-standard","has-post-thumbnail","hentry","category-noticias","category-temas-de-interes"],"aioseo_notices":[],"yoast_head":"<!-- This site is optimized with the Yoast SEO plugin v27.5 - https:\/\/yoast.com\/product\/yoast-seo-wordpress\/ -->\n<title>Inmigrantes en centros de detenci\u00f3n enfrentan futuro incierto<\/title>\n<meta name=\"description\" content=\"A medida que van llegando los inmigrantes aumenta la inversi\u00f3n que hace el gobierno estadounidense en centros de detenci\u00f3n para ni\u00f1os y mujeres.\" \/>\n<meta name=\"robots\" content=\"index, follow, max-snippet:-1, max-image-preview:large, max-video-preview:-1\" \/>\n<link rel=\"canonical\" href=\"https:\/\/accesolatino.org\/en\/inmigrantes-en-centros-de-detencion-enfrentan-futuro-incierto\/temas-de-interes\/\" \/>\n<meta property=\"og:locale\" content=\"en_US\" \/>\n<meta property=\"og:type\" content=\"article\" \/>\n<meta property=\"og:title\" content=\"Inmigrantes en centros de detenci\u00f3n enfrentan futuro incierto\" \/>\n<meta property=\"og:description\" content=\"A medida que van llegando los inmigrantes aumenta la inversi\u00f3n que hace el gobierno estadounidense en centros de detenci\u00f3n para ni\u00f1os y mujeres.\" \/>\n<meta property=\"og:url\" content=\"https:\/\/accesolatino.org\/en\/inmigrantes-en-centros-de-detencion-enfrentan-futuro-incierto\/temas-de-interes\/\" \/>\n<meta property=\"og:site_name\" content=\"Acceso Latino\" \/>\n<meta property=\"article:publisher\" content=\"https:\/\/www.facebook.com\/AccesoLatinoOrg\" \/>\n<meta property=\"article:published_time\" content=\"2015-06-09T16:55:12+00:00\" \/>\n<meta property=\"article:modified_time\" content=\"2025-10-30T05:04:36+00:00\" \/>\n<meta name=\"author\" content=\"Noticias\" \/>\n<meta name=\"twitter:card\" content=\"summary_large_image\" \/>\n<meta name=\"twitter:creator\" content=\"@FAccLatino\" \/>\n<meta name=\"twitter:site\" content=\"@FAccLatino\" \/>\n<meta name=\"twitter:label1\" content=\"Written by\" \/>\n\t<meta name=\"twitter:data1\" content=\"Noticias\" \/>\n\t<meta name=\"twitter:label2\" content=\"Est. reading time\" \/>\n\t<meta name=\"twitter:data2\" content=\"2 minutes\" \/>\n<script type=\"application\/ld+json\" class=\"yoast-schema-graph\">{\"@context\":\"https:\\\/\\\/schema.org\",\"@graph\":[{\"@type\":\"Article\",\"@id\":\"https:\\\/\\\/accesolatino.org\\\/inmigrantes-en-centros-de-detencion-enfrentan-futuro-incierto\\\/temas-de-interes\\\/#article\",\"isPartOf\":{\"@id\":\"https:\\\/\\\/accesolatino.org\\\/inmigrantes-en-centros-de-detencion-enfrentan-futuro-incierto\\\/temas-de-interes\\\/\"},\"author\":{\"name\":\"Noticias\",\"@id\":\"https:\\\/\\\/accesolatino.org\\\/#\\\/schema\\\/person\\\/57bc3bfd2c357610a5255490ca4cd305\"},\"headline\":\"Inmigrantes en centros de detenci\u00f3n enfrentan futuro incierto\",\"datePublished\":\"2015-06-09T16:55:12+00:00\",\"dateModified\":\"2025-10-30T05:04:36+00:00\",\"mainEntityOfPage\":{\"@id\":\"https:\\\/\\\/accesolatino.org\\\/inmigrantes-en-centros-de-detencion-enfrentan-futuro-incierto\\\/temas-de-interes\\\/\"},\"wordCount\":279,\"commentCount\":0,\"publisher\":{\"@id\":\"https:\\\/\\\/accesolatino.org\\\/#organization\"},\"image\":{\"@id\":\"https:\\\/\\\/accesolatino.org\\\/inmigrantes-en-centros-de-detencion-enfrentan-futuro-incierto\\\/temas-de-interes\\\/#primaryimage\"},\"thumbnailUrl\":\"\",\"articleSection\":[\"Noticias\",\"Temas de inter\u00e9s\"],\"inLanguage\":\"en-US\",\"potentialAction\":[{\"@type\":\"CommentAction\",\"name\":\"Comment\",\"target\":[\"https:\\\/\\\/accesolatino.org\\\/inmigrantes-en-centros-de-detencion-enfrentan-futuro-incierto\\\/temas-de-interes\\\/#respond\"]}]},{\"@type\":\"WebPage\",\"@id\":\"https:\\\/\\\/accesolatino.org\\\/inmigrantes-en-centros-de-detencion-enfrentan-futuro-incierto\\\/temas-de-interes\\\/\",\"url\":\"https:\\\/\\\/accesolatino.org\\\/inmigrantes-en-centros-de-detencion-enfrentan-futuro-incierto\\\/temas-de-interes\\\/\",\"name\":\"Inmigrantes en centros de detenci\u00f3n enfrentan futuro incierto\",\"isPartOf\":{\"@id\":\"https:\\\/\\\/accesolatino.org\\\/#website\"},\"primaryImageOfPage\":{\"@id\":\"https:\\\/\\\/accesolatino.org\\\/inmigrantes-en-centros-de-detencion-enfrentan-futuro-incierto\\\/temas-de-interes\\\/#primaryimage\"},\"image\":{\"@id\":\"https:\\\/\\\/accesolatino.org\\\/inmigrantes-en-centros-de-detencion-enfrentan-futuro-incierto\\\/temas-de-interes\\\/#primaryimage\"},\"thumbnailUrl\":\"\",\"datePublished\":\"2015-06-09T16:55:12+00:00\",\"dateModified\":\"2025-10-30T05:04:36+00:00\",\"description\":\"A medida que van llegando los inmigrantes aumenta la inversi\u00f3n que hace el gobierno estadounidense en centros de detenci\u00f3n para ni\u00f1os y mujeres.\",\"breadcrumb\":{\"@id\":\"https:\\\/\\\/accesolatino.org\\\/inmigrantes-en-centros-de-detencion-enfrentan-futuro-incierto\\\/temas-de-interes\\\/#breadcrumb\"},\"inLanguage\":\"en-US\",\"potentialAction\":[{\"@type\":\"ReadAction\",\"target\":[\"https:\\\/\\\/accesolatino.org\\\/inmigrantes-en-centros-de-detencion-enfrentan-futuro-incierto\\\/temas-de-interes\\\/\"]}]},{\"@type\":\"ImageObject\",\"inLanguage\":\"en-US\",\"@id\":\"https:\\\/\\\/accesolatino.org\\\/inmigrantes-en-centros-de-detencion-enfrentan-futuro-incierto\\\/temas-de-interes\\\/#primaryimage\",\"url\":\"\",\"contentUrl\":\"\"},{\"@type\":\"BreadcrumbList\",\"@id\":\"https:\\\/\\\/accesolatino.org\\\/inmigrantes-en-centros-de-detencion-enfrentan-futuro-incierto\\\/temas-de-interes\\\/#breadcrumb\",\"itemListElement\":[{\"@type\":\"ListItem\",\"position\":1,\"name\":\"Portada\",\"item\":\"https:\\\/\\\/accesolatino.org\\\/\"},{\"@type\":\"ListItem\",\"position\":2,\"name\":\"Noticias\",\"item\":\"https:\\\/\\\/accesolatino.org\\\/category\\\/noticias\\\/\"},{\"@type\":\"ListItem\",\"position\":3,\"name\":\"Inmigrantes en centros de detenci\u00f3n enfrentan futuro incierto\"}]},{\"@type\":\"WebSite\",\"@id\":\"https:\\\/\\\/accesolatino.org\\\/#website\",\"url\":\"https:\\\/\\\/accesolatino.org\\\/\",\"name\":\"Acceso Latino | Fundaci\u00f3n Carlos Slim\",\"description\":\"Fundaci\u00f3n Carlos Slim\",\"publisher\":{\"@id\":\"https:\\\/\\\/accesolatino.org\\\/#organization\"},\"potentialAction\":[{\"@type\":\"SearchAction\",\"target\":{\"@type\":\"EntryPoint\",\"urlTemplate\":\"https:\\\/\\\/accesolatino.org\\\/?s={search_term_string}\"},\"query-input\":{\"@type\":\"PropertyValueSpecification\",\"valueRequired\":true,\"valueName\":\"search_term_string\"}}],\"inLanguage\":\"en-US\"},{\"@type\":\"Organization\",\"@id\":\"https:\\\/\\\/accesolatino.org\\\/#organization\",\"name\":\"Acceso Latino | Fundaci\u00f3n Carlos Slim\",\"url\":\"https:\\\/\\\/accesolatino.org\\\/\",\"logo\":{\"@type\":\"ImageObject\",\"inLanguage\":\"en-US\",\"@id\":\"https:\\\/\\\/accesolatino.org\\\/#\\\/schema\\\/logo\\\/image\\\/\",\"url\":\"https:\\\/\\\/accesolatino.org\\\/wp-content\\\/uploads\\\/2021\\\/02\\\/logo-footer-acceso-latino.png\",\"contentUrl\":\"https:\\\/\\\/accesolatino.org\\\/wp-content\\\/uploads\\\/2021\\\/02\\\/logo-footer-acceso-latino.png\",\"width\":240,\"height\":40,\"caption\":\"Acceso Latino | Fundaci\u00f3n Carlos Slim\"},\"image\":{\"@id\":\"https:\\\/\\\/accesolatino.org\\\/#\\\/schema\\\/logo\\\/image\\\/\"},\"sameAs\":[\"https:\\\/\\\/www.facebook.com\\\/AccesoLatinoOrg\",\"https:\\\/\\\/x.com\\\/FAccLatino\"]},{\"@type\":\"Person\",\"@id\":\"https:\\\/\\\/accesolatino.org\\\/#\\\/schema\\\/person\\\/57bc3bfd2c357610a5255490ca4cd305\",\"name\":\"Noticias\"}]}<\/script>\n<!-- \/ Yoast SEO plugin. -->","yoast_head_json":{"title":"Inmigrantes en centros de detenci\u00f3n enfrentan futuro incierto","description":"A medida que van llegando los inmigrantes aumenta la inversi\u00f3n que hace el gobierno estadounidense en centros de detenci\u00f3n para ni\u00f1os y mujeres.","robots":{"index":"index","follow":"follow","max-snippet":"max-snippet:-1","max-image-preview":"max-image-preview:large","max-video-preview":"max-video-preview:-1"},"canonical":"https:\/\/accesolatino.org\/en\/inmigrantes-en-centros-de-detencion-enfrentan-futuro-incierto\/temas-de-interes\/","og_locale":"en_US","og_type":"article","og_title":"Inmigrantes en centros de detenci\u00f3n enfrentan futuro incierto","og_description":"A medida que van llegando los inmigrantes aumenta la inversi\u00f3n que hace el gobierno estadounidense en centros de detenci\u00f3n para ni\u00f1os y mujeres.","og_url":"https:\/\/accesolatino.org\/en\/inmigrantes-en-centros-de-detencion-enfrentan-futuro-incierto\/temas-de-interes\/","og_site_name":"Acceso Latino","article_publisher":"https:\/\/www.facebook.com\/AccesoLatinoOrg","article_published_time":"2015-06-09T16:55:12+00:00","article_modified_time":"2025-10-30T05:04:36+00:00","author":"Noticias","twitter_card":"summary_large_image","twitter_creator":"@FAccLatino","twitter_site":"@FAccLatino","twitter_misc":{"Written by":"Noticias","Est. reading time":"2 minutes"},"schema":{"@context":"https:\/\/schema.org","@graph":[{"@type":"Article","@id":"https:\/\/accesolatino.org\/inmigrantes-en-centros-de-detencion-enfrentan-futuro-incierto\/temas-de-interes\/#article","isPartOf":{"@id":"https:\/\/accesolatino.org\/inmigrantes-en-centros-de-detencion-enfrentan-futuro-incierto\/temas-de-interes\/"},"author":{"name":"Noticias","@id":"https:\/\/accesolatino.org\/#\/schema\/person\/57bc3bfd2c357610a5255490ca4cd305"},"headline":"Inmigrantes en centros de detenci\u00f3n enfrentan futuro incierto","datePublished":"2015-06-09T16:55:12+00:00","dateModified":"2025-10-30T05:04:36+00:00","mainEntityOfPage":{"@id":"https:\/\/accesolatino.org\/inmigrantes-en-centros-de-detencion-enfrentan-futuro-incierto\/temas-de-interes\/"},"wordCount":279,"commentCount":0,"publisher":{"@id":"https:\/\/accesolatino.org\/#organization"},"image":{"@id":"https:\/\/accesolatino.org\/inmigrantes-en-centros-de-detencion-enfrentan-futuro-incierto\/temas-de-interes\/#primaryimage"},"thumbnailUrl":"","articleSection":["Noticias","Temas de inter\u00e9s"],"inLanguage":"en-US","potentialAction":[{"@type":"CommentAction","name":"Comment","target":["https:\/\/accesolatino.org\/inmigrantes-en-centros-de-detencion-enfrentan-futuro-incierto\/temas-de-interes\/#respond"]}]},{"@type":"WebPage","@id":"https:\/\/accesolatino.org\/inmigrantes-en-centros-de-detencion-enfrentan-futuro-incierto\/temas-de-interes\/","url":"https:\/\/accesolatino.org\/inmigrantes-en-centros-de-detencion-enfrentan-futuro-incierto\/temas-de-interes\/","name":"Inmigrantes en centros de detenci\u00f3n enfrentan futuro incierto","isPartOf":{"@id":"https:\/\/accesolatino.org\/#website"},"primaryImageOfPage":{"@id":"https:\/\/accesolatino.org\/inmigrantes-en-centros-de-detencion-enfrentan-futuro-incierto\/temas-de-interes\/#primaryimage"},"image":{"@id":"https:\/\/accesolatino.org\/inmigrantes-en-centros-de-detencion-enfrentan-futuro-incierto\/temas-de-interes\/#primaryimage"},"thumbnailUrl":"","datePublished":"2015-06-09T16:55:12+00:00","dateModified":"2025-10-30T05:04:36+00:00","description":"A medida que van llegando los inmigrantes aumenta la inversi\u00f3n que hace el gobierno estadounidense en centros de detenci\u00f3n para ni\u00f1os y mujeres.","breadcrumb":{"@id":"https:\/\/accesolatino.org\/inmigrantes-en-centros-de-detencion-enfrentan-futuro-incierto\/temas-de-interes\/#breadcrumb"},"inLanguage":"en-US","potentialAction":[{"@type":"ReadAction","target":["https:\/\/accesolatino.org\/inmigrantes-en-centros-de-detencion-enfrentan-futuro-incierto\/temas-de-interes\/"]}]},{"@type":"ImageObject","inLanguage":"en-US","@id":"https:\/\/accesolatino.org\/inmigrantes-en-centros-de-detencion-enfrentan-futuro-incierto\/temas-de-interes\/#primaryimage","url":"","contentUrl":""},{"@type":"BreadcrumbList","@id":"https:\/\/accesolatino.org\/inmigrantes-en-centros-de-detencion-enfrentan-futuro-incierto\/temas-de-interes\/#breadcrumb","itemListElement":[{"@type":"ListItem","position":1,"name":"Portada","item":"https:\/\/accesolatino.org\/"},{"@type":"ListItem","position":2,"name":"Noticias","item":"https:\/\/accesolatino.org\/category\/noticias\/"},{"@type":"ListItem","position":3,"name":"Inmigrantes en centros de detenci\u00f3n enfrentan futuro incierto"}]},{"@type":"WebSite","@id":"https:\/\/accesolatino.org\/#website","url":"https:\/\/accesolatino.org\/","name":"Acceso Latino | Fundaci\u00f3n Carlos Slim","description":"Fundaci\u00f3n Carlos Slim","publisher":{"@id":"https:\/\/accesolatino.org\/#organization"},"potentialAction":[{"@type":"SearchAction","target":{"@type":"EntryPoint","urlTemplate":"https:\/\/accesolatino.org\/?s={search_term_string}"},"query-input":{"@type":"PropertyValueSpecification","valueRequired":true,"valueName":"search_term_string"}}],"inLanguage":"en-US"},{"@type":"Organization","@id":"https:\/\/accesolatino.org\/#organization","name":"Acceso Latino | Fundaci\u00f3n Carlos Slim","url":"https:\/\/accesolatino.org\/","logo":{"@type":"ImageObject","inLanguage":"en-US","@id":"https:\/\/accesolatino.org\/#\/schema\/logo\/image\/","url":"https:\/\/accesolatino.org\/wp-content\/uploads\/2021\/02\/logo-footer-acceso-latino.png","contentUrl":"https:\/\/accesolatino.org\/wp-content\/uploads\/2021\/02\/logo-footer-acceso-latino.png","width":240,"height":40,"caption":"Acceso Latino | Fundaci\u00f3n Carlos Slim"},"image":{"@id":"https:\/\/accesolatino.org\/#\/schema\/logo\/image\/"},"sameAs":["https:\/\/www.facebook.com\/AccesoLatinoOrg","https:\/\/x.com\/FAccLatino"]},{"@type":"Person","@id":"https:\/\/accesolatino.org\/#\/schema\/person\/57bc3bfd2c357610a5255490ca4cd305","name":"News"}]}},"_links":{"self":[{"href":"https:\/\/accesolatino.org\/en\/wp-json\/wp\/v2\/posts\/12036","targetHints":{"allow":["GET"]}}],"collection":[{"href":"https:\/\/accesolatino.org\/en\/wp-json\/wp\/v2\/posts"}],"about":[{"href":"https:\/\/accesolatino.org\/en\/wp-json\/wp\/v2\/types\/post"}],"author":[{"embeddable":true,"href":"https:\/\/accesolatino.org\/en\/wp-json\/wp\/v2\/users\/13"}],"replies":[{"embeddable":true,"href":"https:\/\/accesolatino.org\/en\/wp-json\/wp\/v2\/comments?post=12036"}],"version-history":[{"count":1,"href":"https:\/\/accesolatino.org\/en\/wp-json\/wp\/v2\/posts\/12036\/revisions"}],"predecessor-version":[{"id":68267,"href":"https:\/\/accesolatino.org\/en\/wp-json\/wp\/v2\/posts\/12036\/revisions\/68267"}],"wp:featuredmedia":[{"embeddable":true,"href":"https:\/\/accesolatino.org\/en\/wp-json\/"}],"wp:attachment":[{"href":"https:\/\/accesolatino.org\/en\/wp-json\/wp\/v2\/media?parent=12036"}],"wp:term":[{"taxonomy":"category","embeddable":true,"href":"https:\/\/accesolatino.org\/en\/wp-json\/wp\/v2\/categories?post=12036"},{"taxonomy":"post_tag","embeddable":true,"href":"https:\/\/accesolatino.org\/en\/wp-json\/wp\/v2\/tags?post=12036"}],"curies":[{"name":"wp","href":"https:\/\/api.w.org\/{rel}","templated":true}]}}