{"id":12035,"date":"2015-06-08T11:55:25","date_gmt":"2015-06-08T16:55:25","guid":{"rendered":"https:\/\/accesolatino.org\/?p=1225"},"modified":"2025-10-29T23:04:23","modified_gmt":"2025-10-30T05:04:23","slug":"casi-2-millones-de-hispanos-en-el-desempleo-en-eu","status":"publish","type":"post","link":"https:\/\/accesolatino.org\/en\/casi-2-millones-de-hispanos-en-el-desempleo-en-eu\/noticias\/","title":{"rendered":"Casi 2 millones de hispanos en el desempleo en EU"},"content":{"rendered":"<p>Durante el mes de mayo un 6.7 por ciento de los hispanos en Estados Unidos se encontraban en el desempleo, esto representa una ligera reducci\u00f3n con respecto a los n\u00fameros de abril (6.9 por ciento).<\/p>\n<p>La Oficina de Estad\u00edsticas Laborales revel\u00f3 que un total de <strong>un mill\u00f3n 764 mil hispanos est\u00e1n en b\u00fasqueda de trabajo.<\/strong><\/p>\n<p>Los datos revelan tambi\u00e9n que el desempleo entre los hispanos sigue por encima de la media nacional que se situ\u00f3 durante mayo en 5.5 por ciento, lo que representa una d\u00e9cima m\u00e1s con respecto al mes de abril.<\/p>\n<p>La Oficina de Estad\u00edsticas Laborales explic\u00f3 que existe m\u00e1s desempleo en los Estados Unidos porque hay cada vez m\u00e1s personas en el mercado laboral. La Oficina revel\u00f3 que <strong>a pesar de ligero avance en el desempleo en general fueron creados 280 mil nuevos trabajos durante mayo, lo que representa la mejor cifra mensual desde la \u00faltima parte del a\u00f1o pasado.<\/strong><\/p>\n<p>Los sectores que vieron crecer sus fuentes de empleo son los sectores de salud, hospedaje y la industria del entretenimiento, mientras que la miner\u00eda fue una de las actividades econ\u00f3micas que m\u00e1s vio retroceder su n\u00famero de empleados.<\/p>\n<p>Los hispanos siguen abri\u00e9ndose camino en los Estados Unidos a pesar de las dificultades que muchas veces tienen que sortear como la falta de papeles y de un estatus legal migratorio, la barrera del idioma y otros factores que dificultan la incursi\u00f3n de los hispanos en el mundo laboral de los Estados Unidos.<\/p>\n<p>&nbsp;<\/p>\n<p><strong>Fuente:<\/strong> <em>Univisi\u00f3n<\/em><\/p>","protected":false},"excerpt":{"rendered":"<p>Durante el mes de mayo un 6.7 por ciento de los hispanos en Estados Unidos se encontraban en el desempleo, esto representa una ligera reducci\u00f3n con respecto a los n\u00fameros de abril (6.9 por ciento). La Oficina de Estad\u00edsticas Laborales revel\u00f3 que un total de un mill\u00f3n 764 mil hispanos est\u00e1n en b\u00fasqueda de trabajo. Los datos revelan tambi\u00e9n que el desempleo entre los hispanos sigue por encima de la media nacional que se situ\u00f3 durante mayo en 5.5 por ciento, lo que representa una d\u00e9cima m\u00e1s con respecto al mes de abril. La Oficina de Estad\u00edsticas Laborales explic\u00f3 que existe m\u00e1s desempleo en los Estados Unidos porque hay cada vez m\u00e1s personas en el mercado laboral. La Oficina revel\u00f3 que a pesar de ligero avance en el desempleo en general fueron creados 280 mil nuevos trabajos durante mayo, lo que representa la mejor cifra mensual desde la \u00faltima parte del a\u00f1o pasado. Los sectores que vieron crecer sus fuentes de empleo son los sectores de salud, hospedaje y la industria del entretenimiento, mientras que la miner\u00eda fue una de las actividades econ\u00f3micas que m\u00e1s vio retroceder su n\u00famero de empleados. Los hispanos siguen abri\u00e9ndose camino en los Estados Unidos a pesar de las dificultades que muchas veces tienen que sortear como la falta de papeles y de un estatus legal migratorio, la barrera del idioma y otros factores que dificultan la incursi\u00f3n de los hispanos en el mundo laboral de los Estados Unidos. &nbsp; Fuente: Univisi\u00f3n<\/p>","protected":false},"author":13,"featured_media":0,"comment_status":"open","ping_status":"open","sticky":false,"template":"","format":"standard","meta":{"_uf_show_specific_survey":0,"_uf_disable_surveys":false,"footnotes":""},"categories":[14,10],"tags":[],"class_list":["post-12035","post","type-post","status-publish","format-standard","hentry","category-empleo","category-noticias"],"aioseo_notices":[],"yoast_head":"<!-- This site is optimized with the Yoast SEO plugin v27.4 - https:\/\/yoast.com\/product\/yoast-seo-wordpress\/ -->\n<title>Casi 2 millones de hispanos en el desempleo en EU<\/title>\n<meta name=\"description\" content=\"La Oficina de Estad\u00edsticas Laborales revel\u00f3 que un total de un mill\u00f3n 764 mil hispanos est\u00e1n en b\u00fasqueda de trabajo.\" \/>\n<meta name=\"robots\" content=\"index, follow, max-snippet:-1, max-image-preview:large, max-video-preview:-1\" \/>\n<link rel=\"canonical\" href=\"https:\/\/accesolatino.org\/en\/casi-2-millones-de-hispanos-en-el-desempleo-en-eu\/noticias\/\" \/>\n<meta property=\"og:locale\" content=\"en_US\" \/>\n<meta property=\"og:type\" content=\"article\" \/>\n<meta property=\"og:title\" content=\"Casi 2 millones de hispanos en el desempleo en EU\" \/>\n<meta property=\"og:description\" content=\"La Oficina de Estad\u00edsticas Laborales revel\u00f3 que un total de un mill\u00f3n 764 mil hispanos est\u00e1n en b\u00fasqueda de trabajo.\" \/>\n<meta property=\"og:url\" content=\"https:\/\/accesolatino.org\/en\/casi-2-millones-de-hispanos-en-el-desempleo-en-eu\/noticias\/\" \/>\n<meta property=\"og:site_name\" content=\"Acceso Latino\" \/>\n<meta property=\"article:publisher\" content=\"https:\/\/www.facebook.com\/AccesoLatinoOrg\" \/>\n<meta property=\"article:published_time\" content=\"2015-06-08T16:55:25+00:00\" \/>\n<meta property=\"article:modified_time\" content=\"2025-10-30T05:04:23+00:00\" \/>\n<meta name=\"author\" content=\"Noticias\" \/>\n<meta name=\"twitter:card\" content=\"summary_large_image\" \/>\n<meta name=\"twitter:creator\" content=\"@FAccLatino\" \/>\n<meta name=\"twitter:site\" content=\"@FAccLatino\" \/>\n<meta name=\"twitter:label1\" content=\"Written by\" \/>\n\t<meta name=\"twitter:data1\" content=\"Noticias\" \/>\n\t<meta name=\"twitter:label2\" content=\"Est. reading time\" \/>\n\t<meta name=\"twitter:data2\" content=\"2 minutes\" \/>\n<script type=\"application\/ld+json\" class=\"yoast-schema-graph\">{\"@context\":\"https:\\\/\\\/schema.org\",\"@graph\":[{\"@type\":\"Article\",\"@id\":\"https:\\\/\\\/accesolatino.org\\\/casi-2-millones-de-hispanos-en-el-desempleo-en-eu\\\/noticias\\\/#article\",\"isPartOf\":{\"@id\":\"https:\\\/\\\/accesolatino.org\\\/casi-2-millones-de-hispanos-en-el-desempleo-en-eu\\\/noticias\\\/\"},\"author\":{\"name\":\"Noticias\",\"@id\":\"https:\\\/\\\/accesolatino.org\\\/#\\\/schema\\\/person\\\/6b654926a4e7e4709c9ad12459661666\"},\"headline\":\"Casi 2 millones de hispanos en el desempleo en EU\",\"datePublished\":\"2015-06-08T16:55:25+00:00\",\"dateModified\":\"2025-10-30T05:04:23+00:00\",\"mainEntityOfPage\":{\"@id\":\"https:\\\/\\\/accesolatino.org\\\/casi-2-millones-de-hispanos-en-el-desempleo-en-eu\\\/noticias\\\/\"},\"wordCount\":271,\"commentCount\":0,\"publisher\":{\"@id\":\"https:\\\/\\\/accesolatino.org\\\/#organization\"},\"articleSection\":[\"Empleo\",\"Noticias\"],\"inLanguage\":\"en-US\",\"potentialAction\":[{\"@type\":\"CommentAction\",\"name\":\"Comment\",\"target\":[\"https:\\\/\\\/accesolatino.org\\\/casi-2-millones-de-hispanos-en-el-desempleo-en-eu\\\/noticias\\\/#respond\"]}]},{\"@type\":\"WebPage\",\"@id\":\"https:\\\/\\\/accesolatino.org\\\/casi-2-millones-de-hispanos-en-el-desempleo-en-eu\\\/noticias\\\/\",\"url\":\"https:\\\/\\\/accesolatino.org\\\/casi-2-millones-de-hispanos-en-el-desempleo-en-eu\\\/noticias\\\/\",\"name\":\"Casi 2 millones de hispanos en el desempleo en EU\",\"isPartOf\":{\"@id\":\"https:\\\/\\\/accesolatino.org\\\/#website\"},\"datePublished\":\"2015-06-08T16:55:25+00:00\",\"dateModified\":\"2025-10-30T05:04:23+00:00\",\"description\":\"La Oficina de Estad\u00edsticas Laborales revel\u00f3 que un total de un mill\u00f3n 764 mil hispanos est\u00e1n en b\u00fasqueda de trabajo.\",\"breadcrumb\":{\"@id\":\"https:\\\/\\\/accesolatino.org\\\/casi-2-millones-de-hispanos-en-el-desempleo-en-eu\\\/noticias\\\/#breadcrumb\"},\"inLanguage\":\"en-US\",\"potentialAction\":[{\"@type\":\"ReadAction\",\"target\":[\"https:\\\/\\\/accesolatino.org\\\/casi-2-millones-de-hispanos-en-el-desempleo-en-eu\\\/noticias\\\/\"]}]},{\"@type\":\"BreadcrumbList\",\"@id\":\"https:\\\/\\\/accesolatino.org\\\/casi-2-millones-de-hispanos-en-el-desempleo-en-eu\\\/noticias\\\/#breadcrumb\",\"itemListElement\":[{\"@type\":\"ListItem\",\"position\":1,\"name\":\"Portada\",\"item\":\"https:\\\/\\\/accesolatino.org\\\/\"},{\"@type\":\"ListItem\",\"position\":2,\"name\":\"Empleo\",\"item\":\"https:\\\/\\\/accesolatino.org\\\/en\\\/category\\\/empleo\\\/\"},{\"@type\":\"ListItem\",\"position\":3,\"name\":\"Casi 2 millones de hispanos en el desempleo en EU\"}]},{\"@type\":\"WebSite\",\"@id\":\"https:\\\/\\\/accesolatino.org\\\/#website\",\"url\":\"https:\\\/\\\/accesolatino.org\\\/\",\"name\":\"Acceso Latino | Fundaci\u00f3n Carlos Slim\",\"description\":\"Fundaci\u00f3n Carlos Slim\",\"publisher\":{\"@id\":\"https:\\\/\\\/accesolatino.org\\\/#organization\"},\"potentialAction\":[{\"@type\":\"SearchAction\",\"target\":{\"@type\":\"EntryPoint\",\"urlTemplate\":\"https:\\\/\\\/accesolatino.org\\\/?s={search_term_string}\"},\"query-input\":{\"@type\":\"PropertyValueSpecification\",\"valueRequired\":true,\"valueName\":\"search_term_string\"}}],\"inLanguage\":\"en-US\"},{\"@type\":\"Organization\",\"@id\":\"https:\\\/\\\/accesolatino.org\\\/#organization\",\"name\":\"Acceso Latino | Fundaci\u00f3n Carlos Slim\",\"url\":\"https:\\\/\\\/accesolatino.org\\\/\",\"logo\":{\"@type\":\"ImageObject\",\"inLanguage\":\"en-US\",\"@id\":\"https:\\\/\\\/accesolatino.org\\\/#\\\/schema\\\/logo\\\/image\\\/\",\"url\":\"https:\\\/\\\/accesolatino.org\\\/wp-content\\\/uploads\\\/2021\\\/02\\\/logo-footer-acceso-latino.png\",\"contentUrl\":\"https:\\\/\\\/accesolatino.org\\\/wp-content\\\/uploads\\\/2021\\\/02\\\/logo-footer-acceso-latino.png\",\"width\":240,\"height\":40,\"caption\":\"Acceso Latino | Fundaci\u00f3n Carlos Slim\"},\"image\":{\"@id\":\"https:\\\/\\\/accesolatino.org\\\/#\\\/schema\\\/logo\\\/image\\\/\"},\"sameAs\":[\"https:\\\/\\\/www.facebook.com\\\/AccesoLatinoOrg\",\"https:\\\/\\\/x.com\\\/FAccLatino\"]},{\"@type\":\"Person\",\"@id\":\"https:\\\/\\\/accesolatino.org\\\/#\\\/schema\\\/person\\\/6b654926a4e7e4709c9ad12459661666\",\"name\":\"Noticias\"}]}<\/script>\n<!-- \/ Yoast SEO plugin. -->","yoast_head_json":{"title":"Casi 2 millones de hispanos en el desempleo en EU","description":"La Oficina de Estad\u00edsticas Laborales revel\u00f3 que un total de un mill\u00f3n 764 mil hispanos est\u00e1n en b\u00fasqueda de trabajo.","robots":{"index":"index","follow":"follow","max-snippet":"max-snippet:-1","max-image-preview":"max-image-preview:large","max-video-preview":"max-video-preview:-1"},"canonical":"https:\/\/accesolatino.org\/en\/casi-2-millones-de-hispanos-en-el-desempleo-en-eu\/noticias\/","og_locale":"en_US","og_type":"article","og_title":"Casi 2 millones de hispanos en el desempleo en EU","og_description":"La Oficina de Estad\u00edsticas Laborales revel\u00f3 que un total de un mill\u00f3n 764 mil hispanos est\u00e1n en b\u00fasqueda de trabajo.","og_url":"https:\/\/accesolatino.org\/en\/casi-2-millones-de-hispanos-en-el-desempleo-en-eu\/noticias\/","og_site_name":"Acceso Latino","article_publisher":"https:\/\/www.facebook.com\/AccesoLatinoOrg","article_published_time":"2015-06-08T16:55:25+00:00","article_modified_time":"2025-10-30T05:04:23+00:00","author":"Noticias","twitter_card":"summary_large_image","twitter_creator":"@FAccLatino","twitter_site":"@FAccLatino","twitter_misc":{"Written by":"Noticias","Est. reading time":"2 minutes"},"schema":{"@context":"https:\/\/schema.org","@graph":[{"@type":"Article","@id":"https:\/\/accesolatino.org\/casi-2-millones-de-hispanos-en-el-desempleo-en-eu\/noticias\/#article","isPartOf":{"@id":"https:\/\/accesolatino.org\/casi-2-millones-de-hispanos-en-el-desempleo-en-eu\/noticias\/"},"author":{"name":"Noticias","@id":"https:\/\/accesolatino.org\/#\/schema\/person\/6b654926a4e7e4709c9ad12459661666"},"headline":"Casi 2 millones de hispanos en el desempleo en EU","datePublished":"2015-06-08T16:55:25+00:00","dateModified":"2025-10-30T05:04:23+00:00","mainEntityOfPage":{"@id":"https:\/\/accesolatino.org\/casi-2-millones-de-hispanos-en-el-desempleo-en-eu\/noticias\/"},"wordCount":271,"commentCount":0,"publisher":{"@id":"https:\/\/accesolatino.org\/#organization"},"articleSection":["Empleo","Noticias"],"inLanguage":"en-US","potentialAction":[{"@type":"CommentAction","name":"Comment","target":["https:\/\/accesolatino.org\/casi-2-millones-de-hispanos-en-el-desempleo-en-eu\/noticias\/#respond"]}]},{"@type":"WebPage","@id":"https:\/\/accesolatino.org\/casi-2-millones-de-hispanos-en-el-desempleo-en-eu\/noticias\/","url":"https:\/\/accesolatino.org\/casi-2-millones-de-hispanos-en-el-desempleo-en-eu\/noticias\/","name":"Casi 2 millones de hispanos en el desempleo en EU","isPartOf":{"@id":"https:\/\/accesolatino.org\/#website"},"datePublished":"2015-06-08T16:55:25+00:00","dateModified":"2025-10-30T05:04:23+00:00","description":"La Oficina de Estad\u00edsticas Laborales revel\u00f3 que un total de un mill\u00f3n 764 mil hispanos est\u00e1n en b\u00fasqueda de trabajo.","breadcrumb":{"@id":"https:\/\/accesolatino.org\/casi-2-millones-de-hispanos-en-el-desempleo-en-eu\/noticias\/#breadcrumb"},"inLanguage":"en-US","potentialAction":[{"@type":"ReadAction","target":["https:\/\/accesolatino.org\/casi-2-millones-de-hispanos-en-el-desempleo-en-eu\/noticias\/"]}]},{"@type":"BreadcrumbList","@id":"https:\/\/accesolatino.org\/casi-2-millones-de-hispanos-en-el-desempleo-en-eu\/noticias\/#breadcrumb","itemListElement":[{"@type":"ListItem","position":1,"name":"Portada","item":"https:\/\/accesolatino.org\/"},{"@type":"ListItem","position":2,"name":"Empleo","item":"https:\/\/accesolatino.org\/en\/category\/empleo\/"},{"@type":"ListItem","position":3,"name":"Casi 2 millones de hispanos en el desempleo en EU"}]},{"@type":"WebSite","@id":"https:\/\/accesolatino.org\/#website","url":"https:\/\/accesolatino.org\/","name":"Acceso Latino | Fundaci\u00f3n Carlos Slim","description":"Fundaci\u00f3n Carlos Slim","publisher":{"@id":"https:\/\/accesolatino.org\/#organization"},"potentialAction":[{"@type":"SearchAction","target":{"@type":"EntryPoint","urlTemplate":"https:\/\/accesolatino.org\/?s={search_term_string}"},"query-input":{"@type":"PropertyValueSpecification","valueRequired":true,"valueName":"search_term_string"}}],"inLanguage":"en-US"},{"@type":"Organization","@id":"https:\/\/accesolatino.org\/#organization","name":"Acceso Latino | Fundaci\u00f3n Carlos Slim","url":"https:\/\/accesolatino.org\/","logo":{"@type":"ImageObject","inLanguage":"en-US","@id":"https:\/\/accesolatino.org\/#\/schema\/logo\/image\/","url":"https:\/\/accesolatino.org\/wp-content\/uploads\/2021\/02\/logo-footer-acceso-latino.png","contentUrl":"https:\/\/accesolatino.org\/wp-content\/uploads\/2021\/02\/logo-footer-acceso-latino.png","width":240,"height":40,"caption":"Acceso Latino | Fundaci\u00f3n Carlos Slim"},"image":{"@id":"https:\/\/accesolatino.org\/#\/schema\/logo\/image\/"},"sameAs":["https:\/\/www.facebook.com\/AccesoLatinoOrg","https:\/\/x.com\/FAccLatino"]},{"@type":"Person","@id":"https:\/\/accesolatino.org\/#\/schema\/person\/6b654926a4e7e4709c9ad12459661666","name":"News"}]}},"_links":{"self":[{"href":"https:\/\/accesolatino.org\/en\/wp-json\/wp\/v2\/posts\/12035","targetHints":{"allow":["GET"]}}],"collection":[{"href":"https:\/\/accesolatino.org\/en\/wp-json\/wp\/v2\/posts"}],"about":[{"href":"https:\/\/accesolatino.org\/en\/wp-json\/wp\/v2\/types\/post"}],"author":[{"embeddable":true,"href":"https:\/\/accesolatino.org\/en\/wp-json\/wp\/v2\/users\/13"}],"replies":[{"embeddable":true,"href":"https:\/\/accesolatino.org\/en\/wp-json\/wp\/v2\/comments?post=12035"}],"version-history":[{"count":1,"href":"https:\/\/accesolatino.org\/en\/wp-json\/wp\/v2\/posts\/12035\/revisions"}],"predecessor-version":[{"id":68265,"href":"https:\/\/accesolatino.org\/en\/wp-json\/wp\/v2\/posts\/12035\/revisions\/68265"}],"wp:attachment":[{"href":"https:\/\/accesolatino.org\/en\/wp-json\/wp\/v2\/media?parent=12035"}],"wp:term":[{"taxonomy":"category","embeddable":true,"href":"https:\/\/accesolatino.org\/en\/wp-json\/wp\/v2\/categories?post=12035"},{"taxonomy":"post_tag","embeddable":true,"href":"https:\/\/accesolatino.org\/en\/wp-json\/wp\/v2\/tags?post=12035"}],"curies":[{"name":"wp","href":"https:\/\/api.w.org\/{rel}","templated":true}]}}