{"id":12034,"date":"2015-06-07T11:55:55","date_gmt":"2015-06-07T16:55:55","guid":{"rendered":"https:\/\/accesolatino.org\/?p=1216"},"modified":"2025-10-29T23:03:56","modified_gmt":"2025-10-30T05:03:56","slug":"los-latinos-se-enfrentan-con-desventajas-en-el-comercio","status":"publish","type":"post","link":"https:\/\/accesolatino.org\/en\/los-latinos-se-enfrentan-con-desventajas-en-el-comercio\/temas-de-interes\/","title":{"rendered":"Los latinos enfrentan desventajas en el comercio"},"content":{"rendered":"<p>El sector del comercio al por menor crea uno de cada 10 empleos en los Estados Unidos, sin embargo <strong>los latinos y afroamericanos que trabajan en este sector de la econom\u00eda se enfrentan con bajos salarios.<\/strong><\/p>\n<p>Seg\u00fan una investigaci\u00f3n de la Asociaci\u00f3n Nacional para el Avance de las Personas de Color (NAACP, por sus siglas en ingl\u00e9s) y el instituto de investigaci\u00f3n Demos, el 13 por ciento de los latinos que trabajan en el comercio al por menor viven por debajo del umbral de la pobreza, en comparaci\u00f3n con el 13 por ciento de afroamericanos y el 9 por ciento de los cauc\u00e1sicos.<\/p>\n<p>La investigaci\u00f3n encontr\u00f3 que la raz\u00f3n para que esta disparidad de salarios suceda es que generalmente los latinos y afroamericanos trabajan en puestos de trabajo peor remunerados, como cajeros o empacadores, en comparaci\u00f3n con las personas de origen cauc\u00e1sico que generalmente ocupan niveles de gerencia, adem\u00e1s de que los latinos y los afroamericanos generalmente son contratados bajo esquemas de medio tiempo en este sector.<\/p>\n<p>Seg\u00fan el estudio latinos y afroamericanos cobran el 75 por ciento del salario de sus pares cauc\u00e1sicos.<\/p>\n<p><strong>Este fen\u00f3meno elimina unos 7 mil 500 d\u00f3lares de ingresos al a\u00f1o tanto de latinos como de afroamericanos.<\/strong><\/p>\n<p>Esta problem\u00e1tica es muy importante debido a las malas condiciones de vida en la que viven algunos latinos que trabajan en este sector de la econom\u00eda.<\/p>\n<p><strong>Fuente:<\/strong> <em>La Opini\u00f3n<\/em>    \t<\/p>","protected":false},"excerpt":{"rendered":"<p>El sector del comercio al por menor crea uno de cada 10 empleos en los Estados Unidos, sin embargo los latinos y afroamericanos que trabajan en este sector de la econom\u00eda se enfrentan con bajos salarios. Seg\u00fan una investigaci\u00f3n de la Asociaci\u00f3n Nacional para el Avance de las Personas de Color (NAACP, por sus siglas en ingl\u00e9s) y el instituto de investigaci\u00f3n Demos, el 13 por ciento de los latinos que trabajan en el comercio al por menor viven por debajo del umbral de la pobreza, en comparaci\u00f3n con el 13 por ciento de afroamericanos y el 9 por ciento de los cauc\u00e1sicos. La investigaci\u00f3n encontr\u00f3 que la raz\u00f3n para que esta disparidad de salarios suceda es que generalmente los latinos y afroamericanos trabajan en puestos de trabajo peor remunerados, como cajeros o empacadores, en comparaci\u00f3n con las personas de origen cauc\u00e1sico que generalmente ocupan niveles de gerencia, adem\u00e1s de que los latinos y los afroamericanos generalmente son contratados bajo esquemas de medio tiempo en este sector. Seg\u00fan el estudio latinos y afroamericanos cobran el 75 por ciento del salario de sus pares cauc\u00e1sicos. Este fen\u00f3meno elimina unos 7 mil 500 d\u00f3lares de ingresos al a\u00f1o tanto de latinos como de afroamericanos. Esta problem\u00e1tica es muy importante debido a las malas condiciones de vida en la que viven algunos latinos que trabajan en este sector de la econom\u00eda. Fuente: La Opini\u00f3n<\/p>","protected":false},"author":13,"featured_media":1217,"comment_status":"open","ping_status":"open","sticky":false,"template":"","format":"standard","meta":{"_uf_show_specific_survey":0,"_uf_disable_surveys":false,"footnotes":""},"categories":[10,1],"tags":[],"class_list":["post-12034","post","type-post","status-publish","format-standard","has-post-thumbnail","hentry","category-noticias","category-temas-de-interes"],"aioseo_notices":[],"yoast_head":"<!-- This site is optimized with the Yoast SEO plugin v27.4 - https:\/\/yoast.com\/product\/yoast-seo-wordpress\/ -->\n<title>Los latinos enfrentan desventajas en el comercio<\/title>\n<meta name=\"description\" content=\"El sector del comercio al por menor crea uno de cada 10 empleos en los Estados Unidos, sin embargo los latinos se enfrentan con bajos salarios.\" \/>\n<meta name=\"robots\" content=\"index, follow, max-snippet:-1, max-image-preview:large, max-video-preview:-1\" \/>\n<link rel=\"canonical\" href=\"https:\/\/accesolatino.org\/en\/los-latinos-se-enfrentan-con-desventajas-en-el-comercio\/temas-de-interes\/\" \/>\n<meta property=\"og:locale\" content=\"en_US\" \/>\n<meta property=\"og:type\" content=\"article\" \/>\n<meta property=\"og:title\" content=\"Los latinos enfrentan desventajas en el comercio\" \/>\n<meta property=\"og:description\" content=\"El sector del comercio al por menor crea uno de cada 10 empleos en los Estados Unidos, sin embargo los latinos se enfrentan con bajos salarios.\" \/>\n<meta property=\"og:url\" content=\"https:\/\/accesolatino.org\/en\/los-latinos-se-enfrentan-con-desventajas-en-el-comercio\/temas-de-interes\/\" \/>\n<meta property=\"og:site_name\" content=\"Acceso Latino\" \/>\n<meta property=\"article:publisher\" content=\"https:\/\/www.facebook.com\/AccesoLatinoOrg\" \/>\n<meta property=\"article:published_time\" content=\"2015-06-07T16:55:55+00:00\" \/>\n<meta property=\"article:modified_time\" content=\"2025-10-30T05:03:56+00:00\" \/>\n<meta name=\"author\" content=\"Noticias\" \/>\n<meta name=\"twitter:card\" content=\"summary_large_image\" \/>\n<meta name=\"twitter:creator\" content=\"@FAccLatino\" \/>\n<meta name=\"twitter:site\" content=\"@FAccLatino\" \/>\n<meta name=\"twitter:label1\" content=\"Written by\" \/>\n\t<meta name=\"twitter:data1\" content=\"Noticias\" \/>\n\t<meta name=\"twitter:label2\" content=\"Est. reading time\" \/>\n\t<meta name=\"twitter:data2\" content=\"2 minutes\" \/>\n<script type=\"application\/ld+json\" class=\"yoast-schema-graph\">{\"@context\":\"https:\\\/\\\/schema.org\",\"@graph\":[{\"@type\":\"Article\",\"@id\":\"https:\\\/\\\/accesolatino.org\\\/los-latinos-se-enfrentan-con-desventajas-en-el-comercio\\\/temas-de-interes\\\/#article\",\"isPartOf\":{\"@id\":\"https:\\\/\\\/accesolatino.org\\\/los-latinos-se-enfrentan-con-desventajas-en-el-comercio\\\/temas-de-interes\\\/\"},\"author\":{\"name\":\"Noticias\",\"@id\":\"https:\\\/\\\/accesolatino.org\\\/#\\\/schema\\\/person\\\/6b654926a4e7e4709c9ad12459661666\"},\"headline\":\"Los latinos enfrentan desventajas en el comercio\",\"datePublished\":\"2015-06-07T16:55:55+00:00\",\"dateModified\":\"2025-10-30T05:03:56+00:00\",\"mainEntityOfPage\":{\"@id\":\"https:\\\/\\\/accesolatino.org\\\/los-latinos-se-enfrentan-con-desventajas-en-el-comercio\\\/temas-de-interes\\\/\"},\"wordCount\":252,\"commentCount\":0,\"publisher\":{\"@id\":\"https:\\\/\\\/accesolatino.org\\\/#organization\"},\"image\":{\"@id\":\"https:\\\/\\\/accesolatino.org\\\/los-latinos-se-enfrentan-con-desventajas-en-el-comercio\\\/temas-de-interes\\\/#primaryimage\"},\"thumbnailUrl\":\"\",\"articleSection\":[\"Noticias\",\"Temas de inter\u00e9s\"],\"inLanguage\":\"en-US\",\"potentialAction\":[{\"@type\":\"CommentAction\",\"name\":\"Comment\",\"target\":[\"https:\\\/\\\/accesolatino.org\\\/los-latinos-se-enfrentan-con-desventajas-en-el-comercio\\\/temas-de-interes\\\/#respond\"]}]},{\"@type\":\"WebPage\",\"@id\":\"https:\\\/\\\/accesolatino.org\\\/los-latinos-se-enfrentan-con-desventajas-en-el-comercio\\\/temas-de-interes\\\/\",\"url\":\"https:\\\/\\\/accesolatino.org\\\/los-latinos-se-enfrentan-con-desventajas-en-el-comercio\\\/temas-de-interes\\\/\",\"name\":\"Los latinos enfrentan desventajas en el comercio\",\"isPartOf\":{\"@id\":\"https:\\\/\\\/accesolatino.org\\\/#website\"},\"primaryImageOfPage\":{\"@id\":\"https:\\\/\\\/accesolatino.org\\\/los-latinos-se-enfrentan-con-desventajas-en-el-comercio\\\/temas-de-interes\\\/#primaryimage\"},\"image\":{\"@id\":\"https:\\\/\\\/accesolatino.org\\\/los-latinos-se-enfrentan-con-desventajas-en-el-comercio\\\/temas-de-interes\\\/#primaryimage\"},\"thumbnailUrl\":\"\",\"datePublished\":\"2015-06-07T16:55:55+00:00\",\"dateModified\":\"2025-10-30T05:03:56+00:00\",\"description\":\"El sector del comercio al por menor crea uno de cada 10 empleos en los Estados Unidos, sin embargo los latinos se enfrentan con bajos salarios.\",\"breadcrumb\":{\"@id\":\"https:\\\/\\\/accesolatino.org\\\/los-latinos-se-enfrentan-con-desventajas-en-el-comercio\\\/temas-de-interes\\\/#breadcrumb\"},\"inLanguage\":\"en-US\",\"potentialAction\":[{\"@type\":\"ReadAction\",\"target\":[\"https:\\\/\\\/accesolatino.org\\\/los-latinos-se-enfrentan-con-desventajas-en-el-comercio\\\/temas-de-interes\\\/\"]}]},{\"@type\":\"ImageObject\",\"inLanguage\":\"en-US\",\"@id\":\"https:\\\/\\\/accesolatino.org\\\/los-latinos-se-enfrentan-con-desventajas-en-el-comercio\\\/temas-de-interes\\\/#primaryimage\",\"url\":\"\",\"contentUrl\":\"\"},{\"@type\":\"BreadcrumbList\",\"@id\":\"https:\\\/\\\/accesolatino.org\\\/los-latinos-se-enfrentan-con-desventajas-en-el-comercio\\\/temas-de-interes\\\/#breadcrumb\",\"itemListElement\":[{\"@type\":\"ListItem\",\"position\":1,\"name\":\"Portada\",\"item\":\"https:\\\/\\\/accesolatino.org\\\/\"},{\"@type\":\"ListItem\",\"position\":2,\"name\":\"Noticias\",\"item\":\"https:\\\/\\\/accesolatino.org\\\/category\\\/noticias\\\/\"},{\"@type\":\"ListItem\",\"position\":3,\"name\":\"Los latinos enfrentan desventajas en el comercio\"}]},{\"@type\":\"WebSite\",\"@id\":\"https:\\\/\\\/accesolatino.org\\\/#website\",\"url\":\"https:\\\/\\\/accesolatino.org\\\/\",\"name\":\"Acceso Latino | Fundaci\u00f3n Carlos Slim\",\"description\":\"Fundaci\u00f3n Carlos Slim\",\"publisher\":{\"@id\":\"https:\\\/\\\/accesolatino.org\\\/#organization\"},\"potentialAction\":[{\"@type\":\"SearchAction\",\"target\":{\"@type\":\"EntryPoint\",\"urlTemplate\":\"https:\\\/\\\/accesolatino.org\\\/?s={search_term_string}\"},\"query-input\":{\"@type\":\"PropertyValueSpecification\",\"valueRequired\":true,\"valueName\":\"search_term_string\"}}],\"inLanguage\":\"en-US\"},{\"@type\":\"Organization\",\"@id\":\"https:\\\/\\\/accesolatino.org\\\/#organization\",\"name\":\"Acceso Latino | Fundaci\u00f3n Carlos Slim\",\"url\":\"https:\\\/\\\/accesolatino.org\\\/\",\"logo\":{\"@type\":\"ImageObject\",\"inLanguage\":\"en-US\",\"@id\":\"https:\\\/\\\/accesolatino.org\\\/#\\\/schema\\\/logo\\\/image\\\/\",\"url\":\"https:\\\/\\\/accesolatino.org\\\/wp-content\\\/uploads\\\/2021\\\/02\\\/logo-footer-acceso-latino.png\",\"contentUrl\":\"https:\\\/\\\/accesolatino.org\\\/wp-content\\\/uploads\\\/2021\\\/02\\\/logo-footer-acceso-latino.png\",\"width\":240,\"height\":40,\"caption\":\"Acceso Latino | Fundaci\u00f3n Carlos Slim\"},\"image\":{\"@id\":\"https:\\\/\\\/accesolatino.org\\\/#\\\/schema\\\/logo\\\/image\\\/\"},\"sameAs\":[\"https:\\\/\\\/www.facebook.com\\\/AccesoLatinoOrg\",\"https:\\\/\\\/x.com\\\/FAccLatino\"]},{\"@type\":\"Person\",\"@id\":\"https:\\\/\\\/accesolatino.org\\\/#\\\/schema\\\/person\\\/6b654926a4e7e4709c9ad12459661666\",\"name\":\"Noticias\"}]}<\/script>\n<!-- \/ Yoast SEO plugin. -->","yoast_head_json":{"title":"Los latinos enfrentan desventajas en el comercio","description":"El sector del comercio al por menor crea uno de cada 10 empleos en los Estados Unidos, sin embargo los latinos se enfrentan con bajos salarios.","robots":{"index":"index","follow":"follow","max-snippet":"max-snippet:-1","max-image-preview":"max-image-preview:large","max-video-preview":"max-video-preview:-1"},"canonical":"https:\/\/accesolatino.org\/en\/los-latinos-se-enfrentan-con-desventajas-en-el-comercio\/temas-de-interes\/","og_locale":"en_US","og_type":"article","og_title":"Los latinos enfrentan desventajas en el comercio","og_description":"El sector del comercio al por menor crea uno de cada 10 empleos en los Estados Unidos, sin embargo los latinos se enfrentan con bajos salarios.","og_url":"https:\/\/accesolatino.org\/en\/los-latinos-se-enfrentan-con-desventajas-en-el-comercio\/temas-de-interes\/","og_site_name":"Acceso Latino","article_publisher":"https:\/\/www.facebook.com\/AccesoLatinoOrg","article_published_time":"2015-06-07T16:55:55+00:00","article_modified_time":"2025-10-30T05:03:56+00:00","author":"Noticias","twitter_card":"summary_large_image","twitter_creator":"@FAccLatino","twitter_site":"@FAccLatino","twitter_misc":{"Written by":"Noticias","Est. reading time":"2 minutes"},"schema":{"@context":"https:\/\/schema.org","@graph":[{"@type":"Article","@id":"https:\/\/accesolatino.org\/los-latinos-se-enfrentan-con-desventajas-en-el-comercio\/temas-de-interes\/#article","isPartOf":{"@id":"https:\/\/accesolatino.org\/los-latinos-se-enfrentan-con-desventajas-en-el-comercio\/temas-de-interes\/"},"author":{"name":"Noticias","@id":"https:\/\/accesolatino.org\/#\/schema\/person\/6b654926a4e7e4709c9ad12459661666"},"headline":"Los latinos enfrentan desventajas en el comercio","datePublished":"2015-06-07T16:55:55+00:00","dateModified":"2025-10-30T05:03:56+00:00","mainEntityOfPage":{"@id":"https:\/\/accesolatino.org\/los-latinos-se-enfrentan-con-desventajas-en-el-comercio\/temas-de-interes\/"},"wordCount":252,"commentCount":0,"publisher":{"@id":"https:\/\/accesolatino.org\/#organization"},"image":{"@id":"https:\/\/accesolatino.org\/los-latinos-se-enfrentan-con-desventajas-en-el-comercio\/temas-de-interes\/#primaryimage"},"thumbnailUrl":"","articleSection":["Noticias","Temas de inter\u00e9s"],"inLanguage":"en-US","potentialAction":[{"@type":"CommentAction","name":"Comment","target":["https:\/\/accesolatino.org\/los-latinos-se-enfrentan-con-desventajas-en-el-comercio\/temas-de-interes\/#respond"]}]},{"@type":"WebPage","@id":"https:\/\/accesolatino.org\/los-latinos-se-enfrentan-con-desventajas-en-el-comercio\/temas-de-interes\/","url":"https:\/\/accesolatino.org\/los-latinos-se-enfrentan-con-desventajas-en-el-comercio\/temas-de-interes\/","name":"Los latinos enfrentan desventajas en el comercio","isPartOf":{"@id":"https:\/\/accesolatino.org\/#website"},"primaryImageOfPage":{"@id":"https:\/\/accesolatino.org\/los-latinos-se-enfrentan-con-desventajas-en-el-comercio\/temas-de-interes\/#primaryimage"},"image":{"@id":"https:\/\/accesolatino.org\/los-latinos-se-enfrentan-con-desventajas-en-el-comercio\/temas-de-interes\/#primaryimage"},"thumbnailUrl":"","datePublished":"2015-06-07T16:55:55+00:00","dateModified":"2025-10-30T05:03:56+00:00","description":"El sector del comercio al por menor crea uno de cada 10 empleos en los Estados Unidos, sin embargo los latinos se enfrentan con bajos salarios.","breadcrumb":{"@id":"https:\/\/accesolatino.org\/los-latinos-se-enfrentan-con-desventajas-en-el-comercio\/temas-de-interes\/#breadcrumb"},"inLanguage":"en-US","potentialAction":[{"@type":"ReadAction","target":["https:\/\/accesolatino.org\/los-latinos-se-enfrentan-con-desventajas-en-el-comercio\/temas-de-interes\/"]}]},{"@type":"ImageObject","inLanguage":"en-US","@id":"https:\/\/accesolatino.org\/los-latinos-se-enfrentan-con-desventajas-en-el-comercio\/temas-de-interes\/#primaryimage","url":"","contentUrl":""},{"@type":"BreadcrumbList","@id":"https:\/\/accesolatino.org\/los-latinos-se-enfrentan-con-desventajas-en-el-comercio\/temas-de-interes\/#breadcrumb","itemListElement":[{"@type":"ListItem","position":1,"name":"Portada","item":"https:\/\/accesolatino.org\/"},{"@type":"ListItem","position":2,"name":"Noticias","item":"https:\/\/accesolatino.org\/category\/noticias\/"},{"@type":"ListItem","position":3,"name":"Los latinos enfrentan desventajas en el comercio"}]},{"@type":"WebSite","@id":"https:\/\/accesolatino.org\/#website","url":"https:\/\/accesolatino.org\/","name":"Acceso Latino | Fundaci\u00f3n Carlos Slim","description":"Fundaci\u00f3n Carlos Slim","publisher":{"@id":"https:\/\/accesolatino.org\/#organization"},"potentialAction":[{"@type":"SearchAction","target":{"@type":"EntryPoint","urlTemplate":"https:\/\/accesolatino.org\/?s={search_term_string}"},"query-input":{"@type":"PropertyValueSpecification","valueRequired":true,"valueName":"search_term_string"}}],"inLanguage":"en-US"},{"@type":"Organization","@id":"https:\/\/accesolatino.org\/#organization","name":"Acceso Latino | Fundaci\u00f3n Carlos Slim","url":"https:\/\/accesolatino.org\/","logo":{"@type":"ImageObject","inLanguage":"en-US","@id":"https:\/\/accesolatino.org\/#\/schema\/logo\/image\/","url":"https:\/\/accesolatino.org\/wp-content\/uploads\/2021\/02\/logo-footer-acceso-latino.png","contentUrl":"https:\/\/accesolatino.org\/wp-content\/uploads\/2021\/02\/logo-footer-acceso-latino.png","width":240,"height":40,"caption":"Acceso Latino | Fundaci\u00f3n Carlos Slim"},"image":{"@id":"https:\/\/accesolatino.org\/#\/schema\/logo\/image\/"},"sameAs":["https:\/\/www.facebook.com\/AccesoLatinoOrg","https:\/\/x.com\/FAccLatino"]},{"@type":"Person","@id":"https:\/\/accesolatino.org\/#\/schema\/person\/6b654926a4e7e4709c9ad12459661666","name":"News"}]}},"_links":{"self":[{"href":"https:\/\/accesolatino.org\/en\/wp-json\/wp\/v2\/posts\/12034","targetHints":{"allow":["GET"]}}],"collection":[{"href":"https:\/\/accesolatino.org\/en\/wp-json\/wp\/v2\/posts"}],"about":[{"href":"https:\/\/accesolatino.org\/en\/wp-json\/wp\/v2\/types\/post"}],"author":[{"embeddable":true,"href":"https:\/\/accesolatino.org\/en\/wp-json\/wp\/v2\/users\/13"}],"replies":[{"embeddable":true,"href":"https:\/\/accesolatino.org\/en\/wp-json\/wp\/v2\/comments?post=12034"}],"version-history":[{"count":1,"href":"https:\/\/accesolatino.org\/en\/wp-json\/wp\/v2\/posts\/12034\/revisions"}],"predecessor-version":[{"id":68264,"href":"https:\/\/accesolatino.org\/en\/wp-json\/wp\/v2\/posts\/12034\/revisions\/68264"}],"wp:featuredmedia":[{"embeddable":true,"href":"https:\/\/accesolatino.org\/en\/wp-json\/"}],"wp:attachment":[{"href":"https:\/\/accesolatino.org\/en\/wp-json\/wp\/v2\/media?parent=12034"}],"wp:term":[{"taxonomy":"category","embeddable":true,"href":"https:\/\/accesolatino.org\/en\/wp-json\/wp\/v2\/categories?post=12034"},{"taxonomy":"post_tag","embeddable":true,"href":"https:\/\/accesolatino.org\/en\/wp-json\/wp\/v2\/tags?post=12034"}],"curies":[{"name":"wp","href":"https:\/\/api.w.org\/{rel}","templated":true}]}}