{"id":11991,"date":"2015-05-06T10:00:43","date_gmt":"2015-05-06T15:00:43","guid":{"rendered":"https:\/\/accesolatino.org\/?p=921"},"modified":"2025-10-29T23:17:54","modified_gmt":"2025-10-30T05:17:54","slug":"realizan-estudio-sobre-estado-de-salud-mental-en-migrantes","status":"publish","type":"post","link":"https:\/\/accesolatino.org\/en\/realizan-estudio-sobre-estado-de-salud-mental-en-migrantes\/salud\/","title":{"rendered":"Realizan estudio sobre estado de salud mental en migrantes"},"content":{"rendered":"<p>Un estudio realizado por investigadores de la Universidad Nacional Aut\u00f3noma de M\u00e9xico (UNAM) encontr\u00f3 que los migrantes mexicano son el grupo social en los Estados Unidos que presenta menores tensiones psicol\u00f3gicas ante algunas situaciones, entre ellas el desempleo. El estudio aclara que esto no quere decir que los migrantes mexicanos en aquel pa\u00eds no puedan presentar problemas de depresi\u00f3n relacionados con factores culturales o el nuevo y desconocido entorno que los rodea.<\/p>\n<p>Maritza Caicedo Riascos, del Instituto de Investigaciones Sociales (IIS) apunt\u00f3 que la migraci\u00f3n de mexicanos a los Estados Unidos no es en s\u00ed la causante de los problemas psicol\u00f3gicos, sino otro tipo de factores como la recepci\u00f3n en otro pa\u00eds que no es el suyo.<\/p>\n<p>A pesar de factores como las condiciones de movilidad, condiciones laborales y soporte de la comunidad los especialistas sostienen que existe una paradoja: los migrantes mexicanos tienen una mejor salud mental en comparaci\u00f3n con otros grupos poblacionales analizados como los anglosajones, afroestadounidenses y otros grupos de hispanos.<\/p>\n<p>Rosa Mar\u00eda Aguilera-G\u00fazman del IIS explic\u00f3 que este fen\u00f3meno se debe a que los mexicanos en Estados Unidos han recreado algunos factores de protecci\u00f3n culturales como la gastronom\u00eda, convivencia familiar y preservaci\u00f3n de valores, esto les permite no tener de forma tan acentuada episodios de ansiedad y depresi\u00f3n.<\/p>\n<p>La especialista tambi\u00e9n apunt\u00f3 que la primera generaci\u00f3n de migrantes tiene una baja prevalencia de problemas psicol\u00f3gicos la siguiente empieza a evidenciar algunos s\u00edntomas.<\/p>\n<p>Los expertos tambi\u00e9n explicaron que mientras m\u00e1s tiempo se pasa en el pa\u00eds se tiene un deterioro de la salud mental porque se relajan los valores del pa\u00eds de origen y siente que si bien el migrante logra el \u201csue\u00f1o americano\u201d tiene la sensaci\u00f3n de ser un extranjero, es decir, no tiene un sentido de pertenencia. A esto se suman sentimientos de estigmatizaci\u00f3n por su condici\u00f3n de indocumentados, es por eso que se debe poner una atenci\u00f3n especial a la salud mental de los migrantes, aunque por lo pronto los migrantes mexicanos tienen una mejor respuesta a estos est\u00edmulos negativos.<\/p>\n<p><strong>Fuente<\/strong>: Universidad Nacional Aut\u00f3noma de M\u00e9xico<\/p>","protected":false},"excerpt":{"rendered":"<p>Un estudio realizado por investigadores de la Universidad Nacional Aut\u00f3noma de M\u00e9xico (UNAM) encontr\u00f3 que los migrantes mexicano son el grupo social en los Estados Unidos que presenta menores tensiones psicol\u00f3gicas ante algunas situaciones, entre ellas el desempleo. El estudio aclara que esto no quere decir que los migrantes mexicanos en aquel pa\u00eds no puedan presentar problemas de depresi\u00f3n relacionados con factores culturales o el nuevo y desconocido entorno que los rodea. Maritza Caicedo Riascos, del Instituto de Investigaciones Sociales (IIS) apunt\u00f3 que la migraci\u00f3n de mexicanos a los Estados Unidos no es en s\u00ed la causante de los problemas psicol\u00f3gicos, sino otro tipo de factores como la recepci\u00f3n en otro pa\u00eds que no es el suyo. A pesar de factores como las condiciones de movilidad, condiciones laborales y soporte de la comunidad los especialistas sostienen que existe una paradoja: los migrantes mexicanos tienen una mejor salud mental en comparaci\u00f3n con otros grupos poblacionales analizados como los anglosajones, afroestadounidenses y otros grupos de hispanos. Rosa Mar\u00eda Aguilera-G\u00fazman del IIS explic\u00f3 que este fen\u00f3meno se debe a que los mexicanos en Estados Unidos han recreado algunos factores de protecci\u00f3n culturales como la gastronom\u00eda, convivencia familiar y preservaci\u00f3n de valores, esto les permite no tener de forma tan acentuada episodios de ansiedad y depresi\u00f3n. La especialista tambi\u00e9n apunt\u00f3 que la primera generaci\u00f3n de migrantes tiene una baja prevalencia de problemas psicol\u00f3gicos la siguiente empieza a evidenciar algunos s\u00edntomas. Los expertos tambi\u00e9n explicaron que mientras m\u00e1s tiempo se pasa en el pa\u00eds se tiene un deterioro de la salud mental porque se relajan los valores del pa\u00eds de origen y siente que si bien el migrante logra el \u201csue\u00f1o americano\u201d tiene la sensaci\u00f3n de ser un extranjero, es decir, no tiene un sentido de pertenencia. A esto se suman sentimientos de estigmatizaci\u00f3n por su condici\u00f3n de indocumentados, es por eso que se debe poner una atenci\u00f3n especial a la salud mental de los migrantes, aunque por lo pronto los migrantes mexicanos tienen una mejor respuesta a estos est\u00edmulos negativos. Fuente: Universidad Nacional Aut\u00f3noma de M\u00e9xico<\/p>","protected":false},"author":13,"featured_media":925,"comment_status":"open","ping_status":"open","sticky":false,"template":"","format":"standard","meta":{"_uf_show_specific_survey":0,"_uf_disable_surveys":false,"footnotes":""},"categories":[11],"tags":[],"class_list":["post-11991","post","type-post","status-publish","format-standard","has-post-thumbnail","hentry","category-salud"],"aioseo_notices":[],"yoast_head":"<!-- This site is optimized with the Yoast SEO plugin v27.5 - https:\/\/yoast.com\/product\/yoast-seo-wordpress\/ -->\n<title>Realizan estudio sobre estado de salud mental en migrantes<\/title>\n<meta name=\"description\" content=\"Realizan estudio sobre estado de salud mental en migrantes\" \/>\n<meta name=\"robots\" content=\"index, follow, max-snippet:-1, max-image-preview:large, max-video-preview:-1\" \/>\n<link rel=\"canonical\" href=\"https:\/\/accesolatino.org\/en\/realizan-estudio-sobre-estado-de-salud-mental-en-migrantes\/salud\/\" \/>\n<meta property=\"og:locale\" content=\"en_US\" \/>\n<meta property=\"og:type\" content=\"article\" \/>\n<meta property=\"og:title\" content=\"Realizan estudio sobre estado de salud mental en migrantes\" \/>\n<meta property=\"og:description\" content=\"Realizan estudio sobre estado de salud mental en migrantes\" \/>\n<meta property=\"og:url\" content=\"https:\/\/accesolatino.org\/en\/realizan-estudio-sobre-estado-de-salud-mental-en-migrantes\/salud\/\" \/>\n<meta property=\"og:site_name\" content=\"Acceso Latino\" \/>\n<meta property=\"article:publisher\" content=\"https:\/\/www.facebook.com\/AccesoLatinoOrg\" \/>\n<meta property=\"article:published_time\" content=\"2015-05-06T15:00:43+00:00\" \/>\n<meta property=\"article:modified_time\" content=\"2025-10-30T05:17:54+00:00\" \/>\n<meta name=\"author\" content=\"Noticias\" \/>\n<meta name=\"twitter:card\" content=\"summary_large_image\" \/>\n<meta name=\"twitter:creator\" content=\"@FAccLatino\" \/>\n<meta name=\"twitter:site\" content=\"@FAccLatino\" \/>\n<meta name=\"twitter:label1\" content=\"Written by\" \/>\n\t<meta name=\"twitter:data1\" content=\"Noticias\" \/>\n\t<meta name=\"twitter:label2\" content=\"Est. reading time\" \/>\n\t<meta name=\"twitter:data2\" content=\"2 minutes\" \/>\n<script type=\"application\/ld+json\" class=\"yoast-schema-graph\">{\"@context\":\"https:\\\/\\\/schema.org\",\"@graph\":[{\"@type\":\"Article\",\"@id\":\"https:\\\/\\\/accesolatino.org\\\/realizan-estudio-sobre-estado-de-salud-mental-en-migrantes\\\/salud\\\/#article\",\"isPartOf\":{\"@id\":\"https:\\\/\\\/accesolatino.org\\\/realizan-estudio-sobre-estado-de-salud-mental-en-migrantes\\\/salud\\\/\"},\"author\":{\"name\":\"Noticias\",\"@id\":\"https:\\\/\\\/accesolatino.org\\\/#\\\/schema\\\/person\\\/57bc3bfd2c357610a5255490ca4cd305\"},\"headline\":\"Realizan estudio sobre estado de salud mental en migrantes\",\"datePublished\":\"2015-05-06T15:00:43+00:00\",\"dateModified\":\"2025-10-30T05:17:54+00:00\",\"mainEntityOfPage\":{\"@id\":\"https:\\\/\\\/accesolatino.org\\\/realizan-estudio-sobre-estado-de-salud-mental-en-migrantes\\\/salud\\\/\"},\"wordCount\":384,\"commentCount\":0,\"publisher\":{\"@id\":\"https:\\\/\\\/accesolatino.org\\\/#organization\"},\"image\":{\"@id\":\"https:\\\/\\\/accesolatino.org\\\/realizan-estudio-sobre-estado-de-salud-mental-en-migrantes\\\/salud\\\/#primaryimage\"},\"thumbnailUrl\":\"\",\"articleSection\":[\"Salud\"],\"inLanguage\":\"en-US\",\"potentialAction\":[{\"@type\":\"CommentAction\",\"name\":\"Comment\",\"target\":[\"https:\\\/\\\/accesolatino.org\\\/realizan-estudio-sobre-estado-de-salud-mental-en-migrantes\\\/salud\\\/#respond\"]}]},{\"@type\":\"WebPage\",\"@id\":\"https:\\\/\\\/accesolatino.org\\\/realizan-estudio-sobre-estado-de-salud-mental-en-migrantes\\\/salud\\\/\",\"url\":\"https:\\\/\\\/accesolatino.org\\\/realizan-estudio-sobre-estado-de-salud-mental-en-migrantes\\\/salud\\\/\",\"name\":\"Realizan estudio sobre estado de salud mental en migrantes\",\"isPartOf\":{\"@id\":\"https:\\\/\\\/accesolatino.org\\\/#website\"},\"primaryImageOfPage\":{\"@id\":\"https:\\\/\\\/accesolatino.org\\\/realizan-estudio-sobre-estado-de-salud-mental-en-migrantes\\\/salud\\\/#primaryimage\"},\"image\":{\"@id\":\"https:\\\/\\\/accesolatino.org\\\/realizan-estudio-sobre-estado-de-salud-mental-en-migrantes\\\/salud\\\/#primaryimage\"},\"thumbnailUrl\":\"\",\"datePublished\":\"2015-05-06T15:00:43+00:00\",\"dateModified\":\"2025-10-30T05:17:54+00:00\",\"description\":\"Realizan estudio sobre estado de salud mental en migrantes\",\"breadcrumb\":{\"@id\":\"https:\\\/\\\/accesolatino.org\\\/realizan-estudio-sobre-estado-de-salud-mental-en-migrantes\\\/salud\\\/#breadcrumb\"},\"inLanguage\":\"en-US\",\"potentialAction\":[{\"@type\":\"ReadAction\",\"target\":[\"https:\\\/\\\/accesolatino.org\\\/realizan-estudio-sobre-estado-de-salud-mental-en-migrantes\\\/salud\\\/\"]}]},{\"@type\":\"ImageObject\",\"inLanguage\":\"en-US\",\"@id\":\"https:\\\/\\\/accesolatino.org\\\/realizan-estudio-sobre-estado-de-salud-mental-en-migrantes\\\/salud\\\/#primaryimage\",\"url\":\"\",\"contentUrl\":\"\"},{\"@type\":\"BreadcrumbList\",\"@id\":\"https:\\\/\\\/accesolatino.org\\\/realizan-estudio-sobre-estado-de-salud-mental-en-migrantes\\\/salud\\\/#breadcrumb\",\"itemListElement\":[{\"@type\":\"ListItem\",\"position\":1,\"name\":\"Portada\",\"item\":\"https:\\\/\\\/accesolatino.org\\\/\"},{\"@type\":\"ListItem\",\"position\":2,\"name\":\"Salud\",\"item\":\"https:\\\/\\\/accesolatino.org\\\/category\\\/salud\\\/\"},{\"@type\":\"ListItem\",\"position\":3,\"name\":\"Realizan estudio sobre estado de salud mental en migrantes\"}]},{\"@type\":\"WebSite\",\"@id\":\"https:\\\/\\\/accesolatino.org\\\/#website\",\"url\":\"https:\\\/\\\/accesolatino.org\\\/\",\"name\":\"Acceso Latino | Fundaci\u00f3n Carlos Slim\",\"description\":\"Fundaci\u00f3n Carlos Slim\",\"publisher\":{\"@id\":\"https:\\\/\\\/accesolatino.org\\\/#organization\"},\"potentialAction\":[{\"@type\":\"SearchAction\",\"target\":{\"@type\":\"EntryPoint\",\"urlTemplate\":\"https:\\\/\\\/accesolatino.org\\\/?s={search_term_string}\"},\"query-input\":{\"@type\":\"PropertyValueSpecification\",\"valueRequired\":true,\"valueName\":\"search_term_string\"}}],\"inLanguage\":\"en-US\"},{\"@type\":\"Organization\",\"@id\":\"https:\\\/\\\/accesolatino.org\\\/#organization\",\"name\":\"Acceso Latino | Fundaci\u00f3n Carlos Slim\",\"url\":\"https:\\\/\\\/accesolatino.org\\\/\",\"logo\":{\"@type\":\"ImageObject\",\"inLanguage\":\"en-US\",\"@id\":\"https:\\\/\\\/accesolatino.org\\\/#\\\/schema\\\/logo\\\/image\\\/\",\"url\":\"https:\\\/\\\/accesolatino.org\\\/wp-content\\\/uploads\\\/2021\\\/02\\\/logo-footer-acceso-latino.png\",\"contentUrl\":\"https:\\\/\\\/accesolatino.org\\\/wp-content\\\/uploads\\\/2021\\\/02\\\/logo-footer-acceso-latino.png\",\"width\":240,\"height\":40,\"caption\":\"Acceso Latino | Fundaci\u00f3n Carlos Slim\"},\"image\":{\"@id\":\"https:\\\/\\\/accesolatino.org\\\/#\\\/schema\\\/logo\\\/image\\\/\"},\"sameAs\":[\"https:\\\/\\\/www.facebook.com\\\/AccesoLatinoOrg\",\"https:\\\/\\\/x.com\\\/FAccLatino\"]},{\"@type\":\"Person\",\"@id\":\"https:\\\/\\\/accesolatino.org\\\/#\\\/schema\\\/person\\\/57bc3bfd2c357610a5255490ca4cd305\",\"name\":\"Noticias\"}]}<\/script>\n<!-- \/ Yoast SEO plugin. -->","yoast_head_json":{"title":"Realizan estudio sobre estado de salud mental en migrantes","description":"Realizan estudio sobre estado de salud mental en migrantes","robots":{"index":"index","follow":"follow","max-snippet":"max-snippet:-1","max-image-preview":"max-image-preview:large","max-video-preview":"max-video-preview:-1"},"canonical":"https:\/\/accesolatino.org\/en\/realizan-estudio-sobre-estado-de-salud-mental-en-migrantes\/salud\/","og_locale":"en_US","og_type":"article","og_title":"Realizan estudio sobre estado de salud mental en migrantes","og_description":"Realizan estudio sobre estado de salud mental en migrantes","og_url":"https:\/\/accesolatino.org\/en\/realizan-estudio-sobre-estado-de-salud-mental-en-migrantes\/salud\/","og_site_name":"Acceso Latino","article_publisher":"https:\/\/www.facebook.com\/AccesoLatinoOrg","article_published_time":"2015-05-06T15:00:43+00:00","article_modified_time":"2025-10-30T05:17:54+00:00","author":"Noticias","twitter_card":"summary_large_image","twitter_creator":"@FAccLatino","twitter_site":"@FAccLatino","twitter_misc":{"Written by":"Noticias","Est. reading time":"2 minutes"},"schema":{"@context":"https:\/\/schema.org","@graph":[{"@type":"Article","@id":"https:\/\/accesolatino.org\/realizan-estudio-sobre-estado-de-salud-mental-en-migrantes\/salud\/#article","isPartOf":{"@id":"https:\/\/accesolatino.org\/realizan-estudio-sobre-estado-de-salud-mental-en-migrantes\/salud\/"},"author":{"name":"Noticias","@id":"https:\/\/accesolatino.org\/#\/schema\/person\/57bc3bfd2c357610a5255490ca4cd305"},"headline":"Realizan estudio sobre estado de salud mental en migrantes","datePublished":"2015-05-06T15:00:43+00:00","dateModified":"2025-10-30T05:17:54+00:00","mainEntityOfPage":{"@id":"https:\/\/accesolatino.org\/realizan-estudio-sobre-estado-de-salud-mental-en-migrantes\/salud\/"},"wordCount":384,"commentCount":0,"publisher":{"@id":"https:\/\/accesolatino.org\/#organization"},"image":{"@id":"https:\/\/accesolatino.org\/realizan-estudio-sobre-estado-de-salud-mental-en-migrantes\/salud\/#primaryimage"},"thumbnailUrl":"","articleSection":["Salud"],"inLanguage":"en-US","potentialAction":[{"@type":"CommentAction","name":"Comment","target":["https:\/\/accesolatino.org\/realizan-estudio-sobre-estado-de-salud-mental-en-migrantes\/salud\/#respond"]}]},{"@type":"WebPage","@id":"https:\/\/accesolatino.org\/realizan-estudio-sobre-estado-de-salud-mental-en-migrantes\/salud\/","url":"https:\/\/accesolatino.org\/realizan-estudio-sobre-estado-de-salud-mental-en-migrantes\/salud\/","name":"Realizan estudio sobre estado de salud mental en migrantes","isPartOf":{"@id":"https:\/\/accesolatino.org\/#website"},"primaryImageOfPage":{"@id":"https:\/\/accesolatino.org\/realizan-estudio-sobre-estado-de-salud-mental-en-migrantes\/salud\/#primaryimage"},"image":{"@id":"https:\/\/accesolatino.org\/realizan-estudio-sobre-estado-de-salud-mental-en-migrantes\/salud\/#primaryimage"},"thumbnailUrl":"","datePublished":"2015-05-06T15:00:43+00:00","dateModified":"2025-10-30T05:17:54+00:00","description":"Realizan estudio sobre estado de salud mental en migrantes","breadcrumb":{"@id":"https:\/\/accesolatino.org\/realizan-estudio-sobre-estado-de-salud-mental-en-migrantes\/salud\/#breadcrumb"},"inLanguage":"en-US","potentialAction":[{"@type":"ReadAction","target":["https:\/\/accesolatino.org\/realizan-estudio-sobre-estado-de-salud-mental-en-migrantes\/salud\/"]}]},{"@type":"ImageObject","inLanguage":"en-US","@id":"https:\/\/accesolatino.org\/realizan-estudio-sobre-estado-de-salud-mental-en-migrantes\/salud\/#primaryimage","url":"","contentUrl":""},{"@type":"BreadcrumbList","@id":"https:\/\/accesolatino.org\/realizan-estudio-sobre-estado-de-salud-mental-en-migrantes\/salud\/#breadcrumb","itemListElement":[{"@type":"ListItem","position":1,"name":"Portada","item":"https:\/\/accesolatino.org\/"},{"@type":"ListItem","position":2,"name":"Salud","item":"https:\/\/accesolatino.org\/category\/salud\/"},{"@type":"ListItem","position":3,"name":"Realizan estudio sobre estado de salud mental en migrantes"}]},{"@type":"WebSite","@id":"https:\/\/accesolatino.org\/#website","url":"https:\/\/accesolatino.org\/","name":"Acceso Latino | Fundaci\u00f3n Carlos Slim","description":"Fundaci\u00f3n Carlos Slim","publisher":{"@id":"https:\/\/accesolatino.org\/#organization"},"potentialAction":[{"@type":"SearchAction","target":{"@type":"EntryPoint","urlTemplate":"https:\/\/accesolatino.org\/?s={search_term_string}"},"query-input":{"@type":"PropertyValueSpecification","valueRequired":true,"valueName":"search_term_string"}}],"inLanguage":"en-US"},{"@type":"Organization","@id":"https:\/\/accesolatino.org\/#organization","name":"Acceso Latino | Fundaci\u00f3n Carlos Slim","url":"https:\/\/accesolatino.org\/","logo":{"@type":"ImageObject","inLanguage":"en-US","@id":"https:\/\/accesolatino.org\/#\/schema\/logo\/image\/","url":"https:\/\/accesolatino.org\/wp-content\/uploads\/2021\/02\/logo-footer-acceso-latino.png","contentUrl":"https:\/\/accesolatino.org\/wp-content\/uploads\/2021\/02\/logo-footer-acceso-latino.png","width":240,"height":40,"caption":"Acceso Latino | Fundaci\u00f3n Carlos Slim"},"image":{"@id":"https:\/\/accesolatino.org\/#\/schema\/logo\/image\/"},"sameAs":["https:\/\/www.facebook.com\/AccesoLatinoOrg","https:\/\/x.com\/FAccLatino"]},{"@type":"Person","@id":"https:\/\/accesolatino.org\/#\/schema\/person\/57bc3bfd2c357610a5255490ca4cd305","name":"News"}]}},"_links":{"self":[{"href":"https:\/\/accesolatino.org\/en\/wp-json\/wp\/v2\/posts\/11991","targetHints":{"allow":["GET"]}}],"collection":[{"href":"https:\/\/accesolatino.org\/en\/wp-json\/wp\/v2\/posts"}],"about":[{"href":"https:\/\/accesolatino.org\/en\/wp-json\/wp\/v2\/types\/post"}],"author":[{"embeddable":true,"href":"https:\/\/accesolatino.org\/en\/wp-json\/wp\/v2\/users\/13"}],"replies":[{"embeddable":true,"href":"https:\/\/accesolatino.org\/en\/wp-json\/wp\/v2\/comments?post=11991"}],"version-history":[{"count":1,"href":"https:\/\/accesolatino.org\/en\/wp-json\/wp\/v2\/posts\/11991\/revisions"}],"predecessor-version":[{"id":68300,"href":"https:\/\/accesolatino.org\/en\/wp-json\/wp\/v2\/posts\/11991\/revisions\/68300"}],"wp:featuredmedia":[{"embeddable":true,"href":"https:\/\/accesolatino.org\/en\/wp-json\/"}],"wp:attachment":[{"href":"https:\/\/accesolatino.org\/en\/wp-json\/wp\/v2\/media?parent=11991"}],"wp:term":[{"taxonomy":"category","embeddable":true,"href":"https:\/\/accesolatino.org\/en\/wp-json\/wp\/v2\/categories?post=11991"},{"taxonomy":"post_tag","embeddable":true,"href":"https:\/\/accesolatino.org\/en\/wp-json\/wp\/v2\/tags?post=11991"}],"curies":[{"name":"wp","href":"https:\/\/api.w.org\/{rel}","templated":true}]}}