{"id":11978,"date":"2015-05-10T10:00:18","date_gmt":"2015-05-10T15:00:18","guid":{"rendered":"https:\/\/accesolatino.org\/?p=886"},"modified":"2025-10-29T23:18:56","modified_gmt":"2025-10-30T05:18:56","slug":"5-datos-que-desconocias-sobre-el-dia-de-las-madres","status":"publish","type":"post","link":"https:\/\/accesolatino.org\/en\/5-datos-que-desconocias-sobre-el-dia-de-las-madres\/orgullo-latino\/","title":{"rendered":"5 datos que desconoc\u00edas sobre el D\u00eda de las Madres"},"content":{"rendered":"<p>Como cada a\u00f1o se celebra en varias partes del mundo a las reinas del hogar: las madres. Esas mujeres que literalmente han dado la vida por nosotros y es un d\u00eda al a\u00f1o en el que se les rinde un gran y merecido homenaje.<\/p>\n<p>Pero, \u00bfcu\u00e1l es el origen de la celebraci\u00f3n? Aqu\u00ed te daremos algunos datos que probablemente desconoc\u00edas sobre el D\u00eda de las Madres:<\/p>\n<p>1. D\u00eda: El d\u00eda en que se celebra a las mam\u00e1s var\u00eda de pa\u00eds en pa\u00eds por ejemplo en lugares como Estados Unidos, Canad\u00e1, Brasil, Chile, Colombia, Cuba, Per\u00fa, Venezuela y Uruguay se celebra el segundo domingo de mayo. Mientras que en M\u00e9xico se celebra el 10 de mayo, en Bolivia el 27 de mayo, en Rep\u00fablica Dominicana el primer domingo de mayo, en Costa Rica el 5 de agosto, en Nicaragua el 3 de mayo y en Argentina el segundo o tercer domingo de octubre.<br \/>\n2. Antigua Grecia: La celebraci\u00f3n m\u00e1s antigua a la madre se remonta hasta Grecia durante el festival de primavera en honor a Rea, madre de J\u00fapiter, Zeus, Poseid\u00f3n, Hera y Hades que se celebraba cada a\u00f1o.<br \/>\n3. Cristianismo: Los cristianos decideron realizar una celebraci\u00f3n correspondiente a la Virgen Mar\u00eda durante el cuarto domingo de primavera. En el caso de M\u00e9xico la celebraci\u00f3n comenz\u00f3 en 1922 y se escogi\u00f3 el mes de mayo por ser el mes consagrado a la Virgen.<br \/>\n4. Origen: El origen de la celebraci\u00f3n se remonta a 1872 en Estados Unidos, cuando Julia Ward Howe, autora del Himno de Batalla de la Rep\u00fablica sugiri\u00f3 que la fecha fuera dedicada a honrar la paz y as\u00ed cada a\u00f1o en Boston se celebraron estos encuentros en honor al D\u00eda de las Madres. M\u00e1s tarde Anna Jarvis, una activista de Virginia Occidental quien dedic\u00f3 gran parte de su vida a la salubridad en comunidades Apalaches pidi\u00f3 que se consagrara el segundo domingo de mayo al D\u00eda de las Madres, esto le propici\u00f3 gran apoyo y logr\u00f3 que el Congreso de los Estados Unidos aprobara un proyecto de ley para esta celebraci\u00f3n.<br \/>\n5. Aprobaci\u00f3n del D\u00eda de las Madres: La ley fue aprobada en 1914 con el apoyo del entonces presidente de los Estados Unidos Woodrow Wilson. M\u00e1s tarde 40 pa\u00edses del mundo celebraron el D\u00eda de las Madres en fechas similares.<\/p>\n<p>V\u00eda: Actitud Fem<\/p>","protected":false},"excerpt":{"rendered":"<p>Como cada a\u00f1o se celebra en varias partes del mundo a las reinas del hogar: las madres. Esas mujeres que literalmente han dado la vida por nosotros y es un d\u00eda al a\u00f1o en el que se les rinde un gran y merecido homenaje. Pero, \u00bfcu\u00e1l es el origen de la celebraci\u00f3n? Aqu\u00ed te daremos algunos datos que probablemente desconoc\u00edas sobre el D\u00eda de las Madres: 1. D\u00eda: El d\u00eda en que se celebra a las mam\u00e1s var\u00eda de pa\u00eds en pa\u00eds por ejemplo en lugares como Estados Unidos, Canad\u00e1, Brasil, Chile, Colombia, Cuba, Per\u00fa, Venezuela y Uruguay se celebra el segundo domingo de mayo. Mientras que en M\u00e9xico se celebra el 10 de mayo, en Bolivia el 27 de mayo, en Rep\u00fablica Dominicana el primer domingo de mayo, en Costa Rica el 5 de agosto, en Nicaragua el 3 de mayo y en Argentina el segundo o tercer domingo de octubre. 2. Antigua Grecia: La celebraci\u00f3n m\u00e1s antigua a la madre se remonta hasta Grecia durante el festival de primavera en honor a Rea, madre de J\u00fapiter, Zeus, Poseid\u00f3n, Hera y Hades que se celebraba cada a\u00f1o. 3. Cristianismo: Los cristianos decideron realizar una celebraci\u00f3n correspondiente a la Virgen Mar\u00eda durante el cuarto domingo de primavera. En el caso de M\u00e9xico la celebraci\u00f3n comenz\u00f3 en 1922 y se escogi\u00f3 el mes de mayo por ser el mes consagrado a la Virgen. 4. Origen: El origen de la celebraci\u00f3n se remonta a 1872 en Estados Unidos, cuando Julia Ward Howe, autora del Himno de Batalla de la Rep\u00fablica sugiri\u00f3 que la fecha fuera dedicada a honrar la paz y as\u00ed cada a\u00f1o en Boston se celebraron estos encuentros en honor al D\u00eda de las Madres. M\u00e1s tarde Anna Jarvis, una activista de Virginia Occidental quien dedic\u00f3 gran parte de su vida a la salubridad en comunidades Apalaches pidi\u00f3 que se consagrara el segundo domingo de mayo al D\u00eda de las Madres, esto le propici\u00f3 gran apoyo y logr\u00f3 que el Congreso de los Estados Unidos aprobara un proyecto de ley para esta celebraci\u00f3n. 5. Aprobaci\u00f3n del D\u00eda de las Madres: La ley fue aprobada en 1914 con el apoyo del entonces presidente de los Estados Unidos Woodrow Wilson. M\u00e1s tarde 40 pa\u00edses del mundo celebraron el D\u00eda de las Madres en fechas similares. V\u00eda: Actitud Fem<\/p>","protected":false},"author":13,"featured_media":887,"comment_status":"open","ping_status":"open","sticky":false,"template":"","format":"standard","meta":{"_uf_show_specific_survey":0,"_uf_disable_surveys":false,"footnotes":""},"categories":[9],"tags":[],"class_list":["post-11978","post","type-post","status-publish","format-standard","has-post-thumbnail","hentry","category-orgullo-latino"],"aioseo_notices":[],"yoast_head":"<!-- This site is optimized with the Yoast SEO plugin v27.5 - https:\/\/yoast.com\/product\/yoast-seo-wordpress\/ -->\n<title>5 datos que desconoc\u00edas sobre el D\u00eda de las Madres<\/title>\n<meta name=\"description\" content=\"5 datos que desconoc\u00edas sobre el D\u00eda de las Madres\" \/>\n<meta name=\"robots\" content=\"index, follow, max-snippet:-1, max-image-preview:large, max-video-preview:-1\" \/>\n<link rel=\"canonical\" href=\"https:\/\/accesolatino.org\/en\/5-datos-que-desconocias-sobre-el-dia-de-las-madres\/orgullo-latino\/\" \/>\n<meta property=\"og:locale\" content=\"en_US\" \/>\n<meta property=\"og:type\" content=\"article\" \/>\n<meta property=\"og:title\" content=\"5 datos que desconoc\u00edas sobre el D\u00eda de las Madres\" \/>\n<meta property=\"og:description\" content=\"5 datos que desconoc\u00edas sobre el D\u00eda de las Madres\" \/>\n<meta property=\"og:url\" content=\"https:\/\/accesolatino.org\/en\/5-datos-que-desconocias-sobre-el-dia-de-las-madres\/orgullo-latino\/\" \/>\n<meta property=\"og:site_name\" content=\"Acceso Latino\" \/>\n<meta property=\"article:publisher\" content=\"https:\/\/www.facebook.com\/AccesoLatinoOrg\" \/>\n<meta property=\"article:published_time\" content=\"2015-05-10T15:00:18+00:00\" \/>\n<meta property=\"article:modified_time\" content=\"2025-10-30T05:18:56+00:00\" \/>\n<meta name=\"author\" content=\"Noticias\" \/>\n<meta name=\"twitter:card\" content=\"summary_large_image\" \/>\n<meta name=\"twitter:creator\" content=\"@FAccLatino\" \/>\n<meta name=\"twitter:site\" content=\"@FAccLatino\" \/>\n<meta name=\"twitter:label1\" content=\"Written by\" \/>\n\t<meta name=\"twitter:data1\" content=\"Noticias\" \/>\n\t<meta name=\"twitter:label2\" content=\"Est. reading time\" \/>\n\t<meta name=\"twitter:data2\" content=\"2 minutes\" \/>\n<script type=\"application\/ld+json\" class=\"yoast-schema-graph\">{\"@context\":\"https:\\\/\\\/schema.org\",\"@graph\":[{\"@type\":\"Article\",\"@id\":\"https:\\\/\\\/accesolatino.org\\\/5-datos-que-desconocias-sobre-el-dia-de-las-madres\\\/orgullo-latino\\\/#article\",\"isPartOf\":{\"@id\":\"https:\\\/\\\/accesolatino.org\\\/5-datos-que-desconocias-sobre-el-dia-de-las-madres\\\/orgullo-latino\\\/\"},\"author\":{\"name\":\"Noticias\",\"@id\":\"https:\\\/\\\/accesolatino.org\\\/#\\\/schema\\\/person\\\/57bc3bfd2c357610a5255490ca4cd305\"},\"headline\":\"5 datos que desconoc\u00edas sobre el D\u00eda de las Madres\",\"datePublished\":\"2015-05-10T15:00:18+00:00\",\"dateModified\":\"2025-10-30T05:18:56+00:00\",\"mainEntityOfPage\":{\"@id\":\"https:\\\/\\\/accesolatino.org\\\/5-datos-que-desconocias-sobre-el-dia-de-las-madres\\\/orgullo-latino\\\/\"},\"wordCount\":421,\"commentCount\":0,\"publisher\":{\"@id\":\"https:\\\/\\\/accesolatino.org\\\/#organization\"},\"image\":{\"@id\":\"https:\\\/\\\/accesolatino.org\\\/5-datos-que-desconocias-sobre-el-dia-de-las-madres\\\/orgullo-latino\\\/#primaryimage\"},\"thumbnailUrl\":\"\",\"articleSection\":[\"Orgullo Latino\"],\"inLanguage\":\"en-US\",\"potentialAction\":[{\"@type\":\"CommentAction\",\"name\":\"Comment\",\"target\":[\"https:\\\/\\\/accesolatino.org\\\/5-datos-que-desconocias-sobre-el-dia-de-las-madres\\\/orgullo-latino\\\/#respond\"]}]},{\"@type\":\"WebPage\",\"@id\":\"https:\\\/\\\/accesolatino.org\\\/5-datos-que-desconocias-sobre-el-dia-de-las-madres\\\/orgullo-latino\\\/\",\"url\":\"https:\\\/\\\/accesolatino.org\\\/5-datos-que-desconocias-sobre-el-dia-de-las-madres\\\/orgullo-latino\\\/\",\"name\":\"5 datos que desconoc\u00edas sobre el D\u00eda de las Madres\",\"isPartOf\":{\"@id\":\"https:\\\/\\\/accesolatino.org\\\/#website\"},\"primaryImageOfPage\":{\"@id\":\"https:\\\/\\\/accesolatino.org\\\/5-datos-que-desconocias-sobre-el-dia-de-las-madres\\\/orgullo-latino\\\/#primaryimage\"},\"image\":{\"@id\":\"https:\\\/\\\/accesolatino.org\\\/5-datos-que-desconocias-sobre-el-dia-de-las-madres\\\/orgullo-latino\\\/#primaryimage\"},\"thumbnailUrl\":\"\",\"datePublished\":\"2015-05-10T15:00:18+00:00\",\"dateModified\":\"2025-10-30T05:18:56+00:00\",\"description\":\"5 datos que desconoc\u00edas sobre el D\u00eda de las Madres\",\"breadcrumb\":{\"@id\":\"https:\\\/\\\/accesolatino.org\\\/5-datos-que-desconocias-sobre-el-dia-de-las-madres\\\/orgullo-latino\\\/#breadcrumb\"},\"inLanguage\":\"en-US\",\"potentialAction\":[{\"@type\":\"ReadAction\",\"target\":[\"https:\\\/\\\/accesolatino.org\\\/5-datos-que-desconocias-sobre-el-dia-de-las-madres\\\/orgullo-latino\\\/\"]}]},{\"@type\":\"ImageObject\",\"inLanguage\":\"en-US\",\"@id\":\"https:\\\/\\\/accesolatino.org\\\/5-datos-que-desconocias-sobre-el-dia-de-las-madres\\\/orgullo-latino\\\/#primaryimage\",\"url\":\"\",\"contentUrl\":\"\"},{\"@type\":\"BreadcrumbList\",\"@id\":\"https:\\\/\\\/accesolatino.org\\\/5-datos-que-desconocias-sobre-el-dia-de-las-madres\\\/orgullo-latino\\\/#breadcrumb\",\"itemListElement\":[{\"@type\":\"ListItem\",\"position\":1,\"name\":\"Portada\",\"item\":\"https:\\\/\\\/accesolatino.org\\\/\"},{\"@type\":\"ListItem\",\"position\":2,\"name\":\"Orgullo Latino\",\"item\":\"https:\\\/\\\/accesolatino.org\\\/category\\\/orgullo-latino\\\/\"},{\"@type\":\"ListItem\",\"position\":3,\"name\":\"5 datos que desconoc\u00edas sobre el D\u00eda de las Madres\"}]},{\"@type\":\"WebSite\",\"@id\":\"https:\\\/\\\/accesolatino.org\\\/#website\",\"url\":\"https:\\\/\\\/accesolatino.org\\\/\",\"name\":\"Acceso Latino | Fundaci\u00f3n Carlos Slim\",\"description\":\"Fundaci\u00f3n Carlos Slim\",\"publisher\":{\"@id\":\"https:\\\/\\\/accesolatino.org\\\/#organization\"},\"potentialAction\":[{\"@type\":\"SearchAction\",\"target\":{\"@type\":\"EntryPoint\",\"urlTemplate\":\"https:\\\/\\\/accesolatino.org\\\/?s={search_term_string}\"},\"query-input\":{\"@type\":\"PropertyValueSpecification\",\"valueRequired\":true,\"valueName\":\"search_term_string\"}}],\"inLanguage\":\"en-US\"},{\"@type\":\"Organization\",\"@id\":\"https:\\\/\\\/accesolatino.org\\\/#organization\",\"name\":\"Acceso Latino | Fundaci\u00f3n Carlos Slim\",\"url\":\"https:\\\/\\\/accesolatino.org\\\/\",\"logo\":{\"@type\":\"ImageObject\",\"inLanguage\":\"en-US\",\"@id\":\"https:\\\/\\\/accesolatino.org\\\/#\\\/schema\\\/logo\\\/image\\\/\",\"url\":\"https:\\\/\\\/accesolatino.org\\\/wp-content\\\/uploads\\\/2021\\\/02\\\/logo-footer-acceso-latino.png\",\"contentUrl\":\"https:\\\/\\\/accesolatino.org\\\/wp-content\\\/uploads\\\/2021\\\/02\\\/logo-footer-acceso-latino.png\",\"width\":240,\"height\":40,\"caption\":\"Acceso Latino | Fundaci\u00f3n Carlos Slim\"},\"image\":{\"@id\":\"https:\\\/\\\/accesolatino.org\\\/#\\\/schema\\\/logo\\\/image\\\/\"},\"sameAs\":[\"https:\\\/\\\/www.facebook.com\\\/AccesoLatinoOrg\",\"https:\\\/\\\/x.com\\\/FAccLatino\"]},{\"@type\":\"Person\",\"@id\":\"https:\\\/\\\/accesolatino.org\\\/#\\\/schema\\\/person\\\/57bc3bfd2c357610a5255490ca4cd305\",\"name\":\"Noticias\"}]}<\/script>\n<!-- \/ Yoast SEO plugin. -->","yoast_head_json":{"title":"5 datos que desconoc\u00edas sobre el D\u00eda de las Madres","description":"5 datos que desconoc\u00edas sobre el D\u00eda de las Madres","robots":{"index":"index","follow":"follow","max-snippet":"max-snippet:-1","max-image-preview":"max-image-preview:large","max-video-preview":"max-video-preview:-1"},"canonical":"https:\/\/accesolatino.org\/en\/5-datos-que-desconocias-sobre-el-dia-de-las-madres\/orgullo-latino\/","og_locale":"en_US","og_type":"article","og_title":"5 datos que desconoc\u00edas sobre el D\u00eda de las Madres","og_description":"5 datos que desconoc\u00edas sobre el D\u00eda de las Madres","og_url":"https:\/\/accesolatino.org\/en\/5-datos-que-desconocias-sobre-el-dia-de-las-madres\/orgullo-latino\/","og_site_name":"Acceso Latino","article_publisher":"https:\/\/www.facebook.com\/AccesoLatinoOrg","article_published_time":"2015-05-10T15:00:18+00:00","article_modified_time":"2025-10-30T05:18:56+00:00","author":"Noticias","twitter_card":"summary_large_image","twitter_creator":"@FAccLatino","twitter_site":"@FAccLatino","twitter_misc":{"Written by":"Noticias","Est. reading time":"2 minutes"},"schema":{"@context":"https:\/\/schema.org","@graph":[{"@type":"Article","@id":"https:\/\/accesolatino.org\/5-datos-que-desconocias-sobre-el-dia-de-las-madres\/orgullo-latino\/#article","isPartOf":{"@id":"https:\/\/accesolatino.org\/5-datos-que-desconocias-sobre-el-dia-de-las-madres\/orgullo-latino\/"},"author":{"name":"Noticias","@id":"https:\/\/accesolatino.org\/#\/schema\/person\/57bc3bfd2c357610a5255490ca4cd305"},"headline":"5 datos que desconoc\u00edas sobre el D\u00eda de las Madres","datePublished":"2015-05-10T15:00:18+00:00","dateModified":"2025-10-30T05:18:56+00:00","mainEntityOfPage":{"@id":"https:\/\/accesolatino.org\/5-datos-que-desconocias-sobre-el-dia-de-las-madres\/orgullo-latino\/"},"wordCount":421,"commentCount":0,"publisher":{"@id":"https:\/\/accesolatino.org\/#organization"},"image":{"@id":"https:\/\/accesolatino.org\/5-datos-que-desconocias-sobre-el-dia-de-las-madres\/orgullo-latino\/#primaryimage"},"thumbnailUrl":"","articleSection":["Orgullo Latino"],"inLanguage":"en-US","potentialAction":[{"@type":"CommentAction","name":"Comment","target":["https:\/\/accesolatino.org\/5-datos-que-desconocias-sobre-el-dia-de-las-madres\/orgullo-latino\/#respond"]}]},{"@type":"WebPage","@id":"https:\/\/accesolatino.org\/5-datos-que-desconocias-sobre-el-dia-de-las-madres\/orgullo-latino\/","url":"https:\/\/accesolatino.org\/5-datos-que-desconocias-sobre-el-dia-de-las-madres\/orgullo-latino\/","name":"5 datos que desconoc\u00edas sobre el D\u00eda de las Madres","isPartOf":{"@id":"https:\/\/accesolatino.org\/#website"},"primaryImageOfPage":{"@id":"https:\/\/accesolatino.org\/5-datos-que-desconocias-sobre-el-dia-de-las-madres\/orgullo-latino\/#primaryimage"},"image":{"@id":"https:\/\/accesolatino.org\/5-datos-que-desconocias-sobre-el-dia-de-las-madres\/orgullo-latino\/#primaryimage"},"thumbnailUrl":"","datePublished":"2015-05-10T15:00:18+00:00","dateModified":"2025-10-30T05:18:56+00:00","description":"5 datos que desconoc\u00edas sobre el D\u00eda de las Madres","breadcrumb":{"@id":"https:\/\/accesolatino.org\/5-datos-que-desconocias-sobre-el-dia-de-las-madres\/orgullo-latino\/#breadcrumb"},"inLanguage":"en-US","potentialAction":[{"@type":"ReadAction","target":["https:\/\/accesolatino.org\/5-datos-que-desconocias-sobre-el-dia-de-las-madres\/orgullo-latino\/"]}]},{"@type":"ImageObject","inLanguage":"en-US","@id":"https:\/\/accesolatino.org\/5-datos-que-desconocias-sobre-el-dia-de-las-madres\/orgullo-latino\/#primaryimage","url":"","contentUrl":""},{"@type":"BreadcrumbList","@id":"https:\/\/accesolatino.org\/5-datos-que-desconocias-sobre-el-dia-de-las-madres\/orgullo-latino\/#breadcrumb","itemListElement":[{"@type":"ListItem","position":1,"name":"Portada","item":"https:\/\/accesolatino.org\/"},{"@type":"ListItem","position":2,"name":"Orgullo Latino","item":"https:\/\/accesolatino.org\/category\/orgullo-latino\/"},{"@type":"ListItem","position":3,"name":"5 datos que desconoc\u00edas sobre el D\u00eda de las Madres"}]},{"@type":"WebSite","@id":"https:\/\/accesolatino.org\/#website","url":"https:\/\/accesolatino.org\/","name":"Acceso Latino | Fundaci\u00f3n Carlos Slim","description":"Fundaci\u00f3n Carlos Slim","publisher":{"@id":"https:\/\/accesolatino.org\/#organization"},"potentialAction":[{"@type":"SearchAction","target":{"@type":"EntryPoint","urlTemplate":"https:\/\/accesolatino.org\/?s={search_term_string}"},"query-input":{"@type":"PropertyValueSpecification","valueRequired":true,"valueName":"search_term_string"}}],"inLanguage":"en-US"},{"@type":"Organization","@id":"https:\/\/accesolatino.org\/#organization","name":"Acceso Latino | Fundaci\u00f3n Carlos Slim","url":"https:\/\/accesolatino.org\/","logo":{"@type":"ImageObject","inLanguage":"en-US","@id":"https:\/\/accesolatino.org\/#\/schema\/logo\/image\/","url":"https:\/\/accesolatino.org\/wp-content\/uploads\/2021\/02\/logo-footer-acceso-latino.png","contentUrl":"https:\/\/accesolatino.org\/wp-content\/uploads\/2021\/02\/logo-footer-acceso-latino.png","width":240,"height":40,"caption":"Acceso Latino | Fundaci\u00f3n Carlos Slim"},"image":{"@id":"https:\/\/accesolatino.org\/#\/schema\/logo\/image\/"},"sameAs":["https:\/\/www.facebook.com\/AccesoLatinoOrg","https:\/\/x.com\/FAccLatino"]},{"@type":"Person","@id":"https:\/\/accesolatino.org\/#\/schema\/person\/57bc3bfd2c357610a5255490ca4cd305","name":"News"}]}},"_links":{"self":[{"href":"https:\/\/accesolatino.org\/en\/wp-json\/wp\/v2\/posts\/11978","targetHints":{"allow":["GET"]}}],"collection":[{"href":"https:\/\/accesolatino.org\/en\/wp-json\/wp\/v2\/posts"}],"about":[{"href":"https:\/\/accesolatino.org\/en\/wp-json\/wp\/v2\/types\/post"}],"author":[{"embeddable":true,"href":"https:\/\/accesolatino.org\/en\/wp-json\/wp\/v2\/users\/13"}],"replies":[{"embeddable":true,"href":"https:\/\/accesolatino.org\/en\/wp-json\/wp\/v2\/comments?post=11978"}],"version-history":[{"count":1,"href":"https:\/\/accesolatino.org\/en\/wp-json\/wp\/v2\/posts\/11978\/revisions"}],"predecessor-version":[{"id":68301,"href":"https:\/\/accesolatino.org\/en\/wp-json\/wp\/v2\/posts\/11978\/revisions\/68301"}],"wp:featuredmedia":[{"embeddable":true,"href":"https:\/\/accesolatino.org\/en\/wp-json\/"}],"wp:attachment":[{"href":"https:\/\/accesolatino.org\/en\/wp-json\/wp\/v2\/media?parent=11978"}],"wp:term":[{"taxonomy":"category","embeddable":true,"href":"https:\/\/accesolatino.org\/en\/wp-json\/wp\/v2\/categories?post=11978"},{"taxonomy":"post_tag","embeddable":true,"href":"https:\/\/accesolatino.org\/en\/wp-json\/wp\/v2\/tags?post=11978"}],"curies":[{"name":"wp","href":"https:\/\/api.w.org\/{rel}","templated":true}]}}