{"id":11963,"date":"2018-04-23T13:51:27","date_gmt":"2018-04-23T18:51:27","guid":{"rendered":"https:\/\/accesolatino.org\/?p=11963"},"modified":"2025-10-27T13:13:09","modified_gmt":"2025-10-27T19:13:09","slug":"migrante-ecuatoriana-una-de-las-100-personas-mas-influyentes-del-mundo","status":"publish","type":"post","link":"https:\/\/accesolatino.org\/en\/migrante-ecuatoriana-una-de-las-100-personas-mas-influyentes-del-mundo\/orgullo-latino\/","title":{"rendered":"Migrante ecuatoriana, una de las 100 personas m\u00e1s influyentes del mundo"},"content":{"rendered":"<p>En defensa de los inmigrantes, la ecuatoriana Cristina Jim\u00e9nez, cofundadora y directora ejecutiva de \u201cUnited We Dream\u201d,&nbsp; lleva gran parte de su carrera recorriendo pasillos del Congreso y en protestas callejeras exigiendo el cese a las deportaciones, y ahora la revista \u201cTime\u201d la incluy\u00f3 entre los \u201c100 m\u00e1s influyentes del mundo\u201d,&nbsp; junto con el presidente de Estados Unidos.<\/p>\n<p>Esta distinci\u00f3n se suma a las celebraciones por el d\u00e9cimo aniversario de \u201cUnited We Dream\u201d, que desde 2008 ha enarbolado la causa de los inmigrantes indocumentados, y ha dado mayor visibilidad al movimiento de los \u201cdreamers\u201d en Estados Unidos.<\/p>\n<p>Jim\u00e9nez, quien emigr\u00f3 con su familia de Quito (Ecuador) cuando apenas ten\u00eda 13 a\u00f1os, comparte el reconocimiento con otras figuras, todas clasificadas entre pioneros, artistas, l\u00edderes del mundo pol\u00edtico,&nbsp; \u201c\u00edconos\u201d de movimientos populares, y \u201ctitanes\u201d del mundo empresarial.<\/p>\n<p>As\u00ed, la lista incluye, por ejemplo, al presidente de EUA, al fiscal especial Bob Mueller, que investiga la trama rusa en las elecciones de 2016, y al fiscal general Jeff Sessions.<\/p>\n<p>Jim\u00e9nez dijo que se trata de un \u201cincre\u00edble reconocimiento de los miles de j\u00f3venes inmigrantes y sus familias en United We Dream que luchan por frenar las deportaciones y que con valent\u00eda declaran que estamos #AcaParaQuedarnos\u201d.<\/p>\n<p>In <strong>Acceso Latino<\/strong> encontrar\u00e1s herramientas en l\u00ednea que te ayudar\u00e1n a permanecer en Estados Unidos, tales como un directorio de abogados expertos en materia migrante y una plataforma que te acompa\u00f1a <a title=\"\" href=\"https:\/\/ciudadanizate.accesolatino.org\/#video3\">paso a paso para obtener tu ciudadan\u00eda americana<\/a>.<\/p>","protected":false},"excerpt":{"rendered":"<p>En defensa de los inmigrantes, la ecuatoriana Cristina Jim\u00e9nez, cofundadora y directora ejecutiva de \u201cUnited We Dream\u201d,&nbsp; lleva gran parte de su carrera recorriendo pasillos del Congreso y en protestas callejeras exigiendo el cese a las deportaciones, y ahora la revista \u201cTime\u201d la incluy\u00f3 entre los \u201c100 m\u00e1s influyentes del mundo\u201d,&nbsp; junto con el presidente de Estados Unidos. Esta distinci\u00f3n se suma a las celebraciones por el d\u00e9cimo aniversario de \u201cUnited We Dream\u201d, que desde 2008 ha enarbolado la causa de los inmigrantes indocumentados, y ha dado mayor visibilidad al movimiento de los \u201cdreamers\u201d en Estados Unidos. Jim\u00e9nez, quien emigr\u00f3 con su familia de Quito (Ecuador) cuando apenas ten\u00eda 13 a\u00f1os, comparte el reconocimiento con otras figuras, todas clasificadas entre pioneros, artistas, l\u00edderes del mundo pol\u00edtico,&nbsp; \u201c\u00edconos\u201d de movimientos populares, y \u201ctitanes\u201d del mundo empresarial. As\u00ed, la lista incluye, por ejemplo, al presidente de EUA, al fiscal especial Bob Mueller, que investiga la trama rusa en las elecciones de 2016, y al fiscal general Jeff Sessions. Jim\u00e9nez dijo que se trata de un \u201cincre\u00edble reconocimiento de los miles de j\u00f3venes inmigrantes y sus familias en United We Dream que luchan por frenar las deportaciones y que con valent\u00eda declaran que estamos #AcaParaQuedarnos\u201d. En Acceso Latino encontrar\u00e1s herramientas en l\u00ednea que te ayudar\u00e1n a permanecer en Estados Unidos, tales como un directorio de abogados expertos en materia migrante y una plataforma que te acompa\u00f1a paso a paso para obtener tu ciudadan\u00eda americana.<\/p>","protected":false},"author":13,"featured_media":13418,"comment_status":"open","ping_status":"open","sticky":false,"template":"","format":"standard","meta":{"_uf_show_specific_survey":0,"_uf_disable_surveys":false,"footnotes":""},"categories":[9],"tags":[],"class_list":["post-11963","post","type-post","status-publish","format-standard","has-post-thumbnail","hentry","category-orgullo-latino"],"aioseo_notices":[],"yoast_head":"<!-- This site is optimized with the Yoast SEO plugin v27.5 - https:\/\/yoast.com\/product\/yoast-seo-wordpress\/ -->\n<title>Migrante ecuatoriana, una de las 100 personas m\u00e1s influyentes del mundo<\/title>\n<meta name=\"description\" content=\"En defensa de los inmigrantes, la ecuatoriana Cristina Jim\u00e9nez, cofundadora y directora ejecutiva de \u201cUnited We Dream\u201d, lleva gran parte de su carrera recorriendo pasillos del Congreso y en protestas callejeras exigiendo el cese a las deportaciones.\" \/>\n<meta name=\"robots\" content=\"index, follow, max-snippet:-1, max-image-preview:large, max-video-preview:-1\" \/>\n<link rel=\"canonical\" href=\"https:\/\/accesolatino.org\/en\/migrante-ecuatoriana-una-de-las-100-personas-mas-influyentes-del-mundo\/orgullo-latino\/\" \/>\n<meta property=\"og:locale\" content=\"en_US\" \/>\n<meta property=\"og:type\" content=\"article\" \/>\n<meta property=\"og:title\" content=\"Migrante ecuatoriana, una de las 100 personas m\u00e1s influyentes del mundo\" \/>\n<meta property=\"og:description\" content=\"En defensa de los inmigrantes, la ecuatoriana Cristina Jim\u00e9nez, cofundadora y directora ejecutiva de \u201cUnited We Dream\u201d, lleva gran parte de su carrera recorriendo pasillos del Congreso y en protestas callejeras exigiendo el cese a las deportaciones.\" \/>\n<meta property=\"og:url\" content=\"https:\/\/accesolatino.org\/en\/migrante-ecuatoriana-una-de-las-100-personas-mas-influyentes-del-mundo\/orgullo-latino\/\" \/>\n<meta property=\"og:site_name\" content=\"Acceso Latino\" \/>\n<meta property=\"article:publisher\" content=\"https:\/\/www.facebook.com\/AccesoLatinoOrg\" \/>\n<meta property=\"article:published_time\" content=\"2018-04-23T18:51:27+00:00\" \/>\n<meta property=\"article:modified_time\" content=\"2025-10-27T19:13:09+00:00\" \/>\n<meta property=\"og:image\" content=\"https:\/\/accesolatino.org\/wp-content\/uploads\/2018\/05\/Migrante-ecuatoriana-una-de-las-100-personas-mas-i.jpg\" \/>\n\t<meta property=\"og:image:width\" content=\"600\" \/>\n\t<meta property=\"og:image:height\" content=\"338\" \/>\n\t<meta property=\"og:image:type\" content=\"image\/jpeg\" \/>\n<meta name=\"author\" content=\"Noticias\" \/>\n<meta name=\"twitter:card\" content=\"summary_large_image\" \/>\n<meta name=\"twitter:creator\" content=\"@FAccLatino\" \/>\n<meta name=\"twitter:site\" content=\"@FAccLatino\" \/>\n<meta name=\"twitter:label1\" content=\"Written by\" \/>\n\t<meta name=\"twitter:data1\" content=\"Noticias\" \/>\n\t<meta name=\"twitter:label2\" content=\"Est. reading time\" \/>\n\t<meta name=\"twitter:data2\" content=\"2 minutes\" \/>\n<script type=\"application\/ld+json\" class=\"yoast-schema-graph\">{\"@context\":\"https:\\\/\\\/schema.org\",\"@graph\":[{\"@type\":\"Article\",\"@id\":\"https:\\\/\\\/accesolatino.org\\\/migrante-ecuatoriana-una-de-las-100-personas-mas-influyentes-del-mundo\\\/orgullo-latino\\\/#article\",\"isPartOf\":{\"@id\":\"https:\\\/\\\/accesolatino.org\\\/migrante-ecuatoriana-una-de-las-100-personas-mas-influyentes-del-mundo\\\/orgullo-latino\\\/\"},\"author\":{\"name\":\"Noticias\",\"@id\":\"https:\\\/\\\/accesolatino.org\\\/#\\\/schema\\\/person\\\/57bc3bfd2c357610a5255490ca4cd305\"},\"headline\":\"Migrante ecuatoriana, una de las 100 personas m\u00e1s influyentes del mundo\",\"datePublished\":\"2018-04-23T18:51:27+00:00\",\"dateModified\":\"2025-10-27T19:13:09+00:00\",\"mainEntityOfPage\":{\"@id\":\"https:\\\/\\\/accesolatino.org\\\/migrante-ecuatoriana-una-de-las-100-personas-mas-influyentes-del-mundo\\\/orgullo-latino\\\/\"},\"wordCount\":269,\"commentCount\":0,\"publisher\":{\"@id\":\"https:\\\/\\\/accesolatino.org\\\/#organization\"},\"image\":{\"@id\":\"https:\\\/\\\/accesolatino.org\\\/migrante-ecuatoriana-una-de-las-100-personas-mas-influyentes-del-mundo\\\/orgullo-latino\\\/#primaryimage\"},\"thumbnailUrl\":\"https:\\\/\\\/accesolatino.org\\\/wp-content\\\/uploads\\\/2018\\\/05\\\/Migrante-ecuatoriana-una-de-las-100-personas-mas-i.jpg\",\"articleSection\":[\"Orgullo Latino\"],\"inLanguage\":\"en-US\",\"potentialAction\":[{\"@type\":\"CommentAction\",\"name\":\"Comment\",\"target\":[\"https:\\\/\\\/accesolatino.org\\\/migrante-ecuatoriana-una-de-las-100-personas-mas-influyentes-del-mundo\\\/orgullo-latino\\\/#respond\"]}]},{\"@type\":\"WebPage\",\"@id\":\"https:\\\/\\\/accesolatino.org\\\/migrante-ecuatoriana-una-de-las-100-personas-mas-influyentes-del-mundo\\\/orgullo-latino\\\/\",\"url\":\"https:\\\/\\\/accesolatino.org\\\/migrante-ecuatoriana-una-de-las-100-personas-mas-influyentes-del-mundo\\\/orgullo-latino\\\/\",\"name\":\"Migrante ecuatoriana, una de las 100 personas m\u00e1s influyentes del mundo\",\"isPartOf\":{\"@id\":\"https:\\\/\\\/accesolatino.org\\\/#website\"},\"primaryImageOfPage\":{\"@id\":\"https:\\\/\\\/accesolatino.org\\\/migrante-ecuatoriana-una-de-las-100-personas-mas-influyentes-del-mundo\\\/orgullo-latino\\\/#primaryimage\"},\"image\":{\"@id\":\"https:\\\/\\\/accesolatino.org\\\/migrante-ecuatoriana-una-de-las-100-personas-mas-influyentes-del-mundo\\\/orgullo-latino\\\/#primaryimage\"},\"thumbnailUrl\":\"https:\\\/\\\/accesolatino.org\\\/wp-content\\\/uploads\\\/2018\\\/05\\\/Migrante-ecuatoriana-una-de-las-100-personas-mas-i.jpg\",\"datePublished\":\"2018-04-23T18:51:27+00:00\",\"dateModified\":\"2025-10-27T19:13:09+00:00\",\"description\":\"En defensa de los inmigrantes, la ecuatoriana Cristina Jim\u00e9nez, cofundadora y directora ejecutiva de \u201cUnited We Dream\u201d, lleva gran parte de su carrera recorriendo pasillos del Congreso y en protestas callejeras exigiendo el cese a las deportaciones.\",\"breadcrumb\":{\"@id\":\"https:\\\/\\\/accesolatino.org\\\/migrante-ecuatoriana-una-de-las-100-personas-mas-influyentes-del-mundo\\\/orgullo-latino\\\/#breadcrumb\"},\"inLanguage\":\"en-US\",\"potentialAction\":[{\"@type\":\"ReadAction\",\"target\":[\"https:\\\/\\\/accesolatino.org\\\/migrante-ecuatoriana-una-de-las-100-personas-mas-influyentes-del-mundo\\\/orgullo-latino\\\/\"]}]},{\"@type\":\"ImageObject\",\"inLanguage\":\"en-US\",\"@id\":\"https:\\\/\\\/accesolatino.org\\\/migrante-ecuatoriana-una-de-las-100-personas-mas-influyentes-del-mundo\\\/orgullo-latino\\\/#primaryimage\",\"url\":\"https:\\\/\\\/accesolatino.org\\\/wp-content\\\/uploads\\\/2018\\\/05\\\/Migrante-ecuatoriana-una-de-las-100-personas-mas-i.jpg\",\"contentUrl\":\"https:\\\/\\\/accesolatino.org\\\/wp-content\\\/uploads\\\/2018\\\/05\\\/Migrante-ecuatoriana-una-de-las-100-personas-mas-i.jpg\",\"width\":\"600\",\"height\":\"338\",\"caption\":\"Migrante-ecuatoriana-una-de-las-100-personas-mas-i\"},{\"@type\":\"BreadcrumbList\",\"@id\":\"https:\\\/\\\/accesolatino.org\\\/migrante-ecuatoriana-una-de-las-100-personas-mas-influyentes-del-mundo\\\/orgullo-latino\\\/#breadcrumb\",\"itemListElement\":[{\"@type\":\"ListItem\",\"position\":1,\"name\":\"Portada\",\"item\":\"https:\\\/\\\/accesolatino.org\\\/\"},{\"@type\":\"ListItem\",\"position\":2,\"name\":\"Orgullo Latino\",\"item\":\"https:\\\/\\\/accesolatino.org\\\/category\\\/orgullo-latino\\\/\"},{\"@type\":\"ListItem\",\"position\":3,\"name\":\"Migrante ecuatoriana, una de las 100 personas m\u00e1s influyentes del mundo\"}]},{\"@type\":\"WebSite\",\"@id\":\"https:\\\/\\\/accesolatino.org\\\/#website\",\"url\":\"https:\\\/\\\/accesolatino.org\\\/\",\"name\":\"Acceso Latino | Fundaci\u00f3n Carlos Slim\",\"description\":\"Fundaci\u00f3n Carlos Slim\",\"publisher\":{\"@id\":\"https:\\\/\\\/accesolatino.org\\\/#organization\"},\"potentialAction\":[{\"@type\":\"SearchAction\",\"target\":{\"@type\":\"EntryPoint\",\"urlTemplate\":\"https:\\\/\\\/accesolatino.org\\\/?s={search_term_string}\"},\"query-input\":{\"@type\":\"PropertyValueSpecification\",\"valueRequired\":true,\"valueName\":\"search_term_string\"}}],\"inLanguage\":\"en-US\"},{\"@type\":\"Organization\",\"@id\":\"https:\\\/\\\/accesolatino.org\\\/#organization\",\"name\":\"Acceso Latino | Fundaci\u00f3n Carlos Slim\",\"url\":\"https:\\\/\\\/accesolatino.org\\\/\",\"logo\":{\"@type\":\"ImageObject\",\"inLanguage\":\"en-US\",\"@id\":\"https:\\\/\\\/accesolatino.org\\\/#\\\/schema\\\/logo\\\/image\\\/\",\"url\":\"https:\\\/\\\/accesolatino.org\\\/wp-content\\\/uploads\\\/2021\\\/02\\\/logo-footer-acceso-latino.png\",\"contentUrl\":\"https:\\\/\\\/accesolatino.org\\\/wp-content\\\/uploads\\\/2021\\\/02\\\/logo-footer-acceso-latino.png\",\"width\":240,\"height\":40,\"caption\":\"Acceso Latino | Fundaci\u00f3n Carlos Slim\"},\"image\":{\"@id\":\"https:\\\/\\\/accesolatino.org\\\/#\\\/schema\\\/logo\\\/image\\\/\"},\"sameAs\":[\"https:\\\/\\\/www.facebook.com\\\/AccesoLatinoOrg\",\"https:\\\/\\\/x.com\\\/FAccLatino\"]},{\"@type\":\"Person\",\"@id\":\"https:\\\/\\\/accesolatino.org\\\/#\\\/schema\\\/person\\\/57bc3bfd2c357610a5255490ca4cd305\",\"name\":\"Noticias\"}]}<\/script>\n<!-- \/ Yoast SEO plugin. -->","yoast_head_json":{"title":"Migrante ecuatoriana, una de las 100 personas m\u00e1s influyentes del mundo","description":"En defensa de los inmigrantes, la ecuatoriana Cristina Jim\u00e9nez, cofundadora y directora ejecutiva de \u201cUnited We Dream\u201d, lleva gran parte de su carrera recorriendo pasillos del Congreso y en protestas callejeras exigiendo el cese a las deportaciones.","robots":{"index":"index","follow":"follow","max-snippet":"max-snippet:-1","max-image-preview":"max-image-preview:large","max-video-preview":"max-video-preview:-1"},"canonical":"https:\/\/accesolatino.org\/en\/migrante-ecuatoriana-una-de-las-100-personas-mas-influyentes-del-mundo\/orgullo-latino\/","og_locale":"en_US","og_type":"article","og_title":"Migrante ecuatoriana, una de las 100 personas m\u00e1s influyentes del mundo","og_description":"En defensa de los inmigrantes, la ecuatoriana Cristina Jim\u00e9nez, cofundadora y directora ejecutiva de \u201cUnited We Dream\u201d, lleva gran parte de su carrera recorriendo pasillos del Congreso y en protestas callejeras exigiendo el cese a las deportaciones.","og_url":"https:\/\/accesolatino.org\/en\/migrante-ecuatoriana-una-de-las-100-personas-mas-influyentes-del-mundo\/orgullo-latino\/","og_site_name":"Acceso Latino","article_publisher":"https:\/\/www.facebook.com\/AccesoLatinoOrg","article_published_time":"2018-04-23T18:51:27+00:00","article_modified_time":"2025-10-27T19:13:09+00:00","og_image":[{"width":600,"height":338,"url":"https:\/\/accesolatino.org\/wp-content\/uploads\/2018\/05\/Migrante-ecuatoriana-una-de-las-100-personas-mas-i.jpg","type":"image\/jpeg"}],"author":"Noticias","twitter_card":"summary_large_image","twitter_creator":"@FAccLatino","twitter_site":"@FAccLatino","twitter_misc":{"Written by":"Noticias","Est. reading time":"2 minutes"},"schema":{"@context":"https:\/\/schema.org","@graph":[{"@type":"Article","@id":"https:\/\/accesolatino.org\/migrante-ecuatoriana-una-de-las-100-personas-mas-influyentes-del-mundo\/orgullo-latino\/#article","isPartOf":{"@id":"https:\/\/accesolatino.org\/migrante-ecuatoriana-una-de-las-100-personas-mas-influyentes-del-mundo\/orgullo-latino\/"},"author":{"name":"Noticias","@id":"https:\/\/accesolatino.org\/#\/schema\/person\/57bc3bfd2c357610a5255490ca4cd305"},"headline":"Migrante ecuatoriana, una de las 100 personas m\u00e1s influyentes del mundo","datePublished":"2018-04-23T18:51:27+00:00","dateModified":"2025-10-27T19:13:09+00:00","mainEntityOfPage":{"@id":"https:\/\/accesolatino.org\/migrante-ecuatoriana-una-de-las-100-personas-mas-influyentes-del-mundo\/orgullo-latino\/"},"wordCount":269,"commentCount":0,"publisher":{"@id":"https:\/\/accesolatino.org\/#organization"},"image":{"@id":"https:\/\/accesolatino.org\/migrante-ecuatoriana-una-de-las-100-personas-mas-influyentes-del-mundo\/orgullo-latino\/#primaryimage"},"thumbnailUrl":"https:\/\/accesolatino.org\/wp-content\/uploads\/2018\/05\/Migrante-ecuatoriana-una-de-las-100-personas-mas-i.jpg","articleSection":["Orgullo Latino"],"inLanguage":"en-US","potentialAction":[{"@type":"CommentAction","name":"Comment","target":["https:\/\/accesolatino.org\/migrante-ecuatoriana-una-de-las-100-personas-mas-influyentes-del-mundo\/orgullo-latino\/#respond"]}]},{"@type":"WebPage","@id":"https:\/\/accesolatino.org\/migrante-ecuatoriana-una-de-las-100-personas-mas-influyentes-del-mundo\/orgullo-latino\/","url":"https:\/\/accesolatino.org\/migrante-ecuatoriana-una-de-las-100-personas-mas-influyentes-del-mundo\/orgullo-latino\/","name":"Migrante ecuatoriana, una de las 100 personas m\u00e1s influyentes del mundo","isPartOf":{"@id":"https:\/\/accesolatino.org\/#website"},"primaryImageOfPage":{"@id":"https:\/\/accesolatino.org\/migrante-ecuatoriana-una-de-las-100-personas-mas-influyentes-del-mundo\/orgullo-latino\/#primaryimage"},"image":{"@id":"https:\/\/accesolatino.org\/migrante-ecuatoriana-una-de-las-100-personas-mas-influyentes-del-mundo\/orgullo-latino\/#primaryimage"},"thumbnailUrl":"https:\/\/accesolatino.org\/wp-content\/uploads\/2018\/05\/Migrante-ecuatoriana-una-de-las-100-personas-mas-i.jpg","datePublished":"2018-04-23T18:51:27+00:00","dateModified":"2025-10-27T19:13:09+00:00","description":"En defensa de los inmigrantes, la ecuatoriana Cristina Jim\u00e9nez, cofundadora y directora ejecutiva de \u201cUnited We Dream\u201d, lleva gran parte de su carrera recorriendo pasillos del Congreso y en protestas callejeras exigiendo el cese a las deportaciones.","breadcrumb":{"@id":"https:\/\/accesolatino.org\/migrante-ecuatoriana-una-de-las-100-personas-mas-influyentes-del-mundo\/orgullo-latino\/#breadcrumb"},"inLanguage":"en-US","potentialAction":[{"@type":"ReadAction","target":["https:\/\/accesolatino.org\/migrante-ecuatoriana-una-de-las-100-personas-mas-influyentes-del-mundo\/orgullo-latino\/"]}]},{"@type":"ImageObject","inLanguage":"en-US","@id":"https:\/\/accesolatino.org\/migrante-ecuatoriana-una-de-las-100-personas-mas-influyentes-del-mundo\/orgullo-latino\/#primaryimage","url":"https:\/\/accesolatino.org\/wp-content\/uploads\/2018\/05\/Migrante-ecuatoriana-una-de-las-100-personas-mas-i.jpg","contentUrl":"https:\/\/accesolatino.org\/wp-content\/uploads\/2018\/05\/Migrante-ecuatoriana-una-de-las-100-personas-mas-i.jpg","width":"600","height":"338","caption":"Migrante-ecuatoriana-una-de-las-100-personas-mas-i"},{"@type":"BreadcrumbList","@id":"https:\/\/accesolatino.org\/migrante-ecuatoriana-una-de-las-100-personas-mas-influyentes-del-mundo\/orgullo-latino\/#breadcrumb","itemListElement":[{"@type":"ListItem","position":1,"name":"Portada","item":"https:\/\/accesolatino.org\/"},{"@type":"ListItem","position":2,"name":"Orgullo Latino","item":"https:\/\/accesolatino.org\/category\/orgullo-latino\/"},{"@type":"ListItem","position":3,"name":"Migrante ecuatoriana, una de las 100 personas m\u00e1s influyentes del mundo"}]},{"@type":"WebSite","@id":"https:\/\/accesolatino.org\/#website","url":"https:\/\/accesolatino.org\/","name":"Acceso Latino | Fundaci\u00f3n Carlos Slim","description":"Fundaci\u00f3n Carlos Slim","publisher":{"@id":"https:\/\/accesolatino.org\/#organization"},"potentialAction":[{"@type":"SearchAction","target":{"@type":"EntryPoint","urlTemplate":"https:\/\/accesolatino.org\/?s={search_term_string}"},"query-input":{"@type":"PropertyValueSpecification","valueRequired":true,"valueName":"search_term_string"}}],"inLanguage":"en-US"},{"@type":"Organization","@id":"https:\/\/accesolatino.org\/#organization","name":"Acceso Latino | Fundaci\u00f3n Carlos Slim","url":"https:\/\/accesolatino.org\/","logo":{"@type":"ImageObject","inLanguage":"en-US","@id":"https:\/\/accesolatino.org\/#\/schema\/logo\/image\/","url":"https:\/\/accesolatino.org\/wp-content\/uploads\/2021\/02\/logo-footer-acceso-latino.png","contentUrl":"https:\/\/accesolatino.org\/wp-content\/uploads\/2021\/02\/logo-footer-acceso-latino.png","width":240,"height":40,"caption":"Acceso Latino | Fundaci\u00f3n Carlos Slim"},"image":{"@id":"https:\/\/accesolatino.org\/#\/schema\/logo\/image\/"},"sameAs":["https:\/\/www.facebook.com\/AccesoLatinoOrg","https:\/\/x.com\/FAccLatino"]},{"@type":"Person","@id":"https:\/\/accesolatino.org\/#\/schema\/person\/57bc3bfd2c357610a5255490ca4cd305","name":"News"}]}},"_links":{"self":[{"href":"https:\/\/accesolatino.org\/en\/wp-json\/wp\/v2\/posts\/11963","targetHints":{"allow":["GET"]}}],"collection":[{"href":"https:\/\/accesolatino.org\/en\/wp-json\/wp\/v2\/posts"}],"about":[{"href":"https:\/\/accesolatino.org\/en\/wp-json\/wp\/v2\/types\/post"}],"author":[{"embeddable":true,"href":"https:\/\/accesolatino.org\/en\/wp-json\/wp\/v2\/users\/13"}],"replies":[{"embeddable":true,"href":"https:\/\/accesolatino.org\/en\/wp-json\/wp\/v2\/comments?post=11963"}],"version-history":[{"count":1,"href":"https:\/\/accesolatino.org\/en\/wp-json\/wp\/v2\/posts\/11963\/revisions"}],"predecessor-version":[{"id":66683,"href":"https:\/\/accesolatino.org\/en\/wp-json\/wp\/v2\/posts\/11963\/revisions\/66683"}],"wp:featuredmedia":[{"embeddable":true,"href":"https:\/\/accesolatino.org\/en\/wp-json\/wp\/v2\/media\/13418"}],"wp:attachment":[{"href":"https:\/\/accesolatino.org\/en\/wp-json\/wp\/v2\/media?parent=11963"}],"wp:term":[{"taxonomy":"category","embeddable":true,"href":"https:\/\/accesolatino.org\/en\/wp-json\/wp\/v2\/categories?post=11963"},{"taxonomy":"post_tag","embeddable":true,"href":"https:\/\/accesolatino.org\/en\/wp-json\/wp\/v2\/tags?post=11963"}],"curies":[{"name":"wp","href":"https:\/\/api.w.org\/{rel}","templated":true}]}}