{"id":11893,"date":"2018-04-09T12:06:20","date_gmt":"2018-04-09T17:06:20","guid":{"rendered":"https:\/\/accesolatino.org\/?p=11893"},"modified":"2025-10-27T13:15:11","modified_gmt":"2025-10-27T19:15:11","slug":"hondureno-recibe-apoyo-de-tu-gobierno-este-14-y-15-de-abril-en-el-consulado-movil-de-california","status":"publish","type":"post","link":"https:\/\/accesolatino.org\/en\/hondureno-recibe-apoyo-de-tu-gobierno-este-14-y-15-de-abril-en-el-consulado-movil-de-california\/noticias\/","title":{"rendered":"Hondure\u00f1o, recibe apoyo de tu gobierno este 14 y 15 de abril en el consulado m\u00f3vil de California"},"content":{"rendered":"<p>El Gobierno hondure\u00f1o dio a conocer que pondr\u00e1 en servicio un consulado m\u00f3vil el pr\u00f3ximo fin de semana en el estado de California para atender a sus nacionales residentes en esa regi\u00f3n.<\/p>\n<p>El consulado m\u00f3vil tendr\u00e1 su sede en la ciudad de Oakland los pr\u00f3ximos d\u00edas 14 y 15 de abril, detall\u00f3 la Secretar\u00eda de Relaciones Exteriores de Honduras en un comunicado.<\/p>\n<p>\u201cInvitamos a toda la poblaci\u00f3n de hondure\u00f1os que residen en las diferentes ciudades de Estados Unidos que puedan presentar su solicitudes de consulados m\u00f3viles ante las oficinas de nuestros consulados\u201d, dijo la directora de Asuntos Consulares de la Canciller\u00eda, Flavia Zamora.<\/p>\n<p>Los servicios que prestar\u00e1 esta delegaci\u00f3n ser\u00e1n la emisi\u00f3n de pasaportes y tarjetas de identificaci\u00f3n, los cuales estar\u00e1n a cargo de la delegaci\u00f3n hondure\u00f1a en San Francisco.<\/p>\n<p>Funcionarios del Instituto Nacional de Migraci\u00f3n, el Registro Nacional de las Personas y la Canciller\u00eda hondure\u00f1a forman parte del personal que conformar\u00e1 el consulado m\u00f3vil.<\/p>\n<p>In <strong>Acceso Latino<\/strong> accede a \u201cAyuda Legal\u201d en donde podr\u00e1s asesorarte con abogados migratorios, sin costo o a bajo costo, sobre dudas con tu estatus legal. Adem\u00e1s, encontrar\u00e1s otras herramientas gratuitas y en l\u00ednea para lograr tu permanencia legal en Estados Unidos.<\/p>","protected":false},"excerpt":{"rendered":"<p>El Gobierno hondure\u00f1o dio a conocer que pondr\u00e1 en servicio un consulado m\u00f3vil el pr\u00f3ximo fin de semana en el estado de California para atender a sus nacionales residentes en esa regi\u00f3n. El consulado m\u00f3vil tendr\u00e1 su sede en la ciudad de Oakland los pr\u00f3ximos d\u00edas 14 y 15 de abril, detall\u00f3 la Secretar\u00eda de Relaciones Exteriores de Honduras en un comunicado. \u201cInvitamos a toda la poblaci\u00f3n de hondure\u00f1os que residen en las diferentes ciudades de Estados Unidos que puedan presentar su solicitudes de consulados m\u00f3viles ante las oficinas de nuestros consulados\u201d, dijo la directora de Asuntos Consulares de la Canciller\u00eda, Flavia Zamora. Los servicios que prestar\u00e1 esta delegaci\u00f3n ser\u00e1n la emisi\u00f3n de pasaportes y tarjetas de identificaci\u00f3n, los cuales estar\u00e1n a cargo de la delegaci\u00f3n hondure\u00f1a en San Francisco. Funcionarios del Instituto Nacional de Migraci\u00f3n, el Registro Nacional de las Personas y la Canciller\u00eda hondure\u00f1a forman parte del personal que conformar\u00e1 el consulado m\u00f3vil. En Acceso Latino accede a \u201cAyuda Legal\u201d en donde podr\u00e1s asesorarte con abogados migratorios, sin costo o a bajo costo, sobre dudas con tu estatus legal. Adem\u00e1s, encontrar\u00e1s otras herramientas gratuitas y en l\u00ednea para lograr tu permanencia legal en Estados Unidos.<\/p>","protected":false},"author":1,"featured_media":11894,"comment_status":"open","ping_status":"open","sticky":false,"template":"elementor_header_footer","format":"standard","meta":{"_uf_show_specific_survey":0,"_uf_disable_surveys":false,"footnotes":""},"categories":[10,1],"tags":[],"class_list":["post-11893","post","type-post","status-publish","format-standard","has-post-thumbnail","hentry","category-noticias","category-temas-de-interes"],"aioseo_notices":[],"yoast_head":"<!-- This site is optimized with the Yoast SEO plugin v27.5 - https:\/\/yoast.com\/product\/yoast-seo-wordpress\/ -->\n<title>Hondure\u00f1o, recibe apoyo de tu gobierno este 14 y 15 de abril en el...<\/title>\n<meta name=\"description\" content=\"El Gobierno hondure\u00f1o dio a conocer que pondr\u00e1 en servicio un consulado m\u00f3vil el pr\u00f3ximo fin de semana en el estado de California para atender a sus nacionales residentes en esa regi\u00f3n.\" \/>\n<meta name=\"robots\" content=\"index, follow, max-snippet:-1, max-image-preview:large, max-video-preview:-1\" \/>\n<link rel=\"canonical\" href=\"https:\/\/accesolatino.org\/en\/hondureno-recibe-apoyo-de-tu-gobierno-este-14-y-15-de-abril-en-el-consulado-movil-de-california\/noticias\/\" \/>\n<meta property=\"og:locale\" content=\"en_US\" \/>\n<meta property=\"og:type\" content=\"article\" \/>\n<meta property=\"og:title\" content=\"Hondure\u00f1o, recibe apoyo de tu gobierno este 14 y 15 de abril en el...\" \/>\n<meta property=\"og:description\" content=\"El Gobierno hondure\u00f1o dio a conocer que pondr\u00e1 en servicio un consulado m\u00f3vil el pr\u00f3ximo fin de semana en el estado de California para atender a sus nacionales residentes en esa regi\u00f3n.\" \/>\n<meta property=\"og:url\" content=\"https:\/\/accesolatino.org\/en\/hondureno-recibe-apoyo-de-tu-gobierno-este-14-y-15-de-abril-en-el-consulado-movil-de-california\/noticias\/\" \/>\n<meta property=\"og:site_name\" content=\"Acceso Latino\" \/>\n<meta property=\"article:publisher\" content=\"https:\/\/www.facebook.com\/AccesoLatinoOrg\" \/>\n<meta property=\"article:published_time\" content=\"2018-04-09T17:06:20+00:00\" \/>\n<meta property=\"article:modified_time\" content=\"2025-10-27T19:15:11+00:00\" \/>\n<meta property=\"og:image\" content=\"https:\/\/accesolatino.org\/wp-content\/uploads\/2018\/04\/Hondureno-recibe-apoyo-de-tu-gobierno-este-14-y-15-de-abril-en-el-consulado-movil-de-California.jpg\" \/>\n\t<meta property=\"og:image:width\" content=\"600\" \/>\n\t<meta property=\"og:image:height\" content=\"338\" \/>\n\t<meta property=\"og:image:type\" content=\"image\/jpeg\" \/>\n<meta name=\"author\" content=\"admin\" \/>\n<meta name=\"twitter:card\" content=\"summary_large_image\" \/>\n<meta name=\"twitter:creator\" content=\"@FAccLatino\" \/>\n<meta name=\"twitter:site\" content=\"@FAccLatino\" \/>\n<meta name=\"twitter:label1\" content=\"Written by\" \/>\n\t<meta name=\"twitter:data1\" content=\"admin\" \/>\n\t<meta name=\"twitter:label2\" content=\"Est. reading time\" \/>\n\t<meta name=\"twitter:data2\" content=\"2 minutes\" \/>\n<script type=\"application\/ld+json\" class=\"yoast-schema-graph\">{\"@context\":\"https:\\\/\\\/schema.org\",\"@graph\":[{\"@type\":\"Article\",\"@id\":\"https:\\\/\\\/accesolatino.org\\\/hondureno-recibe-apoyo-de-tu-gobierno-este-14-y-15-de-abril-en-el-consulado-movil-de-california\\\/noticias\\\/#article\",\"isPartOf\":{\"@id\":\"https:\\\/\\\/accesolatino.org\\\/hondureno-recibe-apoyo-de-tu-gobierno-este-14-y-15-de-abril-en-el-consulado-movil-de-california\\\/noticias\\\/\"},\"author\":{\"name\":\"admin\",\"@id\":\"https:\\\/\\\/accesolatino.org\\\/#\\\/schema\\\/person\\\/10763acf0565833da11d915ac8549efd\"},\"headline\":\"Hondure\u00f1o, recibe apoyo de tu gobierno este 14 y 15 de abril en el consulado m\u00f3vil de California\",\"datePublished\":\"2018-04-09T17:06:20+00:00\",\"dateModified\":\"2025-10-27T19:15:11+00:00\",\"mainEntityOfPage\":{\"@id\":\"https:\\\/\\\/accesolatino.org\\\/hondureno-recibe-apoyo-de-tu-gobierno-este-14-y-15-de-abril-en-el-consulado-movil-de-california\\\/noticias\\\/\"},\"wordCount\":240,\"commentCount\":0,\"publisher\":{\"@id\":\"https:\\\/\\\/accesolatino.org\\\/#organization\"},\"image\":{\"@id\":\"https:\\\/\\\/accesolatino.org\\\/hondureno-recibe-apoyo-de-tu-gobierno-este-14-y-15-de-abril-en-el-consulado-movil-de-california\\\/noticias\\\/#primaryimage\"},\"thumbnailUrl\":\"https:\\\/\\\/accesolatino.org\\\/wp-content\\\/uploads\\\/2018\\\/04\\\/Hondureno-recibe-apoyo-de-tu-gobierno-este-14-y-15-de-abril-en-el-consulado-movil-de-California.jpg\",\"articleSection\":[\"Noticias\",\"Temas de inter\u00e9s\"],\"inLanguage\":\"en-US\",\"potentialAction\":[{\"@type\":\"CommentAction\",\"name\":\"Comment\",\"target\":[\"https:\\\/\\\/accesolatino.org\\\/hondureno-recibe-apoyo-de-tu-gobierno-este-14-y-15-de-abril-en-el-consulado-movil-de-california\\\/noticias\\\/#respond\"]}]},{\"@type\":\"WebPage\",\"@id\":\"https:\\\/\\\/accesolatino.org\\\/hondureno-recibe-apoyo-de-tu-gobierno-este-14-y-15-de-abril-en-el-consulado-movil-de-california\\\/noticias\\\/\",\"url\":\"https:\\\/\\\/accesolatino.org\\\/hondureno-recibe-apoyo-de-tu-gobierno-este-14-y-15-de-abril-en-el-consulado-movil-de-california\\\/noticias\\\/\",\"name\":\"Hondure\u00f1o, recibe apoyo de tu gobierno este 14 y 15 de abril en el...\",\"isPartOf\":{\"@id\":\"https:\\\/\\\/accesolatino.org\\\/#website\"},\"primaryImageOfPage\":{\"@id\":\"https:\\\/\\\/accesolatino.org\\\/hondureno-recibe-apoyo-de-tu-gobierno-este-14-y-15-de-abril-en-el-consulado-movil-de-california\\\/noticias\\\/#primaryimage\"},\"image\":{\"@id\":\"https:\\\/\\\/accesolatino.org\\\/hondureno-recibe-apoyo-de-tu-gobierno-este-14-y-15-de-abril-en-el-consulado-movil-de-california\\\/noticias\\\/#primaryimage\"},\"thumbnailUrl\":\"https:\\\/\\\/accesolatino.org\\\/wp-content\\\/uploads\\\/2018\\\/04\\\/Hondureno-recibe-apoyo-de-tu-gobierno-este-14-y-15-de-abril-en-el-consulado-movil-de-California.jpg\",\"datePublished\":\"2018-04-09T17:06:20+00:00\",\"dateModified\":\"2025-10-27T19:15:11+00:00\",\"description\":\"El Gobierno hondure\u00f1o dio a conocer que pondr\u00e1 en servicio un consulado m\u00f3vil el pr\u00f3ximo fin de semana en el estado de California para atender a sus nacionales residentes en esa regi\u00f3n.\",\"breadcrumb\":{\"@id\":\"https:\\\/\\\/accesolatino.org\\\/hondureno-recibe-apoyo-de-tu-gobierno-este-14-y-15-de-abril-en-el-consulado-movil-de-california\\\/noticias\\\/#breadcrumb\"},\"inLanguage\":\"en-US\",\"potentialAction\":[{\"@type\":\"ReadAction\",\"target\":[\"https:\\\/\\\/accesolatino.org\\\/hondureno-recibe-apoyo-de-tu-gobierno-este-14-y-15-de-abril-en-el-consulado-movil-de-california\\\/noticias\\\/\"]}]},{\"@type\":\"ImageObject\",\"inLanguage\":\"en-US\",\"@id\":\"https:\\\/\\\/accesolatino.org\\\/hondureno-recibe-apoyo-de-tu-gobierno-este-14-y-15-de-abril-en-el-consulado-movil-de-california\\\/noticias\\\/#primaryimage\",\"url\":\"https:\\\/\\\/accesolatino.org\\\/wp-content\\\/uploads\\\/2018\\\/04\\\/Hondureno-recibe-apoyo-de-tu-gobierno-este-14-y-15-de-abril-en-el-consulado-movil-de-California.jpg\",\"contentUrl\":\"https:\\\/\\\/accesolatino.org\\\/wp-content\\\/uploads\\\/2018\\\/04\\\/Hondureno-recibe-apoyo-de-tu-gobierno-este-14-y-15-de-abril-en-el-consulado-movil-de-California.jpg\",\"width\":\"600\",\"height\":\"338\",\"caption\":\"Hondureno recibe apoyo de tu gobierno este 14 y 15 de abril en el consulado movil de California\"},{\"@type\":\"BreadcrumbList\",\"@id\":\"https:\\\/\\\/accesolatino.org\\\/hondureno-recibe-apoyo-de-tu-gobierno-este-14-y-15-de-abril-en-el-consulado-movil-de-california\\\/noticias\\\/#breadcrumb\",\"itemListElement\":[{\"@type\":\"ListItem\",\"position\":1,\"name\":\"Portada\",\"item\":\"https:\\\/\\\/accesolatino.org\\\/\"},{\"@type\":\"ListItem\",\"position\":2,\"name\":\"Noticias\",\"item\":\"https:\\\/\\\/accesolatino.org\\\/category\\\/noticias\\\/\"},{\"@type\":\"ListItem\",\"position\":3,\"name\":\"Hondure\u00f1o, recibe apoyo de tu gobierno este 14 y 15 de abril en el consulado m\u00f3vil de California\"}]},{\"@type\":\"WebSite\",\"@id\":\"https:\\\/\\\/accesolatino.org\\\/#website\",\"url\":\"https:\\\/\\\/accesolatino.org\\\/\",\"name\":\"Acceso Latino | Fundaci\u00f3n Carlos Slim\",\"description\":\"Fundaci\u00f3n Carlos Slim\",\"publisher\":{\"@id\":\"https:\\\/\\\/accesolatino.org\\\/#organization\"},\"potentialAction\":[{\"@type\":\"SearchAction\",\"target\":{\"@type\":\"EntryPoint\",\"urlTemplate\":\"https:\\\/\\\/accesolatino.org\\\/?s={search_term_string}\"},\"query-input\":{\"@type\":\"PropertyValueSpecification\",\"valueRequired\":true,\"valueName\":\"search_term_string\"}}],\"inLanguage\":\"en-US\"},{\"@type\":\"Organization\",\"@id\":\"https:\\\/\\\/accesolatino.org\\\/#organization\",\"name\":\"Acceso Latino | Fundaci\u00f3n Carlos Slim\",\"url\":\"https:\\\/\\\/accesolatino.org\\\/\",\"logo\":{\"@type\":\"ImageObject\",\"inLanguage\":\"en-US\",\"@id\":\"https:\\\/\\\/accesolatino.org\\\/#\\\/schema\\\/logo\\\/image\\\/\",\"url\":\"https:\\\/\\\/accesolatino.org\\\/wp-content\\\/uploads\\\/2021\\\/02\\\/logo-footer-acceso-latino.png\",\"contentUrl\":\"https:\\\/\\\/accesolatino.org\\\/wp-content\\\/uploads\\\/2021\\\/02\\\/logo-footer-acceso-latino.png\",\"width\":240,\"height\":40,\"caption\":\"Acceso Latino | Fundaci\u00f3n Carlos Slim\"},\"image\":{\"@id\":\"https:\\\/\\\/accesolatino.org\\\/#\\\/schema\\\/logo\\\/image\\\/\"},\"sameAs\":[\"https:\\\/\\\/www.facebook.com\\\/AccesoLatinoOrg\",\"https:\\\/\\\/x.com\\\/FAccLatino\"]},{\"@type\":\"Person\",\"@id\":\"https:\\\/\\\/accesolatino.org\\\/#\\\/schema\\\/person\\\/10763acf0565833da11d915ac8549efd\",\"name\":\"admin\"}]}<\/script>\n<!-- \/ Yoast SEO plugin. -->","yoast_head_json":{"title":"Hondure\u00f1o, recibe apoyo de tu gobierno este 14 y 15 de abril en el...","description":"El Gobierno hondure\u00f1o dio a conocer que pondr\u00e1 en servicio un consulado m\u00f3vil el pr\u00f3ximo fin de semana en el estado de California para atender a sus nacionales residentes en esa regi\u00f3n.","robots":{"index":"index","follow":"follow","max-snippet":"max-snippet:-1","max-image-preview":"max-image-preview:large","max-video-preview":"max-video-preview:-1"},"canonical":"https:\/\/accesolatino.org\/en\/hondureno-recibe-apoyo-de-tu-gobierno-este-14-y-15-de-abril-en-el-consulado-movil-de-california\/noticias\/","og_locale":"en_US","og_type":"article","og_title":"Hondure\u00f1o, recibe apoyo de tu gobierno este 14 y 15 de abril en el...","og_description":"El Gobierno hondure\u00f1o dio a conocer que pondr\u00e1 en servicio un consulado m\u00f3vil el pr\u00f3ximo fin de semana en el estado de California para atender a sus nacionales residentes en esa regi\u00f3n.","og_url":"https:\/\/accesolatino.org\/en\/hondureno-recibe-apoyo-de-tu-gobierno-este-14-y-15-de-abril-en-el-consulado-movil-de-california\/noticias\/","og_site_name":"Acceso Latino","article_publisher":"https:\/\/www.facebook.com\/AccesoLatinoOrg","article_published_time":"2018-04-09T17:06:20+00:00","article_modified_time":"2025-10-27T19:15:11+00:00","og_image":[{"width":600,"height":338,"url":"https:\/\/accesolatino.org\/wp-content\/uploads\/2018\/04\/Hondureno-recibe-apoyo-de-tu-gobierno-este-14-y-15-de-abril-en-el-consulado-movil-de-California.jpg","type":"image\/jpeg"}],"author":"admin","twitter_card":"summary_large_image","twitter_creator":"@FAccLatino","twitter_site":"@FAccLatino","twitter_misc":{"Written by":"admin","Est. reading time":"2 minutes"},"schema":{"@context":"https:\/\/schema.org","@graph":[{"@type":"Article","@id":"https:\/\/accesolatino.org\/hondureno-recibe-apoyo-de-tu-gobierno-este-14-y-15-de-abril-en-el-consulado-movil-de-california\/noticias\/#article","isPartOf":{"@id":"https:\/\/accesolatino.org\/hondureno-recibe-apoyo-de-tu-gobierno-este-14-y-15-de-abril-en-el-consulado-movil-de-california\/noticias\/"},"author":{"name":"admin","@id":"https:\/\/accesolatino.org\/#\/schema\/person\/10763acf0565833da11d915ac8549efd"},"headline":"Hondure\u00f1o, recibe apoyo de tu gobierno este 14 y 15 de abril en el consulado m\u00f3vil de California","datePublished":"2018-04-09T17:06:20+00:00","dateModified":"2025-10-27T19:15:11+00:00","mainEntityOfPage":{"@id":"https:\/\/accesolatino.org\/hondureno-recibe-apoyo-de-tu-gobierno-este-14-y-15-de-abril-en-el-consulado-movil-de-california\/noticias\/"},"wordCount":240,"commentCount":0,"publisher":{"@id":"https:\/\/accesolatino.org\/#organization"},"image":{"@id":"https:\/\/accesolatino.org\/hondureno-recibe-apoyo-de-tu-gobierno-este-14-y-15-de-abril-en-el-consulado-movil-de-california\/noticias\/#primaryimage"},"thumbnailUrl":"https:\/\/accesolatino.org\/wp-content\/uploads\/2018\/04\/Hondureno-recibe-apoyo-de-tu-gobierno-este-14-y-15-de-abril-en-el-consulado-movil-de-California.jpg","articleSection":["Noticias","Temas de inter\u00e9s"],"inLanguage":"en-US","potentialAction":[{"@type":"CommentAction","name":"Comment","target":["https:\/\/accesolatino.org\/hondureno-recibe-apoyo-de-tu-gobierno-este-14-y-15-de-abril-en-el-consulado-movil-de-california\/noticias\/#respond"]}]},{"@type":"WebPage","@id":"https:\/\/accesolatino.org\/hondureno-recibe-apoyo-de-tu-gobierno-este-14-y-15-de-abril-en-el-consulado-movil-de-california\/noticias\/","url":"https:\/\/accesolatino.org\/hondureno-recibe-apoyo-de-tu-gobierno-este-14-y-15-de-abril-en-el-consulado-movil-de-california\/noticias\/","name":"Hondure\u00f1o, recibe apoyo de tu gobierno este 14 y 15 de abril en el...","isPartOf":{"@id":"https:\/\/accesolatino.org\/#website"},"primaryImageOfPage":{"@id":"https:\/\/accesolatino.org\/hondureno-recibe-apoyo-de-tu-gobierno-este-14-y-15-de-abril-en-el-consulado-movil-de-california\/noticias\/#primaryimage"},"image":{"@id":"https:\/\/accesolatino.org\/hondureno-recibe-apoyo-de-tu-gobierno-este-14-y-15-de-abril-en-el-consulado-movil-de-california\/noticias\/#primaryimage"},"thumbnailUrl":"https:\/\/accesolatino.org\/wp-content\/uploads\/2018\/04\/Hondureno-recibe-apoyo-de-tu-gobierno-este-14-y-15-de-abril-en-el-consulado-movil-de-California.jpg","datePublished":"2018-04-09T17:06:20+00:00","dateModified":"2025-10-27T19:15:11+00:00","description":"El Gobierno hondure\u00f1o dio a conocer que pondr\u00e1 en servicio un consulado m\u00f3vil el pr\u00f3ximo fin de semana en el estado de California para atender a sus nacionales residentes en esa regi\u00f3n.","breadcrumb":{"@id":"https:\/\/accesolatino.org\/hondureno-recibe-apoyo-de-tu-gobierno-este-14-y-15-de-abril-en-el-consulado-movil-de-california\/noticias\/#breadcrumb"},"inLanguage":"en-US","potentialAction":[{"@type":"ReadAction","target":["https:\/\/accesolatino.org\/hondureno-recibe-apoyo-de-tu-gobierno-este-14-y-15-de-abril-en-el-consulado-movil-de-california\/noticias\/"]}]},{"@type":"ImageObject","inLanguage":"en-US","@id":"https:\/\/accesolatino.org\/hondureno-recibe-apoyo-de-tu-gobierno-este-14-y-15-de-abril-en-el-consulado-movil-de-california\/noticias\/#primaryimage","url":"https:\/\/accesolatino.org\/wp-content\/uploads\/2018\/04\/Hondureno-recibe-apoyo-de-tu-gobierno-este-14-y-15-de-abril-en-el-consulado-movil-de-California.jpg","contentUrl":"https:\/\/accesolatino.org\/wp-content\/uploads\/2018\/04\/Hondureno-recibe-apoyo-de-tu-gobierno-este-14-y-15-de-abril-en-el-consulado-movil-de-California.jpg","width":"600","height":"338","caption":"Hondureno recibe apoyo de tu gobierno este 14 y 15 de abril en el consulado movil de California"},{"@type":"BreadcrumbList","@id":"https:\/\/accesolatino.org\/hondureno-recibe-apoyo-de-tu-gobierno-este-14-y-15-de-abril-en-el-consulado-movil-de-california\/noticias\/#breadcrumb","itemListElement":[{"@type":"ListItem","position":1,"name":"Portada","item":"https:\/\/accesolatino.org\/"},{"@type":"ListItem","position":2,"name":"Noticias","item":"https:\/\/accesolatino.org\/category\/noticias\/"},{"@type":"ListItem","position":3,"name":"Hondure\u00f1o, recibe apoyo de tu gobierno este 14 y 15 de abril en el consulado m\u00f3vil de California"}]},{"@type":"WebSite","@id":"https:\/\/accesolatino.org\/#website","url":"https:\/\/accesolatino.org\/","name":"Acceso Latino | Fundaci\u00f3n Carlos Slim","description":"Fundaci\u00f3n Carlos Slim","publisher":{"@id":"https:\/\/accesolatino.org\/#organization"},"potentialAction":[{"@type":"SearchAction","target":{"@type":"EntryPoint","urlTemplate":"https:\/\/accesolatino.org\/?s={search_term_string}"},"query-input":{"@type":"PropertyValueSpecification","valueRequired":true,"valueName":"search_term_string"}}],"inLanguage":"en-US"},{"@type":"Organization","@id":"https:\/\/accesolatino.org\/#organization","name":"Acceso Latino | Fundaci\u00f3n Carlos Slim","url":"https:\/\/accesolatino.org\/","logo":{"@type":"ImageObject","inLanguage":"en-US","@id":"https:\/\/accesolatino.org\/#\/schema\/logo\/image\/","url":"https:\/\/accesolatino.org\/wp-content\/uploads\/2021\/02\/logo-footer-acceso-latino.png","contentUrl":"https:\/\/accesolatino.org\/wp-content\/uploads\/2021\/02\/logo-footer-acceso-latino.png","width":240,"height":40,"caption":"Acceso Latino | Fundaci\u00f3n Carlos Slim"},"image":{"@id":"https:\/\/accesolatino.org\/#\/schema\/logo\/image\/"},"sameAs":["https:\/\/www.facebook.com\/AccesoLatinoOrg","https:\/\/x.com\/FAccLatino"]},{"@type":"Person","@id":"https:\/\/accesolatino.org\/#\/schema\/person\/10763acf0565833da11d915ac8549efd","name":"admin"}]}},"_links":{"self":[{"href":"https:\/\/accesolatino.org\/en\/wp-json\/wp\/v2\/posts\/11893","targetHints":{"allow":["GET"]}}],"collection":[{"href":"https:\/\/accesolatino.org\/en\/wp-json\/wp\/v2\/posts"}],"about":[{"href":"https:\/\/accesolatino.org\/en\/wp-json\/wp\/v2\/types\/post"}],"author":[{"embeddable":true,"href":"https:\/\/accesolatino.org\/en\/wp-json\/wp\/v2\/users\/1"}],"replies":[{"embeddable":true,"href":"https:\/\/accesolatino.org\/en\/wp-json\/wp\/v2\/comments?post=11893"}],"version-history":[{"count":1,"href":"https:\/\/accesolatino.org\/en\/wp-json\/wp\/v2\/posts\/11893\/revisions"}],"predecessor-version":[{"id":66695,"href":"https:\/\/accesolatino.org\/en\/wp-json\/wp\/v2\/posts\/11893\/revisions\/66695"}],"wp:featuredmedia":[{"embeddable":true,"href":"https:\/\/accesolatino.org\/en\/wp-json\/wp\/v2\/media\/11894"}],"wp:attachment":[{"href":"https:\/\/accesolatino.org\/en\/wp-json\/wp\/v2\/media?parent=11893"}],"wp:term":[{"taxonomy":"category","embeddable":true,"href":"https:\/\/accesolatino.org\/en\/wp-json\/wp\/v2\/categories?post=11893"},{"taxonomy":"post_tag","embeddable":true,"href":"https:\/\/accesolatino.org\/en\/wp-json\/wp\/v2\/tags?post=11893"}],"curies":[{"name":"wp","href":"https:\/\/api.w.org\/{rel}","templated":true}]}}