{"id":11794,"date":"2018-04-03T09:49:58","date_gmt":"2018-04-03T14:49:58","guid":{"rendered":"https:\/\/accesolatino.org\/?p=11794"},"modified":"2025-10-27T13:15:51","modified_gmt":"2025-10-27T19:15:51","slug":"ya-podras-presentar-a-tiempo-tu-solicitud-de-asilo","status":"publish","type":"post","link":"https:\/\/accesolatino.org\/en\/ya-podras-presentar-a-tiempo-tu-solicitud-de-asilo\/noticias\/","title":{"rendered":"Ya podr\u00e1s presentar a tiempo tu solicitud de asilo"},"content":{"rendered":"<p>Una importante decisi\u00f3n judicial realizada por un juez federal de Seattle hace justicia para miles de inmigrantes que buscan asilo en EEUU.<\/p>\n<p>La sentencia elimina un grave problema que tienen miles de inmigrantes que buscan refugio en EEUU, ya que&nbsp; actualmente las autoridades no les informan a los inmigrantes de la fecha l\u00edmite para presentar sus solicitudes de asilos, dej\u00e1ndolos sin la posibilidad de permanecer en Estados Unidos.<\/p>\n<p>El &nbsp;juez federal de Seattle Ricardo S. Mart\u00ednez, emiti\u00f3 el fallo a favor de los migrantes.<\/p>\n<p>El problema es que debido al enorme retraso en los expedientes de inmigraci\u00f3n, los solicitantes de asilo no reciben su audiencia en el a\u00f1o que la ley da para que soliciten refugio en EEUU, lo que autom\u00e1ticamente los deja indocumentados y sin la posibilidad de permanecer en EEUU.<\/p>\n<p>El juez orden\u00f3 al gobierno que comience a notificar sobre el plazo de un a\u00f1o dentro de los primeros 90 d\u00edas que un inmigrante que solicita asilo sea liberado.<\/p>\n<p>Lo m\u00e1s importante de la decisi\u00f3n judicial es que establece que el gobierno debe dar, a los inmigrantes que perdieron su plazo por esta raz\u00f3n, otro a\u00f1o para presentar sus solicitudes de asilo.<\/p>\n<p>Para finalizar, la decisi\u00f3n obliga al gobierno a cambiar la norma que no deja que el sistema reciba las solicitudes de asilo hasta que el solicitante haya recibido un aviso formal de comparecer ante un tribunal de inmigraci\u00f3n.<\/p>\n<p>In <strong>Acceso Latino<\/strong> accede \u201cAyuda Legal\u201d en donde podr\u00e1s asesorarte con abogados migratorios sobre dudas con tu estatus legal y todo lo necesario sobre tu permanencia legal en Estados Unidos.<\/p>","protected":false},"excerpt":{"rendered":"<p>Una importante decisi\u00f3n judicial realizada por un juez federal de Seattle hace justicia para miles de inmigrantes que buscan asilo en EEUU. La sentencia elimina un grave problema que tienen miles de inmigrantes que buscan refugio en EEUU, ya que&nbsp; actualmente las autoridades no les informan a los inmigrantes de la fecha l\u00edmite para presentar sus solicitudes de asilos, dej\u00e1ndolos sin la posibilidad de permanecer en Estados Unidos. El &nbsp;juez federal de Seattle Ricardo S. Mart\u00ednez, emiti\u00f3 el fallo a favor de los migrantes. El problema es que debido al enorme retraso en los expedientes de inmigraci\u00f3n, los solicitantes de asilo no reciben su audiencia en el a\u00f1o que la ley da para que soliciten refugio en EEUU, lo que autom\u00e1ticamente los deja indocumentados y sin la posibilidad de permanecer en EEUU. El juez orden\u00f3 al gobierno que comience a notificar sobre el plazo de un a\u00f1o dentro de los primeros 90 d\u00edas que un inmigrante que solicita asilo sea liberado. Lo m\u00e1s importante de la decisi\u00f3n judicial es que establece que el gobierno debe dar, a los inmigrantes que perdieron su plazo por esta raz\u00f3n, otro a\u00f1o para presentar sus solicitudes de asilo. Para finalizar, la decisi\u00f3n obliga al gobierno a cambiar la norma que no deja que el sistema reciba las solicitudes de asilo hasta que el solicitante haya recibido un aviso formal de comparecer ante un tribunal de inmigraci\u00f3n. En Acceso Latino accede \u201cAyuda Legal\u201d en donde podr\u00e1s asesorarte con abogados migratorios sobre dudas con tu estatus legal y todo lo necesario sobre tu permanencia legal en Estados Unidos.<\/p>","protected":false},"author":13,"featured_media":11795,"comment_status":"open","ping_status":"open","sticky":false,"template":"","format":"standard","meta":{"_uf_show_specific_survey":0,"_uf_disable_surveys":false,"footnotes":""},"categories":[10,1],"tags":[],"class_list":["post-11794","post","type-post","status-publish","format-standard","has-post-thumbnail","hentry","category-noticias","category-temas-de-interes"],"aioseo_notices":[],"yoast_head":"<!-- This site is optimized with the Yoast SEO plugin v27.5 - https:\/\/yoast.com\/product\/yoast-seo-wordpress\/ -->\n<title>Ya podr\u00e1s presentar a tiempo tu solicitud de asilo - Acceso Latino<\/title>\n<meta name=\"description\" content=\"Una importante decisi\u00f3n judicial realizada por un juez federal de Seattle hace justicia para miles de inmigrantes que buscan asilo en EEUU.\" \/>\n<meta name=\"robots\" content=\"index, follow, max-snippet:-1, max-image-preview:large, max-video-preview:-1\" \/>\n<link rel=\"canonical\" href=\"https:\/\/accesolatino.org\/en\/ya-podras-presentar-a-tiempo-tu-solicitud-de-asilo\/noticias\/\" \/>\n<meta property=\"og:locale\" content=\"en_US\" \/>\n<meta property=\"og:type\" content=\"article\" \/>\n<meta property=\"og:title\" content=\"Ya podr\u00e1s presentar a tiempo tu solicitud de asilo - Acceso Latino\" \/>\n<meta property=\"og:description\" content=\"Una importante decisi\u00f3n judicial realizada por un juez federal de Seattle hace justicia para miles de inmigrantes que buscan asilo en EEUU.\" \/>\n<meta property=\"og:url\" content=\"https:\/\/accesolatino.org\/en\/ya-podras-presentar-a-tiempo-tu-solicitud-de-asilo\/noticias\/\" \/>\n<meta property=\"og:site_name\" content=\"Acceso Latino\" \/>\n<meta property=\"article:publisher\" content=\"https:\/\/www.facebook.com\/AccesoLatinoOrg\" \/>\n<meta property=\"article:published_time\" content=\"2018-04-03T14:49:58+00:00\" \/>\n<meta property=\"article:modified_time\" content=\"2025-10-27T19:15:51+00:00\" \/>\n<meta property=\"og:image\" content=\"https:\/\/accesolatino.org\/wp-content\/uploads\/2018\/04\/Ya-podras-presentar-a-tiempo-tu-solicitud-de-asilo.jpg\" \/>\n\t<meta property=\"og:image:width\" content=\"600\" \/>\n\t<meta property=\"og:image:height\" content=\"338\" \/>\n\t<meta property=\"og:image:type\" content=\"image\/jpeg\" \/>\n<meta name=\"author\" content=\"Noticias\" \/>\n<meta name=\"twitter:card\" content=\"summary_large_image\" \/>\n<meta name=\"twitter:creator\" content=\"@FAccLatino\" \/>\n<meta name=\"twitter:site\" content=\"@FAccLatino\" \/>\n<meta name=\"twitter:label1\" content=\"Written by\" \/>\n\t<meta name=\"twitter:data1\" content=\"Noticias\" \/>\n\t<meta name=\"twitter:label2\" content=\"Est. reading time\" \/>\n\t<meta name=\"twitter:data2\" content=\"2 minutes\" \/>\n<script type=\"application\/ld+json\" class=\"yoast-schema-graph\">{\"@context\":\"https:\\\/\\\/schema.org\",\"@graph\":[{\"@type\":\"Article\",\"@id\":\"https:\\\/\\\/accesolatino.org\\\/ya-podras-presentar-a-tiempo-tu-solicitud-de-asilo\\\/noticias\\\/#article\",\"isPartOf\":{\"@id\":\"https:\\\/\\\/accesolatino.org\\\/ya-podras-presentar-a-tiempo-tu-solicitud-de-asilo\\\/noticias\\\/\"},\"author\":{\"name\":\"Noticias\",\"@id\":\"https:\\\/\\\/accesolatino.org\\\/#\\\/schema\\\/person\\\/57bc3bfd2c357610a5255490ca4cd305\"},\"headline\":\"Ya podr\u00e1s presentar a tiempo tu solicitud de asilo\",\"datePublished\":\"2018-04-03T14:49:58+00:00\",\"dateModified\":\"2025-10-27T19:15:51+00:00\",\"mainEntityOfPage\":{\"@id\":\"https:\\\/\\\/accesolatino.org\\\/ya-podras-presentar-a-tiempo-tu-solicitud-de-asilo\\\/noticias\\\/\"},\"wordCount\":289,\"commentCount\":0,\"publisher\":{\"@id\":\"https:\\\/\\\/accesolatino.org\\\/#organization\"},\"image\":{\"@id\":\"https:\\\/\\\/accesolatino.org\\\/ya-podras-presentar-a-tiempo-tu-solicitud-de-asilo\\\/noticias\\\/#primaryimage\"},\"thumbnailUrl\":\"https:\\\/\\\/accesolatino.org\\\/wp-content\\\/uploads\\\/2018\\\/04\\\/Ya-podras-presentar-a-tiempo-tu-solicitud-de-asilo.jpg\",\"articleSection\":[\"Noticias\",\"Temas de inter\u00e9s\"],\"inLanguage\":\"en-US\",\"potentialAction\":[{\"@type\":\"CommentAction\",\"name\":\"Comment\",\"target\":[\"https:\\\/\\\/accesolatino.org\\\/ya-podras-presentar-a-tiempo-tu-solicitud-de-asilo\\\/noticias\\\/#respond\"]}]},{\"@type\":\"WebPage\",\"@id\":\"https:\\\/\\\/accesolatino.org\\\/ya-podras-presentar-a-tiempo-tu-solicitud-de-asilo\\\/noticias\\\/\",\"url\":\"https:\\\/\\\/accesolatino.org\\\/ya-podras-presentar-a-tiempo-tu-solicitud-de-asilo\\\/noticias\\\/\",\"name\":\"Ya podr\u00e1s presentar a tiempo tu solicitud de asilo - Acceso Latino\",\"isPartOf\":{\"@id\":\"https:\\\/\\\/accesolatino.org\\\/#website\"},\"primaryImageOfPage\":{\"@id\":\"https:\\\/\\\/accesolatino.org\\\/ya-podras-presentar-a-tiempo-tu-solicitud-de-asilo\\\/noticias\\\/#primaryimage\"},\"image\":{\"@id\":\"https:\\\/\\\/accesolatino.org\\\/ya-podras-presentar-a-tiempo-tu-solicitud-de-asilo\\\/noticias\\\/#primaryimage\"},\"thumbnailUrl\":\"https:\\\/\\\/accesolatino.org\\\/wp-content\\\/uploads\\\/2018\\\/04\\\/Ya-podras-presentar-a-tiempo-tu-solicitud-de-asilo.jpg\",\"datePublished\":\"2018-04-03T14:49:58+00:00\",\"dateModified\":\"2025-10-27T19:15:51+00:00\",\"description\":\"Una importante decisi\u00f3n judicial realizada por un juez federal de Seattle hace justicia para miles de inmigrantes que buscan asilo en EEUU.\",\"breadcrumb\":{\"@id\":\"https:\\\/\\\/accesolatino.org\\\/ya-podras-presentar-a-tiempo-tu-solicitud-de-asilo\\\/noticias\\\/#breadcrumb\"},\"inLanguage\":\"en-US\",\"potentialAction\":[{\"@type\":\"ReadAction\",\"target\":[\"https:\\\/\\\/accesolatino.org\\\/ya-podras-presentar-a-tiempo-tu-solicitud-de-asilo\\\/noticias\\\/\"]}]},{\"@type\":\"ImageObject\",\"inLanguage\":\"en-US\",\"@id\":\"https:\\\/\\\/accesolatino.org\\\/ya-podras-presentar-a-tiempo-tu-solicitud-de-asilo\\\/noticias\\\/#primaryimage\",\"url\":\"https:\\\/\\\/accesolatino.org\\\/wp-content\\\/uploads\\\/2018\\\/04\\\/Ya-podras-presentar-a-tiempo-tu-solicitud-de-asilo.jpg\",\"contentUrl\":\"https:\\\/\\\/accesolatino.org\\\/wp-content\\\/uploads\\\/2018\\\/04\\\/Ya-podras-presentar-a-tiempo-tu-solicitud-de-asilo.jpg\",\"width\":\"600\",\"height\":\"338\",\"caption\":\"Ya podras presentar a tiempo tu solicitud de asilo\"},{\"@type\":\"BreadcrumbList\",\"@id\":\"https:\\\/\\\/accesolatino.org\\\/ya-podras-presentar-a-tiempo-tu-solicitud-de-asilo\\\/noticias\\\/#breadcrumb\",\"itemListElement\":[{\"@type\":\"ListItem\",\"position\":1,\"name\":\"Portada\",\"item\":\"https:\\\/\\\/accesolatino.org\\\/\"},{\"@type\":\"ListItem\",\"position\":2,\"name\":\"Noticias\",\"item\":\"https:\\\/\\\/accesolatino.org\\\/category\\\/noticias\\\/\"},{\"@type\":\"ListItem\",\"position\":3,\"name\":\"Ya podr\u00e1s presentar a tiempo tu solicitud de asilo\"}]},{\"@type\":\"WebSite\",\"@id\":\"https:\\\/\\\/accesolatino.org\\\/#website\",\"url\":\"https:\\\/\\\/accesolatino.org\\\/\",\"name\":\"Acceso Latino | Fundaci\u00f3n Carlos Slim\",\"description\":\"Fundaci\u00f3n Carlos Slim\",\"publisher\":{\"@id\":\"https:\\\/\\\/accesolatino.org\\\/#organization\"},\"potentialAction\":[{\"@type\":\"SearchAction\",\"target\":{\"@type\":\"EntryPoint\",\"urlTemplate\":\"https:\\\/\\\/accesolatino.org\\\/?s={search_term_string}\"},\"query-input\":{\"@type\":\"PropertyValueSpecification\",\"valueRequired\":true,\"valueName\":\"search_term_string\"}}],\"inLanguage\":\"en-US\"},{\"@type\":\"Organization\",\"@id\":\"https:\\\/\\\/accesolatino.org\\\/#organization\",\"name\":\"Acceso Latino | Fundaci\u00f3n Carlos Slim\",\"url\":\"https:\\\/\\\/accesolatino.org\\\/\",\"logo\":{\"@type\":\"ImageObject\",\"inLanguage\":\"en-US\",\"@id\":\"https:\\\/\\\/accesolatino.org\\\/#\\\/schema\\\/logo\\\/image\\\/\",\"url\":\"https:\\\/\\\/accesolatino.org\\\/wp-content\\\/uploads\\\/2021\\\/02\\\/logo-footer-acceso-latino.png\",\"contentUrl\":\"https:\\\/\\\/accesolatino.org\\\/wp-content\\\/uploads\\\/2021\\\/02\\\/logo-footer-acceso-latino.png\",\"width\":240,\"height\":40,\"caption\":\"Acceso Latino | Fundaci\u00f3n Carlos Slim\"},\"image\":{\"@id\":\"https:\\\/\\\/accesolatino.org\\\/#\\\/schema\\\/logo\\\/image\\\/\"},\"sameAs\":[\"https:\\\/\\\/www.facebook.com\\\/AccesoLatinoOrg\",\"https:\\\/\\\/x.com\\\/FAccLatino\"]},{\"@type\":\"Person\",\"@id\":\"https:\\\/\\\/accesolatino.org\\\/#\\\/schema\\\/person\\\/57bc3bfd2c357610a5255490ca4cd305\",\"name\":\"Noticias\"}]}<\/script>\n<!-- \/ Yoast SEO plugin. -->","yoast_head_json":{"title":"Ya podr\u00e1s presentar a tiempo tu solicitud de asilo - Acceso Latino","description":"Una importante decisi\u00f3n judicial realizada por un juez federal de Seattle hace justicia para miles de inmigrantes que buscan asilo en EEUU.","robots":{"index":"index","follow":"follow","max-snippet":"max-snippet:-1","max-image-preview":"max-image-preview:large","max-video-preview":"max-video-preview:-1"},"canonical":"https:\/\/accesolatino.org\/en\/ya-podras-presentar-a-tiempo-tu-solicitud-de-asilo\/noticias\/","og_locale":"en_US","og_type":"article","og_title":"Ya podr\u00e1s presentar a tiempo tu solicitud de asilo - Acceso Latino","og_description":"Una importante decisi\u00f3n judicial realizada por un juez federal de Seattle hace justicia para miles de inmigrantes que buscan asilo en EEUU.","og_url":"https:\/\/accesolatino.org\/en\/ya-podras-presentar-a-tiempo-tu-solicitud-de-asilo\/noticias\/","og_site_name":"Acceso Latino","article_publisher":"https:\/\/www.facebook.com\/AccesoLatinoOrg","article_published_time":"2018-04-03T14:49:58+00:00","article_modified_time":"2025-10-27T19:15:51+00:00","og_image":[{"width":600,"height":338,"url":"https:\/\/accesolatino.org\/wp-content\/uploads\/2018\/04\/Ya-podras-presentar-a-tiempo-tu-solicitud-de-asilo.jpg","type":"image\/jpeg"}],"author":"Noticias","twitter_card":"summary_large_image","twitter_creator":"@FAccLatino","twitter_site":"@FAccLatino","twitter_misc":{"Written by":"Noticias","Est. reading time":"2 minutes"},"schema":{"@context":"https:\/\/schema.org","@graph":[{"@type":"Article","@id":"https:\/\/accesolatino.org\/ya-podras-presentar-a-tiempo-tu-solicitud-de-asilo\/noticias\/#article","isPartOf":{"@id":"https:\/\/accesolatino.org\/ya-podras-presentar-a-tiempo-tu-solicitud-de-asilo\/noticias\/"},"author":{"name":"Noticias","@id":"https:\/\/accesolatino.org\/#\/schema\/person\/57bc3bfd2c357610a5255490ca4cd305"},"headline":"Ya podr\u00e1s presentar a tiempo tu solicitud de asilo","datePublished":"2018-04-03T14:49:58+00:00","dateModified":"2025-10-27T19:15:51+00:00","mainEntityOfPage":{"@id":"https:\/\/accesolatino.org\/ya-podras-presentar-a-tiempo-tu-solicitud-de-asilo\/noticias\/"},"wordCount":289,"commentCount":0,"publisher":{"@id":"https:\/\/accesolatino.org\/#organization"},"image":{"@id":"https:\/\/accesolatino.org\/ya-podras-presentar-a-tiempo-tu-solicitud-de-asilo\/noticias\/#primaryimage"},"thumbnailUrl":"https:\/\/accesolatino.org\/wp-content\/uploads\/2018\/04\/Ya-podras-presentar-a-tiempo-tu-solicitud-de-asilo.jpg","articleSection":["Noticias","Temas de inter\u00e9s"],"inLanguage":"en-US","potentialAction":[{"@type":"CommentAction","name":"Comment","target":["https:\/\/accesolatino.org\/ya-podras-presentar-a-tiempo-tu-solicitud-de-asilo\/noticias\/#respond"]}]},{"@type":"WebPage","@id":"https:\/\/accesolatino.org\/ya-podras-presentar-a-tiempo-tu-solicitud-de-asilo\/noticias\/","url":"https:\/\/accesolatino.org\/ya-podras-presentar-a-tiempo-tu-solicitud-de-asilo\/noticias\/","name":"Ya podr\u00e1s presentar a tiempo tu solicitud de asilo - Acceso Latino","isPartOf":{"@id":"https:\/\/accesolatino.org\/#website"},"primaryImageOfPage":{"@id":"https:\/\/accesolatino.org\/ya-podras-presentar-a-tiempo-tu-solicitud-de-asilo\/noticias\/#primaryimage"},"image":{"@id":"https:\/\/accesolatino.org\/ya-podras-presentar-a-tiempo-tu-solicitud-de-asilo\/noticias\/#primaryimage"},"thumbnailUrl":"https:\/\/accesolatino.org\/wp-content\/uploads\/2018\/04\/Ya-podras-presentar-a-tiempo-tu-solicitud-de-asilo.jpg","datePublished":"2018-04-03T14:49:58+00:00","dateModified":"2025-10-27T19:15:51+00:00","description":"Una importante decisi\u00f3n judicial realizada por un juez federal de Seattle hace justicia para miles de inmigrantes que buscan asilo en EEUU.","breadcrumb":{"@id":"https:\/\/accesolatino.org\/ya-podras-presentar-a-tiempo-tu-solicitud-de-asilo\/noticias\/#breadcrumb"},"inLanguage":"en-US","potentialAction":[{"@type":"ReadAction","target":["https:\/\/accesolatino.org\/ya-podras-presentar-a-tiempo-tu-solicitud-de-asilo\/noticias\/"]}]},{"@type":"ImageObject","inLanguage":"en-US","@id":"https:\/\/accesolatino.org\/ya-podras-presentar-a-tiempo-tu-solicitud-de-asilo\/noticias\/#primaryimage","url":"https:\/\/accesolatino.org\/wp-content\/uploads\/2018\/04\/Ya-podras-presentar-a-tiempo-tu-solicitud-de-asilo.jpg","contentUrl":"https:\/\/accesolatino.org\/wp-content\/uploads\/2018\/04\/Ya-podras-presentar-a-tiempo-tu-solicitud-de-asilo.jpg","width":"600","height":"338","caption":"Ya podras presentar a tiempo tu solicitud de asilo"},{"@type":"BreadcrumbList","@id":"https:\/\/accesolatino.org\/ya-podras-presentar-a-tiempo-tu-solicitud-de-asilo\/noticias\/#breadcrumb","itemListElement":[{"@type":"ListItem","position":1,"name":"Portada","item":"https:\/\/accesolatino.org\/"},{"@type":"ListItem","position":2,"name":"Noticias","item":"https:\/\/accesolatino.org\/category\/noticias\/"},{"@type":"ListItem","position":3,"name":"Ya podr\u00e1s presentar a tiempo tu solicitud de asilo"}]},{"@type":"WebSite","@id":"https:\/\/accesolatino.org\/#website","url":"https:\/\/accesolatino.org\/","name":"Acceso Latino | Fundaci\u00f3n Carlos Slim","description":"Fundaci\u00f3n Carlos Slim","publisher":{"@id":"https:\/\/accesolatino.org\/#organization"},"potentialAction":[{"@type":"SearchAction","target":{"@type":"EntryPoint","urlTemplate":"https:\/\/accesolatino.org\/?s={search_term_string}"},"query-input":{"@type":"PropertyValueSpecification","valueRequired":true,"valueName":"search_term_string"}}],"inLanguage":"en-US"},{"@type":"Organization","@id":"https:\/\/accesolatino.org\/#organization","name":"Acceso Latino | Fundaci\u00f3n Carlos Slim","url":"https:\/\/accesolatino.org\/","logo":{"@type":"ImageObject","inLanguage":"en-US","@id":"https:\/\/accesolatino.org\/#\/schema\/logo\/image\/","url":"https:\/\/accesolatino.org\/wp-content\/uploads\/2021\/02\/logo-footer-acceso-latino.png","contentUrl":"https:\/\/accesolatino.org\/wp-content\/uploads\/2021\/02\/logo-footer-acceso-latino.png","width":240,"height":40,"caption":"Acceso Latino | Fundaci\u00f3n Carlos Slim"},"image":{"@id":"https:\/\/accesolatino.org\/#\/schema\/logo\/image\/"},"sameAs":["https:\/\/www.facebook.com\/AccesoLatinoOrg","https:\/\/x.com\/FAccLatino"]},{"@type":"Person","@id":"https:\/\/accesolatino.org\/#\/schema\/person\/57bc3bfd2c357610a5255490ca4cd305","name":"News"}]}},"_links":{"self":[{"href":"https:\/\/accesolatino.org\/en\/wp-json\/wp\/v2\/posts\/11794","targetHints":{"allow":["GET"]}}],"collection":[{"href":"https:\/\/accesolatino.org\/en\/wp-json\/wp\/v2\/posts"}],"about":[{"href":"https:\/\/accesolatino.org\/en\/wp-json\/wp\/v2\/types\/post"}],"author":[{"embeddable":true,"href":"https:\/\/accesolatino.org\/en\/wp-json\/wp\/v2\/users\/13"}],"replies":[{"embeddable":true,"href":"https:\/\/accesolatino.org\/en\/wp-json\/wp\/v2\/comments?post=11794"}],"version-history":[{"count":1,"href":"https:\/\/accesolatino.org\/en\/wp-json\/wp\/v2\/posts\/11794\/revisions"}],"predecessor-version":[{"id":66699,"href":"https:\/\/accesolatino.org\/en\/wp-json\/wp\/v2\/posts\/11794\/revisions\/66699"}],"wp:featuredmedia":[{"embeddable":true,"href":"https:\/\/accesolatino.org\/en\/wp-json\/wp\/v2\/media\/11795"}],"wp:attachment":[{"href":"https:\/\/accesolatino.org\/en\/wp-json\/wp\/v2\/media?parent=11794"}],"wp:term":[{"taxonomy":"category","embeddable":true,"href":"https:\/\/accesolatino.org\/en\/wp-json\/wp\/v2\/categories?post=11794"},{"taxonomy":"post_tag","embeddable":true,"href":"https:\/\/accesolatino.org\/en\/wp-json\/wp\/v2\/tags?post=11794"}],"curies":[{"name":"wp","href":"https:\/\/api.w.org\/{rel}","templated":true}]}}