{"id":11530,"date":"2018-03-16T09:25:43","date_gmt":"2018-03-16T15:25:43","guid":{"rendered":"https:\/\/accesolatino.org\/?p=11530"},"modified":"2025-10-27T13:36:48","modified_gmt":"2025-10-27T19:36:48","slug":"indocumentada-nombrada-asesora-del-senado-de-california","status":"publish","type":"post","link":"https:\/\/accesolatino.org\/en\/indocumentada-nombrada-asesora-del-senado-de-california\/orgullo-latino\/","title":{"rendered":"Indocumentada nombrada asesora del Senado de California"},"content":{"rendered":"<p>El Senado de California realiz\u00f3 un nombramiento hist\u00f3rico un d\u00eda despu\u00e9s de la visita del presidente de Estados Unidos al estado para revisar los prototipos del muro fronterizo. Esta decisi\u00f3n del Senado dej\u00f3 claro la pol\u00edtica de brazos abiertos del segundo estado con mayor n\u00famero de inmigrantes indocumentados en EEUU.<\/p>\n<p>El Senado nombr\u00f3 a la abogada y activista de 33 a\u00f1os Lizbeth Mateo integrante de una Comisi\u00f3n que ofrece ayuda estudiantil, convirti\u00e9ndose as\u00ed en la primera persona indocumentada designada para un puesto de asesor\u00eda estatal.<\/p>\n<p>La abogada indocumentada, formar\u00e1 parte del Comit\u00e9 Asesor de Subvenciones para Proyectos del Programa de Oportunidad y Acceso para Estudiantes de California, desde donde ofrecer\u00e1 su asesor\u00eda a la Comisi\u00f3n de Ayuda Estudiantil y as\u00ed \u201caumentar la oportunidad universitaria para los estudiantes de California de familias con bajos ingresos\u201d.<\/p>\n<p>En el Senado de California aseguraron que la inmigrante originaria de Oaxaca, M\u00e9xico, quien preside el Comit\u00e9 de Reglas del Senado, \u201ces una joven mujer valiente, determinada e inteligente que a gran riesgo personal se ha dedicado a luchar por aquellos que buscan el lugar que les corresponde en este pa\u00eds\u201d.<\/p>\n<p>Mateo vino con sus padres a Los \u00c1ngeles a la edad de 14 a\u00f1os, aprendi\u00f3 ingl\u00e9s en la secundaria, estudi\u00f3 en el Colegio Comunitario de Santa M\u00f3nica y obtuvo su grado profesional en la Universidad Estatal de California Northridge.<\/p>\n<p>En 2016, recibi\u00f3 su doctorado en Derecho de la Universidad Santa Clara, aprob\u00f3 el examen de la Asociaci\u00f3n de Abogados del estado el a\u00f1o siguiente \u201cy fue juramentada como abogada por el senador De Le\u00f3n\u201d.<\/p>\n<p>As\u00ed como Lizbeth Mateo, t\u00fa puedes alcanzar tus metas y complementar tus estudios profesionales con los diversos cursos en l\u00ednea que ofrecemos a trav\u00e9s de <strong>Acceso Latino<\/strong> en nuestras herramientas <a title=\"\" href=\"https:\/\/accesolatino.org\/en\/educacion\/\" target=\"_blank\" rel=\"noopener\">\u201cEducaci\u00f3n\u201d<\/a> and <a title=\"\" href=\"https:\/\/accesolatino.org\/en\/empleo\/\" target=\"_blank\" rel=\"noopener\">\u201cBuscas Empleo\u201d<\/a>.<\/p>","protected":false},"excerpt":{"rendered":"<p>El Senado de California realiz\u00f3 un nombramiento hist\u00f3rico un d\u00eda despu\u00e9s de la visita del presidente de Estados Unidos al estado para revisar los prototipos del muro fronterizo. Esta decisi\u00f3n del Senado dej\u00f3 claro la pol\u00edtica de brazos abiertos del segundo estado con mayor n\u00famero de inmigrantes indocumentados en EEUU. El Senado nombr\u00f3 a la abogada y activista de 33 a\u00f1os Lizbeth Mateo integrante de una Comisi\u00f3n que ofrece ayuda estudiantil, convirti\u00e9ndose as\u00ed en la primera persona indocumentada designada para un puesto de asesor\u00eda estatal. La abogada indocumentada, formar\u00e1 parte del Comit\u00e9 Asesor de Subvenciones para Proyectos del Programa de Oportunidad y Acceso para Estudiantes de California, desde donde ofrecer\u00e1 su asesor\u00eda a la Comisi\u00f3n de Ayuda Estudiantil y as\u00ed \u201caumentar la oportunidad universitaria para los estudiantes de California de familias con bajos ingresos\u201d. En el Senado de California aseguraron que la inmigrante originaria de Oaxaca, M\u00e9xico, quien preside el Comit\u00e9 de Reglas del Senado, \u201ces una joven mujer valiente, determinada e inteligente que a gran riesgo personal se ha dedicado a luchar por aquellos que buscan el lugar que les corresponde en este pa\u00eds\u201d. Mateo vino con sus padres a Los \u00c1ngeles a la edad de 14 a\u00f1os, aprendi\u00f3 ingl\u00e9s en la secundaria, estudi\u00f3 en el Colegio Comunitario de Santa M\u00f3nica y obtuvo su grado profesional en la Universidad Estatal de California Northridge. En 2016, recibi\u00f3 su doctorado en Derecho de la Universidad Santa Clara, aprob\u00f3 el examen de la Asociaci\u00f3n de Abogados del estado el a\u00f1o siguiente \u201cy fue juramentada como abogada por el senador De Le\u00f3n\u201d. As\u00ed como Lizbeth Mateo, t\u00fa puedes alcanzar tus metas y complementar tus estudios profesionales con los diversos cursos en l\u00ednea que ofrecemos a trav\u00e9s de Acceso Latino en nuestras herramientas \u201cEducaci\u00f3n\u201d y \u201cBuscas Empleo\u201d.<\/p>","protected":false},"author":13,"featured_media":13377,"comment_status":"open","ping_status":"open","sticky":false,"template":"","format":"standard","meta":{"_uf_show_specific_survey":0,"_uf_disable_surveys":false,"footnotes":""},"categories":[9],"tags":[],"class_list":["post-11530","post","type-post","status-publish","format-standard","has-post-thumbnail","hentry","category-orgullo-latino"],"aioseo_notices":[],"yoast_head":"<!-- This site is optimized with the Yoast SEO plugin v27.5 - https:\/\/yoast.com\/product\/yoast-seo-wordpress\/ -->\n<title>Indocumentada nombrada asesora del Senado de California<\/title>\n<meta name=\"description\" content=\"El Senado de California realiz\u00f3 un nombramiento hist\u00f3rico un d\u00eda despu\u00e9s de la visita del presidente de Estados Unidos al estado para revisar los prototipos del muro fronterizo. Esta decisi\u00f3n del Senado dej\u00f3 claro la pol\u00edtica de brazos abiertos del segundo estado con mayor n\u00famero de inmigrantes indocumentados en EEUU.\" \/>\n<meta name=\"robots\" content=\"index, follow, max-snippet:-1, max-image-preview:large, max-video-preview:-1\" \/>\n<link rel=\"canonical\" href=\"https:\/\/accesolatino.org\/en\/indocumentada-nombrada-asesora-del-senado-de-california\/orgullo-latino\/\" \/>\n<meta property=\"og:locale\" content=\"en_US\" \/>\n<meta property=\"og:type\" content=\"article\" \/>\n<meta property=\"og:title\" content=\"Indocumentada nombrada asesora del Senado de California\" \/>\n<meta property=\"og:description\" content=\"El Senado de California realiz\u00f3 un nombramiento hist\u00f3rico un d\u00eda despu\u00e9s de la visita del presidente de Estados Unidos al estado para revisar los prototipos del muro fronterizo. Esta decisi\u00f3n del Senado dej\u00f3 claro la pol\u00edtica de brazos abiertos del segundo estado con mayor n\u00famero de inmigrantes indocumentados en EEUU.\" \/>\n<meta property=\"og:url\" content=\"https:\/\/accesolatino.org\/en\/indocumentada-nombrada-asesora-del-senado-de-california\/orgullo-latino\/\" \/>\n<meta property=\"og:site_name\" content=\"Acceso Latino\" \/>\n<meta property=\"article:publisher\" content=\"https:\/\/www.facebook.com\/AccesoLatinoOrg\" \/>\n<meta property=\"article:published_time\" content=\"2018-03-16T15:25:43+00:00\" \/>\n<meta property=\"article:modified_time\" content=\"2025-10-27T19:36:48+00:00\" \/>\n<meta property=\"og:image\" content=\"https:\/\/accesolatino.org\/wp-content\/uploads\/2018\/03\/Indocumentada-nombrada-asesora-del-Senado-de-Calif.jpg\" \/>\n\t<meta property=\"og:image:width\" content=\"600\" \/>\n\t<meta property=\"og:image:height\" content=\"338\" \/>\n\t<meta property=\"og:image:type\" content=\"image\/jpeg\" \/>\n<meta name=\"author\" content=\"Noticias\" \/>\n<meta name=\"twitter:card\" content=\"summary_large_image\" \/>\n<meta name=\"twitter:creator\" content=\"@FAccLatino\" \/>\n<meta name=\"twitter:site\" content=\"@FAccLatino\" \/>\n<meta name=\"twitter:label1\" content=\"Written by\" \/>\n\t<meta name=\"twitter:data1\" content=\"Noticias\" \/>\n\t<meta name=\"twitter:label2\" content=\"Est. reading time\" \/>\n\t<meta name=\"twitter:data2\" content=\"2 minutes\" \/>\n<script type=\"application\/ld+json\" class=\"yoast-schema-graph\">{\"@context\":\"https:\\\/\\\/schema.org\",\"@graph\":[{\"@type\":\"Article\",\"@id\":\"https:\\\/\\\/accesolatino.org\\\/indocumentada-nombrada-asesora-del-senado-de-california\\\/orgullo-latino\\\/#article\",\"isPartOf\":{\"@id\":\"https:\\\/\\\/accesolatino.org\\\/indocumentada-nombrada-asesora-del-senado-de-california\\\/orgullo-latino\\\/\"},\"author\":{\"name\":\"Noticias\",\"@id\":\"https:\\\/\\\/accesolatino.org\\\/#\\\/schema\\\/person\\\/57bc3bfd2c357610a5255490ca4cd305\"},\"headline\":\"Indocumentada nombrada asesora del Senado de California\",\"datePublished\":\"2018-03-16T15:25:43+00:00\",\"dateModified\":\"2025-10-27T19:36:48+00:00\",\"mainEntityOfPage\":{\"@id\":\"https:\\\/\\\/accesolatino.org\\\/indocumentada-nombrada-asesora-del-senado-de-california\\\/orgullo-latino\\\/\"},\"wordCount\":320,\"commentCount\":0,\"publisher\":{\"@id\":\"https:\\\/\\\/accesolatino.org\\\/#organization\"},\"image\":{\"@id\":\"https:\\\/\\\/accesolatino.org\\\/indocumentada-nombrada-asesora-del-senado-de-california\\\/orgullo-latino\\\/#primaryimage\"},\"thumbnailUrl\":\"https:\\\/\\\/accesolatino.org\\\/wp-content\\\/uploads\\\/2018\\\/03\\\/Indocumentada-nombrada-asesora-del-Senado-de-Calif.jpg\",\"articleSection\":[\"Orgullo Latino\"],\"inLanguage\":\"en-US\",\"potentialAction\":[{\"@type\":\"CommentAction\",\"name\":\"Comment\",\"target\":[\"https:\\\/\\\/accesolatino.org\\\/indocumentada-nombrada-asesora-del-senado-de-california\\\/orgullo-latino\\\/#respond\"]}]},{\"@type\":\"WebPage\",\"@id\":\"https:\\\/\\\/accesolatino.org\\\/indocumentada-nombrada-asesora-del-senado-de-california\\\/orgullo-latino\\\/\",\"url\":\"https:\\\/\\\/accesolatino.org\\\/indocumentada-nombrada-asesora-del-senado-de-california\\\/orgullo-latino\\\/\",\"name\":\"Indocumentada nombrada asesora del Senado de California\",\"isPartOf\":{\"@id\":\"https:\\\/\\\/accesolatino.org\\\/#website\"},\"primaryImageOfPage\":{\"@id\":\"https:\\\/\\\/accesolatino.org\\\/indocumentada-nombrada-asesora-del-senado-de-california\\\/orgullo-latino\\\/#primaryimage\"},\"image\":{\"@id\":\"https:\\\/\\\/accesolatino.org\\\/indocumentada-nombrada-asesora-del-senado-de-california\\\/orgullo-latino\\\/#primaryimage\"},\"thumbnailUrl\":\"https:\\\/\\\/accesolatino.org\\\/wp-content\\\/uploads\\\/2018\\\/03\\\/Indocumentada-nombrada-asesora-del-Senado-de-Calif.jpg\",\"datePublished\":\"2018-03-16T15:25:43+00:00\",\"dateModified\":\"2025-10-27T19:36:48+00:00\",\"description\":\"El Senado de California realiz\u00f3 un nombramiento hist\u00f3rico un d\u00eda despu\u00e9s de la visita del presidente de Estados Unidos al estado para revisar los prototipos del muro fronterizo. Esta decisi\u00f3n del Senado dej\u00f3 claro la pol\u00edtica de brazos abiertos del segundo estado con mayor n\u00famero de inmigrantes indocumentados en EEUU.\",\"breadcrumb\":{\"@id\":\"https:\\\/\\\/accesolatino.org\\\/indocumentada-nombrada-asesora-del-senado-de-california\\\/orgullo-latino\\\/#breadcrumb\"},\"inLanguage\":\"en-US\",\"potentialAction\":[{\"@type\":\"ReadAction\",\"target\":[\"https:\\\/\\\/accesolatino.org\\\/indocumentada-nombrada-asesora-del-senado-de-california\\\/orgullo-latino\\\/\"]}]},{\"@type\":\"ImageObject\",\"inLanguage\":\"en-US\",\"@id\":\"https:\\\/\\\/accesolatino.org\\\/indocumentada-nombrada-asesora-del-senado-de-california\\\/orgullo-latino\\\/#primaryimage\",\"url\":\"https:\\\/\\\/accesolatino.org\\\/wp-content\\\/uploads\\\/2018\\\/03\\\/Indocumentada-nombrada-asesora-del-Senado-de-Calif.jpg\",\"contentUrl\":\"https:\\\/\\\/accesolatino.org\\\/wp-content\\\/uploads\\\/2018\\\/03\\\/Indocumentada-nombrada-asesora-del-Senado-de-Calif.jpg\",\"width\":\"600\",\"height\":\"338\",\"caption\":\"Indocumentada nombrada asesora del Senado de California\"},{\"@type\":\"BreadcrumbList\",\"@id\":\"https:\\\/\\\/accesolatino.org\\\/indocumentada-nombrada-asesora-del-senado-de-california\\\/orgullo-latino\\\/#breadcrumb\",\"itemListElement\":[{\"@type\":\"ListItem\",\"position\":1,\"name\":\"Portada\",\"item\":\"https:\\\/\\\/accesolatino.org\\\/\"},{\"@type\":\"ListItem\",\"position\":2,\"name\":\"Orgullo Latino\",\"item\":\"https:\\\/\\\/accesolatino.org\\\/category\\\/orgullo-latino\\\/\"},{\"@type\":\"ListItem\",\"position\":3,\"name\":\"Indocumentada nombrada asesora del Senado de California\"}]},{\"@type\":\"WebSite\",\"@id\":\"https:\\\/\\\/accesolatino.org\\\/#website\",\"url\":\"https:\\\/\\\/accesolatino.org\\\/\",\"name\":\"Acceso Latino | Fundaci\u00f3n Carlos Slim\",\"description\":\"Fundaci\u00f3n Carlos Slim\",\"publisher\":{\"@id\":\"https:\\\/\\\/accesolatino.org\\\/#organization\"},\"potentialAction\":[{\"@type\":\"SearchAction\",\"target\":{\"@type\":\"EntryPoint\",\"urlTemplate\":\"https:\\\/\\\/accesolatino.org\\\/?s={search_term_string}\"},\"query-input\":{\"@type\":\"PropertyValueSpecification\",\"valueRequired\":true,\"valueName\":\"search_term_string\"}}],\"inLanguage\":\"en-US\"},{\"@type\":\"Organization\",\"@id\":\"https:\\\/\\\/accesolatino.org\\\/#organization\",\"name\":\"Acceso Latino | Fundaci\u00f3n Carlos Slim\",\"url\":\"https:\\\/\\\/accesolatino.org\\\/\",\"logo\":{\"@type\":\"ImageObject\",\"inLanguage\":\"en-US\",\"@id\":\"https:\\\/\\\/accesolatino.org\\\/#\\\/schema\\\/logo\\\/image\\\/\",\"url\":\"https:\\\/\\\/accesolatino.org\\\/wp-content\\\/uploads\\\/2021\\\/02\\\/logo-footer-acceso-latino.png\",\"contentUrl\":\"https:\\\/\\\/accesolatino.org\\\/wp-content\\\/uploads\\\/2021\\\/02\\\/logo-footer-acceso-latino.png\",\"width\":240,\"height\":40,\"caption\":\"Acceso Latino | Fundaci\u00f3n Carlos Slim\"},\"image\":{\"@id\":\"https:\\\/\\\/accesolatino.org\\\/#\\\/schema\\\/logo\\\/image\\\/\"},\"sameAs\":[\"https:\\\/\\\/www.facebook.com\\\/AccesoLatinoOrg\",\"https:\\\/\\\/x.com\\\/FAccLatino\"]},{\"@type\":\"Person\",\"@id\":\"https:\\\/\\\/accesolatino.org\\\/#\\\/schema\\\/person\\\/57bc3bfd2c357610a5255490ca4cd305\",\"name\":\"Noticias\"}]}<\/script>\n<!-- \/ Yoast SEO plugin. -->","yoast_head_json":{"title":"Indocumentada nombrada asesora del Senado de California","description":"El Senado de California realiz\u00f3 un nombramiento hist\u00f3rico un d\u00eda despu\u00e9s de la visita del presidente de Estados Unidos al estado para revisar los prototipos del muro fronterizo. Esta decisi\u00f3n del Senado dej\u00f3 claro la pol\u00edtica de brazos abiertos del segundo estado con mayor n\u00famero de inmigrantes indocumentados en EEUU.","robots":{"index":"index","follow":"follow","max-snippet":"max-snippet:-1","max-image-preview":"max-image-preview:large","max-video-preview":"max-video-preview:-1"},"canonical":"https:\/\/accesolatino.org\/en\/indocumentada-nombrada-asesora-del-senado-de-california\/orgullo-latino\/","og_locale":"en_US","og_type":"article","og_title":"Indocumentada nombrada asesora del Senado de California","og_description":"El Senado de California realiz\u00f3 un nombramiento hist\u00f3rico un d\u00eda despu\u00e9s de la visita del presidente de Estados Unidos al estado para revisar los prototipos del muro fronterizo. Esta decisi\u00f3n del Senado dej\u00f3 claro la pol\u00edtica de brazos abiertos del segundo estado con mayor n\u00famero de inmigrantes indocumentados en EEUU.","og_url":"https:\/\/accesolatino.org\/en\/indocumentada-nombrada-asesora-del-senado-de-california\/orgullo-latino\/","og_site_name":"Acceso Latino","article_publisher":"https:\/\/www.facebook.com\/AccesoLatinoOrg","article_published_time":"2018-03-16T15:25:43+00:00","article_modified_time":"2025-10-27T19:36:48+00:00","og_image":[{"width":600,"height":338,"url":"https:\/\/accesolatino.org\/wp-content\/uploads\/2018\/03\/Indocumentada-nombrada-asesora-del-Senado-de-Calif.jpg","type":"image\/jpeg"}],"author":"Noticias","twitter_card":"summary_large_image","twitter_creator":"@FAccLatino","twitter_site":"@FAccLatino","twitter_misc":{"Written by":"Noticias","Est. reading time":"2 minutes"},"schema":{"@context":"https:\/\/schema.org","@graph":[{"@type":"Article","@id":"https:\/\/accesolatino.org\/indocumentada-nombrada-asesora-del-senado-de-california\/orgullo-latino\/#article","isPartOf":{"@id":"https:\/\/accesolatino.org\/indocumentada-nombrada-asesora-del-senado-de-california\/orgullo-latino\/"},"author":{"name":"Noticias","@id":"https:\/\/accesolatino.org\/#\/schema\/person\/57bc3bfd2c357610a5255490ca4cd305"},"headline":"Indocumentada nombrada asesora del Senado de California","datePublished":"2018-03-16T15:25:43+00:00","dateModified":"2025-10-27T19:36:48+00:00","mainEntityOfPage":{"@id":"https:\/\/accesolatino.org\/indocumentada-nombrada-asesora-del-senado-de-california\/orgullo-latino\/"},"wordCount":320,"commentCount":0,"publisher":{"@id":"https:\/\/accesolatino.org\/#organization"},"image":{"@id":"https:\/\/accesolatino.org\/indocumentada-nombrada-asesora-del-senado-de-california\/orgullo-latino\/#primaryimage"},"thumbnailUrl":"https:\/\/accesolatino.org\/wp-content\/uploads\/2018\/03\/Indocumentada-nombrada-asesora-del-Senado-de-Calif.jpg","articleSection":["Orgullo Latino"],"inLanguage":"en-US","potentialAction":[{"@type":"CommentAction","name":"Comment","target":["https:\/\/accesolatino.org\/indocumentada-nombrada-asesora-del-senado-de-california\/orgullo-latino\/#respond"]}]},{"@type":"WebPage","@id":"https:\/\/accesolatino.org\/indocumentada-nombrada-asesora-del-senado-de-california\/orgullo-latino\/","url":"https:\/\/accesolatino.org\/indocumentada-nombrada-asesora-del-senado-de-california\/orgullo-latino\/","name":"Indocumentada nombrada asesora del Senado de California","isPartOf":{"@id":"https:\/\/accesolatino.org\/#website"},"primaryImageOfPage":{"@id":"https:\/\/accesolatino.org\/indocumentada-nombrada-asesora-del-senado-de-california\/orgullo-latino\/#primaryimage"},"image":{"@id":"https:\/\/accesolatino.org\/indocumentada-nombrada-asesora-del-senado-de-california\/orgullo-latino\/#primaryimage"},"thumbnailUrl":"https:\/\/accesolatino.org\/wp-content\/uploads\/2018\/03\/Indocumentada-nombrada-asesora-del-Senado-de-Calif.jpg","datePublished":"2018-03-16T15:25:43+00:00","dateModified":"2025-10-27T19:36:48+00:00","description":"El Senado de California realiz\u00f3 un nombramiento hist\u00f3rico un d\u00eda despu\u00e9s de la visita del presidente de Estados Unidos al estado para revisar los prototipos del muro fronterizo. Esta decisi\u00f3n del Senado dej\u00f3 claro la pol\u00edtica de brazos abiertos del segundo estado con mayor n\u00famero de inmigrantes indocumentados en EEUU.","breadcrumb":{"@id":"https:\/\/accesolatino.org\/indocumentada-nombrada-asesora-del-senado-de-california\/orgullo-latino\/#breadcrumb"},"inLanguage":"en-US","potentialAction":[{"@type":"ReadAction","target":["https:\/\/accesolatino.org\/indocumentada-nombrada-asesora-del-senado-de-california\/orgullo-latino\/"]}]},{"@type":"ImageObject","inLanguage":"en-US","@id":"https:\/\/accesolatino.org\/indocumentada-nombrada-asesora-del-senado-de-california\/orgullo-latino\/#primaryimage","url":"https:\/\/accesolatino.org\/wp-content\/uploads\/2018\/03\/Indocumentada-nombrada-asesora-del-Senado-de-Calif.jpg","contentUrl":"https:\/\/accesolatino.org\/wp-content\/uploads\/2018\/03\/Indocumentada-nombrada-asesora-del-Senado-de-Calif.jpg","width":"600","height":"338","caption":"Indocumentada nombrada asesora del Senado de California"},{"@type":"BreadcrumbList","@id":"https:\/\/accesolatino.org\/indocumentada-nombrada-asesora-del-senado-de-california\/orgullo-latino\/#breadcrumb","itemListElement":[{"@type":"ListItem","position":1,"name":"Portada","item":"https:\/\/accesolatino.org\/"},{"@type":"ListItem","position":2,"name":"Orgullo Latino","item":"https:\/\/accesolatino.org\/category\/orgullo-latino\/"},{"@type":"ListItem","position":3,"name":"Indocumentada nombrada asesora del Senado de California"}]},{"@type":"WebSite","@id":"https:\/\/accesolatino.org\/#website","url":"https:\/\/accesolatino.org\/","name":"Acceso Latino | Fundaci\u00f3n Carlos Slim","description":"Fundaci\u00f3n Carlos Slim","publisher":{"@id":"https:\/\/accesolatino.org\/#organization"},"potentialAction":[{"@type":"SearchAction","target":{"@type":"EntryPoint","urlTemplate":"https:\/\/accesolatino.org\/?s={search_term_string}"},"query-input":{"@type":"PropertyValueSpecification","valueRequired":true,"valueName":"search_term_string"}}],"inLanguage":"en-US"},{"@type":"Organization","@id":"https:\/\/accesolatino.org\/#organization","name":"Acceso Latino | Fundaci\u00f3n Carlos Slim","url":"https:\/\/accesolatino.org\/","logo":{"@type":"ImageObject","inLanguage":"en-US","@id":"https:\/\/accesolatino.org\/#\/schema\/logo\/image\/","url":"https:\/\/accesolatino.org\/wp-content\/uploads\/2021\/02\/logo-footer-acceso-latino.png","contentUrl":"https:\/\/accesolatino.org\/wp-content\/uploads\/2021\/02\/logo-footer-acceso-latino.png","width":240,"height":40,"caption":"Acceso Latino | Fundaci\u00f3n Carlos Slim"},"image":{"@id":"https:\/\/accesolatino.org\/#\/schema\/logo\/image\/"},"sameAs":["https:\/\/www.facebook.com\/AccesoLatinoOrg","https:\/\/x.com\/FAccLatino"]},{"@type":"Person","@id":"https:\/\/accesolatino.org\/#\/schema\/person\/57bc3bfd2c357610a5255490ca4cd305","name":"News"}]}},"_links":{"self":[{"href":"https:\/\/accesolatino.org\/en\/wp-json\/wp\/v2\/posts\/11530","targetHints":{"allow":["GET"]}}],"collection":[{"href":"https:\/\/accesolatino.org\/en\/wp-json\/wp\/v2\/posts"}],"about":[{"href":"https:\/\/accesolatino.org\/en\/wp-json\/wp\/v2\/types\/post"}],"author":[{"embeddable":true,"href":"https:\/\/accesolatino.org\/en\/wp-json\/wp\/v2\/users\/13"}],"replies":[{"embeddable":true,"href":"https:\/\/accesolatino.org\/en\/wp-json\/wp\/v2\/comments?post=11530"}],"version-history":[{"count":1,"href":"https:\/\/accesolatino.org\/en\/wp-json\/wp\/v2\/posts\/11530\/revisions"}],"predecessor-version":[{"id":66710,"href":"https:\/\/accesolatino.org\/en\/wp-json\/wp\/v2\/posts\/11530\/revisions\/66710"}],"wp:featuredmedia":[{"embeddable":true,"href":"https:\/\/accesolatino.org\/en\/wp-json\/wp\/v2\/media\/13377"}],"wp:attachment":[{"href":"https:\/\/accesolatino.org\/en\/wp-json\/wp\/v2\/media?parent=11530"}],"wp:term":[{"taxonomy":"category","embeddable":true,"href":"https:\/\/accesolatino.org\/en\/wp-json\/wp\/v2\/categories?post=11530"},{"taxonomy":"post_tag","embeddable":true,"href":"https:\/\/accesolatino.org\/en\/wp-json\/wp\/v2\/tags?post=11530"}],"curies":[{"name":"wp","href":"https:\/\/api.w.org\/{rel}","templated":true}]}}