{"id":11487,"date":"2018-03-06T09:45:08","date_gmt":"2018-03-06T15:45:08","guid":{"rendered":"http:\/\/accesolatino.org\/?p=11487"},"modified":"2025-10-27T13:37:54","modified_gmt":"2025-10-27T19:37:54","slug":"conoce-el-sueno-de-ricardo-pablo-y-sigue-sus-consejos","status":"publish","type":"post","link":"https:\/\/accesolatino.org\/en\/conoce-el-sueno-de-ricardo-pablo-y-sigue-sus-consejos\/testimoniales\/","title":{"rendered":"Get to know Ricardo Pablo's dream and follow his advice"},"content":{"rendered":"<p>Ricardo Pablo Pedro, nacido en La Mina, Tuxtepec, Oaxaca, y en mayo se convertir\u00e1 en el \u00fanico mexicano de origen ind\u00edgena (zapoteca) en obtener el grado de doctor en el Instituto Tecnol\u00f3gico de Massachusetts (MIT). Para poder conseguir este gran logro, sorte\u00f3 varios obst\u00e1culos, entre ellos el principal, la pobreza.<\/p>\n<p>El joven mexicano, reconoci\u00f3 que su historia es como la de miles de mexicanos, una historia de superaci\u00f3n. Ricardo cont\u00f3 que naci\u00f3 en casa de sus abuelos y que en su ni\u00f1ez vendi\u00f3 aguacates y limones en una canasta, en Morelos y en Oaxaca, para ayudar al sustento de su familia. M\u00e1s tarde al estudiar la preparatoria, tuvo que salir a las calles a pedir dinero con un bote para pagar el examen de admisi\u00f3n a la UNAM.<\/p>\n<p>Una vez alcanzado su objetivo de estudiar en la m\u00e1xima casa de estudios, vendi\u00f3 dulces en la Facultad de Qu\u00edmica para mantenerse, mientras dorm\u00eda en las casas de sus compa\u00f1eros. \u201cAlgunos me invitaban a comer, pero mi dieta esencialmente fue a base de bolillo o torta de tamal con agua, y cuando no resist\u00eda el hambre mejor dorm\u00eda y asunto arreglado\u201d fueron las palabras de Ricardo.<\/p>\n<p>Despu\u00e9s de recibir apoyo de mucha gente, el joven mexicano consider\u00f3 que en mayo \u201ctodos se graduar\u00e1n con \u00e9l\u201d, incluida su madre a quien admira, pues no estudi\u00f3, no sabe leer ni escribir, \u201cpero yo he cumplido su sue\u00f1o\u201d.<\/p>\n<p>\u201cEn Boston me he dado cuenta de que los universitarios tenemos suficiente potencial, la UNAM lo tiene; esta universidad nos da todo, y todo es pr\u00e1cticamente gratis, por eso hay que esforzarnos, y no decir \u2018no puedo\u2019, arriesgarnos, salir de la zona de confort\u201d, concluy\u00f3.<\/p>\n<p>In <strong>Acceso Latino<\/strong>, encontrar\u00e1s diversos <a title=\"\" href=\"http:\/\/accesolatino.org\/en\/educacion\/\" target=\"_blank\" rel=\"noopener\">cursos en l\u00ednea<\/a> de las mejores universidades del mundo para alcanzar tus metas como el joven mexicano Ricardo Pablo Pedro.<\/p>","protected":false},"excerpt":{"rendered":"<p>Ricardo Pablo Pedro, nacido en La Mina, Tuxtepec, Oaxaca, y en mayo se convertir\u00e1 en el \u00fanico mexicano de origen ind\u00edgena (zapoteca) en obtener el grado de doctor en el Instituto Tecnol\u00f3gico de Massachusetts (MIT). Para poder conseguir este gran logro, sorte\u00f3 varios obst\u00e1culos, entre ellos el principal, la pobreza.<\/p>","protected":false},"author":14,"featured_media":11488,"comment_status":"open","ping_status":"open","sticky":false,"template":"","format":"standard","meta":{"_uf_show_specific_survey":0,"_uf_disable_surveys":false,"footnotes":""},"categories":[30],"tags":[],"class_list":["post-11487","post","type-post","status-publish","format-standard","has-post-thumbnail","hentry","category-testimoniales"],"aioseo_notices":[],"yoast_head":"<!-- This site is optimized with the Yoast SEO plugin v27.5 - https:\/\/yoast.com\/product\/yoast-seo-wordpress\/ -->\n<title>Conoce el sue\u00f1o de Ricardo Pablo y sigue sus consejos - Acceso Latino<\/title>\n<meta name=\"description\" content=\"Ricardo Pablo Pedro, nacido en La Mina, Tuxtepec, Oaxaca, y en mayo se convertir\u00e1 en el \u00fanico mexicano de origen ind\u00edgena (zapoteca) en obtener el grado de doctor en el Instituto Tecnol\u00f3gico de Massachusetts (MIT). Para poder conseguir este gran logro, sorte\u00f3 varios obst\u00e1culos, entre ellos el principal, la pobreza.\" \/>\n<meta name=\"robots\" content=\"index, follow, max-snippet:-1, max-image-preview:large, max-video-preview:-1\" \/>\n<link rel=\"canonical\" href=\"https:\/\/accesolatino.org\/en\/conoce-el-sueno-de-ricardo-pablo-y-sigue-sus-consejos\/testimoniales\/\" \/>\n<meta property=\"og:locale\" content=\"en_US\" \/>\n<meta property=\"og:type\" content=\"article\" \/>\n<meta property=\"og:title\" content=\"Conoce el sue\u00f1o de Ricardo Pablo y sigue sus consejos - Acceso Latino\" \/>\n<meta property=\"og:description\" content=\"Ricardo Pablo Pedro, nacido en La Mina, Tuxtepec, Oaxaca, y en mayo se convertir\u00e1 en el \u00fanico mexicano de origen ind\u00edgena (zapoteca) en obtener el grado de doctor en el Instituto Tecnol\u00f3gico de Massachusetts (MIT). Para poder conseguir este gran logro, sorte\u00f3 varios obst\u00e1culos, entre ellos el principal, la pobreza.\" \/>\n<meta property=\"og:url\" content=\"https:\/\/accesolatino.org\/en\/conoce-el-sueno-de-ricardo-pablo-y-sigue-sus-consejos\/testimoniales\/\" \/>\n<meta property=\"og:site_name\" content=\"Acceso Latino\" \/>\n<meta property=\"article:publisher\" content=\"https:\/\/www.facebook.com\/AccesoLatinoOrg\" \/>\n<meta property=\"article:published_time\" content=\"2018-03-06T15:45:08+00:00\" \/>\n<meta property=\"article:modified_time\" content=\"2025-10-27T19:37:54+00:00\" \/>\n<meta property=\"og:image\" content=\"https:\/\/accesolatino.org\/wp-content\/uploads\/2018\/03\/Conoce-el-sueno-de-Ricardo-Pablo-y-sigue-sus-consejos.jpg\" \/>\n\t<meta property=\"og:image:width\" content=\"600\" \/>\n\t<meta property=\"og:image:height\" content=\"400\" \/>\n\t<meta property=\"og:image:type\" content=\"image\/jpeg\" \/>\n<meta name=\"author\" content=\"Testimoniales\" \/>\n<meta name=\"twitter:card\" content=\"summary_large_image\" \/>\n<meta name=\"twitter:creator\" content=\"@FAccLatino\" \/>\n<meta name=\"twitter:site\" content=\"@FAccLatino\" \/>\n<meta name=\"twitter:label1\" content=\"Written by\" \/>\n\t<meta name=\"twitter:data1\" content=\"Testimoniales\" \/>\n\t<meta name=\"twitter:label2\" content=\"Est. reading time\" \/>\n\t<meta name=\"twitter:data2\" content=\"2 minutes\" \/>\n<script type=\"application\/ld+json\" class=\"yoast-schema-graph\">{\"@context\":\"https:\\\/\\\/schema.org\",\"@graph\":[{\"@type\":\"Article\",\"@id\":\"https:\\\/\\\/accesolatino.org\\\/conoce-el-sueno-de-ricardo-pablo-y-sigue-sus-consejos\\\/testimoniales\\\/#article\",\"isPartOf\":{\"@id\":\"https:\\\/\\\/accesolatino.org\\\/conoce-el-sueno-de-ricardo-pablo-y-sigue-sus-consejos\\\/testimoniales\\\/\"},\"author\":{\"name\":\"Testimoniales\",\"@id\":\"https:\\\/\\\/accesolatino.org\\\/#\\\/schema\\\/person\\\/79c29837daea856f29afadee8243315d\"},\"headline\":\"Conoce el sue\u00f1o de Ricardo Pablo y sigue sus consejos\",\"datePublished\":\"2018-03-06T15:45:08+00:00\",\"dateModified\":\"2025-10-27T19:37:54+00:00\",\"mainEntityOfPage\":{\"@id\":\"https:\\\/\\\/accesolatino.org\\\/conoce-el-sueno-de-ricardo-pablo-y-sigue-sus-consejos\\\/testimoniales\\\/\"},\"wordCount\":333,\"commentCount\":0,\"publisher\":{\"@id\":\"https:\\\/\\\/accesolatino.org\\\/#organization\"},\"image\":{\"@id\":\"https:\\\/\\\/accesolatino.org\\\/conoce-el-sueno-de-ricardo-pablo-y-sigue-sus-consejos\\\/testimoniales\\\/#primaryimage\"},\"thumbnailUrl\":\"https:\\\/\\\/accesolatino.org\\\/wp-content\\\/uploads\\\/2018\\\/03\\\/Conoce-el-sueno-de-Ricardo-Pablo-y-sigue-sus-consejos.jpg\",\"articleSection\":[\"Testimoniales\"],\"inLanguage\":\"en-US\",\"potentialAction\":[{\"@type\":\"CommentAction\",\"name\":\"Comment\",\"target\":[\"https:\\\/\\\/accesolatino.org\\\/conoce-el-sueno-de-ricardo-pablo-y-sigue-sus-consejos\\\/testimoniales\\\/#respond\"]}]},{\"@type\":\"WebPage\",\"@id\":\"https:\\\/\\\/accesolatino.org\\\/conoce-el-sueno-de-ricardo-pablo-y-sigue-sus-consejos\\\/testimoniales\\\/\",\"url\":\"https:\\\/\\\/accesolatino.org\\\/conoce-el-sueno-de-ricardo-pablo-y-sigue-sus-consejos\\\/testimoniales\\\/\",\"name\":\"Conoce el sue\u00f1o de Ricardo Pablo y sigue sus consejos - Acceso Latino\",\"isPartOf\":{\"@id\":\"https:\\\/\\\/accesolatino.org\\\/#website\"},\"primaryImageOfPage\":{\"@id\":\"https:\\\/\\\/accesolatino.org\\\/conoce-el-sueno-de-ricardo-pablo-y-sigue-sus-consejos\\\/testimoniales\\\/#primaryimage\"},\"image\":{\"@id\":\"https:\\\/\\\/accesolatino.org\\\/conoce-el-sueno-de-ricardo-pablo-y-sigue-sus-consejos\\\/testimoniales\\\/#primaryimage\"},\"thumbnailUrl\":\"https:\\\/\\\/accesolatino.org\\\/wp-content\\\/uploads\\\/2018\\\/03\\\/Conoce-el-sueno-de-Ricardo-Pablo-y-sigue-sus-consejos.jpg\",\"datePublished\":\"2018-03-06T15:45:08+00:00\",\"dateModified\":\"2025-10-27T19:37:54+00:00\",\"description\":\"Ricardo Pablo Pedro, nacido en La Mina, Tuxtepec, Oaxaca, y en mayo se convertir\u00e1 en el \u00fanico mexicano de origen ind\u00edgena (zapoteca) en obtener el grado de doctor en el Instituto Tecnol\u00f3gico de Massachusetts (MIT). Para poder conseguir este gran logro, sorte\u00f3 varios obst\u00e1culos, entre ellos el principal, la pobreza.\",\"breadcrumb\":{\"@id\":\"https:\\\/\\\/accesolatino.org\\\/conoce-el-sueno-de-ricardo-pablo-y-sigue-sus-consejos\\\/testimoniales\\\/#breadcrumb\"},\"inLanguage\":\"en-US\",\"potentialAction\":[{\"@type\":\"ReadAction\",\"target\":[\"https:\\\/\\\/accesolatino.org\\\/conoce-el-sueno-de-ricardo-pablo-y-sigue-sus-consejos\\\/testimoniales\\\/\"]}]},{\"@type\":\"ImageObject\",\"inLanguage\":\"en-US\",\"@id\":\"https:\\\/\\\/accesolatino.org\\\/conoce-el-sueno-de-ricardo-pablo-y-sigue-sus-consejos\\\/testimoniales\\\/#primaryimage\",\"url\":\"https:\\\/\\\/accesolatino.org\\\/wp-content\\\/uploads\\\/2018\\\/03\\\/Conoce-el-sueno-de-Ricardo-Pablo-y-sigue-sus-consejos.jpg\",\"contentUrl\":\"https:\\\/\\\/accesolatino.org\\\/wp-content\\\/uploads\\\/2018\\\/03\\\/Conoce-el-sueno-de-Ricardo-Pablo-y-sigue-sus-consejos.jpg\",\"width\":\"600\",\"height\":\"400\",\"caption\":\"Conoce el sueno de Ricardo Pablo y sigue sus consejos\"},{\"@type\":\"BreadcrumbList\",\"@id\":\"https:\\\/\\\/accesolatino.org\\\/conoce-el-sueno-de-ricardo-pablo-y-sigue-sus-consejos\\\/testimoniales\\\/#breadcrumb\",\"itemListElement\":[{\"@type\":\"ListItem\",\"position\":1,\"name\":\"Portada\",\"item\":\"https:\\\/\\\/accesolatino.org\\\/\"},{\"@type\":\"ListItem\",\"position\":2,\"name\":\"Testimoniales\",\"item\":\"https:\\\/\\\/accesolatino.org\\\/category\\\/testimoniales\\\/\"},{\"@type\":\"ListItem\",\"position\":3,\"name\":\"Conoce el sue\u00f1o de Ricardo Pablo y sigue sus consejos\"}]},{\"@type\":\"WebSite\",\"@id\":\"https:\\\/\\\/accesolatino.org\\\/#website\",\"url\":\"https:\\\/\\\/accesolatino.org\\\/\",\"name\":\"Acceso Latino | Fundaci\u00f3n Carlos Slim\",\"description\":\"Fundaci\u00f3n Carlos Slim\",\"publisher\":{\"@id\":\"https:\\\/\\\/accesolatino.org\\\/#organization\"},\"potentialAction\":[{\"@type\":\"SearchAction\",\"target\":{\"@type\":\"EntryPoint\",\"urlTemplate\":\"https:\\\/\\\/accesolatino.org\\\/?s={search_term_string}\"},\"query-input\":{\"@type\":\"PropertyValueSpecification\",\"valueRequired\":true,\"valueName\":\"search_term_string\"}}],\"inLanguage\":\"en-US\"},{\"@type\":\"Organization\",\"@id\":\"https:\\\/\\\/accesolatino.org\\\/#organization\",\"name\":\"Acceso Latino | Fundaci\u00f3n Carlos Slim\",\"url\":\"https:\\\/\\\/accesolatino.org\\\/\",\"logo\":{\"@type\":\"ImageObject\",\"inLanguage\":\"en-US\",\"@id\":\"https:\\\/\\\/accesolatino.org\\\/#\\\/schema\\\/logo\\\/image\\\/\",\"url\":\"https:\\\/\\\/accesolatino.org\\\/wp-content\\\/uploads\\\/2021\\\/02\\\/logo-footer-acceso-latino.png\",\"contentUrl\":\"https:\\\/\\\/accesolatino.org\\\/wp-content\\\/uploads\\\/2021\\\/02\\\/logo-footer-acceso-latino.png\",\"width\":240,\"height\":40,\"caption\":\"Acceso Latino | Fundaci\u00f3n Carlos Slim\"},\"image\":{\"@id\":\"https:\\\/\\\/accesolatino.org\\\/#\\\/schema\\\/logo\\\/image\\\/\"},\"sameAs\":[\"https:\\\/\\\/www.facebook.com\\\/AccesoLatinoOrg\",\"https:\\\/\\\/x.com\\\/FAccLatino\"]},{\"@type\":\"Person\",\"@id\":\"https:\\\/\\\/accesolatino.org\\\/#\\\/schema\\\/person\\\/79c29837daea856f29afadee8243315d\",\"name\":\"Testimoniales\"}]}<\/script>\n<!-- \/ Yoast SEO plugin. -->","yoast_head_json":{"title":"Conoce el sue\u00f1o de Ricardo Pablo y sigue sus consejos - Acceso Latino","description":"Ricardo Pablo Pedro, nacido en La Mina, Tuxtepec, Oaxaca, y en mayo se convertir\u00e1 en el \u00fanico mexicano de origen ind\u00edgena (zapoteca) en obtener el grado de doctor en el Instituto Tecnol\u00f3gico de Massachusetts (MIT). Para poder conseguir este gran logro, sorte\u00f3 varios obst\u00e1culos, entre ellos el principal, la pobreza.","robots":{"index":"index","follow":"follow","max-snippet":"max-snippet:-1","max-image-preview":"max-image-preview:large","max-video-preview":"max-video-preview:-1"},"canonical":"https:\/\/accesolatino.org\/en\/conoce-el-sueno-de-ricardo-pablo-y-sigue-sus-consejos\/testimoniales\/","og_locale":"en_US","og_type":"article","og_title":"Conoce el sue\u00f1o de Ricardo Pablo y sigue sus consejos - Acceso Latino","og_description":"Ricardo Pablo Pedro, nacido en La Mina, Tuxtepec, Oaxaca, y en mayo se convertir\u00e1 en el \u00fanico mexicano de origen ind\u00edgena (zapoteca) en obtener el grado de doctor en el Instituto Tecnol\u00f3gico de Massachusetts (MIT). Para poder conseguir este gran logro, sorte\u00f3 varios obst\u00e1culos, entre ellos el principal, la pobreza.","og_url":"https:\/\/accesolatino.org\/en\/conoce-el-sueno-de-ricardo-pablo-y-sigue-sus-consejos\/testimoniales\/","og_site_name":"Acceso Latino","article_publisher":"https:\/\/www.facebook.com\/AccesoLatinoOrg","article_published_time":"2018-03-06T15:45:08+00:00","article_modified_time":"2025-10-27T19:37:54+00:00","og_image":[{"width":600,"height":400,"url":"https:\/\/accesolatino.org\/wp-content\/uploads\/2018\/03\/Conoce-el-sueno-de-Ricardo-Pablo-y-sigue-sus-consejos.jpg","type":"image\/jpeg"}],"author":"Testimoniales","twitter_card":"summary_large_image","twitter_creator":"@FAccLatino","twitter_site":"@FAccLatino","twitter_misc":{"Written by":"Testimoniales","Est. reading time":"2 minutes"},"schema":{"@context":"https:\/\/schema.org","@graph":[{"@type":"Article","@id":"https:\/\/accesolatino.org\/conoce-el-sueno-de-ricardo-pablo-y-sigue-sus-consejos\/testimoniales\/#article","isPartOf":{"@id":"https:\/\/accesolatino.org\/conoce-el-sueno-de-ricardo-pablo-y-sigue-sus-consejos\/testimoniales\/"},"author":{"name":"Testimoniales","@id":"https:\/\/accesolatino.org\/#\/schema\/person\/79c29837daea856f29afadee8243315d"},"headline":"Conoce el sue\u00f1o de Ricardo Pablo y sigue sus consejos","datePublished":"2018-03-06T15:45:08+00:00","dateModified":"2025-10-27T19:37:54+00:00","mainEntityOfPage":{"@id":"https:\/\/accesolatino.org\/conoce-el-sueno-de-ricardo-pablo-y-sigue-sus-consejos\/testimoniales\/"},"wordCount":333,"commentCount":0,"publisher":{"@id":"https:\/\/accesolatino.org\/#organization"},"image":{"@id":"https:\/\/accesolatino.org\/conoce-el-sueno-de-ricardo-pablo-y-sigue-sus-consejos\/testimoniales\/#primaryimage"},"thumbnailUrl":"https:\/\/accesolatino.org\/wp-content\/uploads\/2018\/03\/Conoce-el-sueno-de-Ricardo-Pablo-y-sigue-sus-consejos.jpg","articleSection":["Testimoniales"],"inLanguage":"en-US","potentialAction":[{"@type":"CommentAction","name":"Comment","target":["https:\/\/accesolatino.org\/conoce-el-sueno-de-ricardo-pablo-y-sigue-sus-consejos\/testimoniales\/#respond"]}]},{"@type":"WebPage","@id":"https:\/\/accesolatino.org\/conoce-el-sueno-de-ricardo-pablo-y-sigue-sus-consejos\/testimoniales\/","url":"https:\/\/accesolatino.org\/conoce-el-sueno-de-ricardo-pablo-y-sigue-sus-consejos\/testimoniales\/","name":"Conoce el sue\u00f1o de Ricardo Pablo y sigue sus consejos - Acceso Latino","isPartOf":{"@id":"https:\/\/accesolatino.org\/#website"},"primaryImageOfPage":{"@id":"https:\/\/accesolatino.org\/conoce-el-sueno-de-ricardo-pablo-y-sigue-sus-consejos\/testimoniales\/#primaryimage"},"image":{"@id":"https:\/\/accesolatino.org\/conoce-el-sueno-de-ricardo-pablo-y-sigue-sus-consejos\/testimoniales\/#primaryimage"},"thumbnailUrl":"https:\/\/accesolatino.org\/wp-content\/uploads\/2018\/03\/Conoce-el-sueno-de-Ricardo-Pablo-y-sigue-sus-consejos.jpg","datePublished":"2018-03-06T15:45:08+00:00","dateModified":"2025-10-27T19:37:54+00:00","description":"Ricardo Pablo Pedro, nacido en La Mina, Tuxtepec, Oaxaca, y en mayo se convertir\u00e1 en el \u00fanico mexicano de origen ind\u00edgena (zapoteca) en obtener el grado de doctor en el Instituto Tecnol\u00f3gico de Massachusetts (MIT). Para poder conseguir este gran logro, sorte\u00f3 varios obst\u00e1culos, entre ellos el principal, la pobreza.","breadcrumb":{"@id":"https:\/\/accesolatino.org\/conoce-el-sueno-de-ricardo-pablo-y-sigue-sus-consejos\/testimoniales\/#breadcrumb"},"inLanguage":"en-US","potentialAction":[{"@type":"ReadAction","target":["https:\/\/accesolatino.org\/conoce-el-sueno-de-ricardo-pablo-y-sigue-sus-consejos\/testimoniales\/"]}]},{"@type":"ImageObject","inLanguage":"en-US","@id":"https:\/\/accesolatino.org\/conoce-el-sueno-de-ricardo-pablo-y-sigue-sus-consejos\/testimoniales\/#primaryimage","url":"https:\/\/accesolatino.org\/wp-content\/uploads\/2018\/03\/Conoce-el-sueno-de-Ricardo-Pablo-y-sigue-sus-consejos.jpg","contentUrl":"https:\/\/accesolatino.org\/wp-content\/uploads\/2018\/03\/Conoce-el-sueno-de-Ricardo-Pablo-y-sigue-sus-consejos.jpg","width":"600","height":"400","caption":"Conoce el sueno de Ricardo Pablo y sigue sus consejos"},{"@type":"BreadcrumbList","@id":"https:\/\/accesolatino.org\/conoce-el-sueno-de-ricardo-pablo-y-sigue-sus-consejos\/testimoniales\/#breadcrumb","itemListElement":[{"@type":"ListItem","position":1,"name":"Portada","item":"https:\/\/accesolatino.org\/"},{"@type":"ListItem","position":2,"name":"Testimoniales","item":"https:\/\/accesolatino.org\/category\/testimoniales\/"},{"@type":"ListItem","position":3,"name":"Conoce el sue\u00f1o de Ricardo Pablo y sigue sus consejos"}]},{"@type":"WebSite","@id":"https:\/\/accesolatino.org\/#website","url":"https:\/\/accesolatino.org\/","name":"Acceso Latino | Fundaci\u00f3n Carlos Slim","description":"Fundaci\u00f3n Carlos Slim","publisher":{"@id":"https:\/\/accesolatino.org\/#organization"},"potentialAction":[{"@type":"SearchAction","target":{"@type":"EntryPoint","urlTemplate":"https:\/\/accesolatino.org\/?s={search_term_string}"},"query-input":{"@type":"PropertyValueSpecification","valueRequired":true,"valueName":"search_term_string"}}],"inLanguage":"en-US"},{"@type":"Organization","@id":"https:\/\/accesolatino.org\/#organization","name":"Acceso Latino | Fundaci\u00f3n Carlos Slim","url":"https:\/\/accesolatino.org\/","logo":{"@type":"ImageObject","inLanguage":"en-US","@id":"https:\/\/accesolatino.org\/#\/schema\/logo\/image\/","url":"https:\/\/accesolatino.org\/wp-content\/uploads\/2021\/02\/logo-footer-acceso-latino.png","contentUrl":"https:\/\/accesolatino.org\/wp-content\/uploads\/2021\/02\/logo-footer-acceso-latino.png","width":240,"height":40,"caption":"Acceso Latino | Fundaci\u00f3n Carlos Slim"},"image":{"@id":"https:\/\/accesolatino.org\/#\/schema\/logo\/image\/"},"sameAs":["https:\/\/www.facebook.com\/AccesoLatinoOrg","https:\/\/x.com\/FAccLatino"]},{"@type":"Person","@id":"https:\/\/accesolatino.org\/#\/schema\/person\/79c29837daea856f29afadee8243315d","name":"Testimonials"}]}},"_links":{"self":[{"href":"https:\/\/accesolatino.org\/en\/wp-json\/wp\/v2\/posts\/11487","targetHints":{"allow":["GET"]}}],"collection":[{"href":"https:\/\/accesolatino.org\/en\/wp-json\/wp\/v2\/posts"}],"about":[{"href":"https:\/\/accesolatino.org\/en\/wp-json\/wp\/v2\/types\/post"}],"author":[{"embeddable":true,"href":"https:\/\/accesolatino.org\/en\/wp-json\/wp\/v2\/users\/14"}],"replies":[{"embeddable":true,"href":"https:\/\/accesolatino.org\/en\/wp-json\/wp\/v2\/comments?post=11487"}],"version-history":[{"count":1,"href":"https:\/\/accesolatino.org\/en\/wp-json\/wp\/v2\/posts\/11487\/revisions"}],"predecessor-version":[{"id":66718,"href":"https:\/\/accesolatino.org\/en\/wp-json\/wp\/v2\/posts\/11487\/revisions\/66718"}],"wp:featuredmedia":[{"embeddable":true,"href":"https:\/\/accesolatino.org\/en\/wp-json\/wp\/v2\/media\/11488"}],"wp:attachment":[{"href":"https:\/\/accesolatino.org\/en\/wp-json\/wp\/v2\/media?parent=11487"}],"wp:term":[{"taxonomy":"category","embeddable":true,"href":"https:\/\/accesolatino.org\/en\/wp-json\/wp\/v2\/categories?post=11487"},{"taxonomy":"post_tag","embeddable":true,"href":"https:\/\/accesolatino.org\/en\/wp-json\/wp\/v2\/tags?post=11487"}],"curies":[{"name":"wp","href":"https:\/\/api.w.org\/{rel}","templated":true}]}}