{"id":11388,"date":"2018-02-27T10:07:07","date_gmt":"2018-02-27T16:07:07","guid":{"rendered":"http:\/\/accesolatino.org\/?p=11388"},"modified":"2025-10-27T13:38:21","modified_gmt":"2025-10-27T19:38:21","slug":"si-regresaste-a-mexico-y-vives-en-durango-cobra-tu-pension-estadunidense-este-14-de-marzo","status":"publish","type":"post","link":"https:\/\/accesolatino.org\/en\/si-regresaste-a-mexico-y-vives-en-durango-cobra-tu-pension-estadunidense-este-14-de-marzo\/noticias\/","title":{"rendered":"Si regresaste a M\u00e9xico y vives en Durango, cobra tu pensi\u00f3n estadunidense este 14 de marzo"},"content":{"rendered":"<p>La oficina de Atenci\u00f3n al Migrante de Durango, realizar\u00e1 el 14 de Marzo una feria informativa por el Consulado Americano en la capital duranguense, para dar continuidad a la exigencia de aquellas personas que cumplen con el requisito de haber trabajado en Estados Unidos y cobrar su pensi\u00f3n por retiro del seguro social norteamericano.<\/p>\n<p>As\u00ed lo dio a conocer la titular de esta oficina de gobierno, Lorenia Valles quien detall\u00f3 que el pr\u00f3ximo 14 de marzo a las 9 de la ma\u00f1ana en el aula magna del Centro de Convenciones Bicentenario, se realizar\u00e1 este encuentro para que las personas reciban la informaci\u00f3n de primera mano.<\/p>\n<p>Dicho evento contar\u00e1 tambi\u00e9n con la presencia del Instituto de Atenci\u00f3n y Protecci\u00f3n al Migrante, la Oficina de Beneficios Federales del Consulado de Estados Unidos en Ciudad Ju\u00e1rez, la Direcci\u00f3n General del Registro Civil, la Secretar\u00eda de Salud, el Seguro Popular, el Instituto Estatal de las Mujeres, el Servicio Nacional de Empleo, el DIF Estatal, el Instituto Nacional Electoral, el Instituto Duranguense de Educaci\u00f3n para Adultos, la Fiscal\u00eda General y la Secretar\u00eda de Desarrollo Social del Estado.<\/p>\n<p>En este evento se podr\u00e1n realizar tr\u00e1mites y servicios como la solicitud de pensi\u00f3n por retiro del seguro social norteamericano, tr\u00e1mites sobre el acta de nacimiento mexicana, servicios de salud, asesor\u00eda jur\u00eddica y psicol\u00f3gica, servicios de capacitaci\u00f3n y empleo, entre otros.<\/p>\n<p>La titular de la oficina indic\u00f3, que para cualquier duda o solicitud de informaci\u00f3n sobre esta feria de servicios se pone a disposici\u00f3n el tel\u00e9fono 618 81 11 266 del Instituto de Atenci\u00f3n al Migrante del Gobierno del Estado.<\/p>\n<p>Para todos los migrantes que est\u00e1n de regreso en M\u00e9xico, <strong>Acceso Latino<\/strong> tiene en su portal la herramienta \u201cCapac\u00edtate para el empleo\u201d que te brinda una amplia gama de cursos gratuitos y en l\u00ednea para aprender un oficio; adem\u00e1s podr\u00e1s postularte en la bolsa de trabajo. \u00a1No pierdas la oportunidad e ingresa ahora mismo!<\/p>","protected":false},"excerpt":{"rendered":"<p>La oficina de Atenci\u00f3n al Migrante de Durango, realizar\u00e1 el 14 de Marzo una feria informativa por el Consulado Americano en la capital duranguense, para dar continuidad a la exigencia de aquellas personas que cumplen con el requisito de haber trabajado en Estados Unidos y cobrar su pensi\u00f3n por retiro del seguro social norteamericano. As\u00ed lo dio a conocer la titular de esta oficina de gobierno, Lorenia Valles quien detall\u00f3 que el pr\u00f3ximo 14 de marzo a las 9 de la ma\u00f1ana en el aula magna del Centro de Convenciones Bicentenario, se realizar\u00e1 este encuentro para que las personas reciban la informaci\u00f3n de primera mano. Dicho evento contar\u00e1 tambi\u00e9n con la presencia del Instituto de Atenci\u00f3n y Protecci\u00f3n al Migrante, la Oficina de Beneficios Federales del Consulado de Estados Unidos en Ciudad Ju\u00e1rez, la Direcci\u00f3n General del Registro Civil, la Secretar\u00eda de Salud, el Seguro Popular, el Instituto Estatal de las Mujeres, el Servicio Nacional de Empleo, el DIF Estatal, el Instituto Nacional Electoral, el Instituto Duranguense de Educaci\u00f3n para Adultos, la Fiscal\u00eda General y la Secretar\u00eda de Desarrollo Social del Estado. En este evento se podr\u00e1n realizar tr\u00e1mites y servicios como la solicitud de pensi\u00f3n por retiro del seguro social norteamericano, tr\u00e1mites sobre el acta de nacimiento mexicana, servicios de salud, asesor\u00eda jur\u00eddica y psicol\u00f3gica, servicios de capacitaci\u00f3n y empleo, entre otros. La titular de la oficina indic\u00f3, que para cualquier duda o solicitud de informaci\u00f3n sobre esta feria de servicios se pone a disposici\u00f3n el tel\u00e9fono 618 81 11 266 del Instituto de Atenci\u00f3n al Migrante del Gobierno del Estado. Para todos los migrantes que est\u00e1n de regreso en M\u00e9xico, Acceso Latino tiene en su portal la herramienta \u201cCapac\u00edtate para el empleo\u201d que te brinda una amplia gama de cursos gratuitos y en l\u00ednea para aprender un oficio; adem\u00e1s podr\u00e1s postularte en la bolsa de trabajo. \u00a1No pierdas la oportunidad e ingresa ahora mismo!<\/p>","protected":false},"author":13,"featured_media":11389,"comment_status":"open","ping_status":"open","sticky":false,"template":"","format":"standard","meta":{"_uf_show_specific_survey":0,"_uf_disable_surveys":false,"footnotes":""},"categories":[10,1],"tags":[],"class_list":["post-11388","post","type-post","status-publish","format-standard","has-post-thumbnail","hentry","category-noticias","category-temas-de-interes"],"aioseo_notices":[],"yoast_head":"<!-- This site is optimized with the Yoast SEO plugin v27.5 - https:\/\/yoast.com\/product\/yoast-seo-wordpress\/ -->\n<title>Si regresaste a M\u00e9xico y vives en Durango, cobra tu pensi\u00f3n estadunidense este 14 de marzo<\/title>\n<meta name=\"description\" content=\"La oficina de Atenci\u00f3n al Migrante de Durango, realizar\u00e1 el 14 de Marzo una feria informativa por el Consulado Americano en la capital duranguense.\" \/>\n<meta name=\"robots\" content=\"index, follow, max-snippet:-1, max-image-preview:large, max-video-preview:-1\" \/>\n<link rel=\"canonical\" href=\"https:\/\/accesolatino.org\/en\/si-regresaste-a-mexico-y-vives-en-durango-cobra-tu-pension-estadunidense-este-14-de-marzo\/noticias\/\" \/>\n<meta property=\"og:locale\" content=\"en_US\" \/>\n<meta property=\"og:type\" content=\"article\" \/>\n<meta property=\"og:title\" content=\"Si regresaste a M\u00e9xico y vives en Durango, cobra tu pensi\u00f3n estadunidense este 14 de marzo\" \/>\n<meta property=\"og:description\" content=\"La oficina de Atenci\u00f3n al Migrante de Durango, realizar\u00e1 el 14 de Marzo una feria informativa por el Consulado Americano en la capital duranguense.\" \/>\n<meta property=\"og:url\" content=\"https:\/\/accesolatino.org\/en\/si-regresaste-a-mexico-y-vives-en-durango-cobra-tu-pension-estadunidense-este-14-de-marzo\/noticias\/\" \/>\n<meta property=\"og:site_name\" content=\"Acceso Latino\" \/>\n<meta property=\"article:publisher\" content=\"https:\/\/www.facebook.com\/AccesoLatinoOrg\" \/>\n<meta property=\"article:published_time\" content=\"2018-02-27T16:07:07+00:00\" \/>\n<meta property=\"article:modified_time\" content=\"2025-10-27T19:38:21+00:00\" \/>\n<meta property=\"og:image\" content=\"https:\/\/accesolatino.org\/wp-content\/uploads\/2018\/02\/Si-regresaste-a-Mexico-y-vives-en-Durango-cobra-tu-pension-estadunidense-este-14-de-marzo.jpg\" \/>\n\t<meta property=\"og:image:width\" content=\"600\" \/>\n\t<meta property=\"og:image:height\" content=\"400\" \/>\n\t<meta property=\"og:image:type\" content=\"image\/jpeg\" \/>\n<meta name=\"author\" content=\"Noticias\" \/>\n<meta name=\"twitter:card\" content=\"summary_large_image\" \/>\n<meta name=\"twitter:creator\" content=\"@FAccLatino\" \/>\n<meta name=\"twitter:site\" content=\"@FAccLatino\" \/>\n<meta name=\"twitter:label1\" content=\"Written by\" \/>\n\t<meta name=\"twitter:data1\" content=\"Noticias\" \/>\n\t<meta name=\"twitter:label2\" content=\"Est. reading time\" \/>\n\t<meta name=\"twitter:data2\" content=\"2 minutes\" \/>\n<script type=\"application\/ld+json\" class=\"yoast-schema-graph\">{\"@context\":\"https:\\\/\\\/schema.org\",\"@graph\":[{\"@type\":\"Article\",\"@id\":\"https:\\\/\\\/accesolatino.org\\\/si-regresaste-a-mexico-y-vives-en-durango-cobra-tu-pension-estadunidense-este-14-de-marzo\\\/noticias\\\/#article\",\"isPartOf\":{\"@id\":\"https:\\\/\\\/accesolatino.org\\\/si-regresaste-a-mexico-y-vives-en-durango-cobra-tu-pension-estadunidense-este-14-de-marzo\\\/noticias\\\/\"},\"author\":{\"name\":\"Noticias\",\"@id\":\"https:\\\/\\\/accesolatino.org\\\/#\\\/schema\\\/person\\\/57bc3bfd2c357610a5255490ca4cd305\"},\"headline\":\"Si regresaste a M\u00e9xico y vives en Durango, cobra tu pensi\u00f3n estadunidense este 14 de marzo\",\"datePublished\":\"2018-02-27T16:07:07+00:00\",\"dateModified\":\"2025-10-27T19:38:21+00:00\",\"mainEntityOfPage\":{\"@id\":\"https:\\\/\\\/accesolatino.org\\\/si-regresaste-a-mexico-y-vives-en-durango-cobra-tu-pension-estadunidense-este-14-de-marzo\\\/noticias\\\/\"},\"wordCount\":358,\"commentCount\":0,\"publisher\":{\"@id\":\"https:\\\/\\\/accesolatino.org\\\/#organization\"},\"image\":{\"@id\":\"https:\\\/\\\/accesolatino.org\\\/si-regresaste-a-mexico-y-vives-en-durango-cobra-tu-pension-estadunidense-este-14-de-marzo\\\/noticias\\\/#primaryimage\"},\"thumbnailUrl\":\"https:\\\/\\\/accesolatino.org\\\/wp-content\\\/uploads\\\/2018\\\/02\\\/Si-regresaste-a-Mexico-y-vives-en-Durango-cobra-tu-pension-estadunidense-este-14-de-marzo.jpg\",\"articleSection\":[\"Noticias\",\"Temas de inter\u00e9s\"],\"inLanguage\":\"en-US\",\"potentialAction\":[{\"@type\":\"CommentAction\",\"name\":\"Comment\",\"target\":[\"https:\\\/\\\/accesolatino.org\\\/si-regresaste-a-mexico-y-vives-en-durango-cobra-tu-pension-estadunidense-este-14-de-marzo\\\/noticias\\\/#respond\"]}]},{\"@type\":\"WebPage\",\"@id\":\"https:\\\/\\\/accesolatino.org\\\/si-regresaste-a-mexico-y-vives-en-durango-cobra-tu-pension-estadunidense-este-14-de-marzo\\\/noticias\\\/\",\"url\":\"https:\\\/\\\/accesolatino.org\\\/si-regresaste-a-mexico-y-vives-en-durango-cobra-tu-pension-estadunidense-este-14-de-marzo\\\/noticias\\\/\",\"name\":\"Si regresaste a M\u00e9xico y vives en Durango, cobra tu pensi\u00f3n estadunidense este 14 de marzo\",\"isPartOf\":{\"@id\":\"https:\\\/\\\/accesolatino.org\\\/#website\"},\"primaryImageOfPage\":{\"@id\":\"https:\\\/\\\/accesolatino.org\\\/si-regresaste-a-mexico-y-vives-en-durango-cobra-tu-pension-estadunidense-este-14-de-marzo\\\/noticias\\\/#primaryimage\"},\"image\":{\"@id\":\"https:\\\/\\\/accesolatino.org\\\/si-regresaste-a-mexico-y-vives-en-durango-cobra-tu-pension-estadunidense-este-14-de-marzo\\\/noticias\\\/#primaryimage\"},\"thumbnailUrl\":\"https:\\\/\\\/accesolatino.org\\\/wp-content\\\/uploads\\\/2018\\\/02\\\/Si-regresaste-a-Mexico-y-vives-en-Durango-cobra-tu-pension-estadunidense-este-14-de-marzo.jpg\",\"datePublished\":\"2018-02-27T16:07:07+00:00\",\"dateModified\":\"2025-10-27T19:38:21+00:00\",\"description\":\"La oficina de Atenci\u00f3n al Migrante de Durango, realizar\u00e1 el 14 de Marzo una feria informativa por el Consulado Americano en la capital duranguense.\",\"breadcrumb\":{\"@id\":\"https:\\\/\\\/accesolatino.org\\\/si-regresaste-a-mexico-y-vives-en-durango-cobra-tu-pension-estadunidense-este-14-de-marzo\\\/noticias\\\/#breadcrumb\"},\"inLanguage\":\"en-US\",\"potentialAction\":[{\"@type\":\"ReadAction\",\"target\":[\"https:\\\/\\\/accesolatino.org\\\/si-regresaste-a-mexico-y-vives-en-durango-cobra-tu-pension-estadunidense-este-14-de-marzo\\\/noticias\\\/\"]}]},{\"@type\":\"ImageObject\",\"inLanguage\":\"en-US\",\"@id\":\"https:\\\/\\\/accesolatino.org\\\/si-regresaste-a-mexico-y-vives-en-durango-cobra-tu-pension-estadunidense-este-14-de-marzo\\\/noticias\\\/#primaryimage\",\"url\":\"https:\\\/\\\/accesolatino.org\\\/wp-content\\\/uploads\\\/2018\\\/02\\\/Si-regresaste-a-Mexico-y-vives-en-Durango-cobra-tu-pension-estadunidense-este-14-de-marzo.jpg\",\"contentUrl\":\"https:\\\/\\\/accesolatino.org\\\/wp-content\\\/uploads\\\/2018\\\/02\\\/Si-regresaste-a-Mexico-y-vives-en-Durango-cobra-tu-pension-estadunidense-este-14-de-marzo.jpg\",\"width\":\"600\",\"height\":\"400\",\"caption\":\"Si regresaste a Mexico y vives en Durango cobra tu pension estadunidense este 14 de marzo\"},{\"@type\":\"BreadcrumbList\",\"@id\":\"https:\\\/\\\/accesolatino.org\\\/si-regresaste-a-mexico-y-vives-en-durango-cobra-tu-pension-estadunidense-este-14-de-marzo\\\/noticias\\\/#breadcrumb\",\"itemListElement\":[{\"@type\":\"ListItem\",\"position\":1,\"name\":\"Portada\",\"item\":\"https:\\\/\\\/accesolatino.org\\\/\"},{\"@type\":\"ListItem\",\"position\":2,\"name\":\"Noticias\",\"item\":\"https:\\\/\\\/accesolatino.org\\\/category\\\/noticias\\\/\"},{\"@type\":\"ListItem\",\"position\":3,\"name\":\"Si regresaste a M\u00e9xico y vives en Durango, cobra tu pensi\u00f3n estadunidense este 14 de marzo\"}]},{\"@type\":\"WebSite\",\"@id\":\"https:\\\/\\\/accesolatino.org\\\/#website\",\"url\":\"https:\\\/\\\/accesolatino.org\\\/\",\"name\":\"Acceso Latino | Fundaci\u00f3n Carlos Slim\",\"description\":\"Fundaci\u00f3n Carlos Slim\",\"publisher\":{\"@id\":\"https:\\\/\\\/accesolatino.org\\\/#organization\"},\"potentialAction\":[{\"@type\":\"SearchAction\",\"target\":{\"@type\":\"EntryPoint\",\"urlTemplate\":\"https:\\\/\\\/accesolatino.org\\\/?s={search_term_string}\"},\"query-input\":{\"@type\":\"PropertyValueSpecification\",\"valueRequired\":true,\"valueName\":\"search_term_string\"}}],\"inLanguage\":\"en-US\"},{\"@type\":\"Organization\",\"@id\":\"https:\\\/\\\/accesolatino.org\\\/#organization\",\"name\":\"Acceso Latino | Fundaci\u00f3n Carlos Slim\",\"url\":\"https:\\\/\\\/accesolatino.org\\\/\",\"logo\":{\"@type\":\"ImageObject\",\"inLanguage\":\"en-US\",\"@id\":\"https:\\\/\\\/accesolatino.org\\\/#\\\/schema\\\/logo\\\/image\\\/\",\"url\":\"https:\\\/\\\/accesolatino.org\\\/wp-content\\\/uploads\\\/2021\\\/02\\\/logo-footer-acceso-latino.png\",\"contentUrl\":\"https:\\\/\\\/accesolatino.org\\\/wp-content\\\/uploads\\\/2021\\\/02\\\/logo-footer-acceso-latino.png\",\"width\":240,\"height\":40,\"caption\":\"Acceso Latino | Fundaci\u00f3n Carlos Slim\"},\"image\":{\"@id\":\"https:\\\/\\\/accesolatino.org\\\/#\\\/schema\\\/logo\\\/image\\\/\"},\"sameAs\":[\"https:\\\/\\\/www.facebook.com\\\/AccesoLatinoOrg\",\"https:\\\/\\\/x.com\\\/FAccLatino\"]},{\"@type\":\"Person\",\"@id\":\"https:\\\/\\\/accesolatino.org\\\/#\\\/schema\\\/person\\\/57bc3bfd2c357610a5255490ca4cd305\",\"name\":\"Noticias\"}]}<\/script>\n<!-- \/ Yoast SEO plugin. -->","yoast_head_json":{"title":"Si regresaste a M\u00e9xico y vives en Durango, cobra tu pensi\u00f3n estadunidense este 14 de marzo","description":"La oficina de Atenci\u00f3n al Migrante de Durango, realizar\u00e1 el 14 de Marzo una feria informativa por el Consulado Americano en la capital duranguense.","robots":{"index":"index","follow":"follow","max-snippet":"max-snippet:-1","max-image-preview":"max-image-preview:large","max-video-preview":"max-video-preview:-1"},"canonical":"https:\/\/accesolatino.org\/en\/si-regresaste-a-mexico-y-vives-en-durango-cobra-tu-pension-estadunidense-este-14-de-marzo\/noticias\/","og_locale":"en_US","og_type":"article","og_title":"Si regresaste a M\u00e9xico y vives en Durango, cobra tu pensi\u00f3n estadunidense este 14 de marzo","og_description":"La oficina de Atenci\u00f3n al Migrante de Durango, realizar\u00e1 el 14 de Marzo una feria informativa por el Consulado Americano en la capital duranguense.","og_url":"https:\/\/accesolatino.org\/en\/si-regresaste-a-mexico-y-vives-en-durango-cobra-tu-pension-estadunidense-este-14-de-marzo\/noticias\/","og_site_name":"Acceso Latino","article_publisher":"https:\/\/www.facebook.com\/AccesoLatinoOrg","article_published_time":"2018-02-27T16:07:07+00:00","article_modified_time":"2025-10-27T19:38:21+00:00","og_image":[{"width":600,"height":400,"url":"https:\/\/accesolatino.org\/wp-content\/uploads\/2018\/02\/Si-regresaste-a-Mexico-y-vives-en-Durango-cobra-tu-pension-estadunidense-este-14-de-marzo.jpg","type":"image\/jpeg"}],"author":"Noticias","twitter_card":"summary_large_image","twitter_creator":"@FAccLatino","twitter_site":"@FAccLatino","twitter_misc":{"Written by":"Noticias","Est. reading time":"2 minutes"},"schema":{"@context":"https:\/\/schema.org","@graph":[{"@type":"Article","@id":"https:\/\/accesolatino.org\/si-regresaste-a-mexico-y-vives-en-durango-cobra-tu-pension-estadunidense-este-14-de-marzo\/noticias\/#article","isPartOf":{"@id":"https:\/\/accesolatino.org\/si-regresaste-a-mexico-y-vives-en-durango-cobra-tu-pension-estadunidense-este-14-de-marzo\/noticias\/"},"author":{"name":"Noticias","@id":"https:\/\/accesolatino.org\/#\/schema\/person\/57bc3bfd2c357610a5255490ca4cd305"},"headline":"Si regresaste a M\u00e9xico y vives en Durango, cobra tu pensi\u00f3n estadunidense este 14 de marzo","datePublished":"2018-02-27T16:07:07+00:00","dateModified":"2025-10-27T19:38:21+00:00","mainEntityOfPage":{"@id":"https:\/\/accesolatino.org\/si-regresaste-a-mexico-y-vives-en-durango-cobra-tu-pension-estadunidense-este-14-de-marzo\/noticias\/"},"wordCount":358,"commentCount":0,"publisher":{"@id":"https:\/\/accesolatino.org\/#organization"},"image":{"@id":"https:\/\/accesolatino.org\/si-regresaste-a-mexico-y-vives-en-durango-cobra-tu-pension-estadunidense-este-14-de-marzo\/noticias\/#primaryimage"},"thumbnailUrl":"https:\/\/accesolatino.org\/wp-content\/uploads\/2018\/02\/Si-regresaste-a-Mexico-y-vives-en-Durango-cobra-tu-pension-estadunidense-este-14-de-marzo.jpg","articleSection":["Noticias","Temas de inter\u00e9s"],"inLanguage":"en-US","potentialAction":[{"@type":"CommentAction","name":"Comment","target":["https:\/\/accesolatino.org\/si-regresaste-a-mexico-y-vives-en-durango-cobra-tu-pension-estadunidense-este-14-de-marzo\/noticias\/#respond"]}]},{"@type":"WebPage","@id":"https:\/\/accesolatino.org\/si-regresaste-a-mexico-y-vives-en-durango-cobra-tu-pension-estadunidense-este-14-de-marzo\/noticias\/","url":"https:\/\/accesolatino.org\/si-regresaste-a-mexico-y-vives-en-durango-cobra-tu-pension-estadunidense-este-14-de-marzo\/noticias\/","name":"Si regresaste a M\u00e9xico y vives en Durango, cobra tu pensi\u00f3n estadunidense este 14 de marzo","isPartOf":{"@id":"https:\/\/accesolatino.org\/#website"},"primaryImageOfPage":{"@id":"https:\/\/accesolatino.org\/si-regresaste-a-mexico-y-vives-en-durango-cobra-tu-pension-estadunidense-este-14-de-marzo\/noticias\/#primaryimage"},"image":{"@id":"https:\/\/accesolatino.org\/si-regresaste-a-mexico-y-vives-en-durango-cobra-tu-pension-estadunidense-este-14-de-marzo\/noticias\/#primaryimage"},"thumbnailUrl":"https:\/\/accesolatino.org\/wp-content\/uploads\/2018\/02\/Si-regresaste-a-Mexico-y-vives-en-Durango-cobra-tu-pension-estadunidense-este-14-de-marzo.jpg","datePublished":"2018-02-27T16:07:07+00:00","dateModified":"2025-10-27T19:38:21+00:00","description":"La oficina de Atenci\u00f3n al Migrante de Durango, realizar\u00e1 el 14 de Marzo una feria informativa por el Consulado Americano en la capital duranguense.","breadcrumb":{"@id":"https:\/\/accesolatino.org\/si-regresaste-a-mexico-y-vives-en-durango-cobra-tu-pension-estadunidense-este-14-de-marzo\/noticias\/#breadcrumb"},"inLanguage":"en-US","potentialAction":[{"@type":"ReadAction","target":["https:\/\/accesolatino.org\/si-regresaste-a-mexico-y-vives-en-durango-cobra-tu-pension-estadunidense-este-14-de-marzo\/noticias\/"]}]},{"@type":"ImageObject","inLanguage":"en-US","@id":"https:\/\/accesolatino.org\/si-regresaste-a-mexico-y-vives-en-durango-cobra-tu-pension-estadunidense-este-14-de-marzo\/noticias\/#primaryimage","url":"https:\/\/accesolatino.org\/wp-content\/uploads\/2018\/02\/Si-regresaste-a-Mexico-y-vives-en-Durango-cobra-tu-pension-estadunidense-este-14-de-marzo.jpg","contentUrl":"https:\/\/accesolatino.org\/wp-content\/uploads\/2018\/02\/Si-regresaste-a-Mexico-y-vives-en-Durango-cobra-tu-pension-estadunidense-este-14-de-marzo.jpg","width":"600","height":"400","caption":"Si regresaste a Mexico y vives en Durango cobra tu pension estadunidense este 14 de marzo"},{"@type":"BreadcrumbList","@id":"https:\/\/accesolatino.org\/si-regresaste-a-mexico-y-vives-en-durango-cobra-tu-pension-estadunidense-este-14-de-marzo\/noticias\/#breadcrumb","itemListElement":[{"@type":"ListItem","position":1,"name":"Portada","item":"https:\/\/accesolatino.org\/"},{"@type":"ListItem","position":2,"name":"Noticias","item":"https:\/\/accesolatino.org\/category\/noticias\/"},{"@type":"ListItem","position":3,"name":"Si regresaste a M\u00e9xico y vives en Durango, cobra tu pensi\u00f3n estadunidense este 14 de marzo"}]},{"@type":"WebSite","@id":"https:\/\/accesolatino.org\/#website","url":"https:\/\/accesolatino.org\/","name":"Acceso Latino | Fundaci\u00f3n Carlos Slim","description":"Fundaci\u00f3n Carlos Slim","publisher":{"@id":"https:\/\/accesolatino.org\/#organization"},"potentialAction":[{"@type":"SearchAction","target":{"@type":"EntryPoint","urlTemplate":"https:\/\/accesolatino.org\/?s={search_term_string}"},"query-input":{"@type":"PropertyValueSpecification","valueRequired":true,"valueName":"search_term_string"}}],"inLanguage":"en-US"},{"@type":"Organization","@id":"https:\/\/accesolatino.org\/#organization","name":"Acceso Latino | Fundaci\u00f3n Carlos Slim","url":"https:\/\/accesolatino.org\/","logo":{"@type":"ImageObject","inLanguage":"en-US","@id":"https:\/\/accesolatino.org\/#\/schema\/logo\/image\/","url":"https:\/\/accesolatino.org\/wp-content\/uploads\/2021\/02\/logo-footer-acceso-latino.png","contentUrl":"https:\/\/accesolatino.org\/wp-content\/uploads\/2021\/02\/logo-footer-acceso-latino.png","width":240,"height":40,"caption":"Acceso Latino | Fundaci\u00f3n Carlos Slim"},"image":{"@id":"https:\/\/accesolatino.org\/#\/schema\/logo\/image\/"},"sameAs":["https:\/\/www.facebook.com\/AccesoLatinoOrg","https:\/\/x.com\/FAccLatino"]},{"@type":"Person","@id":"https:\/\/accesolatino.org\/#\/schema\/person\/57bc3bfd2c357610a5255490ca4cd305","name":"News"}]}},"_links":{"self":[{"href":"https:\/\/accesolatino.org\/en\/wp-json\/wp\/v2\/posts\/11388","targetHints":{"allow":["GET"]}}],"collection":[{"href":"https:\/\/accesolatino.org\/en\/wp-json\/wp\/v2\/posts"}],"about":[{"href":"https:\/\/accesolatino.org\/en\/wp-json\/wp\/v2\/types\/post"}],"author":[{"embeddable":true,"href":"https:\/\/accesolatino.org\/en\/wp-json\/wp\/v2\/users\/13"}],"replies":[{"embeddable":true,"href":"https:\/\/accesolatino.org\/en\/wp-json\/wp\/v2\/comments?post=11388"}],"version-history":[{"count":1,"href":"https:\/\/accesolatino.org\/en\/wp-json\/wp\/v2\/posts\/11388\/revisions"}],"predecessor-version":[{"id":66723,"href":"https:\/\/accesolatino.org\/en\/wp-json\/wp\/v2\/posts\/11388\/revisions\/66723"}],"wp:featuredmedia":[{"embeddable":true,"href":"https:\/\/accesolatino.org\/en\/wp-json\/wp\/v2\/media\/11389"}],"wp:attachment":[{"href":"https:\/\/accesolatino.org\/en\/wp-json\/wp\/v2\/media?parent=11388"}],"wp:term":[{"taxonomy":"category","embeddable":true,"href":"https:\/\/accesolatino.org\/en\/wp-json\/wp\/v2\/categories?post=11388"},{"taxonomy":"post_tag","embeddable":true,"href":"https:\/\/accesolatino.org\/en\/wp-json\/wp\/v2\/tags?post=11388"}],"curies":[{"name":"wp","href":"https:\/\/api.w.org\/{rel}","templated":true}]}}