{"id":11276,"date":"2018-02-12T12:03:05","date_gmt":"2018-02-12T18:03:05","guid":{"rendered":"http:\/\/accesolatino.org\/?p=11276"},"modified":"2025-10-27T13:39:32","modified_gmt":"2025-10-27T19:39:32","slug":"si-eres-daca-del-ejercito-de-eua-no-tienes-que-preocuparte","status":"publish","type":"post","link":"https:\/\/accesolatino.org\/en\/si-eres-daca-del-ejercito-de-eua-no-tienes-que-preocuparte\/noticias\/","title":{"rendered":"Si eres DACA del ej\u00e9rcito de EUA, no tienes que preocuparte"},"content":{"rendered":"<p>James Mattis, secretario de Defensa de Estados Unidos, asegur\u00f3 que ning\u00fan beneficiario DACA, que es encuentre activo en las fuerzas armadas o a punto de ser desplegado, ser\u00e1 objetivo de deportaci\u00f3n.<\/p>\n<p>Mattis coment\u00f3 que la \u00fanica excepci\u00f3n se aplicar\u00e1 a los \u201cdreamers\u201d que hayan cometido alg\u00fan delito grave, y no as\u00ed para aquellos que hayan salido honorablemente.<\/p>\n<p>El secretario de la Defensa convers\u00f3 con la Secretar\u00eda de Seguridad Nacional, Kirstjen Nielsen Nielsen, para clarificar la pol\u00edtica en cuesti\u00f3n de los \u201cdreamers\u201d que pertenezcan a las fuerzas armadas americanas.<\/p>\n<p>Ahora que no corres riesgo, te invitamos a saber si eres candidato a la ciudadan\u00eda estadunidense a trav\u00e9s de la herramienta <a title=\"\" href=\"https:\/\/ciudadanizate.accesolatino.org\/\" target=\"_blank\" rel=\"noopener\">\u201cCiudadan\u00edzate\u201d<\/a> de la plataforma en l\u00ednea <strong>Acceso Latino<\/strong>. Adem\u00e1s, encontrar\u00e1s la herramienta \u201cAyuda Legal\u201d, que brinda diversas opciones de apoyo para los inscritos al programa DACA.<\/p>","protected":false},"excerpt":{"rendered":"<p>James Mattis, secretario de Defensa de Estados Unidos, asegur\u00f3 que ning\u00fan beneficiario DACA, que es encuentre activo en las fuerzas armadas o a punto de ser desplegado, ser\u00e1 objetivo de deportaci\u00f3n. Mattis coment\u00f3 que la \u00fanica excepci\u00f3n se aplicar\u00e1 a los \u201cdreamers\u201d que hayan cometido alg\u00fan delito grave, y no as\u00ed para aquellos que hayan salido honorablemente. El secretario de la Defensa convers\u00f3 con la Secretar\u00eda de Seguridad Nacional, Kirstjen Nielsen Nielsen, para clarificar la pol\u00edtica en cuesti\u00f3n de los \u201cdreamers\u201d que pertenezcan a las fuerzas armadas americanas. Ahora que no corres riesgo, te invitamos a saber si eres candidato a la ciudadan\u00eda estadunidense a trav\u00e9s de la herramienta \u201cCiudadan\u00edzate\u201d de la plataforma en l\u00ednea Acceso Latino. Adem\u00e1s, encontrar\u00e1s la herramienta \u201cAyuda Legal\u201d, que brinda diversas opciones de apoyo para los inscritos al programa DACA.<\/p>","protected":false},"author":13,"featured_media":11277,"comment_status":"open","ping_status":"open","sticky":false,"template":"","format":"standard","meta":{"_uf_show_specific_survey":0,"_uf_disable_surveys":false,"footnotes":""},"categories":[10,1],"tags":[],"class_list":["post-11276","post","type-post","status-publish","format-standard","has-post-thumbnail","hentry","category-noticias","category-temas-de-interes"],"aioseo_notices":[],"yoast_head":"<!-- This site is optimized with the Yoast SEO plugin v27.5 - https:\/\/yoast.com\/product\/yoast-seo-wordpress\/ -->\n<title>Si eres DACA del ej\u00e9rcito de EUA, no tienes que preocuparte<\/title>\n<meta name=\"description\" content=\"James Mattis, secretario de Defensa de Estados Unidos, asegur\u00f3 que ning\u00fan beneficiario DACA, que es encuentre activo en las fuerzas armadas o a punto de ser desplegado, ser\u00e1 objetivo de deportaci\u00f3n.\" \/>\n<meta name=\"robots\" content=\"index, follow, max-snippet:-1, max-image-preview:large, max-video-preview:-1\" \/>\n<link rel=\"canonical\" href=\"https:\/\/accesolatino.org\/en\/si-eres-daca-del-ejercito-de-eua-no-tienes-que-preocuparte\/noticias\/\" \/>\n<meta property=\"og:locale\" content=\"en_US\" \/>\n<meta property=\"og:type\" content=\"article\" \/>\n<meta property=\"og:title\" content=\"Si eres DACA del ej\u00e9rcito de EUA, no tienes que preocuparte\" \/>\n<meta property=\"og:description\" content=\"James Mattis, secretario de Defensa de Estados Unidos, asegur\u00f3 que ning\u00fan beneficiario DACA, que es encuentre activo en las fuerzas armadas o a punto de ser desplegado, ser\u00e1 objetivo de deportaci\u00f3n.\" \/>\n<meta property=\"og:url\" content=\"https:\/\/accesolatino.org\/en\/si-eres-daca-del-ejercito-de-eua-no-tienes-que-preocuparte\/noticias\/\" \/>\n<meta property=\"og:site_name\" content=\"Acceso Latino\" \/>\n<meta property=\"article:publisher\" content=\"https:\/\/www.facebook.com\/AccesoLatinoOrg\" \/>\n<meta property=\"article:published_time\" content=\"2018-02-12T18:03:05+00:00\" \/>\n<meta property=\"article:modified_time\" content=\"2025-10-27T19:39:32+00:00\" \/>\n<meta property=\"og:image\" content=\"https:\/\/accesolatino.org\/wp-content\/uploads\/2018\/02\/Si-eres-DACA-del-ejercito-de-EUA-no-tienes-que-preocuparte.jpg\" \/>\n\t<meta property=\"og:image:width\" content=\"600\" \/>\n\t<meta property=\"og:image:height\" content=\"338\" \/>\n\t<meta property=\"og:image:type\" content=\"image\/jpeg\" \/>\n<meta name=\"author\" content=\"Noticias\" \/>\n<meta name=\"twitter:card\" content=\"summary_large_image\" \/>\n<meta name=\"twitter:creator\" content=\"@FAccLatino\" \/>\n<meta name=\"twitter:site\" content=\"@FAccLatino\" \/>\n<meta name=\"twitter:label1\" content=\"Written by\" \/>\n\t<meta name=\"twitter:data1\" content=\"Noticias\" \/>\n\t<meta name=\"twitter:label2\" content=\"Est. reading time\" \/>\n\t<meta name=\"twitter:data2\" content=\"1 minute\" \/>\n<script type=\"application\/ld+json\" class=\"yoast-schema-graph\">{\"@context\":\"https:\\\/\\\/schema.org\",\"@graph\":[{\"@type\":\"Article\",\"@id\":\"https:\\\/\\\/accesolatino.org\\\/si-eres-daca-del-ejercito-de-eua-no-tienes-que-preocuparte\\\/noticias\\\/#article\",\"isPartOf\":{\"@id\":\"https:\\\/\\\/accesolatino.org\\\/si-eres-daca-del-ejercito-de-eua-no-tienes-que-preocuparte\\\/noticias\\\/\"},\"author\":{\"name\":\"Noticias\",\"@id\":\"https:\\\/\\\/accesolatino.org\\\/#\\\/schema\\\/person\\\/57bc3bfd2c357610a5255490ca4cd305\"},\"headline\":\"Si eres DACA del ej\u00e9rcito de EUA, no tienes que preocuparte\",\"datePublished\":\"2018-02-12T18:03:05+00:00\",\"dateModified\":\"2025-10-27T19:39:32+00:00\",\"mainEntityOfPage\":{\"@id\":\"https:\\\/\\\/accesolatino.org\\\/si-eres-daca-del-ejercito-de-eua-no-tienes-que-preocuparte\\\/noticias\\\/\"},\"wordCount\":160,\"commentCount\":0,\"publisher\":{\"@id\":\"https:\\\/\\\/accesolatino.org\\\/#organization\"},\"image\":{\"@id\":\"https:\\\/\\\/accesolatino.org\\\/si-eres-daca-del-ejercito-de-eua-no-tienes-que-preocuparte\\\/noticias\\\/#primaryimage\"},\"thumbnailUrl\":\"https:\\\/\\\/accesolatino.org\\\/wp-content\\\/uploads\\\/2018\\\/02\\\/Si-eres-DACA-del-ejercito-de-EUA-no-tienes-que-preocuparte.jpg\",\"articleSection\":[\"Noticias\",\"Temas de inter\u00e9s\"],\"inLanguage\":\"en-US\",\"potentialAction\":[{\"@type\":\"CommentAction\",\"name\":\"Comment\",\"target\":[\"https:\\\/\\\/accesolatino.org\\\/si-eres-daca-del-ejercito-de-eua-no-tienes-que-preocuparte\\\/noticias\\\/#respond\"]}]},{\"@type\":\"WebPage\",\"@id\":\"https:\\\/\\\/accesolatino.org\\\/si-eres-daca-del-ejercito-de-eua-no-tienes-que-preocuparte\\\/noticias\\\/\",\"url\":\"https:\\\/\\\/accesolatino.org\\\/si-eres-daca-del-ejercito-de-eua-no-tienes-que-preocuparte\\\/noticias\\\/\",\"name\":\"Si eres DACA del ej\u00e9rcito de EUA, no tienes que preocuparte\",\"isPartOf\":{\"@id\":\"https:\\\/\\\/accesolatino.org\\\/#website\"},\"primaryImageOfPage\":{\"@id\":\"https:\\\/\\\/accesolatino.org\\\/si-eres-daca-del-ejercito-de-eua-no-tienes-que-preocuparte\\\/noticias\\\/#primaryimage\"},\"image\":{\"@id\":\"https:\\\/\\\/accesolatino.org\\\/si-eres-daca-del-ejercito-de-eua-no-tienes-que-preocuparte\\\/noticias\\\/#primaryimage\"},\"thumbnailUrl\":\"https:\\\/\\\/accesolatino.org\\\/wp-content\\\/uploads\\\/2018\\\/02\\\/Si-eres-DACA-del-ejercito-de-EUA-no-tienes-que-preocuparte.jpg\",\"datePublished\":\"2018-02-12T18:03:05+00:00\",\"dateModified\":\"2025-10-27T19:39:32+00:00\",\"description\":\"James Mattis, secretario de Defensa de Estados Unidos, asegur\u00f3 que ning\u00fan beneficiario DACA, que es encuentre activo en las fuerzas armadas o a punto de ser desplegado, ser\u00e1 objetivo de deportaci\u00f3n.\",\"breadcrumb\":{\"@id\":\"https:\\\/\\\/accesolatino.org\\\/si-eres-daca-del-ejercito-de-eua-no-tienes-que-preocuparte\\\/noticias\\\/#breadcrumb\"},\"inLanguage\":\"en-US\",\"potentialAction\":[{\"@type\":\"ReadAction\",\"target\":[\"https:\\\/\\\/accesolatino.org\\\/si-eres-daca-del-ejercito-de-eua-no-tienes-que-preocuparte\\\/noticias\\\/\"]}]},{\"@type\":\"ImageObject\",\"inLanguage\":\"en-US\",\"@id\":\"https:\\\/\\\/accesolatino.org\\\/si-eres-daca-del-ejercito-de-eua-no-tienes-que-preocuparte\\\/noticias\\\/#primaryimage\",\"url\":\"https:\\\/\\\/accesolatino.org\\\/wp-content\\\/uploads\\\/2018\\\/02\\\/Si-eres-DACA-del-ejercito-de-EUA-no-tienes-que-preocuparte.jpg\",\"contentUrl\":\"https:\\\/\\\/accesolatino.org\\\/wp-content\\\/uploads\\\/2018\\\/02\\\/Si-eres-DACA-del-ejercito-de-EUA-no-tienes-que-preocuparte.jpg\",\"width\":\"600\",\"height\":\"338\",\"caption\":\"Si eres DACA del ejercito de EUA no tienes que preocuparte\"},{\"@type\":\"BreadcrumbList\",\"@id\":\"https:\\\/\\\/accesolatino.org\\\/si-eres-daca-del-ejercito-de-eua-no-tienes-que-preocuparte\\\/noticias\\\/#breadcrumb\",\"itemListElement\":[{\"@type\":\"ListItem\",\"position\":1,\"name\":\"Portada\",\"item\":\"https:\\\/\\\/accesolatino.org\\\/\"},{\"@type\":\"ListItem\",\"position\":2,\"name\":\"Noticias\",\"item\":\"https:\\\/\\\/accesolatino.org\\\/category\\\/noticias\\\/\"},{\"@type\":\"ListItem\",\"position\":3,\"name\":\"Si eres DACA del ej\u00e9rcito de EUA, no tienes que preocuparte\"}]},{\"@type\":\"WebSite\",\"@id\":\"https:\\\/\\\/accesolatino.org\\\/#website\",\"url\":\"https:\\\/\\\/accesolatino.org\\\/\",\"name\":\"Acceso Latino | Fundaci\u00f3n Carlos Slim\",\"description\":\"Fundaci\u00f3n Carlos Slim\",\"publisher\":{\"@id\":\"https:\\\/\\\/accesolatino.org\\\/#organization\"},\"potentialAction\":[{\"@type\":\"SearchAction\",\"target\":{\"@type\":\"EntryPoint\",\"urlTemplate\":\"https:\\\/\\\/accesolatino.org\\\/?s={search_term_string}\"},\"query-input\":{\"@type\":\"PropertyValueSpecification\",\"valueRequired\":true,\"valueName\":\"search_term_string\"}}],\"inLanguage\":\"en-US\"},{\"@type\":\"Organization\",\"@id\":\"https:\\\/\\\/accesolatino.org\\\/#organization\",\"name\":\"Acceso Latino | Fundaci\u00f3n Carlos Slim\",\"url\":\"https:\\\/\\\/accesolatino.org\\\/\",\"logo\":{\"@type\":\"ImageObject\",\"inLanguage\":\"en-US\",\"@id\":\"https:\\\/\\\/accesolatino.org\\\/#\\\/schema\\\/logo\\\/image\\\/\",\"url\":\"https:\\\/\\\/accesolatino.org\\\/wp-content\\\/uploads\\\/2021\\\/02\\\/logo-footer-acceso-latino.png\",\"contentUrl\":\"https:\\\/\\\/accesolatino.org\\\/wp-content\\\/uploads\\\/2021\\\/02\\\/logo-footer-acceso-latino.png\",\"width\":240,\"height\":40,\"caption\":\"Acceso Latino | Fundaci\u00f3n Carlos Slim\"},\"image\":{\"@id\":\"https:\\\/\\\/accesolatino.org\\\/#\\\/schema\\\/logo\\\/image\\\/\"},\"sameAs\":[\"https:\\\/\\\/www.facebook.com\\\/AccesoLatinoOrg\",\"https:\\\/\\\/x.com\\\/FAccLatino\"]},{\"@type\":\"Person\",\"@id\":\"https:\\\/\\\/accesolatino.org\\\/#\\\/schema\\\/person\\\/57bc3bfd2c357610a5255490ca4cd305\",\"name\":\"Noticias\"}]}<\/script>\n<!-- \/ Yoast SEO plugin. -->","yoast_head_json":{"title":"Si eres DACA del ej\u00e9rcito de EUA, no tienes que preocuparte","description":"James Mattis, secretario de Defensa de Estados Unidos, asegur\u00f3 que ning\u00fan beneficiario DACA, que es encuentre activo en las fuerzas armadas o a punto de ser desplegado, ser\u00e1 objetivo de deportaci\u00f3n.","robots":{"index":"index","follow":"follow","max-snippet":"max-snippet:-1","max-image-preview":"max-image-preview:large","max-video-preview":"max-video-preview:-1"},"canonical":"https:\/\/accesolatino.org\/en\/si-eres-daca-del-ejercito-de-eua-no-tienes-que-preocuparte\/noticias\/","og_locale":"en_US","og_type":"article","og_title":"Si eres DACA del ej\u00e9rcito de EUA, no tienes que preocuparte","og_description":"James Mattis, secretario de Defensa de Estados Unidos, asegur\u00f3 que ning\u00fan beneficiario DACA, que es encuentre activo en las fuerzas armadas o a punto de ser desplegado, ser\u00e1 objetivo de deportaci\u00f3n.","og_url":"https:\/\/accesolatino.org\/en\/si-eres-daca-del-ejercito-de-eua-no-tienes-que-preocuparte\/noticias\/","og_site_name":"Acceso Latino","article_publisher":"https:\/\/www.facebook.com\/AccesoLatinoOrg","article_published_time":"2018-02-12T18:03:05+00:00","article_modified_time":"2025-10-27T19:39:32+00:00","og_image":[{"width":600,"height":338,"url":"https:\/\/accesolatino.org\/wp-content\/uploads\/2018\/02\/Si-eres-DACA-del-ejercito-de-EUA-no-tienes-que-preocuparte.jpg","type":"image\/jpeg"}],"author":"Noticias","twitter_card":"summary_large_image","twitter_creator":"@FAccLatino","twitter_site":"@FAccLatino","twitter_misc":{"Written by":"Noticias","Est. reading time":"1 minute"},"schema":{"@context":"https:\/\/schema.org","@graph":[{"@type":"Article","@id":"https:\/\/accesolatino.org\/si-eres-daca-del-ejercito-de-eua-no-tienes-que-preocuparte\/noticias\/#article","isPartOf":{"@id":"https:\/\/accesolatino.org\/si-eres-daca-del-ejercito-de-eua-no-tienes-que-preocuparte\/noticias\/"},"author":{"name":"Noticias","@id":"https:\/\/accesolatino.org\/#\/schema\/person\/57bc3bfd2c357610a5255490ca4cd305"},"headline":"Si eres DACA del ej\u00e9rcito de EUA, no tienes que preocuparte","datePublished":"2018-02-12T18:03:05+00:00","dateModified":"2025-10-27T19:39:32+00:00","mainEntityOfPage":{"@id":"https:\/\/accesolatino.org\/si-eres-daca-del-ejercito-de-eua-no-tienes-que-preocuparte\/noticias\/"},"wordCount":160,"commentCount":0,"publisher":{"@id":"https:\/\/accesolatino.org\/#organization"},"image":{"@id":"https:\/\/accesolatino.org\/si-eres-daca-del-ejercito-de-eua-no-tienes-que-preocuparte\/noticias\/#primaryimage"},"thumbnailUrl":"https:\/\/accesolatino.org\/wp-content\/uploads\/2018\/02\/Si-eres-DACA-del-ejercito-de-EUA-no-tienes-que-preocuparte.jpg","articleSection":["Noticias","Temas de inter\u00e9s"],"inLanguage":"en-US","potentialAction":[{"@type":"CommentAction","name":"Comment","target":["https:\/\/accesolatino.org\/si-eres-daca-del-ejercito-de-eua-no-tienes-que-preocuparte\/noticias\/#respond"]}]},{"@type":"WebPage","@id":"https:\/\/accesolatino.org\/si-eres-daca-del-ejercito-de-eua-no-tienes-que-preocuparte\/noticias\/","url":"https:\/\/accesolatino.org\/si-eres-daca-del-ejercito-de-eua-no-tienes-que-preocuparte\/noticias\/","name":"Si eres DACA del ej\u00e9rcito de EUA, no tienes que preocuparte","isPartOf":{"@id":"https:\/\/accesolatino.org\/#website"},"primaryImageOfPage":{"@id":"https:\/\/accesolatino.org\/si-eres-daca-del-ejercito-de-eua-no-tienes-que-preocuparte\/noticias\/#primaryimage"},"image":{"@id":"https:\/\/accesolatino.org\/si-eres-daca-del-ejercito-de-eua-no-tienes-que-preocuparte\/noticias\/#primaryimage"},"thumbnailUrl":"https:\/\/accesolatino.org\/wp-content\/uploads\/2018\/02\/Si-eres-DACA-del-ejercito-de-EUA-no-tienes-que-preocuparte.jpg","datePublished":"2018-02-12T18:03:05+00:00","dateModified":"2025-10-27T19:39:32+00:00","description":"James Mattis, secretario de Defensa de Estados Unidos, asegur\u00f3 que ning\u00fan beneficiario DACA, que es encuentre activo en las fuerzas armadas o a punto de ser desplegado, ser\u00e1 objetivo de deportaci\u00f3n.","breadcrumb":{"@id":"https:\/\/accesolatino.org\/si-eres-daca-del-ejercito-de-eua-no-tienes-que-preocuparte\/noticias\/#breadcrumb"},"inLanguage":"en-US","potentialAction":[{"@type":"ReadAction","target":["https:\/\/accesolatino.org\/si-eres-daca-del-ejercito-de-eua-no-tienes-que-preocuparte\/noticias\/"]}]},{"@type":"ImageObject","inLanguage":"en-US","@id":"https:\/\/accesolatino.org\/si-eres-daca-del-ejercito-de-eua-no-tienes-que-preocuparte\/noticias\/#primaryimage","url":"https:\/\/accesolatino.org\/wp-content\/uploads\/2018\/02\/Si-eres-DACA-del-ejercito-de-EUA-no-tienes-que-preocuparte.jpg","contentUrl":"https:\/\/accesolatino.org\/wp-content\/uploads\/2018\/02\/Si-eres-DACA-del-ejercito-de-EUA-no-tienes-que-preocuparte.jpg","width":"600","height":"338","caption":"Si eres DACA del ejercito de EUA no tienes que preocuparte"},{"@type":"BreadcrumbList","@id":"https:\/\/accesolatino.org\/si-eres-daca-del-ejercito-de-eua-no-tienes-que-preocuparte\/noticias\/#breadcrumb","itemListElement":[{"@type":"ListItem","position":1,"name":"Portada","item":"https:\/\/accesolatino.org\/"},{"@type":"ListItem","position":2,"name":"Noticias","item":"https:\/\/accesolatino.org\/category\/noticias\/"},{"@type":"ListItem","position":3,"name":"Si eres DACA del ej\u00e9rcito de EUA, no tienes que preocuparte"}]},{"@type":"WebSite","@id":"https:\/\/accesolatino.org\/#website","url":"https:\/\/accesolatino.org\/","name":"Acceso Latino | Fundaci\u00f3n Carlos Slim","description":"Fundaci\u00f3n Carlos Slim","publisher":{"@id":"https:\/\/accesolatino.org\/#organization"},"potentialAction":[{"@type":"SearchAction","target":{"@type":"EntryPoint","urlTemplate":"https:\/\/accesolatino.org\/?s={search_term_string}"},"query-input":{"@type":"PropertyValueSpecification","valueRequired":true,"valueName":"search_term_string"}}],"inLanguage":"en-US"},{"@type":"Organization","@id":"https:\/\/accesolatino.org\/#organization","name":"Acceso Latino | Fundaci\u00f3n Carlos Slim","url":"https:\/\/accesolatino.org\/","logo":{"@type":"ImageObject","inLanguage":"en-US","@id":"https:\/\/accesolatino.org\/#\/schema\/logo\/image\/","url":"https:\/\/accesolatino.org\/wp-content\/uploads\/2021\/02\/logo-footer-acceso-latino.png","contentUrl":"https:\/\/accesolatino.org\/wp-content\/uploads\/2021\/02\/logo-footer-acceso-latino.png","width":240,"height":40,"caption":"Acceso Latino | Fundaci\u00f3n Carlos Slim"},"image":{"@id":"https:\/\/accesolatino.org\/#\/schema\/logo\/image\/"},"sameAs":["https:\/\/www.facebook.com\/AccesoLatinoOrg","https:\/\/x.com\/FAccLatino"]},{"@type":"Person","@id":"https:\/\/accesolatino.org\/#\/schema\/person\/57bc3bfd2c357610a5255490ca4cd305","name":"News"}]}},"_links":{"self":[{"href":"https:\/\/accesolatino.org\/en\/wp-json\/wp\/v2\/posts\/11276","targetHints":{"allow":["GET"]}}],"collection":[{"href":"https:\/\/accesolatino.org\/en\/wp-json\/wp\/v2\/posts"}],"about":[{"href":"https:\/\/accesolatino.org\/en\/wp-json\/wp\/v2\/types\/post"}],"author":[{"embeddable":true,"href":"https:\/\/accesolatino.org\/en\/wp-json\/wp\/v2\/users\/13"}],"replies":[{"embeddable":true,"href":"https:\/\/accesolatino.org\/en\/wp-json\/wp\/v2\/comments?post=11276"}],"version-history":[{"count":1,"href":"https:\/\/accesolatino.org\/en\/wp-json\/wp\/v2\/posts\/11276\/revisions"}],"predecessor-version":[{"id":66734,"href":"https:\/\/accesolatino.org\/en\/wp-json\/wp\/v2\/posts\/11276\/revisions\/66734"}],"wp:featuredmedia":[{"embeddable":true,"href":"https:\/\/accesolatino.org\/en\/wp-json\/wp\/v2\/media\/11277"}],"wp:attachment":[{"href":"https:\/\/accesolatino.org\/en\/wp-json\/wp\/v2\/media?parent=11276"}],"wp:term":[{"taxonomy":"category","embeddable":true,"href":"https:\/\/accesolatino.org\/en\/wp-json\/wp\/v2\/categories?post=11276"},{"taxonomy":"post_tag","embeddable":true,"href":"https:\/\/accesolatino.org\/en\/wp-json\/wp\/v2\/tags?post=11276"}],"curies":[{"name":"wp","href":"https:\/\/api.w.org\/{rel}","templated":true}]}}