{"id":11262,"date":"2018-02-07T08:52:04","date_gmt":"2018-02-07T14:52:04","guid":{"rendered":"http:\/\/accesolatino.org\/?p=11262"},"modified":"2025-10-27T13:42:41","modified_gmt":"2025-10-27T19:42:41","slug":"se-acerca-el-limite-para-reinscripcion-de-tps","status":"publish","type":"post","link":"https:\/\/accesolatino.org\/en\/se-acerca-el-limite-para-reinscripcion-de-tps\/noticias\/","title":{"rendered":"Se acerca el l\u00edmite para reinscripci\u00f3n de TPS"},"content":{"rendered":"<p>La oficina de Servicios de Inmigraci\u00f3n y Ciudadan\u00eda (USCIS), mand\u00f3 un recordatorio a las personas provenientes de Nicaragua y Honduras indicando que la fecha l\u00edmite para reinscribirse al programa de Estatus de Protecci\u00f3n Temporal (TPS) es el 14 de febrero.<\/p>\n<p>A pesar de que el tiempo l\u00edmite es el 14, es necesario entregar todos los documentos correspondientes, m\u00e1ximo el 13 de febrero, seg\u00fan consta en la p\u00e1gina oficial de USCIS.<\/p>\n<p>Hay que recordar que el fin del programa TPS para Hondure\u00f1os es el 05 de julio de 2018, mientras que para nicarag\u00fcenses es el 05 de enero de 2019.<\/p>\n<p>USCIS record\u00f3 que los procedimientos de reinscripci\u00f3n, incluida la forma de renovar los documentos de autorizaci\u00f3n de empleo, se han publicado en el Registro Federal.<\/p>\n<p>Fundaci\u00f3n Carlos Slim mediante su portal <strong>Acceso Latino<\/strong>, cuenta con la herramienta \u201cAyuda Legal\u201d, que brinda opciones para conocer la forma de permanecer de manera legal en Estados Unidos, as\u00ed como orientaci\u00f3n en el proceso de tr\u00e1mites migratorios.<\/p>","protected":false},"excerpt":{"rendered":"<p>La oficina de Servicios de Inmigraci\u00f3n y Ciudadan\u00eda (USCIS), mand\u00f3 un recordatorio a las personas provenientes de Nicaragua y Honduras indicando que la fecha l\u00edmite para reinscribirse al programa de Estatus de Protecci\u00f3n Temporal (TPS) es el 14 de febrero. A pesar de que el tiempo l\u00edmite es el 14, es necesario entregar todos los documentos correspondientes, m\u00e1ximo el 13 de febrero, seg\u00fan consta en la p\u00e1gina oficial de USCIS. Hay que recordar que el fin del programa TPS para Hondure\u00f1os es el 05 de julio de 2018, mientras que para nicarag\u00fcenses es el 05 de enero de 2019. USCIS record\u00f3 que los procedimientos de reinscripci\u00f3n, incluida la forma de renovar los documentos de autorizaci\u00f3n de empleo, se han publicado en el Registro Federal. Fundaci\u00f3n Carlos Slim mediante su portal Acceso Latino, cuenta con la herramienta \u201cAyuda Legal\u201d, que brinda opciones para conocer la forma de permanecer de manera legal en Estados Unidos, as\u00ed como orientaci\u00f3n en el proceso de tr\u00e1mites migratorios.<\/p>","protected":false},"author":13,"featured_media":11263,"comment_status":"open","ping_status":"open","sticky":false,"template":"","format":"standard","meta":{"_uf_show_specific_survey":0,"_uf_disable_surveys":false,"footnotes":""},"categories":[10,1],"tags":[],"class_list":["post-11262","post","type-post","status-publish","format-standard","has-post-thumbnail","hentry","category-noticias","category-temas-de-interes"],"aioseo_notices":[],"yoast_head":"<!-- This site is optimized with the Yoast SEO plugin v27.5 - https:\/\/yoast.com\/product\/yoast-seo-wordpress\/ -->\n<title>Se acerca el l\u00edmite para reinscripci\u00f3n de TPS<\/title>\n<meta name=\"robots\" content=\"index, follow, max-snippet:-1, max-image-preview:large, max-video-preview:-1\" \/>\n<link rel=\"canonical\" href=\"https:\/\/accesolatino.org\/en\/se-acerca-el-limite-para-reinscripcion-de-tps\/noticias\/\" \/>\n<meta property=\"og:locale\" content=\"en_US\" \/>\n<meta property=\"og:type\" content=\"article\" \/>\n<meta property=\"og:title\" content=\"Se acerca el l\u00edmite para reinscripci\u00f3n de TPS\" \/>\n<meta property=\"og:description\" content=\"La oficina de Servicios de Inmigraci\u00f3n y Ciudadan\u00eda (USCIS), mand\u00f3 un recordatorio a las personas provenientes de Nicaragua y Honduras indicando que la fecha l\u00edmite para reinscribirse al programa de Estatus de Protecci\u00f3n Temporal (TPS) es el 14 de febrero. A pesar de que el tiempo l\u00edmite es el 14, es necesario entregar todos los documentos correspondientes, m\u00e1ximo el 13 de febrero, seg\u00fan consta en la p\u00e1gina oficial de USCIS. Hay que recordar que el fin del programa TPS para Hondure\u00f1os es el 05 de julio de 2018, mientras que para nicarag\u00fcenses es el 05 de enero de 2019. USCIS record\u00f3 que los procedimientos de reinscripci\u00f3n, incluida la forma de renovar los documentos de autorizaci\u00f3n de empleo, se han publicado en el Registro Federal. Fundaci\u00f3n Carlos Slim mediante su portal Acceso Latino, cuenta con la herramienta \u201cAyuda Legal\u201d, que brinda opciones para conocer la forma de permanecer de manera legal en Estados Unidos, as\u00ed como orientaci\u00f3n en el proceso de tr\u00e1mites migratorios.\" \/>\n<meta property=\"og:url\" content=\"https:\/\/accesolatino.org\/en\/se-acerca-el-limite-para-reinscripcion-de-tps\/noticias\/\" \/>\n<meta property=\"og:site_name\" content=\"Acceso Latino\" \/>\n<meta property=\"article:publisher\" content=\"https:\/\/www.facebook.com\/AccesoLatinoOrg\" \/>\n<meta property=\"article:published_time\" content=\"2018-02-07T14:52:04+00:00\" \/>\n<meta property=\"article:modified_time\" content=\"2025-10-27T19:42:41+00:00\" \/>\n<meta property=\"og:image\" content=\"https:\/\/accesolatino.org\/wp-content\/uploads\/2018\/02\/Se-acerca-el-limite-para-reinscripcion-de-TPS.jpg\" \/>\n\t<meta property=\"og:image:width\" content=\"600\" \/>\n\t<meta property=\"og:image:height\" content=\"487\" \/>\n\t<meta property=\"og:image:type\" content=\"image\/jpeg\" \/>\n<meta name=\"author\" content=\"Noticias\" \/>\n<meta name=\"twitter:card\" content=\"summary_large_image\" \/>\n<meta name=\"twitter:creator\" content=\"@FAccLatino\" \/>\n<meta name=\"twitter:site\" content=\"@FAccLatino\" \/>\n<meta name=\"twitter:label1\" content=\"Written by\" \/>\n\t<meta name=\"twitter:data1\" content=\"Noticias\" \/>\n\t<meta name=\"twitter:label2\" content=\"Est. reading time\" \/>\n\t<meta name=\"twitter:data2\" content=\"1 minute\" \/>\n<script type=\"application\/ld+json\" class=\"yoast-schema-graph\">{\"@context\":\"https:\\\/\\\/schema.org\",\"@graph\":[{\"@type\":\"Article\",\"@id\":\"https:\\\/\\\/accesolatino.org\\\/se-acerca-el-limite-para-reinscripcion-de-tps\\\/noticias\\\/#article\",\"isPartOf\":{\"@id\":\"https:\\\/\\\/accesolatino.org\\\/se-acerca-el-limite-para-reinscripcion-de-tps\\\/noticias\\\/\"},\"author\":{\"name\":\"Noticias\",\"@id\":\"https:\\\/\\\/accesolatino.org\\\/#\\\/schema\\\/person\\\/57bc3bfd2c357610a5255490ca4cd305\"},\"headline\":\"Se acerca el l\u00edmite para reinscripci\u00f3n de TPS\",\"datePublished\":\"2018-02-07T14:52:04+00:00\",\"dateModified\":\"2025-10-27T19:42:41+00:00\",\"mainEntityOfPage\":{\"@id\":\"https:\\\/\\\/accesolatino.org\\\/se-acerca-el-limite-para-reinscripcion-de-tps\\\/noticias\\\/\"},\"wordCount\":180,\"commentCount\":0,\"publisher\":{\"@id\":\"https:\\\/\\\/accesolatino.org\\\/#organization\"},\"image\":{\"@id\":\"https:\\\/\\\/accesolatino.org\\\/se-acerca-el-limite-para-reinscripcion-de-tps\\\/noticias\\\/#primaryimage\"},\"thumbnailUrl\":\"https:\\\/\\\/accesolatino.org\\\/wp-content\\\/uploads\\\/2018\\\/02\\\/Se-acerca-el-limite-para-reinscripcion-de-TPS.jpg\",\"articleSection\":[\"Noticias\",\"Temas de inter\u00e9s\"],\"inLanguage\":\"en-US\",\"potentialAction\":[{\"@type\":\"CommentAction\",\"name\":\"Comment\",\"target\":[\"https:\\\/\\\/accesolatino.org\\\/se-acerca-el-limite-para-reinscripcion-de-tps\\\/noticias\\\/#respond\"]}]},{\"@type\":\"WebPage\",\"@id\":\"https:\\\/\\\/accesolatino.org\\\/se-acerca-el-limite-para-reinscripcion-de-tps\\\/noticias\\\/\",\"url\":\"https:\\\/\\\/accesolatino.org\\\/se-acerca-el-limite-para-reinscripcion-de-tps\\\/noticias\\\/\",\"name\":\"Se acerca el l\u00edmite para reinscripci\u00f3n de TPS\",\"isPartOf\":{\"@id\":\"https:\\\/\\\/accesolatino.org\\\/#website\"},\"primaryImageOfPage\":{\"@id\":\"https:\\\/\\\/accesolatino.org\\\/se-acerca-el-limite-para-reinscripcion-de-tps\\\/noticias\\\/#primaryimage\"},\"image\":{\"@id\":\"https:\\\/\\\/accesolatino.org\\\/se-acerca-el-limite-para-reinscripcion-de-tps\\\/noticias\\\/#primaryimage\"},\"thumbnailUrl\":\"https:\\\/\\\/accesolatino.org\\\/wp-content\\\/uploads\\\/2018\\\/02\\\/Se-acerca-el-limite-para-reinscripcion-de-TPS.jpg\",\"datePublished\":\"2018-02-07T14:52:04+00:00\",\"dateModified\":\"2025-10-27T19:42:41+00:00\",\"breadcrumb\":{\"@id\":\"https:\\\/\\\/accesolatino.org\\\/se-acerca-el-limite-para-reinscripcion-de-tps\\\/noticias\\\/#breadcrumb\"},\"inLanguage\":\"en-US\",\"potentialAction\":[{\"@type\":\"ReadAction\",\"target\":[\"https:\\\/\\\/accesolatino.org\\\/se-acerca-el-limite-para-reinscripcion-de-tps\\\/noticias\\\/\"]}]},{\"@type\":\"ImageObject\",\"inLanguage\":\"en-US\",\"@id\":\"https:\\\/\\\/accesolatino.org\\\/se-acerca-el-limite-para-reinscripcion-de-tps\\\/noticias\\\/#primaryimage\",\"url\":\"https:\\\/\\\/accesolatino.org\\\/wp-content\\\/uploads\\\/2018\\\/02\\\/Se-acerca-el-limite-para-reinscripcion-de-TPS.jpg\",\"contentUrl\":\"https:\\\/\\\/accesolatino.org\\\/wp-content\\\/uploads\\\/2018\\\/02\\\/Se-acerca-el-limite-para-reinscripcion-de-TPS.jpg\",\"width\":600,\"height\":487,\"caption\":\"Se-acerca-el-limite-para-reinscripcion-de-TPS\"},{\"@type\":\"BreadcrumbList\",\"@id\":\"https:\\\/\\\/accesolatino.org\\\/se-acerca-el-limite-para-reinscripcion-de-tps\\\/noticias\\\/#breadcrumb\",\"itemListElement\":[{\"@type\":\"ListItem\",\"position\":1,\"name\":\"Portada\",\"item\":\"https:\\\/\\\/accesolatino.org\\\/\"},{\"@type\":\"ListItem\",\"position\":2,\"name\":\"Noticias\",\"item\":\"https:\\\/\\\/accesolatino.org\\\/category\\\/noticias\\\/\"},{\"@type\":\"ListItem\",\"position\":3,\"name\":\"Se acerca el l\u00edmite para reinscripci\u00f3n de TPS\"}]},{\"@type\":\"WebSite\",\"@id\":\"https:\\\/\\\/accesolatino.org\\\/#website\",\"url\":\"https:\\\/\\\/accesolatino.org\\\/\",\"name\":\"Acceso Latino | Fundaci\u00f3n Carlos Slim\",\"description\":\"Fundaci\u00f3n Carlos Slim\",\"publisher\":{\"@id\":\"https:\\\/\\\/accesolatino.org\\\/#organization\"},\"potentialAction\":[{\"@type\":\"SearchAction\",\"target\":{\"@type\":\"EntryPoint\",\"urlTemplate\":\"https:\\\/\\\/accesolatino.org\\\/?s={search_term_string}\"},\"query-input\":{\"@type\":\"PropertyValueSpecification\",\"valueRequired\":true,\"valueName\":\"search_term_string\"}}],\"inLanguage\":\"en-US\"},{\"@type\":\"Organization\",\"@id\":\"https:\\\/\\\/accesolatino.org\\\/#organization\",\"name\":\"Acceso Latino | Fundaci\u00f3n Carlos Slim\",\"url\":\"https:\\\/\\\/accesolatino.org\\\/\",\"logo\":{\"@type\":\"ImageObject\",\"inLanguage\":\"en-US\",\"@id\":\"https:\\\/\\\/accesolatino.org\\\/#\\\/schema\\\/logo\\\/image\\\/\",\"url\":\"https:\\\/\\\/accesolatino.org\\\/wp-content\\\/uploads\\\/2021\\\/02\\\/logo-footer-acceso-latino.png\",\"contentUrl\":\"https:\\\/\\\/accesolatino.org\\\/wp-content\\\/uploads\\\/2021\\\/02\\\/logo-footer-acceso-latino.png\",\"width\":240,\"height\":40,\"caption\":\"Acceso Latino | Fundaci\u00f3n Carlos Slim\"},\"image\":{\"@id\":\"https:\\\/\\\/accesolatino.org\\\/#\\\/schema\\\/logo\\\/image\\\/\"},\"sameAs\":[\"https:\\\/\\\/www.facebook.com\\\/AccesoLatinoOrg\",\"https:\\\/\\\/x.com\\\/FAccLatino\"]},{\"@type\":\"Person\",\"@id\":\"https:\\\/\\\/accesolatino.org\\\/#\\\/schema\\\/person\\\/57bc3bfd2c357610a5255490ca4cd305\",\"name\":\"Noticias\"}]}<\/script>\n<!-- \/ Yoast SEO plugin. -->","yoast_head_json":{"title":"Se acerca el l\u00edmite para reinscripci\u00f3n de TPS","robots":{"index":"index","follow":"follow","max-snippet":"max-snippet:-1","max-image-preview":"max-image-preview:large","max-video-preview":"max-video-preview:-1"},"canonical":"https:\/\/accesolatino.org\/en\/se-acerca-el-limite-para-reinscripcion-de-tps\/noticias\/","og_locale":"en_US","og_type":"article","og_title":"Se acerca el l\u00edmite para reinscripci\u00f3n de TPS","og_description":"La oficina de Servicios de Inmigraci\u00f3n y Ciudadan\u00eda (USCIS), mand\u00f3 un recordatorio a las personas provenientes de Nicaragua y Honduras indicando que la fecha l\u00edmite para reinscribirse al programa de Estatus de Protecci\u00f3n Temporal (TPS) es el 14 de febrero. A pesar de que el tiempo l\u00edmite es el 14, es necesario entregar todos los documentos correspondientes, m\u00e1ximo el 13 de febrero, seg\u00fan consta en la p\u00e1gina oficial de USCIS. Hay que recordar que el fin del programa TPS para Hondure\u00f1os es el 05 de julio de 2018, mientras que para nicarag\u00fcenses es el 05 de enero de 2019. USCIS record\u00f3 que los procedimientos de reinscripci\u00f3n, incluida la forma de renovar los documentos de autorizaci\u00f3n de empleo, se han publicado en el Registro Federal. Fundaci\u00f3n Carlos Slim mediante su portal Acceso Latino, cuenta con la herramienta \u201cAyuda Legal\u201d, que brinda opciones para conocer la forma de permanecer de manera legal en Estados Unidos, as\u00ed como orientaci\u00f3n en el proceso de tr\u00e1mites migratorios.","og_url":"https:\/\/accesolatino.org\/en\/se-acerca-el-limite-para-reinscripcion-de-tps\/noticias\/","og_site_name":"Acceso Latino","article_publisher":"https:\/\/www.facebook.com\/AccesoLatinoOrg","article_published_time":"2018-02-07T14:52:04+00:00","article_modified_time":"2025-10-27T19:42:41+00:00","og_image":[{"width":600,"height":487,"url":"https:\/\/accesolatino.org\/wp-content\/uploads\/2018\/02\/Se-acerca-el-limite-para-reinscripcion-de-TPS.jpg","type":"image\/jpeg"}],"author":"Noticias","twitter_card":"summary_large_image","twitter_creator":"@FAccLatino","twitter_site":"@FAccLatino","twitter_misc":{"Written by":"Noticias","Est. reading time":"1 minute"},"schema":{"@context":"https:\/\/schema.org","@graph":[{"@type":"Article","@id":"https:\/\/accesolatino.org\/se-acerca-el-limite-para-reinscripcion-de-tps\/noticias\/#article","isPartOf":{"@id":"https:\/\/accesolatino.org\/se-acerca-el-limite-para-reinscripcion-de-tps\/noticias\/"},"author":{"name":"Noticias","@id":"https:\/\/accesolatino.org\/#\/schema\/person\/57bc3bfd2c357610a5255490ca4cd305"},"headline":"Se acerca el l\u00edmite para reinscripci\u00f3n de TPS","datePublished":"2018-02-07T14:52:04+00:00","dateModified":"2025-10-27T19:42:41+00:00","mainEntityOfPage":{"@id":"https:\/\/accesolatino.org\/se-acerca-el-limite-para-reinscripcion-de-tps\/noticias\/"},"wordCount":180,"commentCount":0,"publisher":{"@id":"https:\/\/accesolatino.org\/#organization"},"image":{"@id":"https:\/\/accesolatino.org\/se-acerca-el-limite-para-reinscripcion-de-tps\/noticias\/#primaryimage"},"thumbnailUrl":"https:\/\/accesolatino.org\/wp-content\/uploads\/2018\/02\/Se-acerca-el-limite-para-reinscripcion-de-TPS.jpg","articleSection":["Noticias","Temas de inter\u00e9s"],"inLanguage":"en-US","potentialAction":[{"@type":"CommentAction","name":"Comment","target":["https:\/\/accesolatino.org\/se-acerca-el-limite-para-reinscripcion-de-tps\/noticias\/#respond"]}]},{"@type":"WebPage","@id":"https:\/\/accesolatino.org\/se-acerca-el-limite-para-reinscripcion-de-tps\/noticias\/","url":"https:\/\/accesolatino.org\/se-acerca-el-limite-para-reinscripcion-de-tps\/noticias\/","name":"Se acerca el l\u00edmite para reinscripci\u00f3n de TPS","isPartOf":{"@id":"https:\/\/accesolatino.org\/#website"},"primaryImageOfPage":{"@id":"https:\/\/accesolatino.org\/se-acerca-el-limite-para-reinscripcion-de-tps\/noticias\/#primaryimage"},"image":{"@id":"https:\/\/accesolatino.org\/se-acerca-el-limite-para-reinscripcion-de-tps\/noticias\/#primaryimage"},"thumbnailUrl":"https:\/\/accesolatino.org\/wp-content\/uploads\/2018\/02\/Se-acerca-el-limite-para-reinscripcion-de-TPS.jpg","datePublished":"2018-02-07T14:52:04+00:00","dateModified":"2025-10-27T19:42:41+00:00","breadcrumb":{"@id":"https:\/\/accesolatino.org\/se-acerca-el-limite-para-reinscripcion-de-tps\/noticias\/#breadcrumb"},"inLanguage":"en-US","potentialAction":[{"@type":"ReadAction","target":["https:\/\/accesolatino.org\/se-acerca-el-limite-para-reinscripcion-de-tps\/noticias\/"]}]},{"@type":"ImageObject","inLanguage":"en-US","@id":"https:\/\/accesolatino.org\/se-acerca-el-limite-para-reinscripcion-de-tps\/noticias\/#primaryimage","url":"https:\/\/accesolatino.org\/wp-content\/uploads\/2018\/02\/Se-acerca-el-limite-para-reinscripcion-de-TPS.jpg","contentUrl":"https:\/\/accesolatino.org\/wp-content\/uploads\/2018\/02\/Se-acerca-el-limite-para-reinscripcion-de-TPS.jpg","width":600,"height":487,"caption":"Se-acerca-el-limite-para-reinscripcion-de-TPS"},{"@type":"BreadcrumbList","@id":"https:\/\/accesolatino.org\/se-acerca-el-limite-para-reinscripcion-de-tps\/noticias\/#breadcrumb","itemListElement":[{"@type":"ListItem","position":1,"name":"Portada","item":"https:\/\/accesolatino.org\/"},{"@type":"ListItem","position":2,"name":"Noticias","item":"https:\/\/accesolatino.org\/category\/noticias\/"},{"@type":"ListItem","position":3,"name":"Se acerca el l\u00edmite para reinscripci\u00f3n de TPS"}]},{"@type":"WebSite","@id":"https:\/\/accesolatino.org\/#website","url":"https:\/\/accesolatino.org\/","name":"Acceso Latino | Fundaci\u00f3n Carlos Slim","description":"Fundaci\u00f3n Carlos Slim","publisher":{"@id":"https:\/\/accesolatino.org\/#organization"},"potentialAction":[{"@type":"SearchAction","target":{"@type":"EntryPoint","urlTemplate":"https:\/\/accesolatino.org\/?s={search_term_string}"},"query-input":{"@type":"PropertyValueSpecification","valueRequired":true,"valueName":"search_term_string"}}],"inLanguage":"en-US"},{"@type":"Organization","@id":"https:\/\/accesolatino.org\/#organization","name":"Acceso Latino | Fundaci\u00f3n Carlos Slim","url":"https:\/\/accesolatino.org\/","logo":{"@type":"ImageObject","inLanguage":"en-US","@id":"https:\/\/accesolatino.org\/#\/schema\/logo\/image\/","url":"https:\/\/accesolatino.org\/wp-content\/uploads\/2021\/02\/logo-footer-acceso-latino.png","contentUrl":"https:\/\/accesolatino.org\/wp-content\/uploads\/2021\/02\/logo-footer-acceso-latino.png","width":240,"height":40,"caption":"Acceso Latino | Fundaci\u00f3n Carlos Slim"},"image":{"@id":"https:\/\/accesolatino.org\/#\/schema\/logo\/image\/"},"sameAs":["https:\/\/www.facebook.com\/AccesoLatinoOrg","https:\/\/x.com\/FAccLatino"]},{"@type":"Person","@id":"https:\/\/accesolatino.org\/#\/schema\/person\/57bc3bfd2c357610a5255490ca4cd305","name":"News"}]}},"_links":{"self":[{"href":"https:\/\/accesolatino.org\/en\/wp-json\/wp\/v2\/posts\/11262","targetHints":{"allow":["GET"]}}],"collection":[{"href":"https:\/\/accesolatino.org\/en\/wp-json\/wp\/v2\/posts"}],"about":[{"href":"https:\/\/accesolatino.org\/en\/wp-json\/wp\/v2\/types\/post"}],"author":[{"embeddable":true,"href":"https:\/\/accesolatino.org\/en\/wp-json\/wp\/v2\/users\/13"}],"replies":[{"embeddable":true,"href":"https:\/\/accesolatino.org\/en\/wp-json\/wp\/v2\/comments?post=11262"}],"version-history":[{"count":1,"href":"https:\/\/accesolatino.org\/en\/wp-json\/wp\/v2\/posts\/11262\/revisions"}],"predecessor-version":[{"id":66737,"href":"https:\/\/accesolatino.org\/en\/wp-json\/wp\/v2\/posts\/11262\/revisions\/66737"}],"wp:featuredmedia":[{"embeddable":true,"href":"https:\/\/accesolatino.org\/en\/wp-json\/wp\/v2\/media\/11263"}],"wp:attachment":[{"href":"https:\/\/accesolatino.org\/en\/wp-json\/wp\/v2\/media?parent=11262"}],"wp:term":[{"taxonomy":"category","embeddable":true,"href":"https:\/\/accesolatino.org\/en\/wp-json\/wp\/v2\/categories?post=11262"},{"taxonomy":"post_tag","embeddable":true,"href":"https:\/\/accesolatino.org\/en\/wp-json\/wp\/v2\/tags?post=11262"}],"curies":[{"name":"wp","href":"https:\/\/api.w.org\/{rel}","templated":true}]}}