{"id":11210,"date":"2018-02-01T12:59:03","date_gmt":"2018-02-01T18:59:03","guid":{"rendered":"http:\/\/accesolatino.org\/?p=11210"},"modified":"2025-10-27T13:43:01","modified_gmt":"2025-10-27T19:43:01","slug":"migrantes-estarian-protegidos-dentro-de-escuelas-y-cortes-en-california","status":"publish","type":"post","link":"https:\/\/accesolatino.org\/en\/migrantes-estarian-protegidos-dentro-de-escuelas-y-cortes-en-california\/noticias\/","title":{"rendered":"Migrantes estar\u00edan protegidos dentro de escuelas y cortes en California"},"content":{"rendered":"<p>En California contin\u00faan preocup\u00e1ndose por los migrantes, el Senado aprob\u00f3 una medida que de convertirse en ley obligar\u00e1 a los agentes de la Oficina de Inmigraci\u00f3n y control de Aduanas (ICE) a tener \u00f3rdenes para detener, interrogar y vigilar a migrantes que se encuentren dentro de edificios estatales como cortes y escuelas.<\/p>\n<p>La medida SB183 propuesta por el senador de Bell Gardens, Ricardo Lara, tiene como objetivo frenar el aumento de operativos de los agentes de migraci\u00f3n implementados con el arribo del actual Presidente de Estados Unidos.<\/p>\n<p>Se enfatiz\u00f3 que esta medida generar\u00e1 un ambiente seguro para que los estudiantes migrantes puedan asistir a la escuela sin miedo, que los padres puedan ir por sus hijos al colegio y que la gente pueda reportar cr\u00edmenes o asistir a la corte sin tener la preocupaci\u00f3n de ser el blanco de los agentes de ICE.<\/p>\n<p>Para todos los migrantes en California y en el resto de Estados Unidos, <strong>Acceso Latino<\/strong> tiene en su portal la herramienta de Ayuda Legal que brinda opciones para defender tus derechos como migrante.<\/p>","protected":false},"excerpt":{"rendered":"<p>En California contin\u00faan preocup\u00e1ndose por los migrantes, el Senado aprob\u00f3 una medida que de convertirse en ley obligar\u00e1 a los agentes de la Oficina de Inmigraci\u00f3n y control de Aduanas (ICE) a tener \u00f3rdenes para detener, interrogar y vigilar a migrantes que se encuentren dentro de edificios estatales como cortes y escuelas. La medida SB183 propuesta por el senador de Bell Gardens, Ricardo Lara, tiene como objetivo frenar el aumento de operativos de los agentes de migraci\u00f3n implementados con el arribo del actual Presidente de Estados Unidos. Se enfatiz\u00f3 que esta medida generar\u00e1 un ambiente seguro para que los estudiantes migrantes puedan asistir a la escuela sin miedo, que los padres puedan ir por sus hijos al colegio y que la gente pueda reportar cr\u00edmenes o asistir a la corte sin tener la preocupaci\u00f3n de ser el blanco de los agentes de ICE. Para todos los migrantes en California y en el resto de Estados Unidos, Acceso Latino tiene en su portal la herramienta de Ayuda Legal que brinda opciones para defender tus derechos como migrante.<\/p>","protected":false},"author":13,"featured_media":11211,"comment_status":"open","ping_status":"open","sticky":false,"template":"","format":"standard","meta":{"_uf_show_specific_survey":0,"_uf_disable_surveys":false,"footnotes":""},"categories":[10,1],"tags":[],"class_list":["post-11210","post","type-post","status-publish","format-standard","has-post-thumbnail","hentry","category-noticias","category-temas-de-interes"],"aioseo_notices":[],"yoast_head":"<!-- This site is optimized with the Yoast SEO plugin v27.5 - https:\/\/yoast.com\/product\/yoast-seo-wordpress\/ -->\n<title>Migrantes estar\u00edan protegidos dentro de escuelas y cortes en California<\/title>\n<meta name=\"description\" content=\"En California contin\u00faan preocup\u00e1ndose por los migrantes, el Senado aprob\u00f3 una medida que de convertirse en ley obligar\u00e1 a los agentes de ICE a tener \u00f3rdenes para detener, interrogar y vigilar a migrantes que se encuentren dentro de edificios estatales como cortes y escuelas.\" \/>\n<meta name=\"robots\" content=\"index, follow, max-snippet:-1, max-image-preview:large, max-video-preview:-1\" \/>\n<link rel=\"canonical\" href=\"https:\/\/accesolatino.org\/en\/migrantes-estarian-protegidos-dentro-de-escuelas-y-cortes-en-california\/noticias\/\" \/>\n<meta property=\"og:locale\" content=\"en_US\" \/>\n<meta property=\"og:type\" content=\"article\" \/>\n<meta property=\"og:title\" content=\"Migrantes estar\u00edan protegidos dentro de escuelas y cortes en California\" \/>\n<meta property=\"og:description\" content=\"En California contin\u00faan preocup\u00e1ndose por los migrantes, el Senado aprob\u00f3 una medida que de convertirse en ley obligar\u00e1 a los agentes de ICE a tener \u00f3rdenes para detener, interrogar y vigilar a migrantes que se encuentren dentro de edificios estatales como cortes y escuelas.\" \/>\n<meta property=\"og:url\" content=\"https:\/\/accesolatino.org\/en\/migrantes-estarian-protegidos-dentro-de-escuelas-y-cortes-en-california\/noticias\/\" \/>\n<meta property=\"og:site_name\" content=\"Acceso Latino\" \/>\n<meta property=\"article:publisher\" content=\"https:\/\/www.facebook.com\/AccesoLatinoOrg\" \/>\n<meta property=\"article:published_time\" content=\"2018-02-01T18:59:03+00:00\" \/>\n<meta property=\"article:modified_time\" content=\"2025-10-27T19:43:01+00:00\" \/>\n<meta property=\"og:image\" content=\"https:\/\/accesolatino.org\/wp-content\/uploads\/2018\/02\/Migrantes-estarian-protegidos-dentro-de-escuelas-y-cortes-en-California.jpg\" \/>\n\t<meta property=\"og:image:width\" content=\"600\" \/>\n\t<meta property=\"og:image:height\" content=\"388\" \/>\n\t<meta property=\"og:image:type\" content=\"image\/jpeg\" \/>\n<meta name=\"author\" content=\"Noticias\" \/>\n<meta name=\"twitter:card\" content=\"summary_large_image\" \/>\n<meta name=\"twitter:creator\" content=\"@FAccLatino\" \/>\n<meta name=\"twitter:site\" content=\"@FAccLatino\" \/>\n<meta name=\"twitter:label1\" content=\"Written by\" \/>\n\t<meta name=\"twitter:data1\" content=\"Noticias\" \/>\n\t<meta name=\"twitter:label2\" content=\"Est. reading time\" \/>\n\t<meta name=\"twitter:data2\" content=\"2 minutes\" \/>\n<script type=\"application\/ld+json\" class=\"yoast-schema-graph\">{\"@context\":\"https:\\\/\\\/schema.org\",\"@graph\":[{\"@type\":\"Article\",\"@id\":\"https:\\\/\\\/accesolatino.org\\\/migrantes-estarian-protegidos-dentro-de-escuelas-y-cortes-en-california\\\/noticias\\\/#article\",\"isPartOf\":{\"@id\":\"https:\\\/\\\/accesolatino.org\\\/migrantes-estarian-protegidos-dentro-de-escuelas-y-cortes-en-california\\\/noticias\\\/\"},\"author\":{\"name\":\"Noticias\",\"@id\":\"https:\\\/\\\/accesolatino.org\\\/#\\\/schema\\\/person\\\/57bc3bfd2c357610a5255490ca4cd305\"},\"headline\":\"Migrantes estar\u00edan protegidos dentro de escuelas y cortes en California\",\"datePublished\":\"2018-02-01T18:59:03+00:00\",\"dateModified\":\"2025-10-27T19:43:01+00:00\",\"mainEntityOfPage\":{\"@id\":\"https:\\\/\\\/accesolatino.org\\\/migrantes-estarian-protegidos-dentro-de-escuelas-y-cortes-en-california\\\/noticias\\\/\"},\"wordCount\":193,\"commentCount\":0,\"publisher\":{\"@id\":\"https:\\\/\\\/accesolatino.org\\\/#organization\"},\"image\":{\"@id\":\"https:\\\/\\\/accesolatino.org\\\/migrantes-estarian-protegidos-dentro-de-escuelas-y-cortes-en-california\\\/noticias\\\/#primaryimage\"},\"thumbnailUrl\":\"https:\\\/\\\/accesolatino.org\\\/wp-content\\\/uploads\\\/2018\\\/02\\\/Migrantes-estarian-protegidos-dentro-de-escuelas-y-cortes-en-California.jpg\",\"articleSection\":[\"Noticias\",\"Temas de inter\u00e9s\"],\"inLanguage\":\"en-US\",\"potentialAction\":[{\"@type\":\"CommentAction\",\"name\":\"Comment\",\"target\":[\"https:\\\/\\\/accesolatino.org\\\/migrantes-estarian-protegidos-dentro-de-escuelas-y-cortes-en-california\\\/noticias\\\/#respond\"]}]},{\"@type\":\"WebPage\",\"@id\":\"https:\\\/\\\/accesolatino.org\\\/migrantes-estarian-protegidos-dentro-de-escuelas-y-cortes-en-california\\\/noticias\\\/\",\"url\":\"https:\\\/\\\/accesolatino.org\\\/migrantes-estarian-protegidos-dentro-de-escuelas-y-cortes-en-california\\\/noticias\\\/\",\"name\":\"Migrantes estar\u00edan protegidos dentro de escuelas y cortes en California\",\"isPartOf\":{\"@id\":\"https:\\\/\\\/accesolatino.org\\\/#website\"},\"primaryImageOfPage\":{\"@id\":\"https:\\\/\\\/accesolatino.org\\\/migrantes-estarian-protegidos-dentro-de-escuelas-y-cortes-en-california\\\/noticias\\\/#primaryimage\"},\"image\":{\"@id\":\"https:\\\/\\\/accesolatino.org\\\/migrantes-estarian-protegidos-dentro-de-escuelas-y-cortes-en-california\\\/noticias\\\/#primaryimage\"},\"thumbnailUrl\":\"https:\\\/\\\/accesolatino.org\\\/wp-content\\\/uploads\\\/2018\\\/02\\\/Migrantes-estarian-protegidos-dentro-de-escuelas-y-cortes-en-California.jpg\",\"datePublished\":\"2018-02-01T18:59:03+00:00\",\"dateModified\":\"2025-10-27T19:43:01+00:00\",\"description\":\"En California contin\u00faan preocup\u00e1ndose por los migrantes, el Senado aprob\u00f3 una medida que de convertirse en ley obligar\u00e1 a los agentes de ICE a tener \u00f3rdenes para detener, interrogar y vigilar a migrantes que se encuentren dentro de edificios estatales como cortes y escuelas.\",\"breadcrumb\":{\"@id\":\"https:\\\/\\\/accesolatino.org\\\/migrantes-estarian-protegidos-dentro-de-escuelas-y-cortes-en-california\\\/noticias\\\/#breadcrumb\"},\"inLanguage\":\"en-US\",\"potentialAction\":[{\"@type\":\"ReadAction\",\"target\":[\"https:\\\/\\\/accesolatino.org\\\/migrantes-estarian-protegidos-dentro-de-escuelas-y-cortes-en-california\\\/noticias\\\/\"]}]},{\"@type\":\"ImageObject\",\"inLanguage\":\"en-US\",\"@id\":\"https:\\\/\\\/accesolatino.org\\\/migrantes-estarian-protegidos-dentro-de-escuelas-y-cortes-en-california\\\/noticias\\\/#primaryimage\",\"url\":\"https:\\\/\\\/accesolatino.org\\\/wp-content\\\/uploads\\\/2018\\\/02\\\/Migrantes-estarian-protegidos-dentro-de-escuelas-y-cortes-en-California.jpg\",\"contentUrl\":\"https:\\\/\\\/accesolatino.org\\\/wp-content\\\/uploads\\\/2018\\\/02\\\/Migrantes-estarian-protegidos-dentro-de-escuelas-y-cortes-en-California.jpg\",\"width\":\"600\",\"height\":\"388\",\"caption\":\"Migrantes-estarian-protegidos-dentro-de-escuelas-y-cortes-en-California\"},{\"@type\":\"BreadcrumbList\",\"@id\":\"https:\\\/\\\/accesolatino.org\\\/migrantes-estarian-protegidos-dentro-de-escuelas-y-cortes-en-california\\\/noticias\\\/#breadcrumb\",\"itemListElement\":[{\"@type\":\"ListItem\",\"position\":1,\"name\":\"Portada\",\"item\":\"https:\\\/\\\/accesolatino.org\\\/\"},{\"@type\":\"ListItem\",\"position\":2,\"name\":\"Noticias\",\"item\":\"https:\\\/\\\/accesolatino.org\\\/category\\\/noticias\\\/\"},{\"@type\":\"ListItem\",\"position\":3,\"name\":\"Migrantes estar\u00edan protegidos dentro de escuelas y cortes en California\"}]},{\"@type\":\"WebSite\",\"@id\":\"https:\\\/\\\/accesolatino.org\\\/#website\",\"url\":\"https:\\\/\\\/accesolatino.org\\\/\",\"name\":\"Acceso Latino | Fundaci\u00f3n Carlos Slim\",\"description\":\"Fundaci\u00f3n Carlos Slim\",\"publisher\":{\"@id\":\"https:\\\/\\\/accesolatino.org\\\/#organization\"},\"potentialAction\":[{\"@type\":\"SearchAction\",\"target\":{\"@type\":\"EntryPoint\",\"urlTemplate\":\"https:\\\/\\\/accesolatino.org\\\/?s={search_term_string}\"},\"query-input\":{\"@type\":\"PropertyValueSpecification\",\"valueRequired\":true,\"valueName\":\"search_term_string\"}}],\"inLanguage\":\"en-US\"},{\"@type\":\"Organization\",\"@id\":\"https:\\\/\\\/accesolatino.org\\\/#organization\",\"name\":\"Acceso Latino | Fundaci\u00f3n Carlos Slim\",\"url\":\"https:\\\/\\\/accesolatino.org\\\/\",\"logo\":{\"@type\":\"ImageObject\",\"inLanguage\":\"en-US\",\"@id\":\"https:\\\/\\\/accesolatino.org\\\/#\\\/schema\\\/logo\\\/image\\\/\",\"url\":\"https:\\\/\\\/accesolatino.org\\\/wp-content\\\/uploads\\\/2021\\\/02\\\/logo-footer-acceso-latino.png\",\"contentUrl\":\"https:\\\/\\\/accesolatino.org\\\/wp-content\\\/uploads\\\/2021\\\/02\\\/logo-footer-acceso-latino.png\",\"width\":240,\"height\":40,\"caption\":\"Acceso Latino | Fundaci\u00f3n Carlos Slim\"},\"image\":{\"@id\":\"https:\\\/\\\/accesolatino.org\\\/#\\\/schema\\\/logo\\\/image\\\/\"},\"sameAs\":[\"https:\\\/\\\/www.facebook.com\\\/AccesoLatinoOrg\",\"https:\\\/\\\/x.com\\\/FAccLatino\"]},{\"@type\":\"Person\",\"@id\":\"https:\\\/\\\/accesolatino.org\\\/#\\\/schema\\\/person\\\/57bc3bfd2c357610a5255490ca4cd305\",\"name\":\"Noticias\"}]}<\/script>\n<!-- \/ Yoast SEO plugin. -->","yoast_head_json":{"title":"Migrantes estar\u00edan protegidos dentro de escuelas y cortes en California","description":"En California contin\u00faan preocup\u00e1ndose por los migrantes, el Senado aprob\u00f3 una medida que de convertirse en ley obligar\u00e1 a los agentes de ICE a tener \u00f3rdenes para detener, interrogar y vigilar a migrantes que se encuentren dentro de edificios estatales como cortes y escuelas.","robots":{"index":"index","follow":"follow","max-snippet":"max-snippet:-1","max-image-preview":"max-image-preview:large","max-video-preview":"max-video-preview:-1"},"canonical":"https:\/\/accesolatino.org\/en\/migrantes-estarian-protegidos-dentro-de-escuelas-y-cortes-en-california\/noticias\/","og_locale":"en_US","og_type":"article","og_title":"Migrantes estar\u00edan protegidos dentro de escuelas y cortes en California","og_description":"En California contin\u00faan preocup\u00e1ndose por los migrantes, el Senado aprob\u00f3 una medida que de convertirse en ley obligar\u00e1 a los agentes de ICE a tener \u00f3rdenes para detener, interrogar y vigilar a migrantes que se encuentren dentro de edificios estatales como cortes y escuelas.","og_url":"https:\/\/accesolatino.org\/en\/migrantes-estarian-protegidos-dentro-de-escuelas-y-cortes-en-california\/noticias\/","og_site_name":"Acceso Latino","article_publisher":"https:\/\/www.facebook.com\/AccesoLatinoOrg","article_published_time":"2018-02-01T18:59:03+00:00","article_modified_time":"2025-10-27T19:43:01+00:00","og_image":[{"width":600,"height":388,"url":"https:\/\/accesolatino.org\/wp-content\/uploads\/2018\/02\/Migrantes-estarian-protegidos-dentro-de-escuelas-y-cortes-en-California.jpg","type":"image\/jpeg"}],"author":"Noticias","twitter_card":"summary_large_image","twitter_creator":"@FAccLatino","twitter_site":"@FAccLatino","twitter_misc":{"Written by":"Noticias","Est. reading time":"2 minutes"},"schema":{"@context":"https:\/\/schema.org","@graph":[{"@type":"Article","@id":"https:\/\/accesolatino.org\/migrantes-estarian-protegidos-dentro-de-escuelas-y-cortes-en-california\/noticias\/#article","isPartOf":{"@id":"https:\/\/accesolatino.org\/migrantes-estarian-protegidos-dentro-de-escuelas-y-cortes-en-california\/noticias\/"},"author":{"name":"Noticias","@id":"https:\/\/accesolatino.org\/#\/schema\/person\/57bc3bfd2c357610a5255490ca4cd305"},"headline":"Migrantes estar\u00edan protegidos dentro de escuelas y cortes en California","datePublished":"2018-02-01T18:59:03+00:00","dateModified":"2025-10-27T19:43:01+00:00","mainEntityOfPage":{"@id":"https:\/\/accesolatino.org\/migrantes-estarian-protegidos-dentro-de-escuelas-y-cortes-en-california\/noticias\/"},"wordCount":193,"commentCount":0,"publisher":{"@id":"https:\/\/accesolatino.org\/#organization"},"image":{"@id":"https:\/\/accesolatino.org\/migrantes-estarian-protegidos-dentro-de-escuelas-y-cortes-en-california\/noticias\/#primaryimage"},"thumbnailUrl":"https:\/\/accesolatino.org\/wp-content\/uploads\/2018\/02\/Migrantes-estarian-protegidos-dentro-de-escuelas-y-cortes-en-California.jpg","articleSection":["Noticias","Temas de inter\u00e9s"],"inLanguage":"en-US","potentialAction":[{"@type":"CommentAction","name":"Comment","target":["https:\/\/accesolatino.org\/migrantes-estarian-protegidos-dentro-de-escuelas-y-cortes-en-california\/noticias\/#respond"]}]},{"@type":"WebPage","@id":"https:\/\/accesolatino.org\/migrantes-estarian-protegidos-dentro-de-escuelas-y-cortes-en-california\/noticias\/","url":"https:\/\/accesolatino.org\/migrantes-estarian-protegidos-dentro-de-escuelas-y-cortes-en-california\/noticias\/","name":"Migrantes estar\u00edan protegidos dentro de escuelas y cortes en California","isPartOf":{"@id":"https:\/\/accesolatino.org\/#website"},"primaryImageOfPage":{"@id":"https:\/\/accesolatino.org\/migrantes-estarian-protegidos-dentro-de-escuelas-y-cortes-en-california\/noticias\/#primaryimage"},"image":{"@id":"https:\/\/accesolatino.org\/migrantes-estarian-protegidos-dentro-de-escuelas-y-cortes-en-california\/noticias\/#primaryimage"},"thumbnailUrl":"https:\/\/accesolatino.org\/wp-content\/uploads\/2018\/02\/Migrantes-estarian-protegidos-dentro-de-escuelas-y-cortes-en-California.jpg","datePublished":"2018-02-01T18:59:03+00:00","dateModified":"2025-10-27T19:43:01+00:00","description":"En California contin\u00faan preocup\u00e1ndose por los migrantes, el Senado aprob\u00f3 una medida que de convertirse en ley obligar\u00e1 a los agentes de ICE a tener \u00f3rdenes para detener, interrogar y vigilar a migrantes que se encuentren dentro de edificios estatales como cortes y escuelas.","breadcrumb":{"@id":"https:\/\/accesolatino.org\/migrantes-estarian-protegidos-dentro-de-escuelas-y-cortes-en-california\/noticias\/#breadcrumb"},"inLanguage":"en-US","potentialAction":[{"@type":"ReadAction","target":["https:\/\/accesolatino.org\/migrantes-estarian-protegidos-dentro-de-escuelas-y-cortes-en-california\/noticias\/"]}]},{"@type":"ImageObject","inLanguage":"en-US","@id":"https:\/\/accesolatino.org\/migrantes-estarian-protegidos-dentro-de-escuelas-y-cortes-en-california\/noticias\/#primaryimage","url":"https:\/\/accesolatino.org\/wp-content\/uploads\/2018\/02\/Migrantes-estarian-protegidos-dentro-de-escuelas-y-cortes-en-California.jpg","contentUrl":"https:\/\/accesolatino.org\/wp-content\/uploads\/2018\/02\/Migrantes-estarian-protegidos-dentro-de-escuelas-y-cortes-en-California.jpg","width":"600","height":"388","caption":"Migrantes-estarian-protegidos-dentro-de-escuelas-y-cortes-en-California"},{"@type":"BreadcrumbList","@id":"https:\/\/accesolatino.org\/migrantes-estarian-protegidos-dentro-de-escuelas-y-cortes-en-california\/noticias\/#breadcrumb","itemListElement":[{"@type":"ListItem","position":1,"name":"Portada","item":"https:\/\/accesolatino.org\/"},{"@type":"ListItem","position":2,"name":"Noticias","item":"https:\/\/accesolatino.org\/category\/noticias\/"},{"@type":"ListItem","position":3,"name":"Migrantes estar\u00edan protegidos dentro de escuelas y cortes en California"}]},{"@type":"WebSite","@id":"https:\/\/accesolatino.org\/#website","url":"https:\/\/accesolatino.org\/","name":"Acceso Latino | Fundaci\u00f3n Carlos Slim","description":"Fundaci\u00f3n Carlos Slim","publisher":{"@id":"https:\/\/accesolatino.org\/#organization"},"potentialAction":[{"@type":"SearchAction","target":{"@type":"EntryPoint","urlTemplate":"https:\/\/accesolatino.org\/?s={search_term_string}"},"query-input":{"@type":"PropertyValueSpecification","valueRequired":true,"valueName":"search_term_string"}}],"inLanguage":"en-US"},{"@type":"Organization","@id":"https:\/\/accesolatino.org\/#organization","name":"Acceso Latino | Fundaci\u00f3n Carlos Slim","url":"https:\/\/accesolatino.org\/","logo":{"@type":"ImageObject","inLanguage":"en-US","@id":"https:\/\/accesolatino.org\/#\/schema\/logo\/image\/","url":"https:\/\/accesolatino.org\/wp-content\/uploads\/2021\/02\/logo-footer-acceso-latino.png","contentUrl":"https:\/\/accesolatino.org\/wp-content\/uploads\/2021\/02\/logo-footer-acceso-latino.png","width":240,"height":40,"caption":"Acceso Latino | Fundaci\u00f3n Carlos Slim"},"image":{"@id":"https:\/\/accesolatino.org\/#\/schema\/logo\/image\/"},"sameAs":["https:\/\/www.facebook.com\/AccesoLatinoOrg","https:\/\/x.com\/FAccLatino"]},{"@type":"Person","@id":"https:\/\/accesolatino.org\/#\/schema\/person\/57bc3bfd2c357610a5255490ca4cd305","name":"News"}]}},"_links":{"self":[{"href":"https:\/\/accesolatino.org\/en\/wp-json\/wp\/v2\/posts\/11210","targetHints":{"allow":["GET"]}}],"collection":[{"href":"https:\/\/accesolatino.org\/en\/wp-json\/wp\/v2\/posts"}],"about":[{"href":"https:\/\/accesolatino.org\/en\/wp-json\/wp\/v2\/types\/post"}],"author":[{"embeddable":true,"href":"https:\/\/accesolatino.org\/en\/wp-json\/wp\/v2\/users\/13"}],"replies":[{"embeddable":true,"href":"https:\/\/accesolatino.org\/en\/wp-json\/wp\/v2\/comments?post=11210"}],"version-history":[{"count":1,"href":"https:\/\/accesolatino.org\/en\/wp-json\/wp\/v2\/posts\/11210\/revisions"}],"predecessor-version":[{"id":66742,"href":"https:\/\/accesolatino.org\/en\/wp-json\/wp\/v2\/posts\/11210\/revisions\/66742"}],"wp:featuredmedia":[{"embeddable":true,"href":"https:\/\/accesolatino.org\/en\/wp-json\/wp\/v2\/media\/11211"}],"wp:attachment":[{"href":"https:\/\/accesolatino.org\/en\/wp-json\/wp\/v2\/media?parent=11210"}],"wp:term":[{"taxonomy":"category","embeddable":true,"href":"https:\/\/accesolatino.org\/en\/wp-json\/wp\/v2\/categories?post=11210"},{"taxonomy":"post_tag","embeddable":true,"href":"https:\/\/accesolatino.org\/en\/wp-json\/wp\/v2\/tags?post=11210"}],"curies":[{"name":"wp","href":"https:\/\/api.w.org\/{rel}","templated":true}]}}