{"id":11205,"date":"2018-01-31T12:45:42","date_gmt":"2018-01-31T18:45:42","guid":{"rendered":"http:\/\/accesolatino.org\/?p=11205"},"modified":"2025-10-27T13:42:53","modified_gmt":"2025-10-27T19:42:53","slug":"empresarios-de-estados-unidos-actuan-a-favor-de-los-dreamers","status":"publish","type":"post","link":"https:\/\/accesolatino.org\/en\/empresarios-de-estados-unidos-actuan-a-favor-de-los-dreamers\/noticias\/","title":{"rendered":"Empresarios de Estados Unidos act\u00faan a favor de los \u201cDreamers\u201d"},"content":{"rendered":"<p>M\u00e1s de cien mandatarios de empresas estadounidenses, firmaron una carta para pedirle al Congreso de los Estados Unidos que voten por una ley para proteger a todos los \u201cDreamers\u201d.<\/p>\n<p>\u00c9sta petici\u00f3n fue firmada por los dirigentes de grandes empresas como Apple, Facebook, General Motors, Coca-Cola, Amazon, Google, Uber, Intel, Gap y Hewlett-Packard.<\/p>\n<p>La intenci\u00f3n de los empresarios al escribir la carta, fue para apresurar al Congreso para actuar inmediatamente con la intenci\u00f3n de crear una soluci\u00f3n legislativa bipartidista que permita a los \u201cdreamers\u201d que vive, trabajan y contribuyen a Estados Unidos, continuar haci\u00e9ndolo.<\/p>\n<p>Al igual que en Estados Unidos, en M\u00e9xico la Fundaci\u00f3n Carlos Slim ve por los derechos de los migrantes latinos en Estados Unidos, el dirigente de la fundaci\u00f3n, el ingeniero Carlos Slim, desarroll\u00f3 el sitio web de <a title=\"\" href=\"http:\/\/accesolatino.org\/en\/\" target=\"_blank\" rel=\"noopener\">Acceso Latino<\/a> con la finalidad de ayudar a todos los migrantes que radican en EEUU.<\/p>\n<p>Los migrantes que llegaron desde ni\u00f1os a Estados Unidos, mejor conocidos como \u201cDreamers\u201d y sus familias, podr\u00e1n encontrar informaci\u00f3n de utilidad acerca del programa DACA, en <a title=\"\" href=\"http:\/\/accesolatino.org\/en\/daca\/\" target=\"_blank\" rel=\"noopener\">Acceso Latino<\/a>, as\u00ed como informaci\u00f3n en materia legal.<\/p>","protected":false},"excerpt":{"rendered":"<p>M\u00e1s de cien mandatarios de empresas estadounidenses, firmaron una carta para pedirle al Congreso de los Estados Unidos que voten por una ley para proteger a todos los \u201cDreamers\u201d. \u00c9sta petici\u00f3n fue firmada por los dirigentes de grandes empresas como Apple, Facebook, General Motors, Coca-Cola, Amazon, Google, Uber, Intel, Gap y Hewlett-Packard. La intenci\u00f3n de los empresarios al escribir la carta, fue para apresurar al Congreso para actuar inmediatamente con la intenci\u00f3n de crear una soluci\u00f3n legislativa bipartidista que permita a los \u201cdreamers\u201d que vive, trabajan y contribuyen a Estados Unidos, continuar haci\u00e9ndolo. Al igual que en Estados Unidos, en M\u00e9xico la Fundaci\u00f3n Carlos Slim ve por los derechos de los migrantes latinos en Estados Unidos, el dirigente de la fundaci\u00f3n, el ingeniero Carlos Slim, desarroll\u00f3 el sitio web de Acceso Latino con la finalidad de ayudar a todos los migrantes que radican en EEUU. Los migrantes que llegaron desde ni\u00f1os a Estados Unidos, mejor conocidos como \u201cDreamers\u201d y sus familias, podr\u00e1n encontrar informaci\u00f3n de utilidad acerca del programa DACA, en Acceso Latino, as\u00ed como informaci\u00f3n en materia legal.<\/p>","protected":false},"author":13,"featured_media":11206,"comment_status":"open","ping_status":"open","sticky":false,"template":"","format":"standard","meta":{"_uf_show_specific_survey":0,"_uf_disable_surveys":false,"footnotes":""},"categories":[10,1],"tags":[],"class_list":["post-11205","post","type-post","status-publish","format-standard","has-post-thumbnail","hentry","category-noticias","category-temas-de-interes"],"aioseo_notices":[],"yoast_head":"<!-- This site is optimized with the Yoast SEO plugin v27.5 - https:\/\/yoast.com\/product\/yoast-seo-wordpress\/ -->\n<title>Empresarios de Estados Unidos act\u00faan a favor de los \u201cDreamers\u201d<\/title>\n<meta name=\"description\" content=\"M\u00e1s de cien mandatarios de empresas estadounidenses, firmaron una carta para pedirle al Congreso de los Estados Unidos que voten por una ley para proteger a todos los \u201cDreamers\u201d.\" \/>\n<meta name=\"robots\" content=\"index, follow, max-snippet:-1, max-image-preview:large, max-video-preview:-1\" \/>\n<link rel=\"canonical\" href=\"https:\/\/accesolatino.org\/en\/empresarios-de-estados-unidos-actuan-a-favor-de-los-dreamers\/noticias\/\" \/>\n<meta property=\"og:locale\" content=\"en_US\" \/>\n<meta property=\"og:type\" content=\"article\" \/>\n<meta property=\"og:title\" content=\"Empresarios de Estados Unidos act\u00faan a favor de los \u201cDreamers\u201d\" \/>\n<meta property=\"og:description\" content=\"M\u00e1s de cien mandatarios de empresas estadounidenses, firmaron una carta para pedirle al Congreso de los Estados Unidos que voten por una ley para proteger a todos los \u201cDreamers\u201d.\" \/>\n<meta property=\"og:url\" content=\"https:\/\/accesolatino.org\/en\/empresarios-de-estados-unidos-actuan-a-favor-de-los-dreamers\/noticias\/\" \/>\n<meta property=\"og:site_name\" content=\"Acceso Latino\" \/>\n<meta property=\"article:publisher\" content=\"https:\/\/www.facebook.com\/AccesoLatinoOrg\" \/>\n<meta property=\"article:published_time\" content=\"2018-01-31T18:45:42+00:00\" \/>\n<meta property=\"article:modified_time\" content=\"2025-10-27T19:42:53+00:00\" \/>\n<meta property=\"og:image\" content=\"https:\/\/accesolatino.org\/wp-content\/uploads\/2018\/01\/Dreamers-empresarios-de-Estados-Unidos-estan-a-favor-de-su-proteccion.jpg\" \/>\n\t<meta property=\"og:image:width\" content=\"600\" \/>\n\t<meta property=\"og:image:height\" content=\"338\" \/>\n\t<meta property=\"og:image:type\" content=\"image\/jpeg\" \/>\n<meta name=\"author\" content=\"Noticias\" \/>\n<meta name=\"twitter:card\" content=\"summary_large_image\" \/>\n<meta name=\"twitter:creator\" content=\"@FAccLatino\" \/>\n<meta name=\"twitter:site\" content=\"@FAccLatino\" \/>\n<meta name=\"twitter:label1\" content=\"Written by\" \/>\n\t<meta name=\"twitter:data1\" content=\"Noticias\" \/>\n\t<meta name=\"twitter:label2\" content=\"Est. reading time\" \/>\n\t<meta name=\"twitter:data2\" content=\"2 minutes\" \/>\n<script type=\"application\/ld+json\" class=\"yoast-schema-graph\">{\"@context\":\"https:\\\/\\\/schema.org\",\"@graph\":[{\"@type\":\"Article\",\"@id\":\"https:\\\/\\\/accesolatino.org\\\/empresarios-de-estados-unidos-actuan-a-favor-de-los-dreamers\\\/noticias\\\/#article\",\"isPartOf\":{\"@id\":\"https:\\\/\\\/accesolatino.org\\\/empresarios-de-estados-unidos-actuan-a-favor-de-los-dreamers\\\/noticias\\\/\"},\"author\":{\"name\":\"Noticias\",\"@id\":\"https:\\\/\\\/accesolatino.org\\\/#\\\/schema\\\/person\\\/57bc3bfd2c357610a5255490ca4cd305\"},\"headline\":\"Empresarios de Estados Unidos act\u00faan a favor de los \u201cDreamers\u201d\",\"datePublished\":\"2018-01-31T18:45:42+00:00\",\"dateModified\":\"2025-10-27T19:42:53+00:00\",\"mainEntityOfPage\":{\"@id\":\"https:\\\/\\\/accesolatino.org\\\/empresarios-de-estados-unidos-actuan-a-favor-de-los-dreamers\\\/noticias\\\/\"},\"wordCount\":203,\"commentCount\":0,\"publisher\":{\"@id\":\"https:\\\/\\\/accesolatino.org\\\/#organization\"},\"image\":{\"@id\":\"https:\\\/\\\/accesolatino.org\\\/empresarios-de-estados-unidos-actuan-a-favor-de-los-dreamers\\\/noticias\\\/#primaryimage\"},\"thumbnailUrl\":\"https:\\\/\\\/accesolatino.org\\\/wp-content\\\/uploads\\\/2018\\\/01\\\/Dreamers-empresarios-de-Estados-Unidos-estan-a-favor-de-su-proteccion.jpg\",\"articleSection\":[\"Noticias\",\"Temas de inter\u00e9s\"],\"inLanguage\":\"en-US\",\"potentialAction\":[{\"@type\":\"CommentAction\",\"name\":\"Comment\",\"target\":[\"https:\\\/\\\/accesolatino.org\\\/empresarios-de-estados-unidos-actuan-a-favor-de-los-dreamers\\\/noticias\\\/#respond\"]}]},{\"@type\":\"WebPage\",\"@id\":\"https:\\\/\\\/accesolatino.org\\\/empresarios-de-estados-unidos-actuan-a-favor-de-los-dreamers\\\/noticias\\\/\",\"url\":\"https:\\\/\\\/accesolatino.org\\\/empresarios-de-estados-unidos-actuan-a-favor-de-los-dreamers\\\/noticias\\\/\",\"name\":\"Empresarios de Estados Unidos act\u00faan a favor de los \u201cDreamers\u201d\",\"isPartOf\":{\"@id\":\"https:\\\/\\\/accesolatino.org\\\/#website\"},\"primaryImageOfPage\":{\"@id\":\"https:\\\/\\\/accesolatino.org\\\/empresarios-de-estados-unidos-actuan-a-favor-de-los-dreamers\\\/noticias\\\/#primaryimage\"},\"image\":{\"@id\":\"https:\\\/\\\/accesolatino.org\\\/empresarios-de-estados-unidos-actuan-a-favor-de-los-dreamers\\\/noticias\\\/#primaryimage\"},\"thumbnailUrl\":\"https:\\\/\\\/accesolatino.org\\\/wp-content\\\/uploads\\\/2018\\\/01\\\/Dreamers-empresarios-de-Estados-Unidos-estan-a-favor-de-su-proteccion.jpg\",\"datePublished\":\"2018-01-31T18:45:42+00:00\",\"dateModified\":\"2025-10-27T19:42:53+00:00\",\"description\":\"M\u00e1s de cien mandatarios de empresas estadounidenses, firmaron una carta para pedirle al Congreso de los Estados Unidos que voten por una ley para proteger a todos los \u201cDreamers\u201d.\",\"breadcrumb\":{\"@id\":\"https:\\\/\\\/accesolatino.org\\\/empresarios-de-estados-unidos-actuan-a-favor-de-los-dreamers\\\/noticias\\\/#breadcrumb\"},\"inLanguage\":\"en-US\",\"potentialAction\":[{\"@type\":\"ReadAction\",\"target\":[\"https:\\\/\\\/accesolatino.org\\\/empresarios-de-estados-unidos-actuan-a-favor-de-los-dreamers\\\/noticias\\\/\"]}]},{\"@type\":\"ImageObject\",\"inLanguage\":\"en-US\",\"@id\":\"https:\\\/\\\/accesolatino.org\\\/empresarios-de-estados-unidos-actuan-a-favor-de-los-dreamers\\\/noticias\\\/#primaryimage\",\"url\":\"https:\\\/\\\/accesolatino.org\\\/wp-content\\\/uploads\\\/2018\\\/01\\\/Dreamers-empresarios-de-Estados-Unidos-estan-a-favor-de-su-proteccion.jpg\",\"contentUrl\":\"https:\\\/\\\/accesolatino.org\\\/wp-content\\\/uploads\\\/2018\\\/01\\\/Dreamers-empresarios-de-Estados-Unidos-estan-a-favor-de-su-proteccion.jpg\",\"width\":\"600\",\"height\":\"338\",\"caption\":\"Dreamers-empresarios-de-Estados-Unidos-estan-a-favor-de-su-proteccion\"},{\"@type\":\"BreadcrumbList\",\"@id\":\"https:\\\/\\\/accesolatino.org\\\/empresarios-de-estados-unidos-actuan-a-favor-de-los-dreamers\\\/noticias\\\/#breadcrumb\",\"itemListElement\":[{\"@type\":\"ListItem\",\"position\":1,\"name\":\"Portada\",\"item\":\"https:\\\/\\\/accesolatino.org\\\/\"},{\"@type\":\"ListItem\",\"position\":2,\"name\":\"Noticias\",\"item\":\"https:\\\/\\\/accesolatino.org\\\/category\\\/noticias\\\/\"},{\"@type\":\"ListItem\",\"position\":3,\"name\":\"Empresarios de Estados Unidos act\u00faan a favor de los \u201cDreamers\u201d\"}]},{\"@type\":\"WebSite\",\"@id\":\"https:\\\/\\\/accesolatino.org\\\/#website\",\"url\":\"https:\\\/\\\/accesolatino.org\\\/\",\"name\":\"Acceso Latino | Fundaci\u00f3n Carlos Slim\",\"description\":\"Fundaci\u00f3n Carlos Slim\",\"publisher\":{\"@id\":\"https:\\\/\\\/accesolatino.org\\\/#organization\"},\"potentialAction\":[{\"@type\":\"SearchAction\",\"target\":{\"@type\":\"EntryPoint\",\"urlTemplate\":\"https:\\\/\\\/accesolatino.org\\\/?s={search_term_string}\"},\"query-input\":{\"@type\":\"PropertyValueSpecification\",\"valueRequired\":true,\"valueName\":\"search_term_string\"}}],\"inLanguage\":\"en-US\"},{\"@type\":\"Organization\",\"@id\":\"https:\\\/\\\/accesolatino.org\\\/#organization\",\"name\":\"Acceso Latino | Fundaci\u00f3n Carlos Slim\",\"url\":\"https:\\\/\\\/accesolatino.org\\\/\",\"logo\":{\"@type\":\"ImageObject\",\"inLanguage\":\"en-US\",\"@id\":\"https:\\\/\\\/accesolatino.org\\\/#\\\/schema\\\/logo\\\/image\\\/\",\"url\":\"https:\\\/\\\/accesolatino.org\\\/wp-content\\\/uploads\\\/2021\\\/02\\\/logo-footer-acceso-latino.png\",\"contentUrl\":\"https:\\\/\\\/accesolatino.org\\\/wp-content\\\/uploads\\\/2021\\\/02\\\/logo-footer-acceso-latino.png\",\"width\":240,\"height\":40,\"caption\":\"Acceso Latino | Fundaci\u00f3n Carlos Slim\"},\"image\":{\"@id\":\"https:\\\/\\\/accesolatino.org\\\/#\\\/schema\\\/logo\\\/image\\\/\"},\"sameAs\":[\"https:\\\/\\\/www.facebook.com\\\/AccesoLatinoOrg\",\"https:\\\/\\\/x.com\\\/FAccLatino\"]},{\"@type\":\"Person\",\"@id\":\"https:\\\/\\\/accesolatino.org\\\/#\\\/schema\\\/person\\\/57bc3bfd2c357610a5255490ca4cd305\",\"name\":\"Noticias\"}]}<\/script>\n<!-- \/ Yoast SEO plugin. -->","yoast_head_json":{"title":"Empresarios de Estados Unidos act\u00faan a favor de los \u201cDreamers\u201d","description":"M\u00e1s de cien mandatarios de empresas estadounidenses, firmaron una carta para pedirle al Congreso de los Estados Unidos que voten por una ley para proteger a todos los \u201cDreamers\u201d.","robots":{"index":"index","follow":"follow","max-snippet":"max-snippet:-1","max-image-preview":"max-image-preview:large","max-video-preview":"max-video-preview:-1"},"canonical":"https:\/\/accesolatino.org\/en\/empresarios-de-estados-unidos-actuan-a-favor-de-los-dreamers\/noticias\/","og_locale":"en_US","og_type":"article","og_title":"Empresarios de Estados Unidos act\u00faan a favor de los \u201cDreamers\u201d","og_description":"M\u00e1s de cien mandatarios de empresas estadounidenses, firmaron una carta para pedirle al Congreso de los Estados Unidos que voten por una ley para proteger a todos los \u201cDreamers\u201d.","og_url":"https:\/\/accesolatino.org\/en\/empresarios-de-estados-unidos-actuan-a-favor-de-los-dreamers\/noticias\/","og_site_name":"Acceso Latino","article_publisher":"https:\/\/www.facebook.com\/AccesoLatinoOrg","article_published_time":"2018-01-31T18:45:42+00:00","article_modified_time":"2025-10-27T19:42:53+00:00","og_image":[{"width":600,"height":338,"url":"https:\/\/accesolatino.org\/wp-content\/uploads\/2018\/01\/Dreamers-empresarios-de-Estados-Unidos-estan-a-favor-de-su-proteccion.jpg","type":"image\/jpeg"}],"author":"Noticias","twitter_card":"summary_large_image","twitter_creator":"@FAccLatino","twitter_site":"@FAccLatino","twitter_misc":{"Written by":"Noticias","Est. reading time":"2 minutes"},"schema":{"@context":"https:\/\/schema.org","@graph":[{"@type":"Article","@id":"https:\/\/accesolatino.org\/empresarios-de-estados-unidos-actuan-a-favor-de-los-dreamers\/noticias\/#article","isPartOf":{"@id":"https:\/\/accesolatino.org\/empresarios-de-estados-unidos-actuan-a-favor-de-los-dreamers\/noticias\/"},"author":{"name":"Noticias","@id":"https:\/\/accesolatino.org\/#\/schema\/person\/57bc3bfd2c357610a5255490ca4cd305"},"headline":"Empresarios de Estados Unidos act\u00faan a favor de los \u201cDreamers\u201d","datePublished":"2018-01-31T18:45:42+00:00","dateModified":"2025-10-27T19:42:53+00:00","mainEntityOfPage":{"@id":"https:\/\/accesolatino.org\/empresarios-de-estados-unidos-actuan-a-favor-de-los-dreamers\/noticias\/"},"wordCount":203,"commentCount":0,"publisher":{"@id":"https:\/\/accesolatino.org\/#organization"},"image":{"@id":"https:\/\/accesolatino.org\/empresarios-de-estados-unidos-actuan-a-favor-de-los-dreamers\/noticias\/#primaryimage"},"thumbnailUrl":"https:\/\/accesolatino.org\/wp-content\/uploads\/2018\/01\/Dreamers-empresarios-de-Estados-Unidos-estan-a-favor-de-su-proteccion.jpg","articleSection":["Noticias","Temas de inter\u00e9s"],"inLanguage":"en-US","potentialAction":[{"@type":"CommentAction","name":"Comment","target":["https:\/\/accesolatino.org\/empresarios-de-estados-unidos-actuan-a-favor-de-los-dreamers\/noticias\/#respond"]}]},{"@type":"WebPage","@id":"https:\/\/accesolatino.org\/empresarios-de-estados-unidos-actuan-a-favor-de-los-dreamers\/noticias\/","url":"https:\/\/accesolatino.org\/empresarios-de-estados-unidos-actuan-a-favor-de-los-dreamers\/noticias\/","name":"Empresarios de Estados Unidos act\u00faan a favor de los \u201cDreamers\u201d","isPartOf":{"@id":"https:\/\/accesolatino.org\/#website"},"primaryImageOfPage":{"@id":"https:\/\/accesolatino.org\/empresarios-de-estados-unidos-actuan-a-favor-de-los-dreamers\/noticias\/#primaryimage"},"image":{"@id":"https:\/\/accesolatino.org\/empresarios-de-estados-unidos-actuan-a-favor-de-los-dreamers\/noticias\/#primaryimage"},"thumbnailUrl":"https:\/\/accesolatino.org\/wp-content\/uploads\/2018\/01\/Dreamers-empresarios-de-Estados-Unidos-estan-a-favor-de-su-proteccion.jpg","datePublished":"2018-01-31T18:45:42+00:00","dateModified":"2025-10-27T19:42:53+00:00","description":"M\u00e1s de cien mandatarios de empresas estadounidenses, firmaron una carta para pedirle al Congreso de los Estados Unidos que voten por una ley para proteger a todos los \u201cDreamers\u201d.","breadcrumb":{"@id":"https:\/\/accesolatino.org\/empresarios-de-estados-unidos-actuan-a-favor-de-los-dreamers\/noticias\/#breadcrumb"},"inLanguage":"en-US","potentialAction":[{"@type":"ReadAction","target":["https:\/\/accesolatino.org\/empresarios-de-estados-unidos-actuan-a-favor-de-los-dreamers\/noticias\/"]}]},{"@type":"ImageObject","inLanguage":"en-US","@id":"https:\/\/accesolatino.org\/empresarios-de-estados-unidos-actuan-a-favor-de-los-dreamers\/noticias\/#primaryimage","url":"https:\/\/accesolatino.org\/wp-content\/uploads\/2018\/01\/Dreamers-empresarios-de-Estados-Unidos-estan-a-favor-de-su-proteccion.jpg","contentUrl":"https:\/\/accesolatino.org\/wp-content\/uploads\/2018\/01\/Dreamers-empresarios-de-Estados-Unidos-estan-a-favor-de-su-proteccion.jpg","width":"600","height":"338","caption":"Dreamers-empresarios-de-Estados-Unidos-estan-a-favor-de-su-proteccion"},{"@type":"BreadcrumbList","@id":"https:\/\/accesolatino.org\/empresarios-de-estados-unidos-actuan-a-favor-de-los-dreamers\/noticias\/#breadcrumb","itemListElement":[{"@type":"ListItem","position":1,"name":"Portada","item":"https:\/\/accesolatino.org\/"},{"@type":"ListItem","position":2,"name":"Noticias","item":"https:\/\/accesolatino.org\/category\/noticias\/"},{"@type":"ListItem","position":3,"name":"Empresarios de Estados Unidos act\u00faan a favor de los \u201cDreamers\u201d"}]},{"@type":"WebSite","@id":"https:\/\/accesolatino.org\/#website","url":"https:\/\/accesolatino.org\/","name":"Acceso Latino | Fundaci\u00f3n Carlos Slim","description":"Fundaci\u00f3n Carlos Slim","publisher":{"@id":"https:\/\/accesolatino.org\/#organization"},"potentialAction":[{"@type":"SearchAction","target":{"@type":"EntryPoint","urlTemplate":"https:\/\/accesolatino.org\/?s={search_term_string}"},"query-input":{"@type":"PropertyValueSpecification","valueRequired":true,"valueName":"search_term_string"}}],"inLanguage":"en-US"},{"@type":"Organization","@id":"https:\/\/accesolatino.org\/#organization","name":"Acceso Latino | Fundaci\u00f3n Carlos Slim","url":"https:\/\/accesolatino.org\/","logo":{"@type":"ImageObject","inLanguage":"en-US","@id":"https:\/\/accesolatino.org\/#\/schema\/logo\/image\/","url":"https:\/\/accesolatino.org\/wp-content\/uploads\/2021\/02\/logo-footer-acceso-latino.png","contentUrl":"https:\/\/accesolatino.org\/wp-content\/uploads\/2021\/02\/logo-footer-acceso-latino.png","width":240,"height":40,"caption":"Acceso Latino | Fundaci\u00f3n Carlos Slim"},"image":{"@id":"https:\/\/accesolatino.org\/#\/schema\/logo\/image\/"},"sameAs":["https:\/\/www.facebook.com\/AccesoLatinoOrg","https:\/\/x.com\/FAccLatino"]},{"@type":"Person","@id":"https:\/\/accesolatino.org\/#\/schema\/person\/57bc3bfd2c357610a5255490ca4cd305","name":"News"}]}},"_links":{"self":[{"href":"https:\/\/accesolatino.org\/en\/wp-json\/wp\/v2\/posts\/11205","targetHints":{"allow":["GET"]}}],"collection":[{"href":"https:\/\/accesolatino.org\/en\/wp-json\/wp\/v2\/posts"}],"about":[{"href":"https:\/\/accesolatino.org\/en\/wp-json\/wp\/v2\/types\/post"}],"author":[{"embeddable":true,"href":"https:\/\/accesolatino.org\/en\/wp-json\/wp\/v2\/users\/13"}],"replies":[{"embeddable":true,"href":"https:\/\/accesolatino.org\/en\/wp-json\/wp\/v2\/comments?post=11205"}],"version-history":[{"count":1,"href":"https:\/\/accesolatino.org\/en\/wp-json\/wp\/v2\/posts\/11205\/revisions"}],"predecessor-version":[{"id":66739,"href":"https:\/\/accesolatino.org\/en\/wp-json\/wp\/v2\/posts\/11205\/revisions\/66739"}],"wp:featuredmedia":[{"embeddable":true,"href":"https:\/\/accesolatino.org\/en\/wp-json\/wp\/v2\/media\/11206"}],"wp:attachment":[{"href":"https:\/\/accesolatino.org\/en\/wp-json\/wp\/v2\/media?parent=11205"}],"wp:term":[{"taxonomy":"category","embeddable":true,"href":"https:\/\/accesolatino.org\/en\/wp-json\/wp\/v2\/categories?post=11205"},{"taxonomy":"post_tag","embeddable":true,"href":"https:\/\/accesolatino.org\/en\/wp-json\/wp\/v2\/tags?post=11205"}],"curies":[{"name":"wp","href":"https:\/\/api.w.org\/{rel}","templated":true}]}}