{"id":11110,"date":"2018-01-29T16:36:14","date_gmt":"2018-01-29T22:36:14","guid":{"rendered":"http:\/\/accesolatino.org\/?p=11110"},"modified":"2025-10-27T13:43:03","modified_gmt":"2025-10-27T19:43:03","slug":"dreamers-el-congreso-de-eeuu-presenta-nuevo-plan-migratorio","status":"publish","type":"post","link":"https:\/\/accesolatino.org\/en\/dreamers-el-congreso-de-eeuu-presenta-nuevo-plan-migratorio\/noticias\/","title":{"rendered":"Dreamers, el Congreso de EEUU presenta nuevo plan migratorio"},"content":{"rendered":"<p>Un grupo bipartidista de la C\u00e1mara de Representantes anunci\u00f3 el lunes un nuevo proyecto de ley para legalizar a los dreamers. Este nuevo plan se basa en gran parte en las recomendaciones hechas por el mandatario de Estados Unidos.<\/p>\n<p>El plan, propuesto por 48 legisladores, pide al liderazgo republicano que en el debate sobre el presupuesto no deje fuera el futuro de los dreamers, y traza el camino a la ciudadan\u00eda comenzando primero con una residencia provisional por 12 a\u00f1os antes de ser elegibles para pedir la residencia legal permanente (green card).<\/p>\n<p>El proyecto se\u00f1ala adem\u00e1s que los dreamers protegidos por DACA, podr\u00e1n abonar dos a\u00f1os a la espera por la tarjeta verde, y de esa forma acortar a 10 a\u00f1os el tiempo de espera para solicitar la residencia legal permanente.<\/p>\n<p>Cinco a\u00f1os despu\u00e9s de recibida la green card, los beneficiarios ser\u00e1n elegibles para pedir la ciudadan\u00eda por naturalizaci\u00f3n.<\/p>\n<p>Aqu\u00ed te dejamos los requisitos que son necesarios en este nuevo plan migratorio:<\/p>\n<ul>\n<li>Haber ingresado a Estados Unidos antes del 15 de junio de 2012.<\/li>\n<li>Carecer de antecedentes criminales que lo hayan convertido en deportable.<\/li>\n<li>S\u00f3lo se otorgar\u00e1n ciertos perdones por razones humanitarias. Se revisar\u00e1 caso por caso.<\/li>\n<li>El fiscal general presentar\u00e1 informes trimestrales al Congreso sobre los casos exentos.<\/li>\n<li>Haber cumplido con cualquier obligaci\u00f3n tributaria federal acumulada desde la recepci\u00f3n de la autorizaci\u00f3n de trabajo bajo de DACA, con la opci\u00f3n de inscribirse en un plan de pago.<\/li>\n<\/ul>\n<p>En relaci\u00f3n a los padres de los Dreamers que llegaron al pa\u00eds como ilegales, se les otorgar\u00edan permisos para trabajar renovables cada tres a\u00f1os, con la intenci\u00f3n de que puedan permanecer en el pa\u00eds junto a sus hijos.<\/p>\n<p>Los Dreamers podr\u00e1n acceder a toda la informaci\u00f3n necesaria acerca de <a title=\"\" href=\"http:\/\/accesolatino.org\/en\/daca\/\" target=\"_blank\" rel=\"noopener\">DACA<\/a> en nuestra herramienta que tenemos en nuestro portal Acceso Latino, de igual manera podr\u00e1n comenzar a prepararse para su examen de ciudadan\u00eda en nuestra herramienta de <a title=\"\" href=\"https:\/\/ciudadanizate.accesolatino.org\/\" target=\"_blank\" rel=\"noopener\">ciudadan\u00edzate<\/a>.<\/p>","protected":false},"excerpt":{"rendered":"<p>Un grupo bipartidista de la C\u00e1mara de Representantes anunci\u00f3 el lunes un nuevo proyecto de ley para legalizar a los dreamers. Este nuevo plan se basa en gran parte en las recomendaciones hechas por el mandatario de Estados Unidos. El plan, propuesto por 48 legisladores, pide al liderazgo republicano que en el debate sobre el presupuesto no deje fuera el futuro de los dreamers, y traza el camino a la ciudadan\u00eda comenzando primero con una residencia provisional por 12 a\u00f1os antes de ser elegibles para pedir la residencia legal permanente (green card). El proyecto se\u00f1ala adem\u00e1s que los dreamers protegidos por DACA, podr\u00e1n abonar dos a\u00f1os a la espera por la tarjeta verde, y de esa forma acortar a 10 a\u00f1os el tiempo de espera para solicitar la residencia legal permanente. Cinco a\u00f1os despu\u00e9s de recibida la green card, los beneficiarios ser\u00e1n elegibles para pedir la ciudadan\u00eda por naturalizaci\u00f3n. Aqu\u00ed te dejamos los requisitos que son necesarios en este nuevo plan migratorio: Haber ingresado a Estados Unidos antes del 15 de junio de 2012. Carecer de antecedentes criminales que lo hayan convertido en deportable. S\u00f3lo se otorgar\u00e1n ciertos perdones por razones humanitarias. Se revisar\u00e1 caso por caso. El fiscal general presentar\u00e1 informes trimestrales al Congreso sobre los casos exentos. Haber cumplido con cualquier obligaci\u00f3n tributaria federal acumulada desde la recepci\u00f3n de la autorizaci\u00f3n de trabajo bajo de DACA, con la opci\u00f3n de inscribirse en un plan de pago. En relaci\u00f3n a los padres de los Dreamers que llegaron al pa\u00eds como ilegales, se les otorgar\u00edan permisos para trabajar renovables cada tres a\u00f1os, con la intenci\u00f3n de que puedan permanecer en el pa\u00eds junto a sus hijos. Los Dreamers podr\u00e1n acceder a toda la informaci\u00f3n necesaria acerca de DACA en nuestra herramienta que tenemos en nuestro portal Acceso Latino, de igual manera podr\u00e1n comenzar a prepararse para su examen de ciudadan\u00eda en nuestra herramienta de ciudadan\u00edzate.<\/p>","protected":false},"author":13,"featured_media":11111,"comment_status":"open","ping_status":"open","sticky":false,"template":"","format":"standard","meta":{"_uf_show_specific_survey":0,"_uf_disable_surveys":false,"footnotes":""},"categories":[10,1],"tags":[],"class_list":["post-11110","post","type-post","status-publish","format-standard","has-post-thumbnail","hentry","category-noticias","category-temas-de-interes"],"aioseo_notices":[],"yoast_head":"<!-- This site is optimized with the Yoast SEO plugin v27.5 - https:\/\/yoast.com\/product\/yoast-seo-wordpress\/ -->\n<title>Dreamers, el Congreso de EEUU presenta nuevo plan migratorio<\/title>\n<meta name=\"description\" content=\"Un grupo bipartidista de la C\u00e1mara de Representantes anunci\u00f3 el lunes un nuevo proyecto de ley para legalizar a los dreamers. Este nuevo plan se basa en gran parte en las recomendaciones hechas por el mandatario de Estados Unidos.\" \/>\n<meta name=\"robots\" content=\"index, follow, max-snippet:-1, max-image-preview:large, max-video-preview:-1\" \/>\n<link rel=\"canonical\" href=\"https:\/\/accesolatino.org\/en\/dreamers-el-congreso-de-eeuu-presenta-nuevo-plan-migratorio\/noticias\/\" \/>\n<meta property=\"og:locale\" content=\"en_US\" \/>\n<meta property=\"og:type\" content=\"article\" \/>\n<meta property=\"og:title\" content=\"Dreamers, el Congreso de EEUU presenta nuevo plan migratorio\" \/>\n<meta property=\"og:description\" content=\"Un grupo bipartidista de la C\u00e1mara de Representantes anunci\u00f3 el lunes un nuevo proyecto de ley para legalizar a los dreamers. Este nuevo plan se basa en gran parte en las recomendaciones hechas por el mandatario de Estados Unidos.\" \/>\n<meta property=\"og:url\" content=\"https:\/\/accesolatino.org\/en\/dreamers-el-congreso-de-eeuu-presenta-nuevo-plan-migratorio\/noticias\/\" \/>\n<meta property=\"og:site_name\" content=\"Acceso Latino\" \/>\n<meta property=\"article:publisher\" content=\"https:\/\/www.facebook.com\/AccesoLatinoOrg\" \/>\n<meta property=\"article:published_time\" content=\"2018-01-29T22:36:14+00:00\" \/>\n<meta property=\"article:modified_time\" content=\"2025-10-27T19:43:03+00:00\" \/>\n<meta property=\"og:image\" content=\"https:\/\/accesolatino.org\/wp-content\/uploads\/2018\/01\/Dreamers-el-Congreso-de-EEUU-presenta-nuevo-plan-migratorio.jpg\" \/>\n\t<meta property=\"og:image:width\" content=\"600\" \/>\n\t<meta property=\"og:image:height\" content=\"338\" \/>\n\t<meta property=\"og:image:type\" content=\"image\/jpeg\" \/>\n<meta name=\"author\" content=\"Noticias\" \/>\n<meta name=\"twitter:card\" content=\"summary_large_image\" \/>\n<meta name=\"twitter:creator\" content=\"@FAccLatino\" \/>\n<meta name=\"twitter:site\" content=\"@FAccLatino\" \/>\n<meta name=\"twitter:label1\" content=\"Written by\" \/>\n\t<meta name=\"twitter:data1\" content=\"Noticias\" \/>\n\t<meta name=\"twitter:label2\" content=\"Est. reading time\" \/>\n\t<meta name=\"twitter:data2\" content=\"2 minutes\" \/>\n<script type=\"application\/ld+json\" class=\"yoast-schema-graph\">{\"@context\":\"https:\\\/\\\/schema.org\",\"@graph\":[{\"@type\":\"Article\",\"@id\":\"https:\\\/\\\/accesolatino.org\\\/dreamers-el-congreso-de-eeuu-presenta-nuevo-plan-migratorio\\\/noticias\\\/#article\",\"isPartOf\":{\"@id\":\"https:\\\/\\\/accesolatino.org\\\/dreamers-el-congreso-de-eeuu-presenta-nuevo-plan-migratorio\\\/noticias\\\/\"},\"author\":{\"name\":\"Noticias\",\"@id\":\"https:\\\/\\\/accesolatino.org\\\/#\\\/schema\\\/person\\\/57bc3bfd2c357610a5255490ca4cd305\"},\"headline\":\"Dreamers, el Congreso de EEUU presenta nuevo plan migratorio\",\"datePublished\":\"2018-01-29T22:36:14+00:00\",\"dateModified\":\"2025-10-27T19:43:03+00:00\",\"mainEntityOfPage\":{\"@id\":\"https:\\\/\\\/accesolatino.org\\\/dreamers-el-congreso-de-eeuu-presenta-nuevo-plan-migratorio\\\/noticias\\\/\"},\"wordCount\":349,\"commentCount\":0,\"publisher\":{\"@id\":\"https:\\\/\\\/accesolatino.org\\\/#organization\"},\"image\":{\"@id\":\"https:\\\/\\\/accesolatino.org\\\/dreamers-el-congreso-de-eeuu-presenta-nuevo-plan-migratorio\\\/noticias\\\/#primaryimage\"},\"thumbnailUrl\":\"https:\\\/\\\/accesolatino.org\\\/wp-content\\\/uploads\\\/2018\\\/01\\\/Dreamers-el-Congreso-de-EEUU-presenta-nuevo-plan-migratorio.jpg\",\"articleSection\":[\"Noticias\",\"Temas de inter\u00e9s\"],\"inLanguage\":\"en-US\",\"potentialAction\":[{\"@type\":\"CommentAction\",\"name\":\"Comment\",\"target\":[\"https:\\\/\\\/accesolatino.org\\\/dreamers-el-congreso-de-eeuu-presenta-nuevo-plan-migratorio\\\/noticias\\\/#respond\"]}]},{\"@type\":\"WebPage\",\"@id\":\"https:\\\/\\\/accesolatino.org\\\/dreamers-el-congreso-de-eeuu-presenta-nuevo-plan-migratorio\\\/noticias\\\/\",\"url\":\"https:\\\/\\\/accesolatino.org\\\/dreamers-el-congreso-de-eeuu-presenta-nuevo-plan-migratorio\\\/noticias\\\/\",\"name\":\"Dreamers, el Congreso de EEUU presenta nuevo plan migratorio\",\"isPartOf\":{\"@id\":\"https:\\\/\\\/accesolatino.org\\\/#website\"},\"primaryImageOfPage\":{\"@id\":\"https:\\\/\\\/accesolatino.org\\\/dreamers-el-congreso-de-eeuu-presenta-nuevo-plan-migratorio\\\/noticias\\\/#primaryimage\"},\"image\":{\"@id\":\"https:\\\/\\\/accesolatino.org\\\/dreamers-el-congreso-de-eeuu-presenta-nuevo-plan-migratorio\\\/noticias\\\/#primaryimage\"},\"thumbnailUrl\":\"https:\\\/\\\/accesolatino.org\\\/wp-content\\\/uploads\\\/2018\\\/01\\\/Dreamers-el-Congreso-de-EEUU-presenta-nuevo-plan-migratorio.jpg\",\"datePublished\":\"2018-01-29T22:36:14+00:00\",\"dateModified\":\"2025-10-27T19:43:03+00:00\",\"description\":\"Un grupo bipartidista de la C\u00e1mara de Representantes anunci\u00f3 el lunes un nuevo proyecto de ley para legalizar a los dreamers. Este nuevo plan se basa en gran parte en las recomendaciones hechas por el mandatario de Estados Unidos.\",\"breadcrumb\":{\"@id\":\"https:\\\/\\\/accesolatino.org\\\/dreamers-el-congreso-de-eeuu-presenta-nuevo-plan-migratorio\\\/noticias\\\/#breadcrumb\"},\"inLanguage\":\"en-US\",\"potentialAction\":[{\"@type\":\"ReadAction\",\"target\":[\"https:\\\/\\\/accesolatino.org\\\/dreamers-el-congreso-de-eeuu-presenta-nuevo-plan-migratorio\\\/noticias\\\/\"]}]},{\"@type\":\"ImageObject\",\"inLanguage\":\"en-US\",\"@id\":\"https:\\\/\\\/accesolatino.org\\\/dreamers-el-congreso-de-eeuu-presenta-nuevo-plan-migratorio\\\/noticias\\\/#primaryimage\",\"url\":\"https:\\\/\\\/accesolatino.org\\\/wp-content\\\/uploads\\\/2018\\\/01\\\/Dreamers-el-Congreso-de-EEUU-presenta-nuevo-plan-migratorio.jpg\",\"contentUrl\":\"https:\\\/\\\/accesolatino.org\\\/wp-content\\\/uploads\\\/2018\\\/01\\\/Dreamers-el-Congreso-de-EEUU-presenta-nuevo-plan-migratorio.jpg\",\"width\":\"600\",\"height\":\"338\",\"caption\":\"Dreamers-el-Congreso-de-EEUU-presenta-nuevo-plan-migratorio\"},{\"@type\":\"BreadcrumbList\",\"@id\":\"https:\\\/\\\/accesolatino.org\\\/dreamers-el-congreso-de-eeuu-presenta-nuevo-plan-migratorio\\\/noticias\\\/#breadcrumb\",\"itemListElement\":[{\"@type\":\"ListItem\",\"position\":1,\"name\":\"Portada\",\"item\":\"https:\\\/\\\/accesolatino.org\\\/\"},{\"@type\":\"ListItem\",\"position\":2,\"name\":\"Noticias\",\"item\":\"https:\\\/\\\/accesolatino.org\\\/category\\\/noticias\\\/\"},{\"@type\":\"ListItem\",\"position\":3,\"name\":\"Dreamers, el Congreso de EEUU presenta nuevo plan migratorio\"}]},{\"@type\":\"WebSite\",\"@id\":\"https:\\\/\\\/accesolatino.org\\\/#website\",\"url\":\"https:\\\/\\\/accesolatino.org\\\/\",\"name\":\"Acceso Latino | Fundaci\u00f3n Carlos Slim\",\"description\":\"Fundaci\u00f3n Carlos Slim\",\"publisher\":{\"@id\":\"https:\\\/\\\/accesolatino.org\\\/#organization\"},\"potentialAction\":[{\"@type\":\"SearchAction\",\"target\":{\"@type\":\"EntryPoint\",\"urlTemplate\":\"https:\\\/\\\/accesolatino.org\\\/?s={search_term_string}\"},\"query-input\":{\"@type\":\"PropertyValueSpecification\",\"valueRequired\":true,\"valueName\":\"search_term_string\"}}],\"inLanguage\":\"en-US\"},{\"@type\":\"Organization\",\"@id\":\"https:\\\/\\\/accesolatino.org\\\/#organization\",\"name\":\"Acceso Latino | Fundaci\u00f3n Carlos Slim\",\"url\":\"https:\\\/\\\/accesolatino.org\\\/\",\"logo\":{\"@type\":\"ImageObject\",\"inLanguage\":\"en-US\",\"@id\":\"https:\\\/\\\/accesolatino.org\\\/#\\\/schema\\\/logo\\\/image\\\/\",\"url\":\"https:\\\/\\\/accesolatino.org\\\/wp-content\\\/uploads\\\/2021\\\/02\\\/logo-footer-acceso-latino.png\",\"contentUrl\":\"https:\\\/\\\/accesolatino.org\\\/wp-content\\\/uploads\\\/2021\\\/02\\\/logo-footer-acceso-latino.png\",\"width\":240,\"height\":40,\"caption\":\"Acceso Latino | Fundaci\u00f3n Carlos Slim\"},\"image\":{\"@id\":\"https:\\\/\\\/accesolatino.org\\\/#\\\/schema\\\/logo\\\/image\\\/\"},\"sameAs\":[\"https:\\\/\\\/www.facebook.com\\\/AccesoLatinoOrg\",\"https:\\\/\\\/x.com\\\/FAccLatino\"]},{\"@type\":\"Person\",\"@id\":\"https:\\\/\\\/accesolatino.org\\\/#\\\/schema\\\/person\\\/57bc3bfd2c357610a5255490ca4cd305\",\"name\":\"Noticias\"}]}<\/script>\n<!-- \/ Yoast SEO plugin. -->","yoast_head_json":{"title":"Dreamers, el Congreso de EEUU presenta nuevo plan migratorio","description":"Un grupo bipartidista de la C\u00e1mara de Representantes anunci\u00f3 el lunes un nuevo proyecto de ley para legalizar a los dreamers. Este nuevo plan se basa en gran parte en las recomendaciones hechas por el mandatario de Estados Unidos.","robots":{"index":"index","follow":"follow","max-snippet":"max-snippet:-1","max-image-preview":"max-image-preview:large","max-video-preview":"max-video-preview:-1"},"canonical":"https:\/\/accesolatino.org\/en\/dreamers-el-congreso-de-eeuu-presenta-nuevo-plan-migratorio\/noticias\/","og_locale":"en_US","og_type":"article","og_title":"Dreamers, el Congreso de EEUU presenta nuevo plan migratorio","og_description":"Un grupo bipartidista de la C\u00e1mara de Representantes anunci\u00f3 el lunes un nuevo proyecto de ley para legalizar a los dreamers. Este nuevo plan se basa en gran parte en las recomendaciones hechas por el mandatario de Estados Unidos.","og_url":"https:\/\/accesolatino.org\/en\/dreamers-el-congreso-de-eeuu-presenta-nuevo-plan-migratorio\/noticias\/","og_site_name":"Acceso Latino","article_publisher":"https:\/\/www.facebook.com\/AccesoLatinoOrg","article_published_time":"2018-01-29T22:36:14+00:00","article_modified_time":"2025-10-27T19:43:03+00:00","og_image":[{"width":600,"height":338,"url":"https:\/\/accesolatino.org\/wp-content\/uploads\/2018\/01\/Dreamers-el-Congreso-de-EEUU-presenta-nuevo-plan-migratorio.jpg","type":"image\/jpeg"}],"author":"Noticias","twitter_card":"summary_large_image","twitter_creator":"@FAccLatino","twitter_site":"@FAccLatino","twitter_misc":{"Written by":"Noticias","Est. reading time":"2 minutes"},"schema":{"@context":"https:\/\/schema.org","@graph":[{"@type":"Article","@id":"https:\/\/accesolatino.org\/dreamers-el-congreso-de-eeuu-presenta-nuevo-plan-migratorio\/noticias\/#article","isPartOf":{"@id":"https:\/\/accesolatino.org\/dreamers-el-congreso-de-eeuu-presenta-nuevo-plan-migratorio\/noticias\/"},"author":{"name":"Noticias","@id":"https:\/\/accesolatino.org\/#\/schema\/person\/57bc3bfd2c357610a5255490ca4cd305"},"headline":"Dreamers, el Congreso de EEUU presenta nuevo plan migratorio","datePublished":"2018-01-29T22:36:14+00:00","dateModified":"2025-10-27T19:43:03+00:00","mainEntityOfPage":{"@id":"https:\/\/accesolatino.org\/dreamers-el-congreso-de-eeuu-presenta-nuevo-plan-migratorio\/noticias\/"},"wordCount":349,"commentCount":0,"publisher":{"@id":"https:\/\/accesolatino.org\/#organization"},"image":{"@id":"https:\/\/accesolatino.org\/dreamers-el-congreso-de-eeuu-presenta-nuevo-plan-migratorio\/noticias\/#primaryimage"},"thumbnailUrl":"https:\/\/accesolatino.org\/wp-content\/uploads\/2018\/01\/Dreamers-el-Congreso-de-EEUU-presenta-nuevo-plan-migratorio.jpg","articleSection":["Noticias","Temas de inter\u00e9s"],"inLanguage":"en-US","potentialAction":[{"@type":"CommentAction","name":"Comment","target":["https:\/\/accesolatino.org\/dreamers-el-congreso-de-eeuu-presenta-nuevo-plan-migratorio\/noticias\/#respond"]}]},{"@type":"WebPage","@id":"https:\/\/accesolatino.org\/dreamers-el-congreso-de-eeuu-presenta-nuevo-plan-migratorio\/noticias\/","url":"https:\/\/accesolatino.org\/dreamers-el-congreso-de-eeuu-presenta-nuevo-plan-migratorio\/noticias\/","name":"Dreamers, el Congreso de EEUU presenta nuevo plan migratorio","isPartOf":{"@id":"https:\/\/accesolatino.org\/#website"},"primaryImageOfPage":{"@id":"https:\/\/accesolatino.org\/dreamers-el-congreso-de-eeuu-presenta-nuevo-plan-migratorio\/noticias\/#primaryimage"},"image":{"@id":"https:\/\/accesolatino.org\/dreamers-el-congreso-de-eeuu-presenta-nuevo-plan-migratorio\/noticias\/#primaryimage"},"thumbnailUrl":"https:\/\/accesolatino.org\/wp-content\/uploads\/2018\/01\/Dreamers-el-Congreso-de-EEUU-presenta-nuevo-plan-migratorio.jpg","datePublished":"2018-01-29T22:36:14+00:00","dateModified":"2025-10-27T19:43:03+00:00","description":"Un grupo bipartidista de la C\u00e1mara de Representantes anunci\u00f3 el lunes un nuevo proyecto de ley para legalizar a los dreamers. Este nuevo plan se basa en gran parte en las recomendaciones hechas por el mandatario de Estados Unidos.","breadcrumb":{"@id":"https:\/\/accesolatino.org\/dreamers-el-congreso-de-eeuu-presenta-nuevo-plan-migratorio\/noticias\/#breadcrumb"},"inLanguage":"en-US","potentialAction":[{"@type":"ReadAction","target":["https:\/\/accesolatino.org\/dreamers-el-congreso-de-eeuu-presenta-nuevo-plan-migratorio\/noticias\/"]}]},{"@type":"ImageObject","inLanguage":"en-US","@id":"https:\/\/accesolatino.org\/dreamers-el-congreso-de-eeuu-presenta-nuevo-plan-migratorio\/noticias\/#primaryimage","url":"https:\/\/accesolatino.org\/wp-content\/uploads\/2018\/01\/Dreamers-el-Congreso-de-EEUU-presenta-nuevo-plan-migratorio.jpg","contentUrl":"https:\/\/accesolatino.org\/wp-content\/uploads\/2018\/01\/Dreamers-el-Congreso-de-EEUU-presenta-nuevo-plan-migratorio.jpg","width":"600","height":"338","caption":"Dreamers-el-Congreso-de-EEUU-presenta-nuevo-plan-migratorio"},{"@type":"BreadcrumbList","@id":"https:\/\/accesolatino.org\/dreamers-el-congreso-de-eeuu-presenta-nuevo-plan-migratorio\/noticias\/#breadcrumb","itemListElement":[{"@type":"ListItem","position":1,"name":"Portada","item":"https:\/\/accesolatino.org\/"},{"@type":"ListItem","position":2,"name":"Noticias","item":"https:\/\/accesolatino.org\/category\/noticias\/"},{"@type":"ListItem","position":3,"name":"Dreamers, el Congreso de EEUU presenta nuevo plan migratorio"}]},{"@type":"WebSite","@id":"https:\/\/accesolatino.org\/#website","url":"https:\/\/accesolatino.org\/","name":"Acceso Latino | Fundaci\u00f3n Carlos Slim","description":"Fundaci\u00f3n Carlos Slim","publisher":{"@id":"https:\/\/accesolatino.org\/#organization"},"potentialAction":[{"@type":"SearchAction","target":{"@type":"EntryPoint","urlTemplate":"https:\/\/accesolatino.org\/?s={search_term_string}"},"query-input":{"@type":"PropertyValueSpecification","valueRequired":true,"valueName":"search_term_string"}}],"inLanguage":"en-US"},{"@type":"Organization","@id":"https:\/\/accesolatino.org\/#organization","name":"Acceso Latino | Fundaci\u00f3n Carlos Slim","url":"https:\/\/accesolatino.org\/","logo":{"@type":"ImageObject","inLanguage":"en-US","@id":"https:\/\/accesolatino.org\/#\/schema\/logo\/image\/","url":"https:\/\/accesolatino.org\/wp-content\/uploads\/2021\/02\/logo-footer-acceso-latino.png","contentUrl":"https:\/\/accesolatino.org\/wp-content\/uploads\/2021\/02\/logo-footer-acceso-latino.png","width":240,"height":40,"caption":"Acceso Latino | Fundaci\u00f3n Carlos Slim"},"image":{"@id":"https:\/\/accesolatino.org\/#\/schema\/logo\/image\/"},"sameAs":["https:\/\/www.facebook.com\/AccesoLatinoOrg","https:\/\/x.com\/FAccLatino"]},{"@type":"Person","@id":"https:\/\/accesolatino.org\/#\/schema\/person\/57bc3bfd2c357610a5255490ca4cd305","name":"News"}]}},"_links":{"self":[{"href":"https:\/\/accesolatino.org\/en\/wp-json\/wp\/v2\/posts\/11110","targetHints":{"allow":["GET"]}}],"collection":[{"href":"https:\/\/accesolatino.org\/en\/wp-json\/wp\/v2\/posts"}],"about":[{"href":"https:\/\/accesolatino.org\/en\/wp-json\/wp\/v2\/types\/post"}],"author":[{"embeddable":true,"href":"https:\/\/accesolatino.org\/en\/wp-json\/wp\/v2\/users\/13"}],"replies":[{"embeddable":true,"href":"https:\/\/accesolatino.org\/en\/wp-json\/wp\/v2\/comments?post=11110"}],"version-history":[{"count":1,"href":"https:\/\/accesolatino.org\/en\/wp-json\/wp\/v2\/posts\/11110\/revisions"}],"predecessor-version":[{"id":66743,"href":"https:\/\/accesolatino.org\/en\/wp-json\/wp\/v2\/posts\/11110\/revisions\/66743"}],"wp:featuredmedia":[{"embeddable":true,"href":"https:\/\/accesolatino.org\/en\/wp-json\/wp\/v2\/media\/11111"}],"wp:attachment":[{"href":"https:\/\/accesolatino.org\/en\/wp-json\/wp\/v2\/media?parent=11110"}],"wp:term":[{"taxonomy":"category","embeddable":true,"href":"https:\/\/accesolatino.org\/en\/wp-json\/wp\/v2\/categories?post=11110"},{"taxonomy":"post_tag","embeddable":true,"href":"https:\/\/accesolatino.org\/en\/wp-json\/wp\/v2\/tags?post=11110"}],"curies":[{"name":"wp","href":"https:\/\/api.w.org\/{rel}","templated":true}]}}