{"id":11000,"date":"2018-01-24T15:13:01","date_gmt":"2018-01-24T21:13:01","guid":{"rendered":"http:\/\/accesolatino.org\/?p=11000"},"modified":"2025-10-27T13:46:27","modified_gmt":"2025-10-27T19:46:27","slug":"como-afecta-el-cierre-del-gobierno-en-eua-al-programa-daca","status":"publish","type":"post","link":"https:\/\/accesolatino.org\/en\/como-afecta-el-cierre-del-gobierno-en-eua-al-programa-daca\/noticias\/","title":{"rendered":"\u00bfC\u00f3mo afecta el cierre del gobierno en EUA al programa DACA?"},"content":{"rendered":"<ul>\n<li>El pasado 30 de septiembre de 2017 termin\u00f3 el a\u00f1o fiscal en EUA y no se ha llegado a un acuerdo en el Congreso de ese pa\u00eds para contar con un presupuesto p\u00fablico 2018.<\/li>\n<li>Para aprobar el presupuesto federal de EUA, se dan una serie de negociaciones entre el Partido Republicano y el Dem\u00f3crata.<\/li>\n<li>Al centro de las negociaciones est\u00e1n los temas de migraci\u00f3n (DACA, TPS), comercio (TLCAN) y gastos en Defensa.<\/li>\n<li>Debido a la premura por cerrar el presupuesto y no quedarse las instituciones federales sin dinero para trabajar, se vive en estos momentos una gran tensi\u00f3n entre los partidos que definir\u00e1 el estado de muchos programas federales, entre ellos los de migraci\u00f3n.<\/li>\n<li>La forma en que la Casa Blanca y el Congreso manejen estos asuntos cruciales, establecer\u00e1 la pauta para un segundo a\u00f1o en el cargo del actual Presidente de los Estados Unidos Americanos y dar forma a las elecciones intermedias de 2018.<\/li>\n<\/ul>\n<p><strong>Fundaci\u00f3n Carlos Slim<\/strong>&nbsp;extiende a la comunidad de origen latino en Estados Unidos sus actividades de impulso al desarrollo productivo, de educaci\u00f3n y capacitaci\u00f3n para el empleo, entre otros, apoy\u00e1ndola en la b\u00fasqueda de mejores oportunidades que les permita una mejor calidad de vida, y acercar a las personas la informaci\u00f3n que necesitan para regularizar su situaci\u00f3n migratoria.<\/p>\n<p>Por todo esto y m\u00e1s mantente siempre informado a trav\u00e9s de <strong>www.accesolatino.org<\/strong><\/p>","protected":false},"excerpt":{"rendered":"<p>El pasado 30 de septiembre de 2017 termin\u00f3 el a\u00f1o fiscal en EUA y no se ha llegado a un acuerdo en el Congreso de ese pa\u00eds para contar con un presupuesto p\u00fablico 2018. Para aprobar el presupuesto federal de EUA, se dan una serie de negociaciones entre el Partido Republicano y el Dem\u00f3crata. Al centro de las negociaciones est\u00e1n los temas de migraci\u00f3n (DACA, TPS), comercio (TLCAN) y gastos en Defensa. Debido a la premura por cerrar el presupuesto y no quedarse las instituciones federales sin dinero para trabajar, se vive en estos momentos una gran tensi\u00f3n entre los partidos que definir\u00e1 el estado de muchos programas federales, entre ellos los de migraci\u00f3n. La forma en que la Casa Blanca y el Congreso manejen estos asuntos cruciales, establecer\u00e1 la pauta para un segundo a\u00f1o en el cargo del actual Presidente de los Estados Unidos Americanos y dar forma a las elecciones intermedias de 2018. Fundaci\u00f3n Carlos Slim&nbsp;extiende a la comunidad de origen latino en Estados Unidos sus actividades de impulso al desarrollo productivo, de educaci\u00f3n y capacitaci\u00f3n para el empleo, entre otros, apoy\u00e1ndola en la b\u00fasqueda de mejores oportunidades que les permita una mejor calidad de vida, y acercar a las personas la informaci\u00f3n que necesitan para regularizar su situaci\u00f3n migratoria. Por todo esto y m\u00e1s mantente siempre informado a trav\u00e9s de www.accesolatino.org<\/p>","protected":false},"author":13,"featured_media":11001,"comment_status":"open","ping_status":"open","sticky":false,"template":"","format":"standard","meta":{"_uf_show_specific_survey":0,"_uf_disable_surveys":false,"footnotes":""},"categories":[10,1],"tags":[],"class_list":["post-11000","post","type-post","status-publish","format-standard","has-post-thumbnail","hentry","category-noticias","category-temas-de-interes"],"aioseo_notices":[],"yoast_head":"<!-- This site is optimized with the Yoast SEO plugin v27.5 - https:\/\/yoast.com\/product\/yoast-seo-wordpress\/ -->\n<title>\u00bfC\u00f3mo afecta el cierre del gobierno en EUA al programa DACA?<\/title>\n<meta name=\"description\" content=\"El pasado 30 de septiembre de 2017 termin\u00f3 el a\u00f1o fiscal en EUA y no se ha llegado a un acuerdo en el Congreso de ese pa\u00eds para contar con un presupuesto p\u00fablico 2018.\" \/>\n<meta name=\"robots\" content=\"index, follow, max-snippet:-1, max-image-preview:large, max-video-preview:-1\" \/>\n<link rel=\"canonical\" href=\"https:\/\/accesolatino.org\/en\/como-afecta-el-cierre-del-gobierno-en-eua-al-programa-daca\/noticias\/\" \/>\n<meta property=\"og:locale\" content=\"en_US\" \/>\n<meta property=\"og:type\" content=\"article\" \/>\n<meta property=\"og:title\" content=\"\u00bfC\u00f3mo afecta el cierre del gobierno en EUA al programa DACA?\" \/>\n<meta property=\"og:description\" content=\"El pasado 30 de septiembre de 2017 termin\u00f3 el a\u00f1o fiscal en EUA y no se ha llegado a un acuerdo en el Congreso de ese pa\u00eds para contar con un presupuesto p\u00fablico 2018.\" \/>\n<meta property=\"og:url\" content=\"https:\/\/accesolatino.org\/en\/como-afecta-el-cierre-del-gobierno-en-eua-al-programa-daca\/noticias\/\" \/>\n<meta property=\"og:site_name\" content=\"Acceso Latino\" \/>\n<meta property=\"article:publisher\" content=\"https:\/\/www.facebook.com\/AccesoLatinoOrg\" \/>\n<meta property=\"article:published_time\" content=\"2018-01-24T21:13:01+00:00\" \/>\n<meta property=\"article:modified_time\" content=\"2025-10-27T19:46:27+00:00\" \/>\n<meta property=\"og:image\" content=\"https:\/\/accesolatino.org\/wp-content\/uploads\/2018\/01\/Como-afecta-el-cierre-del-gobierno-en-EUA-al-programa-DACA.jpg\" \/>\n\t<meta property=\"og:image:width\" content=\"600\" \/>\n\t<meta property=\"og:image:height\" content=\"397\" \/>\n\t<meta property=\"og:image:type\" content=\"image\/jpeg\" \/>\n<meta name=\"author\" content=\"Noticias\" \/>\n<meta name=\"twitter:card\" content=\"summary_large_image\" \/>\n<meta name=\"twitter:creator\" content=\"@FAccLatino\" \/>\n<meta name=\"twitter:site\" content=\"@FAccLatino\" \/>\n<meta name=\"twitter:label1\" content=\"Written by\" \/>\n\t<meta name=\"twitter:data1\" content=\"Noticias\" \/>\n\t<meta name=\"twitter:label2\" content=\"Est. reading time\" \/>\n\t<meta name=\"twitter:data2\" content=\"2 minutes\" \/>\n<script type=\"application\/ld+json\" class=\"yoast-schema-graph\">{\"@context\":\"https:\\\/\\\/schema.org\",\"@graph\":[{\"@type\":\"Article\",\"@id\":\"https:\\\/\\\/accesolatino.org\\\/como-afecta-el-cierre-del-gobierno-en-eua-al-programa-daca\\\/noticias\\\/#article\",\"isPartOf\":{\"@id\":\"https:\\\/\\\/accesolatino.org\\\/como-afecta-el-cierre-del-gobierno-en-eua-al-programa-daca\\\/noticias\\\/\"},\"author\":{\"name\":\"Noticias\",\"@id\":\"https:\\\/\\\/accesolatino.org\\\/#\\\/schema\\\/person\\\/57bc3bfd2c357610a5255490ca4cd305\"},\"headline\":\"\u00bfC\u00f3mo afecta el cierre del gobierno en EUA al programa DACA?\",\"datePublished\":\"2018-01-24T21:13:01+00:00\",\"dateModified\":\"2025-10-27T19:46:27+00:00\",\"mainEntityOfPage\":{\"@id\":\"https:\\\/\\\/accesolatino.org\\\/como-afecta-el-cierre-del-gobierno-en-eua-al-programa-daca\\\/noticias\\\/\"},\"wordCount\":254,\"commentCount\":0,\"publisher\":{\"@id\":\"https:\\\/\\\/accesolatino.org\\\/#organization\"},\"image\":{\"@id\":\"https:\\\/\\\/accesolatino.org\\\/como-afecta-el-cierre-del-gobierno-en-eua-al-programa-daca\\\/noticias\\\/#primaryimage\"},\"thumbnailUrl\":\"https:\\\/\\\/accesolatino.org\\\/wp-content\\\/uploads\\\/2018\\\/01\\\/Como-afecta-el-cierre-del-gobierno-en-EUA-al-programa-DACA.jpg\",\"articleSection\":[\"Noticias\",\"Temas de inter\u00e9s\"],\"inLanguage\":\"en-US\",\"potentialAction\":[{\"@type\":\"CommentAction\",\"name\":\"Comment\",\"target\":[\"https:\\\/\\\/accesolatino.org\\\/como-afecta-el-cierre-del-gobierno-en-eua-al-programa-daca\\\/noticias\\\/#respond\"]}]},{\"@type\":\"WebPage\",\"@id\":\"https:\\\/\\\/accesolatino.org\\\/como-afecta-el-cierre-del-gobierno-en-eua-al-programa-daca\\\/noticias\\\/\",\"url\":\"https:\\\/\\\/accesolatino.org\\\/como-afecta-el-cierre-del-gobierno-en-eua-al-programa-daca\\\/noticias\\\/\",\"name\":\"\u00bfC\u00f3mo afecta el cierre del gobierno en EUA al programa DACA?\",\"isPartOf\":{\"@id\":\"https:\\\/\\\/accesolatino.org\\\/#website\"},\"primaryImageOfPage\":{\"@id\":\"https:\\\/\\\/accesolatino.org\\\/como-afecta-el-cierre-del-gobierno-en-eua-al-programa-daca\\\/noticias\\\/#primaryimage\"},\"image\":{\"@id\":\"https:\\\/\\\/accesolatino.org\\\/como-afecta-el-cierre-del-gobierno-en-eua-al-programa-daca\\\/noticias\\\/#primaryimage\"},\"thumbnailUrl\":\"https:\\\/\\\/accesolatino.org\\\/wp-content\\\/uploads\\\/2018\\\/01\\\/Como-afecta-el-cierre-del-gobierno-en-EUA-al-programa-DACA.jpg\",\"datePublished\":\"2018-01-24T21:13:01+00:00\",\"dateModified\":\"2025-10-27T19:46:27+00:00\",\"description\":\"El pasado 30 de septiembre de 2017 termin\u00f3 el a\u00f1o fiscal en EUA y no se ha llegado a un acuerdo en el Congreso de ese pa\u00eds para contar con un presupuesto p\u00fablico 2018.\",\"breadcrumb\":{\"@id\":\"https:\\\/\\\/accesolatino.org\\\/como-afecta-el-cierre-del-gobierno-en-eua-al-programa-daca\\\/noticias\\\/#breadcrumb\"},\"inLanguage\":\"en-US\",\"potentialAction\":[{\"@type\":\"ReadAction\",\"target\":[\"https:\\\/\\\/accesolatino.org\\\/como-afecta-el-cierre-del-gobierno-en-eua-al-programa-daca\\\/noticias\\\/\"]}]},{\"@type\":\"ImageObject\",\"inLanguage\":\"en-US\",\"@id\":\"https:\\\/\\\/accesolatino.org\\\/como-afecta-el-cierre-del-gobierno-en-eua-al-programa-daca\\\/noticias\\\/#primaryimage\",\"url\":\"https:\\\/\\\/accesolatino.org\\\/wp-content\\\/uploads\\\/2018\\\/01\\\/Como-afecta-el-cierre-del-gobierno-en-EUA-al-programa-DACA.jpg\",\"contentUrl\":\"https:\\\/\\\/accesolatino.org\\\/wp-content\\\/uploads\\\/2018\\\/01\\\/Como-afecta-el-cierre-del-gobierno-en-EUA-al-programa-DACA.jpg\",\"width\":\"600\",\"height\":\"397\",\"caption\":\"Como-afecta-el-cierre-del-gobierno-en-EUA-al-programa-DACA\"},{\"@type\":\"BreadcrumbList\",\"@id\":\"https:\\\/\\\/accesolatino.org\\\/como-afecta-el-cierre-del-gobierno-en-eua-al-programa-daca\\\/noticias\\\/#breadcrumb\",\"itemListElement\":[{\"@type\":\"ListItem\",\"position\":1,\"name\":\"Portada\",\"item\":\"https:\\\/\\\/accesolatino.org\\\/\"},{\"@type\":\"ListItem\",\"position\":2,\"name\":\"Noticias\",\"item\":\"https:\\\/\\\/accesolatino.org\\\/category\\\/noticias\\\/\"},{\"@type\":\"ListItem\",\"position\":3,\"name\":\"\u00bfC\u00f3mo afecta el cierre del gobierno en EUA al programa DACA?\"}]},{\"@type\":\"WebSite\",\"@id\":\"https:\\\/\\\/accesolatino.org\\\/#website\",\"url\":\"https:\\\/\\\/accesolatino.org\\\/\",\"name\":\"Acceso Latino | Fundaci\u00f3n Carlos Slim\",\"description\":\"Fundaci\u00f3n Carlos Slim\",\"publisher\":{\"@id\":\"https:\\\/\\\/accesolatino.org\\\/#organization\"},\"potentialAction\":[{\"@type\":\"SearchAction\",\"target\":{\"@type\":\"EntryPoint\",\"urlTemplate\":\"https:\\\/\\\/accesolatino.org\\\/?s={search_term_string}\"},\"query-input\":{\"@type\":\"PropertyValueSpecification\",\"valueRequired\":true,\"valueName\":\"search_term_string\"}}],\"inLanguage\":\"en-US\"},{\"@type\":\"Organization\",\"@id\":\"https:\\\/\\\/accesolatino.org\\\/#organization\",\"name\":\"Acceso Latino | Fundaci\u00f3n Carlos Slim\",\"url\":\"https:\\\/\\\/accesolatino.org\\\/\",\"logo\":{\"@type\":\"ImageObject\",\"inLanguage\":\"en-US\",\"@id\":\"https:\\\/\\\/accesolatino.org\\\/#\\\/schema\\\/logo\\\/image\\\/\",\"url\":\"https:\\\/\\\/accesolatino.org\\\/wp-content\\\/uploads\\\/2021\\\/02\\\/logo-footer-acceso-latino.png\",\"contentUrl\":\"https:\\\/\\\/accesolatino.org\\\/wp-content\\\/uploads\\\/2021\\\/02\\\/logo-footer-acceso-latino.png\",\"width\":240,\"height\":40,\"caption\":\"Acceso Latino | Fundaci\u00f3n Carlos Slim\"},\"image\":{\"@id\":\"https:\\\/\\\/accesolatino.org\\\/#\\\/schema\\\/logo\\\/image\\\/\"},\"sameAs\":[\"https:\\\/\\\/www.facebook.com\\\/AccesoLatinoOrg\",\"https:\\\/\\\/x.com\\\/FAccLatino\"]},{\"@type\":\"Person\",\"@id\":\"https:\\\/\\\/accesolatino.org\\\/#\\\/schema\\\/person\\\/57bc3bfd2c357610a5255490ca4cd305\",\"name\":\"Noticias\"}]}<\/script>\n<!-- \/ Yoast SEO plugin. -->","yoast_head_json":{"title":"\u00bfC\u00f3mo afecta el cierre del gobierno en EUA al programa DACA?","description":"El pasado 30 de septiembre de 2017 termin\u00f3 el a\u00f1o fiscal en EUA y no se ha llegado a un acuerdo en el Congreso de ese pa\u00eds para contar con un presupuesto p\u00fablico 2018.","robots":{"index":"index","follow":"follow","max-snippet":"max-snippet:-1","max-image-preview":"max-image-preview:large","max-video-preview":"max-video-preview:-1"},"canonical":"https:\/\/accesolatino.org\/en\/como-afecta-el-cierre-del-gobierno-en-eua-al-programa-daca\/noticias\/","og_locale":"en_US","og_type":"article","og_title":"\u00bfC\u00f3mo afecta el cierre del gobierno en EUA al programa DACA?","og_description":"El pasado 30 de septiembre de 2017 termin\u00f3 el a\u00f1o fiscal en EUA y no se ha llegado a un acuerdo en el Congreso de ese pa\u00eds para contar con un presupuesto p\u00fablico 2018.","og_url":"https:\/\/accesolatino.org\/en\/como-afecta-el-cierre-del-gobierno-en-eua-al-programa-daca\/noticias\/","og_site_name":"Acceso Latino","article_publisher":"https:\/\/www.facebook.com\/AccesoLatinoOrg","article_published_time":"2018-01-24T21:13:01+00:00","article_modified_time":"2025-10-27T19:46:27+00:00","og_image":[{"width":600,"height":397,"url":"https:\/\/accesolatino.org\/wp-content\/uploads\/2018\/01\/Como-afecta-el-cierre-del-gobierno-en-EUA-al-programa-DACA.jpg","type":"image\/jpeg"}],"author":"Noticias","twitter_card":"summary_large_image","twitter_creator":"@FAccLatino","twitter_site":"@FAccLatino","twitter_misc":{"Written by":"Noticias","Est. reading time":"2 minutes"},"schema":{"@context":"https:\/\/schema.org","@graph":[{"@type":"Article","@id":"https:\/\/accesolatino.org\/como-afecta-el-cierre-del-gobierno-en-eua-al-programa-daca\/noticias\/#article","isPartOf":{"@id":"https:\/\/accesolatino.org\/como-afecta-el-cierre-del-gobierno-en-eua-al-programa-daca\/noticias\/"},"author":{"name":"Noticias","@id":"https:\/\/accesolatino.org\/#\/schema\/person\/57bc3bfd2c357610a5255490ca4cd305"},"headline":"\u00bfC\u00f3mo afecta el cierre del gobierno en EUA al programa DACA?","datePublished":"2018-01-24T21:13:01+00:00","dateModified":"2025-10-27T19:46:27+00:00","mainEntityOfPage":{"@id":"https:\/\/accesolatino.org\/como-afecta-el-cierre-del-gobierno-en-eua-al-programa-daca\/noticias\/"},"wordCount":254,"commentCount":0,"publisher":{"@id":"https:\/\/accesolatino.org\/#organization"},"image":{"@id":"https:\/\/accesolatino.org\/como-afecta-el-cierre-del-gobierno-en-eua-al-programa-daca\/noticias\/#primaryimage"},"thumbnailUrl":"https:\/\/accesolatino.org\/wp-content\/uploads\/2018\/01\/Como-afecta-el-cierre-del-gobierno-en-EUA-al-programa-DACA.jpg","articleSection":["Noticias","Temas de inter\u00e9s"],"inLanguage":"en-US","potentialAction":[{"@type":"CommentAction","name":"Comment","target":["https:\/\/accesolatino.org\/como-afecta-el-cierre-del-gobierno-en-eua-al-programa-daca\/noticias\/#respond"]}]},{"@type":"WebPage","@id":"https:\/\/accesolatino.org\/como-afecta-el-cierre-del-gobierno-en-eua-al-programa-daca\/noticias\/","url":"https:\/\/accesolatino.org\/como-afecta-el-cierre-del-gobierno-en-eua-al-programa-daca\/noticias\/","name":"\u00bfC\u00f3mo afecta el cierre del gobierno en EUA al programa DACA?","isPartOf":{"@id":"https:\/\/accesolatino.org\/#website"},"primaryImageOfPage":{"@id":"https:\/\/accesolatino.org\/como-afecta-el-cierre-del-gobierno-en-eua-al-programa-daca\/noticias\/#primaryimage"},"image":{"@id":"https:\/\/accesolatino.org\/como-afecta-el-cierre-del-gobierno-en-eua-al-programa-daca\/noticias\/#primaryimage"},"thumbnailUrl":"https:\/\/accesolatino.org\/wp-content\/uploads\/2018\/01\/Como-afecta-el-cierre-del-gobierno-en-EUA-al-programa-DACA.jpg","datePublished":"2018-01-24T21:13:01+00:00","dateModified":"2025-10-27T19:46:27+00:00","description":"El pasado 30 de septiembre de 2017 termin\u00f3 el a\u00f1o fiscal en EUA y no se ha llegado a un acuerdo en el Congreso de ese pa\u00eds para contar con un presupuesto p\u00fablico 2018.","breadcrumb":{"@id":"https:\/\/accesolatino.org\/como-afecta-el-cierre-del-gobierno-en-eua-al-programa-daca\/noticias\/#breadcrumb"},"inLanguage":"en-US","potentialAction":[{"@type":"ReadAction","target":["https:\/\/accesolatino.org\/como-afecta-el-cierre-del-gobierno-en-eua-al-programa-daca\/noticias\/"]}]},{"@type":"ImageObject","inLanguage":"en-US","@id":"https:\/\/accesolatino.org\/como-afecta-el-cierre-del-gobierno-en-eua-al-programa-daca\/noticias\/#primaryimage","url":"https:\/\/accesolatino.org\/wp-content\/uploads\/2018\/01\/Como-afecta-el-cierre-del-gobierno-en-EUA-al-programa-DACA.jpg","contentUrl":"https:\/\/accesolatino.org\/wp-content\/uploads\/2018\/01\/Como-afecta-el-cierre-del-gobierno-en-EUA-al-programa-DACA.jpg","width":"600","height":"397","caption":"Como-afecta-el-cierre-del-gobierno-en-EUA-al-programa-DACA"},{"@type":"BreadcrumbList","@id":"https:\/\/accesolatino.org\/como-afecta-el-cierre-del-gobierno-en-eua-al-programa-daca\/noticias\/#breadcrumb","itemListElement":[{"@type":"ListItem","position":1,"name":"Portada","item":"https:\/\/accesolatino.org\/"},{"@type":"ListItem","position":2,"name":"Noticias","item":"https:\/\/accesolatino.org\/category\/noticias\/"},{"@type":"ListItem","position":3,"name":"\u00bfC\u00f3mo afecta el cierre del gobierno en EUA al programa DACA?"}]},{"@type":"WebSite","@id":"https:\/\/accesolatino.org\/#website","url":"https:\/\/accesolatino.org\/","name":"Acceso Latino | Fundaci\u00f3n Carlos Slim","description":"Fundaci\u00f3n Carlos Slim","publisher":{"@id":"https:\/\/accesolatino.org\/#organization"},"potentialAction":[{"@type":"SearchAction","target":{"@type":"EntryPoint","urlTemplate":"https:\/\/accesolatino.org\/?s={search_term_string}"},"query-input":{"@type":"PropertyValueSpecification","valueRequired":true,"valueName":"search_term_string"}}],"inLanguage":"en-US"},{"@type":"Organization","@id":"https:\/\/accesolatino.org\/#organization","name":"Acceso Latino | Fundaci\u00f3n Carlos Slim","url":"https:\/\/accesolatino.org\/","logo":{"@type":"ImageObject","inLanguage":"en-US","@id":"https:\/\/accesolatino.org\/#\/schema\/logo\/image\/","url":"https:\/\/accesolatino.org\/wp-content\/uploads\/2021\/02\/logo-footer-acceso-latino.png","contentUrl":"https:\/\/accesolatino.org\/wp-content\/uploads\/2021\/02\/logo-footer-acceso-latino.png","width":240,"height":40,"caption":"Acceso Latino | Fundaci\u00f3n Carlos Slim"},"image":{"@id":"https:\/\/accesolatino.org\/#\/schema\/logo\/image\/"},"sameAs":["https:\/\/www.facebook.com\/AccesoLatinoOrg","https:\/\/x.com\/FAccLatino"]},{"@type":"Person","@id":"https:\/\/accesolatino.org\/#\/schema\/person\/57bc3bfd2c357610a5255490ca4cd305","name":"News"}]}},"_links":{"self":[{"href":"https:\/\/accesolatino.org\/en\/wp-json\/wp\/v2\/posts\/11000","targetHints":{"allow":["GET"]}}],"collection":[{"href":"https:\/\/accesolatino.org\/en\/wp-json\/wp\/v2\/posts"}],"about":[{"href":"https:\/\/accesolatino.org\/en\/wp-json\/wp\/v2\/types\/post"}],"author":[{"embeddable":true,"href":"https:\/\/accesolatino.org\/en\/wp-json\/wp\/v2\/users\/13"}],"replies":[{"embeddable":true,"href":"https:\/\/accesolatino.org\/en\/wp-json\/wp\/v2\/comments?post=11000"}],"version-history":[{"count":1,"href":"https:\/\/accesolatino.org\/en\/wp-json\/wp\/v2\/posts\/11000\/revisions"}],"predecessor-version":[{"id":66747,"href":"https:\/\/accesolatino.org\/en\/wp-json\/wp\/v2\/posts\/11000\/revisions\/66747"}],"wp:featuredmedia":[{"embeddable":true,"href":"https:\/\/accesolatino.org\/en\/wp-json\/wp\/v2\/media\/11001"}],"wp:attachment":[{"href":"https:\/\/accesolatino.org\/en\/wp-json\/wp\/v2\/media?parent=11000"}],"wp:term":[{"taxonomy":"category","embeddable":true,"href":"https:\/\/accesolatino.org\/en\/wp-json\/wp\/v2\/categories?post=11000"},{"taxonomy":"post_tag","embeddable":true,"href":"https:\/\/accesolatino.org\/en\/wp-json\/wp\/v2\/tags?post=11000"}],"curies":[{"name":"wp","href":"https:\/\/api.w.org\/{rel}","templated":true}]}}