{"id":10997,"date":"2018-01-24T13:23:52","date_gmt":"2018-01-24T19:23:52","guid":{"rendered":"http:\/\/accesolatino.org\/?p=10997"},"modified":"2025-10-27T13:46:32","modified_gmt":"2025-10-27T19:46:32","slug":"el-departamento-de-seguridad-interior-anuncia-que-el-tps-estatus-de-proteccion-temporal-finaliza-en-septiembre-de-2019-que-puedes-hacer","status":"publish","type":"post","link":"https:\/\/accesolatino.org\/en\/el-departamento-de-seguridad-interior-anuncia-que-el-tps-estatus-de-proteccion-temporal-finaliza-en-septiembre-de-2019-que-puedes-hacer\/noticias\/","title":{"rendered":"El Departamento de Seguridad Interior anuncia que el TPS (Estatus de Protecci\u00f3n Temporal) finaliza en septiembre de 2019 \u00bfQu\u00e9 puedes hacer?"},"content":{"rendered":"<ul>\n<li>El 8 de enero de 2018 el Presidente de los Estados Unidos de Am\u00e9rica anuncia el fin del programa TPS para salvadore\u00f1os<strong>.<\/strong><\/li>\n<li>El mismo d\u00eda el Servicio de Ciudadan\u00eda e Inmigraci\u00f3n de Estados Unidos (USCIS) anuncia que el TPS bajo la designaci\u00f3n de El Salvador, termina en septiembre de 2019.<\/li>\n<li>Los beneficiarios actuales del TPS bajo la designaci\u00f3n de El Salvador que deseen mantener su estatus, deben reinscribirse en el periodo comprendido del<strong> 18 de enero al 19 de marzo de 2018 <\/strong>(60 d\u00edas de plazo).<\/li>\n<li>Para tramitar tu registro debes entrar al portal de <a title=\"\" href=\"https:\/\/www.federalregister.gov\/documents\/2018\/01\/18\/2018-00885\/termination-of-the-designation-of-el-salvador-for-temporary-protected-status\" target=\"_blank\" rel=\"noopener\">Registro Federal<\/a><\/li>\n<li>Despu\u00e9s del 09 de septiembre de 2019, aquellas personas que est\u00e9n protegidas por el TPS bajo la designaci\u00f3n El Salvador, no estar\u00e1n m\u00e1s bajo este estatus.<\/li>\n<li>Todos los solicitantes deber\u00e1n presentar el Formulario I-821 \u201cSolicitud de Estatus de Protecci\u00f3n Temporal\u201d. Puede ser descargado gratuitamente en el sitio web de<a href=\"https:\/\/www.uscis.gov\/es\/TPS\"> USCIS en&nbsp;gov\/es\/tps<\/a><\/li>\n<li>Tambi\u00e9n se puede solicitar un Documento de Autorizaci\u00f3n de Empleo (EAD) a trav\u00e9s del Formulario I-765. Se descarga gratuitamente en el sitio web de <a href=\"https:\/\/www.uscis.gov\/es\/TPS\">USCIS&nbsp;gov\/es\/tps<\/a><\/li>\n<li>USCIS ha extendido autom\u00e1ticamente la validez de los EAD expedidos bajo la designaci\u00f3n de TPS de El Salvador por un plazo de 180 d\u00edas, hasta el 05 de septiembre de 2018.<\/li>\n<\/ul>\n<p>In <strong>accesolatino.org<\/strong> podr\u00e1s encontrar informaci\u00f3n para valorar si eres elegible para la ciudadan\u00eda de los EUA, as\u00ed como informaci\u00f3n \u00fatil para asesor\u00eda legal sin costo.<\/p>\n<p><strong>Fundaci\u00f3n Carlos Slim<\/strong>&nbsp;extiende a la comunidad de origen latino en Estados Unidos sus actividades de impulso al desarrollo productivo, de educaci\u00f3n y capacitaci\u00f3n para el empleo, entre otros, apoy\u00e1ndola en la b\u00fasqueda de mejores oportunidades que les permita una mejor calidad de vida, y acercar a las personas la informaci\u00f3n que necesitan para regularizar su situaci\u00f3n migratoria.<\/p>","protected":false},"excerpt":{"rendered":"<p>El 8 de enero de 2018 el Presidente de los Estados Unidos de Am\u00e9rica anuncia el fin del programa TPS para salvadore\u00f1os. El mismo d\u00eda el Servicio de Ciudadan\u00eda e Inmigraci\u00f3n de Estados Unidos (USCIS) anuncia que el TPS bajo la designaci\u00f3n de El Salvador, termina en septiembre de 2019. Los beneficiarios actuales del TPS bajo la designaci\u00f3n de El Salvador que deseen mantener su estatus, deben reinscribirse en el periodo comprendido del 18 de enero al 19 de marzo de 2018 (60 d\u00edas de plazo). Para tramitar tu registro debes entrar al portal de Registro Federal Despu\u00e9s del 09 de septiembre de 2019, aquellas personas que est\u00e9n protegidas por el TPS bajo la designaci\u00f3n El Salvador, no estar\u00e1n m\u00e1s bajo este estatus. Todos los solicitantes deber\u00e1n presentar el Formulario I-821 \u201cSolicitud de Estatus de Protecci\u00f3n Temporal\u201d. Puede ser descargado gratuitamente en el sitio web de USCIS en&nbsp;gov\/es\/tps Tambi\u00e9n se puede solicitar un Documento de Autorizaci\u00f3n de Empleo (EAD) a trav\u00e9s del Formulario I-765. Se descarga gratuitamente en el sitio web de USCIS&nbsp;gov\/es\/tps USCIS ha extendido autom\u00e1ticamente la validez de los EAD expedidos bajo la designaci\u00f3n de TPS de El Salvador por un plazo de 180 d\u00edas, hasta el 05 de septiembre de 2018. En accesolatino.org podr\u00e1s encontrar informaci\u00f3n para valorar si eres elegible para la ciudadan\u00eda de los EUA, as\u00ed como informaci\u00f3n \u00fatil para asesor\u00eda legal sin costo. Fundaci\u00f3n Carlos Slim&nbsp;extiende a la comunidad de origen latino en Estados Unidos sus actividades de impulso al desarrollo productivo, de educaci\u00f3n y capacitaci\u00f3n para el empleo, entre otros, apoy\u00e1ndola en la b\u00fasqueda de mejores oportunidades que les permita una mejor calidad de vida, y acercar a las personas la informaci\u00f3n que necesitan para regularizar su situaci\u00f3n migratoria.<\/p>","protected":false},"author":13,"featured_media":10998,"comment_status":"open","ping_status":"open","sticky":false,"template":"","format":"standard","meta":{"_uf_show_specific_survey":0,"_uf_disable_surveys":false,"footnotes":""},"categories":[10,1],"tags":[],"class_list":["post-10997","post","type-post","status-publish","format-standard","has-post-thumbnail","hentry","category-noticias","category-temas-de-interes"],"aioseo_notices":[],"yoast_head":"<!-- This site is optimized with the Yoast SEO plugin v27.5 - https:\/\/yoast.com\/product\/yoast-seo-wordpress\/ -->\n<title>El Departamento de Seguridad Interior anuncia que el TPS finaliza...<\/title>\n<meta name=\"description\" content=\"El 8 de enero de 2018 el Presidente de los Estados Unidos de Am\u00e9rica anuncia el fin del programa TPS para salvadore\u00f1os.\" \/>\n<meta name=\"robots\" content=\"index, follow, max-snippet:-1, max-image-preview:large, max-video-preview:-1\" \/>\n<link rel=\"canonical\" href=\"https:\/\/accesolatino.org\/en\/el-departamento-de-seguridad-interior-anuncia-que-el-tps-estatus-de-proteccion-temporal-finaliza-en-septiembre-de-2019-que-puedes-hacer\/noticias\/\" \/>\n<meta property=\"og:locale\" content=\"en_US\" \/>\n<meta property=\"og:type\" content=\"article\" \/>\n<meta property=\"og:title\" content=\"El Departamento de Seguridad Interior anuncia que el TPS finaliza...\" \/>\n<meta property=\"og:description\" content=\"El 8 de enero de 2018 el Presidente de los Estados Unidos de Am\u00e9rica anuncia el fin del programa TPS para salvadore\u00f1os.\" \/>\n<meta property=\"og:url\" content=\"https:\/\/accesolatino.org\/en\/el-departamento-de-seguridad-interior-anuncia-que-el-tps-estatus-de-proteccion-temporal-finaliza-en-septiembre-de-2019-que-puedes-hacer\/noticias\/\" \/>\n<meta property=\"og:site_name\" content=\"Acceso Latino\" \/>\n<meta property=\"article:publisher\" content=\"https:\/\/www.facebook.com\/AccesoLatinoOrg\" \/>\n<meta property=\"article:published_time\" content=\"2018-01-24T19:23:52+00:00\" \/>\n<meta property=\"article:modified_time\" content=\"2025-10-27T19:46:32+00:00\" \/>\n<meta property=\"og:image\" content=\"https:\/\/accesolatino.org\/wp-content\/uploads\/2018\/01\/El-Departamento-de-Seguridad-Interior-anuncia-que-el-TPS-Estatus-de-Proteccion-Temporal-finaliza-en-septiembre-de-2019-Que-puedes-hacer.jpg\" \/>\n\t<meta property=\"og:image:width\" content=\"600\" \/>\n\t<meta property=\"og:image:height\" content=\"450\" \/>\n\t<meta property=\"og:image:type\" content=\"image\/jpeg\" \/>\n<meta name=\"author\" content=\"Noticias\" \/>\n<meta name=\"twitter:card\" content=\"summary_large_image\" \/>\n<meta name=\"twitter:creator\" content=\"@FAccLatino\" \/>\n<meta name=\"twitter:site\" content=\"@FAccLatino\" \/>\n<meta name=\"twitter:label1\" content=\"Written by\" \/>\n\t<meta name=\"twitter:data1\" content=\"Noticias\" \/>\n\t<meta name=\"twitter:label2\" content=\"Est. reading time\" \/>\n\t<meta name=\"twitter:data2\" content=\"2 minutes\" \/>\n<script type=\"application\/ld+json\" class=\"yoast-schema-graph\">{\"@context\":\"https:\\\/\\\/schema.org\",\"@graph\":[{\"@type\":\"Article\",\"@id\":\"https:\\\/\\\/accesolatino.org\\\/el-departamento-de-seguridad-interior-anuncia-que-el-tps-estatus-de-proteccion-temporal-finaliza-en-septiembre-de-2019-que-puedes-hacer\\\/noticias\\\/#article\",\"isPartOf\":{\"@id\":\"https:\\\/\\\/accesolatino.org\\\/el-departamento-de-seguridad-interior-anuncia-que-el-tps-estatus-de-proteccion-temporal-finaliza-en-septiembre-de-2019-que-puedes-hacer\\\/noticias\\\/\"},\"author\":{\"name\":\"Noticias\",\"@id\":\"https:\\\/\\\/accesolatino.org\\\/#\\\/schema\\\/person\\\/57bc3bfd2c357610a5255490ca4cd305\"},\"headline\":\"El Departamento de Seguridad Interior anuncia que el TPS (Estatus de Protecci\u00f3n Temporal) finaliza en septiembre de 2019 \u00bfQu\u00e9 puedes hacer?\",\"datePublished\":\"2018-01-24T19:23:52+00:00\",\"dateModified\":\"2025-10-27T19:46:32+00:00\",\"mainEntityOfPage\":{\"@id\":\"https:\\\/\\\/accesolatino.org\\\/el-departamento-de-seguridad-interior-anuncia-que-el-tps-estatus-de-proteccion-temporal-finaliza-en-septiembre-de-2019-que-puedes-hacer\\\/noticias\\\/\"},\"wordCount\":339,\"commentCount\":0,\"publisher\":{\"@id\":\"https:\\\/\\\/accesolatino.org\\\/#organization\"},\"image\":{\"@id\":\"https:\\\/\\\/accesolatino.org\\\/el-departamento-de-seguridad-interior-anuncia-que-el-tps-estatus-de-proteccion-temporal-finaliza-en-septiembre-de-2019-que-puedes-hacer\\\/noticias\\\/#primaryimage\"},\"thumbnailUrl\":\"https:\\\/\\\/accesolatino.org\\\/wp-content\\\/uploads\\\/2018\\\/01\\\/El-Departamento-de-Seguridad-Interior-anuncia-que-el-TPS-Estatus-de-Proteccion-Temporal-finaliza-en-septiembre-de-2019-Que-puedes-hacer.jpg\",\"articleSection\":[\"Noticias\",\"Temas de inter\u00e9s\"],\"inLanguage\":\"en-US\",\"potentialAction\":[{\"@type\":\"CommentAction\",\"name\":\"Comment\",\"target\":[\"https:\\\/\\\/accesolatino.org\\\/el-departamento-de-seguridad-interior-anuncia-que-el-tps-estatus-de-proteccion-temporal-finaliza-en-septiembre-de-2019-que-puedes-hacer\\\/noticias\\\/#respond\"]}]},{\"@type\":\"WebPage\",\"@id\":\"https:\\\/\\\/accesolatino.org\\\/el-departamento-de-seguridad-interior-anuncia-que-el-tps-estatus-de-proteccion-temporal-finaliza-en-septiembre-de-2019-que-puedes-hacer\\\/noticias\\\/\",\"url\":\"https:\\\/\\\/accesolatino.org\\\/el-departamento-de-seguridad-interior-anuncia-que-el-tps-estatus-de-proteccion-temporal-finaliza-en-septiembre-de-2019-que-puedes-hacer\\\/noticias\\\/\",\"name\":\"El Departamento de Seguridad Interior anuncia que el TPS finaliza...\",\"isPartOf\":{\"@id\":\"https:\\\/\\\/accesolatino.org\\\/#website\"},\"primaryImageOfPage\":{\"@id\":\"https:\\\/\\\/accesolatino.org\\\/el-departamento-de-seguridad-interior-anuncia-que-el-tps-estatus-de-proteccion-temporal-finaliza-en-septiembre-de-2019-que-puedes-hacer\\\/noticias\\\/#primaryimage\"},\"image\":{\"@id\":\"https:\\\/\\\/accesolatino.org\\\/el-departamento-de-seguridad-interior-anuncia-que-el-tps-estatus-de-proteccion-temporal-finaliza-en-septiembre-de-2019-que-puedes-hacer\\\/noticias\\\/#primaryimage\"},\"thumbnailUrl\":\"https:\\\/\\\/accesolatino.org\\\/wp-content\\\/uploads\\\/2018\\\/01\\\/El-Departamento-de-Seguridad-Interior-anuncia-que-el-TPS-Estatus-de-Proteccion-Temporal-finaliza-en-septiembre-de-2019-Que-puedes-hacer.jpg\",\"datePublished\":\"2018-01-24T19:23:52+00:00\",\"dateModified\":\"2025-10-27T19:46:32+00:00\",\"description\":\"El 8 de enero de 2018 el Presidente de los Estados Unidos de Am\u00e9rica anuncia el fin del programa TPS para salvadore\u00f1os.\",\"breadcrumb\":{\"@id\":\"https:\\\/\\\/accesolatino.org\\\/el-departamento-de-seguridad-interior-anuncia-que-el-tps-estatus-de-proteccion-temporal-finaliza-en-septiembre-de-2019-que-puedes-hacer\\\/noticias\\\/#breadcrumb\"},\"inLanguage\":\"en-US\",\"potentialAction\":[{\"@type\":\"ReadAction\",\"target\":[\"https:\\\/\\\/accesolatino.org\\\/el-departamento-de-seguridad-interior-anuncia-que-el-tps-estatus-de-proteccion-temporal-finaliza-en-septiembre-de-2019-que-puedes-hacer\\\/noticias\\\/\"]}]},{\"@type\":\"ImageObject\",\"inLanguage\":\"en-US\",\"@id\":\"https:\\\/\\\/accesolatino.org\\\/el-departamento-de-seguridad-interior-anuncia-que-el-tps-estatus-de-proteccion-temporal-finaliza-en-septiembre-de-2019-que-puedes-hacer\\\/noticias\\\/#primaryimage\",\"url\":\"https:\\\/\\\/accesolatino.org\\\/wp-content\\\/uploads\\\/2018\\\/01\\\/El-Departamento-de-Seguridad-Interior-anuncia-que-el-TPS-Estatus-de-Proteccion-Temporal-finaliza-en-septiembre-de-2019-Que-puedes-hacer.jpg\",\"contentUrl\":\"https:\\\/\\\/accesolatino.org\\\/wp-content\\\/uploads\\\/2018\\\/01\\\/El-Departamento-de-Seguridad-Interior-anuncia-que-el-TPS-Estatus-de-Proteccion-Temporal-finaliza-en-septiembre-de-2019-Que-puedes-hacer.jpg\",\"width\":\"600\",\"height\":\"450\",\"caption\":\"El-Departamento-de-Seguridad-Interior-anuncia-que-el-TPS-Estatus-de-Proteccion-Temporal-finaliza-en-septiembre-de-2019-Que-puedes-hacer\"},{\"@type\":\"BreadcrumbList\",\"@id\":\"https:\\\/\\\/accesolatino.org\\\/el-departamento-de-seguridad-interior-anuncia-que-el-tps-estatus-de-proteccion-temporal-finaliza-en-septiembre-de-2019-que-puedes-hacer\\\/noticias\\\/#breadcrumb\",\"itemListElement\":[{\"@type\":\"ListItem\",\"position\":1,\"name\":\"Portada\",\"item\":\"https:\\\/\\\/accesolatino.org\\\/\"},{\"@type\":\"ListItem\",\"position\":2,\"name\":\"Noticias\",\"item\":\"https:\\\/\\\/accesolatino.org\\\/category\\\/noticias\\\/\"},{\"@type\":\"ListItem\",\"position\":3,\"name\":\"El Departamento de Seguridad Interior anuncia que el TPS (Estatus de Protecci\u00f3n Temporal) finaliza en septiembre de 2019 \u00bfQu\u00e9 puedes hacer?\"}]},{\"@type\":\"WebSite\",\"@id\":\"https:\\\/\\\/accesolatino.org\\\/#website\",\"url\":\"https:\\\/\\\/accesolatino.org\\\/\",\"name\":\"Acceso Latino | Fundaci\u00f3n Carlos Slim\",\"description\":\"Fundaci\u00f3n Carlos Slim\",\"publisher\":{\"@id\":\"https:\\\/\\\/accesolatino.org\\\/#organization\"},\"potentialAction\":[{\"@type\":\"SearchAction\",\"target\":{\"@type\":\"EntryPoint\",\"urlTemplate\":\"https:\\\/\\\/accesolatino.org\\\/?s={search_term_string}\"},\"query-input\":{\"@type\":\"PropertyValueSpecification\",\"valueRequired\":true,\"valueName\":\"search_term_string\"}}],\"inLanguage\":\"en-US\"},{\"@type\":\"Organization\",\"@id\":\"https:\\\/\\\/accesolatino.org\\\/#organization\",\"name\":\"Acceso Latino | Fundaci\u00f3n Carlos Slim\",\"url\":\"https:\\\/\\\/accesolatino.org\\\/\",\"logo\":{\"@type\":\"ImageObject\",\"inLanguage\":\"en-US\",\"@id\":\"https:\\\/\\\/accesolatino.org\\\/#\\\/schema\\\/logo\\\/image\\\/\",\"url\":\"https:\\\/\\\/accesolatino.org\\\/wp-content\\\/uploads\\\/2021\\\/02\\\/logo-footer-acceso-latino.png\",\"contentUrl\":\"https:\\\/\\\/accesolatino.org\\\/wp-content\\\/uploads\\\/2021\\\/02\\\/logo-footer-acceso-latino.png\",\"width\":240,\"height\":40,\"caption\":\"Acceso Latino | Fundaci\u00f3n Carlos Slim\"},\"image\":{\"@id\":\"https:\\\/\\\/accesolatino.org\\\/#\\\/schema\\\/logo\\\/image\\\/\"},\"sameAs\":[\"https:\\\/\\\/www.facebook.com\\\/AccesoLatinoOrg\",\"https:\\\/\\\/x.com\\\/FAccLatino\"]},{\"@type\":\"Person\",\"@id\":\"https:\\\/\\\/accesolatino.org\\\/#\\\/schema\\\/person\\\/57bc3bfd2c357610a5255490ca4cd305\",\"name\":\"Noticias\"}]}<\/script>\n<!-- \/ Yoast SEO plugin. -->","yoast_head_json":{"title":"El Departamento de Seguridad Interior anuncia que el TPS finaliza...","description":"El 8 de enero de 2018 el Presidente de los Estados Unidos de Am\u00e9rica anuncia el fin del programa TPS para salvadore\u00f1os.","robots":{"index":"index","follow":"follow","max-snippet":"max-snippet:-1","max-image-preview":"max-image-preview:large","max-video-preview":"max-video-preview:-1"},"canonical":"https:\/\/accesolatino.org\/en\/el-departamento-de-seguridad-interior-anuncia-que-el-tps-estatus-de-proteccion-temporal-finaliza-en-septiembre-de-2019-que-puedes-hacer\/noticias\/","og_locale":"en_US","og_type":"article","og_title":"El Departamento de Seguridad Interior anuncia que el TPS finaliza...","og_description":"El 8 de enero de 2018 el Presidente de los Estados Unidos de Am\u00e9rica anuncia el fin del programa TPS para salvadore\u00f1os.","og_url":"https:\/\/accesolatino.org\/en\/el-departamento-de-seguridad-interior-anuncia-que-el-tps-estatus-de-proteccion-temporal-finaliza-en-septiembre-de-2019-que-puedes-hacer\/noticias\/","og_site_name":"Acceso Latino","article_publisher":"https:\/\/www.facebook.com\/AccesoLatinoOrg","article_published_time":"2018-01-24T19:23:52+00:00","article_modified_time":"2025-10-27T19:46:32+00:00","og_image":[{"width":600,"height":450,"url":"https:\/\/accesolatino.org\/wp-content\/uploads\/2018\/01\/El-Departamento-de-Seguridad-Interior-anuncia-que-el-TPS-Estatus-de-Proteccion-Temporal-finaliza-en-septiembre-de-2019-Que-puedes-hacer.jpg","type":"image\/jpeg"}],"author":"Noticias","twitter_card":"summary_large_image","twitter_creator":"@FAccLatino","twitter_site":"@FAccLatino","twitter_misc":{"Written by":"Noticias","Est. reading time":"2 minutes"},"schema":{"@context":"https:\/\/schema.org","@graph":[{"@type":"Article","@id":"https:\/\/accesolatino.org\/el-departamento-de-seguridad-interior-anuncia-que-el-tps-estatus-de-proteccion-temporal-finaliza-en-septiembre-de-2019-que-puedes-hacer\/noticias\/#article","isPartOf":{"@id":"https:\/\/accesolatino.org\/el-departamento-de-seguridad-interior-anuncia-que-el-tps-estatus-de-proteccion-temporal-finaliza-en-septiembre-de-2019-que-puedes-hacer\/noticias\/"},"author":{"name":"Noticias","@id":"https:\/\/accesolatino.org\/#\/schema\/person\/57bc3bfd2c357610a5255490ca4cd305"},"headline":"El Departamento de Seguridad Interior anuncia que el TPS (Estatus de Protecci\u00f3n Temporal) finaliza en septiembre de 2019 \u00bfQu\u00e9 puedes hacer?","datePublished":"2018-01-24T19:23:52+00:00","dateModified":"2025-10-27T19:46:32+00:00","mainEntityOfPage":{"@id":"https:\/\/accesolatino.org\/el-departamento-de-seguridad-interior-anuncia-que-el-tps-estatus-de-proteccion-temporal-finaliza-en-septiembre-de-2019-que-puedes-hacer\/noticias\/"},"wordCount":339,"commentCount":0,"publisher":{"@id":"https:\/\/accesolatino.org\/#organization"},"image":{"@id":"https:\/\/accesolatino.org\/el-departamento-de-seguridad-interior-anuncia-que-el-tps-estatus-de-proteccion-temporal-finaliza-en-septiembre-de-2019-que-puedes-hacer\/noticias\/#primaryimage"},"thumbnailUrl":"https:\/\/accesolatino.org\/wp-content\/uploads\/2018\/01\/El-Departamento-de-Seguridad-Interior-anuncia-que-el-TPS-Estatus-de-Proteccion-Temporal-finaliza-en-septiembre-de-2019-Que-puedes-hacer.jpg","articleSection":["Noticias","Temas de inter\u00e9s"],"inLanguage":"en-US","potentialAction":[{"@type":"CommentAction","name":"Comment","target":["https:\/\/accesolatino.org\/el-departamento-de-seguridad-interior-anuncia-que-el-tps-estatus-de-proteccion-temporal-finaliza-en-septiembre-de-2019-que-puedes-hacer\/noticias\/#respond"]}]},{"@type":"WebPage","@id":"https:\/\/accesolatino.org\/el-departamento-de-seguridad-interior-anuncia-que-el-tps-estatus-de-proteccion-temporal-finaliza-en-septiembre-de-2019-que-puedes-hacer\/noticias\/","url":"https:\/\/accesolatino.org\/el-departamento-de-seguridad-interior-anuncia-que-el-tps-estatus-de-proteccion-temporal-finaliza-en-septiembre-de-2019-que-puedes-hacer\/noticias\/","name":"El Departamento de Seguridad Interior anuncia que el TPS finaliza...","isPartOf":{"@id":"https:\/\/accesolatino.org\/#website"},"primaryImageOfPage":{"@id":"https:\/\/accesolatino.org\/el-departamento-de-seguridad-interior-anuncia-que-el-tps-estatus-de-proteccion-temporal-finaliza-en-septiembre-de-2019-que-puedes-hacer\/noticias\/#primaryimage"},"image":{"@id":"https:\/\/accesolatino.org\/el-departamento-de-seguridad-interior-anuncia-que-el-tps-estatus-de-proteccion-temporal-finaliza-en-septiembre-de-2019-que-puedes-hacer\/noticias\/#primaryimage"},"thumbnailUrl":"https:\/\/accesolatino.org\/wp-content\/uploads\/2018\/01\/El-Departamento-de-Seguridad-Interior-anuncia-que-el-TPS-Estatus-de-Proteccion-Temporal-finaliza-en-septiembre-de-2019-Que-puedes-hacer.jpg","datePublished":"2018-01-24T19:23:52+00:00","dateModified":"2025-10-27T19:46:32+00:00","description":"El 8 de enero de 2018 el Presidente de los Estados Unidos de Am\u00e9rica anuncia el fin del programa TPS para salvadore\u00f1os.","breadcrumb":{"@id":"https:\/\/accesolatino.org\/el-departamento-de-seguridad-interior-anuncia-que-el-tps-estatus-de-proteccion-temporal-finaliza-en-septiembre-de-2019-que-puedes-hacer\/noticias\/#breadcrumb"},"inLanguage":"en-US","potentialAction":[{"@type":"ReadAction","target":["https:\/\/accesolatino.org\/el-departamento-de-seguridad-interior-anuncia-que-el-tps-estatus-de-proteccion-temporal-finaliza-en-septiembre-de-2019-que-puedes-hacer\/noticias\/"]}]},{"@type":"ImageObject","inLanguage":"en-US","@id":"https:\/\/accesolatino.org\/el-departamento-de-seguridad-interior-anuncia-que-el-tps-estatus-de-proteccion-temporal-finaliza-en-septiembre-de-2019-que-puedes-hacer\/noticias\/#primaryimage","url":"https:\/\/accesolatino.org\/wp-content\/uploads\/2018\/01\/El-Departamento-de-Seguridad-Interior-anuncia-que-el-TPS-Estatus-de-Proteccion-Temporal-finaliza-en-septiembre-de-2019-Que-puedes-hacer.jpg","contentUrl":"https:\/\/accesolatino.org\/wp-content\/uploads\/2018\/01\/El-Departamento-de-Seguridad-Interior-anuncia-que-el-TPS-Estatus-de-Proteccion-Temporal-finaliza-en-septiembre-de-2019-Que-puedes-hacer.jpg","width":"600","height":"450","caption":"El-Departamento-de-Seguridad-Interior-anuncia-que-el-TPS-Estatus-de-Proteccion-Temporal-finaliza-en-septiembre-de-2019-Que-puedes-hacer"},{"@type":"BreadcrumbList","@id":"https:\/\/accesolatino.org\/el-departamento-de-seguridad-interior-anuncia-que-el-tps-estatus-de-proteccion-temporal-finaliza-en-septiembre-de-2019-que-puedes-hacer\/noticias\/#breadcrumb","itemListElement":[{"@type":"ListItem","position":1,"name":"Portada","item":"https:\/\/accesolatino.org\/"},{"@type":"ListItem","position":2,"name":"Noticias","item":"https:\/\/accesolatino.org\/category\/noticias\/"},{"@type":"ListItem","position":3,"name":"El Departamento de Seguridad Interior anuncia que el TPS (Estatus de Protecci\u00f3n Temporal) finaliza en septiembre de 2019 \u00bfQu\u00e9 puedes hacer?"}]},{"@type":"WebSite","@id":"https:\/\/accesolatino.org\/#website","url":"https:\/\/accesolatino.org\/","name":"Acceso Latino | Fundaci\u00f3n Carlos Slim","description":"Fundaci\u00f3n Carlos Slim","publisher":{"@id":"https:\/\/accesolatino.org\/#organization"},"potentialAction":[{"@type":"SearchAction","target":{"@type":"EntryPoint","urlTemplate":"https:\/\/accesolatino.org\/?s={search_term_string}"},"query-input":{"@type":"PropertyValueSpecification","valueRequired":true,"valueName":"search_term_string"}}],"inLanguage":"en-US"},{"@type":"Organization","@id":"https:\/\/accesolatino.org\/#organization","name":"Acceso Latino | Fundaci\u00f3n Carlos Slim","url":"https:\/\/accesolatino.org\/","logo":{"@type":"ImageObject","inLanguage":"en-US","@id":"https:\/\/accesolatino.org\/#\/schema\/logo\/image\/","url":"https:\/\/accesolatino.org\/wp-content\/uploads\/2021\/02\/logo-footer-acceso-latino.png","contentUrl":"https:\/\/accesolatino.org\/wp-content\/uploads\/2021\/02\/logo-footer-acceso-latino.png","width":240,"height":40,"caption":"Acceso Latino | Fundaci\u00f3n Carlos Slim"},"image":{"@id":"https:\/\/accesolatino.org\/#\/schema\/logo\/image\/"},"sameAs":["https:\/\/www.facebook.com\/AccesoLatinoOrg","https:\/\/x.com\/FAccLatino"]},{"@type":"Person","@id":"https:\/\/accesolatino.org\/#\/schema\/person\/57bc3bfd2c357610a5255490ca4cd305","name":"News"}]}},"_links":{"self":[{"href":"https:\/\/accesolatino.org\/en\/wp-json\/wp\/v2\/posts\/10997","targetHints":{"allow":["GET"]}}],"collection":[{"href":"https:\/\/accesolatino.org\/en\/wp-json\/wp\/v2\/posts"}],"about":[{"href":"https:\/\/accesolatino.org\/en\/wp-json\/wp\/v2\/types\/post"}],"author":[{"embeddable":true,"href":"https:\/\/accesolatino.org\/en\/wp-json\/wp\/v2\/users\/13"}],"replies":[{"embeddable":true,"href":"https:\/\/accesolatino.org\/en\/wp-json\/wp\/v2\/comments?post=10997"}],"version-history":[{"count":1,"href":"https:\/\/accesolatino.org\/en\/wp-json\/wp\/v2\/posts\/10997\/revisions"}],"predecessor-version":[{"id":66748,"href":"https:\/\/accesolatino.org\/en\/wp-json\/wp\/v2\/posts\/10997\/revisions\/66748"}],"wp:featuredmedia":[{"embeddable":true,"href":"https:\/\/accesolatino.org\/en\/wp-json\/wp\/v2\/media\/10998"}],"wp:attachment":[{"href":"https:\/\/accesolatino.org\/en\/wp-json\/wp\/v2\/media?parent=10997"}],"wp:term":[{"taxonomy":"category","embeddable":true,"href":"https:\/\/accesolatino.org\/en\/wp-json\/wp\/v2\/categories?post=10997"},{"taxonomy":"post_tag","embeddable":true,"href":"https:\/\/accesolatino.org\/en\/wp-json\/wp\/v2\/tags?post=10997"}],"curies":[{"name":"wp","href":"https:\/\/api.w.org\/{rel}","templated":true}]}}