{"id":10980,"date":"2018-01-19T09:36:01","date_gmt":"2018-01-19T15:36:01","guid":{"rendered":"http:\/\/accesolatino.org\/?p=10980"},"modified":"2025-10-27T13:46:41","modified_gmt":"2025-10-27T19:46:41","slug":"uscis-envia-alerta-de-reinscripcion-a-tps-para-salvadorenos","status":"publish","type":"post","link":"https:\/\/accesolatino.org\/en\/uscis-envia-alerta-de-reinscripcion-a-tps-para-salvadorenos\/noticias\/","title":{"rendered":"USCIS env\u00eda alerta de reinscripci\u00f3n a TPS para salvadore\u00f1os"},"content":{"rendered":"<p>Los interesados deben cumplir con este proceso para quedarse en EEUU hasta 2019 bajo el programa.<\/p>\n<p>Aunque el Estados de Protecci\u00f3n Temporal (TPS) para los salvadore\u00f1os fue concluido, la oficina de Servicios de Ciudadan\u00eda e Inmigraci\u00f3n (USCIS) anunci\u00f3 que los actuales beneficiarios que deseen quedarse en Estados Unidos hasta el 9 de septiembre de 2019 deber\u00e1n renovar sus permisos de estancia.<\/p>\n<p>Los nuevos registros, que beneficiar\u00edan a casi 200,000 ciudadanos de ese pa\u00eds, deben realizarse entre este 18 de enero hasta el 19 de marzo de 2018.<\/p>\n<p>\u201cLos procedimientos de reinscripci\u00f3n, incluida la forma de renovar los documentos de autorizaci\u00f3n de empleo, se han publicado en el <a href=\"https:\/\/www.federalregister.gov\/documents\/2018\/01\/18\/2018-00885\/termination-of-the-designation-of-el-salvador-for-temporary-protected-status\">Registro Federal<\/a>\u201c, indic\u00f3 USCIS y fue confirmado por este diario. \u201cTodos los solicitantes deben presentar el Formulario I-821, Solicitud de Estatus de Protecci\u00f3n Temporal\u201d.<\/p>\n<p>Adicional a su permiso de estancia en el pa\u00eds, los interesados pueden aplicar por un Documento de Autorizaci\u00f3n de Empleo (EAD) enviando un Formulario I-765 completado junto el I-821.<\/p>\n<p>Ambos formularios se pueden descargar gratis en el sitio web de <a href=\"https:\/\/www.uscis.gov\/humanitarian\/temporary-protected-status\">USCIS<\/a>, inform\u00f3 la dependencia que especific\u00f3 que se atender\u00e1n s\u00f3lo las solicitudes que se realicen en las fechas establecidas.<\/p>\n<p>\u201cDados los plazos necesarios para procesar las solicitudes de reinscripci\u00f3n de TPS, USCIS reconoce que no todos los reinscritos recibir\u00e1n nuevos EAD antes de que expiren los actuales, el 9 de marzo de 2018\u201d, indic\u00f3, pero afirm\u00f3 que hay un beneficio adicional .\u201dUSCIS extendi\u00f3 autom\u00e1ticamente la validez de los EAD emitidos y actualmente v\u00e1lido bajo la designaci\u00f3n de TPS de El Salvador por 180 d\u00edas, hasta el 5 de septiembre de 2018\u201d.<\/p>\n<p>La oficina migratoria sugiri\u00f3 a los inmigrantes de El Salvador con TPS a buscar la asesor\u00eda de alg\u00fan abogado, para realizar sus procesos adecuadamente, as\u00ed como explorar otras opciones migratorias aplicables en otros casos.<\/p>\n<p>\u201cLos salvadore\u00f1os con TPS pueden consultar con abogados o practicantes de inmigraci\u00f3n calificados sobre su elegibilidad para otro estado migratorio o beneficio\u201d, indic\u00f3 en un comunicado. \u201c(Incluso) si hay alguna otra acci\u00f3n que deseen tomar con respecto a sus circunstancias migratorias\u201d.<\/p>\n<p>El canciller de El Salvador, Hugo Mart\u00ednez, ya hab\u00eda hecho un llamado a los ciudadanos de su pa\u00eds para estar atentos al aviso de \u201creinscripci\u00f3n\u201d al programa.<\/p>\n<p>\u201cQuiero hacer un llamado urgente (a los compatriotas) para que se preparen para la reinscripci\u00f3n del TPS (\u2026), es importante que tengan listos sus documentos para la reinscripci\u00f3n\u201d, dijo durante una conferencia de prensa.<\/p>\n<p>A pesar de los esfuerzos de activistas y del gobierno de El Salvador, el 8 de enero, la secretaria de Seguridad Nacional, Kirstjen Nielsen, determin\u00f3 que las condiciones legales que respaldan la designaci\u00f3n de TPS para ese pa\u00eds con base en un desastre ambiental ya no se cumpl\u00edan, por lo cual daba por terminado el programa de protecci\u00f3n.<\/p>\n<p><strong>Herramientas de ayuda<\/strong><\/p>\n<ul>\n<li>En esta <a href=\"https:\/\/www.uscis.gov\/humanitarian\/temporary-protected-status\">p\u00e1gina web<\/a> puedes encontrar toda la informaci\u00f3n para el registro de TPS.<\/li>\n<li>Aqu\u00ed puedes consultar la informaci\u00f3n publicada en el <a title=\"\" href=\"https:\/\/www.uscis.gov\/humanitarian\/temporary-protected-status\" target=\"_blank\" rel=\"noopener\">Registro Federal<\/a>.<\/li>\n<\/ul>\n<p><em>Fuente: La Opini\u00f3n<\/em><\/p>","protected":false},"excerpt":{"rendered":"<p>Los interesados deben cumplir con este proceso para quedarse en EEUU hasta 2019 bajo el programa. Aunque el Estados de Protecci\u00f3n Temporal (TPS) para los salvadore\u00f1os fue concluido, la oficina de Servicios de Ciudadan\u00eda e Inmigraci\u00f3n (USCIS) anunci\u00f3 que los actuales beneficiarios que deseen quedarse en Estados Unidos hasta el 9 de septiembre de 2019 deber\u00e1n renovar sus permisos de estancia. Los nuevos registros, que beneficiar\u00edan a casi 200,000 ciudadanos de ese pa\u00eds, deben realizarse entre este 18 de enero hasta el 19 de marzo de 2018. \u201cLos procedimientos de reinscripci\u00f3n, incluida la forma de renovar los documentos de autorizaci\u00f3n de empleo, se han publicado en el Registro Federal\u201c, indic\u00f3 USCIS y fue confirmado por este diario. \u201cTodos los solicitantes deben presentar el Formulario I-821, Solicitud de Estatus de Protecci\u00f3n Temporal\u201d. Adicional a su permiso de estancia en el pa\u00eds, los interesados pueden aplicar por un Documento de Autorizaci\u00f3n de Empleo (EAD) enviando un Formulario I-765 completado junto el I-821. Ambos formularios se pueden descargar gratis en el sitio web de USCIS, inform\u00f3 la dependencia que especific\u00f3 que se atender\u00e1n s\u00f3lo las solicitudes que se realicen en las fechas establecidas. \u201cDados los plazos necesarios para procesar las solicitudes de reinscripci\u00f3n de TPS, USCIS reconoce que no todos los reinscritos recibir\u00e1n nuevos EAD antes de que expiren los actuales, el 9 de marzo de 2018\u201d, indic\u00f3, pero afirm\u00f3 que hay un beneficio adicional .\u201dUSCIS extendi\u00f3 autom\u00e1ticamente la validez de los EAD emitidos y actualmente v\u00e1lido bajo la designaci\u00f3n de TPS de El Salvador por 180 d\u00edas, hasta el 5 de septiembre de 2018\u201d. La oficina migratoria sugiri\u00f3 a los inmigrantes de El Salvador con TPS a buscar la asesor\u00eda de alg\u00fan abogado, para realizar sus procesos adecuadamente, as\u00ed como explorar otras opciones migratorias aplicables en otros casos. \u201cLos salvadore\u00f1os con TPS pueden consultar con abogados o practicantes de inmigraci\u00f3n calificados sobre su elegibilidad para otro estado migratorio o beneficio\u201d, indic\u00f3 en un comunicado. \u201c(Incluso) si hay alguna otra acci\u00f3n que deseen tomar con respecto a sus circunstancias migratorias\u201d. El canciller de El Salvador, Hugo Mart\u00ednez, ya hab\u00eda hecho un llamado a los ciudadanos de su pa\u00eds para estar atentos al aviso de \u201creinscripci\u00f3n\u201d al programa. \u201cQuiero hacer un llamado urgente (a los compatriotas) para que se preparen para la reinscripci\u00f3n del TPS (\u2026), es importante que tengan listos sus documentos para la reinscripci\u00f3n\u201d, dijo durante una conferencia de prensa. A pesar de los esfuerzos de activistas y del gobierno de El Salvador, el 8 de enero, la secretaria de Seguridad Nacional, Kirstjen Nielsen, determin\u00f3 que las condiciones legales que respaldan la designaci\u00f3n de TPS para ese pa\u00eds con base en un desastre ambiental ya no se cumpl\u00edan, por lo cual daba por terminado el programa de protecci\u00f3n. Herramientas de ayuda En esta p\u00e1gina web puedes encontrar toda la informaci\u00f3n para el registro de TPS. Aqu\u00ed puedes consultar la informaci\u00f3n publicada en el Registro Federal. Fuente: La Opini\u00f3n<\/p>","protected":false},"author":13,"featured_media":10981,"comment_status":"open","ping_status":"open","sticky":false,"template":"","format":"standard","meta":{"_uf_show_specific_survey":0,"_uf_disable_surveys":false,"footnotes":""},"categories":[10,1],"tags":[],"class_list":["post-10980","post","type-post","status-publish","format-standard","has-post-thumbnail","hentry","category-noticias","category-temas-de-interes"],"aioseo_notices":[],"yoast_head":"<!-- This site is optimized with the Yoast SEO plugin v27.5 - https:\/\/yoast.com\/product\/yoast-seo-wordpress\/ -->\n<title>USCIS env\u00eda alerta de reinscripci\u00f3n a TPS para salvadore\u00f1os<\/title>\n<meta name=\"description\" content=\"Los interesados deben cumplir con este proceso para quedarse en EEUU hasta 2019 bajo el programa.\" \/>\n<meta name=\"robots\" content=\"index, follow, max-snippet:-1, max-image-preview:large, max-video-preview:-1\" \/>\n<link rel=\"canonical\" href=\"https:\/\/accesolatino.org\/en\/uscis-envia-alerta-de-reinscripcion-a-tps-para-salvadorenos\/noticias\/\" \/>\n<meta property=\"og:locale\" content=\"en_US\" \/>\n<meta property=\"og:type\" content=\"article\" \/>\n<meta property=\"og:title\" content=\"USCIS env\u00eda alerta de reinscripci\u00f3n a TPS para salvadore\u00f1os\" \/>\n<meta property=\"og:description\" content=\"Los interesados deben cumplir con este proceso para quedarse en EEUU hasta 2019 bajo el programa.\" \/>\n<meta property=\"og:url\" content=\"https:\/\/accesolatino.org\/en\/uscis-envia-alerta-de-reinscripcion-a-tps-para-salvadorenos\/noticias\/\" \/>\n<meta property=\"og:site_name\" content=\"Acceso Latino\" \/>\n<meta property=\"article:publisher\" content=\"https:\/\/www.facebook.com\/AccesoLatinoOrg\" \/>\n<meta property=\"article:published_time\" content=\"2018-01-19T15:36:01+00:00\" \/>\n<meta property=\"article:modified_time\" content=\"2025-10-27T19:46:41+00:00\" \/>\n<meta property=\"og:image\" content=\"https:\/\/accesolatino.org\/wp-content\/uploads\/2018\/01\/USCIS-envia-alerta-de-reinscripcion-a-TPS-para-salvadorenos.jpg\" \/>\n\t<meta property=\"og:image:width\" content=\"600\" \/>\n\t<meta property=\"og:image:height\" content=\"338\" \/>\n\t<meta property=\"og:image:type\" content=\"image\/jpeg\" \/>\n<meta name=\"author\" content=\"Noticias\" \/>\n<meta name=\"twitter:card\" content=\"summary_large_image\" \/>\n<meta name=\"twitter:creator\" content=\"@FAccLatino\" \/>\n<meta name=\"twitter:site\" content=\"@FAccLatino\" \/>\n<meta name=\"twitter:label1\" content=\"Written by\" \/>\n\t<meta name=\"twitter:data1\" content=\"Noticias\" \/>\n\t<meta name=\"twitter:label2\" content=\"Est. reading time\" \/>\n\t<meta name=\"twitter:data2\" content=\"3 minutes\" \/>\n<script type=\"application\/ld+json\" class=\"yoast-schema-graph\">{\"@context\":\"https:\\\/\\\/schema.org\",\"@graph\":[{\"@type\":\"Article\",\"@id\":\"https:\\\/\\\/accesolatino.org\\\/uscis-envia-alerta-de-reinscripcion-a-tps-para-salvadorenos\\\/noticias\\\/#article\",\"isPartOf\":{\"@id\":\"https:\\\/\\\/accesolatino.org\\\/uscis-envia-alerta-de-reinscripcion-a-tps-para-salvadorenos\\\/noticias\\\/\"},\"author\":{\"name\":\"Noticias\",\"@id\":\"https:\\\/\\\/accesolatino.org\\\/#\\\/schema\\\/person\\\/57bc3bfd2c357610a5255490ca4cd305\"},\"headline\":\"USCIS env\u00eda alerta de reinscripci\u00f3n a TPS para salvadore\u00f1os\",\"datePublished\":\"2018-01-19T15:36:01+00:00\",\"dateModified\":\"2025-10-27T19:46:41+00:00\",\"mainEntityOfPage\":{\"@id\":\"https:\\\/\\\/accesolatino.org\\\/uscis-envia-alerta-de-reinscripcion-a-tps-para-salvadorenos\\\/noticias\\\/\"},\"wordCount\":523,\"commentCount\":0,\"publisher\":{\"@id\":\"https:\\\/\\\/accesolatino.org\\\/#organization\"},\"image\":{\"@id\":\"https:\\\/\\\/accesolatino.org\\\/uscis-envia-alerta-de-reinscripcion-a-tps-para-salvadorenos\\\/noticias\\\/#primaryimage\"},\"thumbnailUrl\":\"https:\\\/\\\/accesolatino.org\\\/wp-content\\\/uploads\\\/2018\\\/01\\\/USCIS-envia-alerta-de-reinscripcion-a-TPS-para-salvadorenos.jpg\",\"articleSection\":[\"Noticias\",\"Temas de inter\u00e9s\"],\"inLanguage\":\"en-US\",\"potentialAction\":[{\"@type\":\"CommentAction\",\"name\":\"Comment\",\"target\":[\"https:\\\/\\\/accesolatino.org\\\/uscis-envia-alerta-de-reinscripcion-a-tps-para-salvadorenos\\\/noticias\\\/#respond\"]}]},{\"@type\":\"WebPage\",\"@id\":\"https:\\\/\\\/accesolatino.org\\\/uscis-envia-alerta-de-reinscripcion-a-tps-para-salvadorenos\\\/noticias\\\/\",\"url\":\"https:\\\/\\\/accesolatino.org\\\/uscis-envia-alerta-de-reinscripcion-a-tps-para-salvadorenos\\\/noticias\\\/\",\"name\":\"USCIS env\u00eda alerta de reinscripci\u00f3n a TPS para salvadore\u00f1os\",\"isPartOf\":{\"@id\":\"https:\\\/\\\/accesolatino.org\\\/#website\"},\"primaryImageOfPage\":{\"@id\":\"https:\\\/\\\/accesolatino.org\\\/uscis-envia-alerta-de-reinscripcion-a-tps-para-salvadorenos\\\/noticias\\\/#primaryimage\"},\"image\":{\"@id\":\"https:\\\/\\\/accesolatino.org\\\/uscis-envia-alerta-de-reinscripcion-a-tps-para-salvadorenos\\\/noticias\\\/#primaryimage\"},\"thumbnailUrl\":\"https:\\\/\\\/accesolatino.org\\\/wp-content\\\/uploads\\\/2018\\\/01\\\/USCIS-envia-alerta-de-reinscripcion-a-TPS-para-salvadorenos.jpg\",\"datePublished\":\"2018-01-19T15:36:01+00:00\",\"dateModified\":\"2025-10-27T19:46:41+00:00\",\"description\":\"Los interesados deben cumplir con este proceso para quedarse en EEUU hasta 2019 bajo el programa.\",\"breadcrumb\":{\"@id\":\"https:\\\/\\\/accesolatino.org\\\/uscis-envia-alerta-de-reinscripcion-a-tps-para-salvadorenos\\\/noticias\\\/#breadcrumb\"},\"inLanguage\":\"en-US\",\"potentialAction\":[{\"@type\":\"ReadAction\",\"target\":[\"https:\\\/\\\/accesolatino.org\\\/uscis-envia-alerta-de-reinscripcion-a-tps-para-salvadorenos\\\/noticias\\\/\"]}]},{\"@type\":\"ImageObject\",\"inLanguage\":\"en-US\",\"@id\":\"https:\\\/\\\/accesolatino.org\\\/uscis-envia-alerta-de-reinscripcion-a-tps-para-salvadorenos\\\/noticias\\\/#primaryimage\",\"url\":\"https:\\\/\\\/accesolatino.org\\\/wp-content\\\/uploads\\\/2018\\\/01\\\/USCIS-envia-alerta-de-reinscripcion-a-TPS-para-salvadorenos.jpg\",\"contentUrl\":\"https:\\\/\\\/accesolatino.org\\\/wp-content\\\/uploads\\\/2018\\\/01\\\/USCIS-envia-alerta-de-reinscripcion-a-TPS-para-salvadorenos.jpg\",\"width\":\"600\",\"height\":\"338\",\"caption\":\"USCIS-envia-alerta-de-reinscripcion-a-TPS-para-salvadorenos\"},{\"@type\":\"BreadcrumbList\",\"@id\":\"https:\\\/\\\/accesolatino.org\\\/uscis-envia-alerta-de-reinscripcion-a-tps-para-salvadorenos\\\/noticias\\\/#breadcrumb\",\"itemListElement\":[{\"@type\":\"ListItem\",\"position\":1,\"name\":\"Portada\",\"item\":\"https:\\\/\\\/accesolatino.org\\\/\"},{\"@type\":\"ListItem\",\"position\":2,\"name\":\"Noticias\",\"item\":\"https:\\\/\\\/accesolatino.org\\\/category\\\/noticias\\\/\"},{\"@type\":\"ListItem\",\"position\":3,\"name\":\"USCIS env\u00eda alerta de reinscripci\u00f3n a TPS para salvadore\u00f1os\"}]},{\"@type\":\"WebSite\",\"@id\":\"https:\\\/\\\/accesolatino.org\\\/#website\",\"url\":\"https:\\\/\\\/accesolatino.org\\\/\",\"name\":\"Acceso Latino | Fundaci\u00f3n Carlos Slim\",\"description\":\"Fundaci\u00f3n Carlos Slim\",\"publisher\":{\"@id\":\"https:\\\/\\\/accesolatino.org\\\/#organization\"},\"potentialAction\":[{\"@type\":\"SearchAction\",\"target\":{\"@type\":\"EntryPoint\",\"urlTemplate\":\"https:\\\/\\\/accesolatino.org\\\/?s={search_term_string}\"},\"query-input\":{\"@type\":\"PropertyValueSpecification\",\"valueRequired\":true,\"valueName\":\"search_term_string\"}}],\"inLanguage\":\"en-US\"},{\"@type\":\"Organization\",\"@id\":\"https:\\\/\\\/accesolatino.org\\\/#organization\",\"name\":\"Acceso Latino | Fundaci\u00f3n Carlos Slim\",\"url\":\"https:\\\/\\\/accesolatino.org\\\/\",\"logo\":{\"@type\":\"ImageObject\",\"inLanguage\":\"en-US\",\"@id\":\"https:\\\/\\\/accesolatino.org\\\/#\\\/schema\\\/logo\\\/image\\\/\",\"url\":\"https:\\\/\\\/accesolatino.org\\\/wp-content\\\/uploads\\\/2021\\\/02\\\/logo-footer-acceso-latino.png\",\"contentUrl\":\"https:\\\/\\\/accesolatino.org\\\/wp-content\\\/uploads\\\/2021\\\/02\\\/logo-footer-acceso-latino.png\",\"width\":240,\"height\":40,\"caption\":\"Acceso Latino | Fundaci\u00f3n Carlos Slim\"},\"image\":{\"@id\":\"https:\\\/\\\/accesolatino.org\\\/#\\\/schema\\\/logo\\\/image\\\/\"},\"sameAs\":[\"https:\\\/\\\/www.facebook.com\\\/AccesoLatinoOrg\",\"https:\\\/\\\/x.com\\\/FAccLatino\"]},{\"@type\":\"Person\",\"@id\":\"https:\\\/\\\/accesolatino.org\\\/#\\\/schema\\\/person\\\/57bc3bfd2c357610a5255490ca4cd305\",\"name\":\"Noticias\"}]}<\/script>\n<!-- \/ Yoast SEO plugin. -->","yoast_head_json":{"title":"USCIS env\u00eda alerta de reinscripci\u00f3n a TPS para salvadore\u00f1os","description":"Los interesados deben cumplir con este proceso para quedarse en EEUU hasta 2019 bajo el programa.","robots":{"index":"index","follow":"follow","max-snippet":"max-snippet:-1","max-image-preview":"max-image-preview:large","max-video-preview":"max-video-preview:-1"},"canonical":"https:\/\/accesolatino.org\/en\/uscis-envia-alerta-de-reinscripcion-a-tps-para-salvadorenos\/noticias\/","og_locale":"en_US","og_type":"article","og_title":"USCIS env\u00eda alerta de reinscripci\u00f3n a TPS para salvadore\u00f1os","og_description":"Los interesados deben cumplir con este proceso para quedarse en EEUU hasta 2019 bajo el programa.","og_url":"https:\/\/accesolatino.org\/en\/uscis-envia-alerta-de-reinscripcion-a-tps-para-salvadorenos\/noticias\/","og_site_name":"Acceso Latino","article_publisher":"https:\/\/www.facebook.com\/AccesoLatinoOrg","article_published_time":"2018-01-19T15:36:01+00:00","article_modified_time":"2025-10-27T19:46:41+00:00","og_image":[{"width":600,"height":338,"url":"https:\/\/accesolatino.org\/wp-content\/uploads\/2018\/01\/USCIS-envia-alerta-de-reinscripcion-a-TPS-para-salvadorenos.jpg","type":"image\/jpeg"}],"author":"Noticias","twitter_card":"summary_large_image","twitter_creator":"@FAccLatino","twitter_site":"@FAccLatino","twitter_misc":{"Written by":"Noticias","Est. reading time":"3 minutes"},"schema":{"@context":"https:\/\/schema.org","@graph":[{"@type":"Article","@id":"https:\/\/accesolatino.org\/uscis-envia-alerta-de-reinscripcion-a-tps-para-salvadorenos\/noticias\/#article","isPartOf":{"@id":"https:\/\/accesolatino.org\/uscis-envia-alerta-de-reinscripcion-a-tps-para-salvadorenos\/noticias\/"},"author":{"name":"Noticias","@id":"https:\/\/accesolatino.org\/#\/schema\/person\/57bc3bfd2c357610a5255490ca4cd305"},"headline":"USCIS env\u00eda alerta de reinscripci\u00f3n a TPS para salvadore\u00f1os","datePublished":"2018-01-19T15:36:01+00:00","dateModified":"2025-10-27T19:46:41+00:00","mainEntityOfPage":{"@id":"https:\/\/accesolatino.org\/uscis-envia-alerta-de-reinscripcion-a-tps-para-salvadorenos\/noticias\/"},"wordCount":523,"commentCount":0,"publisher":{"@id":"https:\/\/accesolatino.org\/#organization"},"image":{"@id":"https:\/\/accesolatino.org\/uscis-envia-alerta-de-reinscripcion-a-tps-para-salvadorenos\/noticias\/#primaryimage"},"thumbnailUrl":"https:\/\/accesolatino.org\/wp-content\/uploads\/2018\/01\/USCIS-envia-alerta-de-reinscripcion-a-TPS-para-salvadorenos.jpg","articleSection":["Noticias","Temas de inter\u00e9s"],"inLanguage":"en-US","potentialAction":[{"@type":"CommentAction","name":"Comment","target":["https:\/\/accesolatino.org\/uscis-envia-alerta-de-reinscripcion-a-tps-para-salvadorenos\/noticias\/#respond"]}]},{"@type":"WebPage","@id":"https:\/\/accesolatino.org\/uscis-envia-alerta-de-reinscripcion-a-tps-para-salvadorenos\/noticias\/","url":"https:\/\/accesolatino.org\/uscis-envia-alerta-de-reinscripcion-a-tps-para-salvadorenos\/noticias\/","name":"USCIS env\u00eda alerta de reinscripci\u00f3n a TPS para salvadore\u00f1os","isPartOf":{"@id":"https:\/\/accesolatino.org\/#website"},"primaryImageOfPage":{"@id":"https:\/\/accesolatino.org\/uscis-envia-alerta-de-reinscripcion-a-tps-para-salvadorenos\/noticias\/#primaryimage"},"image":{"@id":"https:\/\/accesolatino.org\/uscis-envia-alerta-de-reinscripcion-a-tps-para-salvadorenos\/noticias\/#primaryimage"},"thumbnailUrl":"https:\/\/accesolatino.org\/wp-content\/uploads\/2018\/01\/USCIS-envia-alerta-de-reinscripcion-a-TPS-para-salvadorenos.jpg","datePublished":"2018-01-19T15:36:01+00:00","dateModified":"2025-10-27T19:46:41+00:00","description":"Los interesados deben cumplir con este proceso para quedarse en EEUU hasta 2019 bajo el programa.","breadcrumb":{"@id":"https:\/\/accesolatino.org\/uscis-envia-alerta-de-reinscripcion-a-tps-para-salvadorenos\/noticias\/#breadcrumb"},"inLanguage":"en-US","potentialAction":[{"@type":"ReadAction","target":["https:\/\/accesolatino.org\/uscis-envia-alerta-de-reinscripcion-a-tps-para-salvadorenos\/noticias\/"]}]},{"@type":"ImageObject","inLanguage":"en-US","@id":"https:\/\/accesolatino.org\/uscis-envia-alerta-de-reinscripcion-a-tps-para-salvadorenos\/noticias\/#primaryimage","url":"https:\/\/accesolatino.org\/wp-content\/uploads\/2018\/01\/USCIS-envia-alerta-de-reinscripcion-a-TPS-para-salvadorenos.jpg","contentUrl":"https:\/\/accesolatino.org\/wp-content\/uploads\/2018\/01\/USCIS-envia-alerta-de-reinscripcion-a-TPS-para-salvadorenos.jpg","width":"600","height":"338","caption":"USCIS-envia-alerta-de-reinscripcion-a-TPS-para-salvadorenos"},{"@type":"BreadcrumbList","@id":"https:\/\/accesolatino.org\/uscis-envia-alerta-de-reinscripcion-a-tps-para-salvadorenos\/noticias\/#breadcrumb","itemListElement":[{"@type":"ListItem","position":1,"name":"Portada","item":"https:\/\/accesolatino.org\/"},{"@type":"ListItem","position":2,"name":"Noticias","item":"https:\/\/accesolatino.org\/category\/noticias\/"},{"@type":"ListItem","position":3,"name":"USCIS env\u00eda alerta de reinscripci\u00f3n a TPS para salvadore\u00f1os"}]},{"@type":"WebSite","@id":"https:\/\/accesolatino.org\/#website","url":"https:\/\/accesolatino.org\/","name":"Acceso Latino | Fundaci\u00f3n Carlos Slim","description":"Fundaci\u00f3n Carlos Slim","publisher":{"@id":"https:\/\/accesolatino.org\/#organization"},"potentialAction":[{"@type":"SearchAction","target":{"@type":"EntryPoint","urlTemplate":"https:\/\/accesolatino.org\/?s={search_term_string}"},"query-input":{"@type":"PropertyValueSpecification","valueRequired":true,"valueName":"search_term_string"}}],"inLanguage":"en-US"},{"@type":"Organization","@id":"https:\/\/accesolatino.org\/#organization","name":"Acceso Latino | Fundaci\u00f3n Carlos Slim","url":"https:\/\/accesolatino.org\/","logo":{"@type":"ImageObject","inLanguage":"en-US","@id":"https:\/\/accesolatino.org\/#\/schema\/logo\/image\/","url":"https:\/\/accesolatino.org\/wp-content\/uploads\/2021\/02\/logo-footer-acceso-latino.png","contentUrl":"https:\/\/accesolatino.org\/wp-content\/uploads\/2021\/02\/logo-footer-acceso-latino.png","width":240,"height":40,"caption":"Acceso Latino | Fundaci\u00f3n Carlos Slim"},"image":{"@id":"https:\/\/accesolatino.org\/#\/schema\/logo\/image\/"},"sameAs":["https:\/\/www.facebook.com\/AccesoLatinoOrg","https:\/\/x.com\/FAccLatino"]},{"@type":"Person","@id":"https:\/\/accesolatino.org\/#\/schema\/person\/57bc3bfd2c357610a5255490ca4cd305","name":"News"}]}},"_links":{"self":[{"href":"https:\/\/accesolatino.org\/en\/wp-json\/wp\/v2\/posts\/10980","targetHints":{"allow":["GET"]}}],"collection":[{"href":"https:\/\/accesolatino.org\/en\/wp-json\/wp\/v2\/posts"}],"about":[{"href":"https:\/\/accesolatino.org\/en\/wp-json\/wp\/v2\/types\/post"}],"author":[{"embeddable":true,"href":"https:\/\/accesolatino.org\/en\/wp-json\/wp\/v2\/users\/13"}],"replies":[{"embeddable":true,"href":"https:\/\/accesolatino.org\/en\/wp-json\/wp\/v2\/comments?post=10980"}],"version-history":[{"count":1,"href":"https:\/\/accesolatino.org\/en\/wp-json\/wp\/v2\/posts\/10980\/revisions"}],"predecessor-version":[{"id":66751,"href":"https:\/\/accesolatino.org\/en\/wp-json\/wp\/v2\/posts\/10980\/revisions\/66751"}],"wp:featuredmedia":[{"embeddable":true,"href":"https:\/\/accesolatino.org\/en\/wp-json\/wp\/v2\/media\/10981"}],"wp:attachment":[{"href":"https:\/\/accesolatino.org\/en\/wp-json\/wp\/v2\/media?parent=10980"}],"wp:term":[{"taxonomy":"category","embeddable":true,"href":"https:\/\/accesolatino.org\/en\/wp-json\/wp\/v2\/categories?post=10980"},{"taxonomy":"post_tag","embeddable":true,"href":"https:\/\/accesolatino.org\/en\/wp-json\/wp\/v2\/tags?post=10980"}],"curies":[{"name":"wp","href":"https:\/\/api.w.org\/{rel}","templated":true}]}}