{"id":10973,"date":"2018-01-17T13:16:04","date_gmt":"2018-01-17T19:16:04","guid":{"rendered":"http:\/\/accesolatino.org\/?p=10973"},"modified":"2025-10-27T13:46:52","modified_gmt":"2025-10-27T19:46:52","slug":"senal-de-alivio-para-dacamentados-de-fracasar-las-negociaciones-en-el-congreso","status":"publish","type":"post","link":"https:\/\/accesolatino.org\/en\/senal-de-alivio-para-dacamentados-de-fracasar-las-negociaciones-en-el-congreso\/noticias\/","title":{"rendered":"Se\u00f1al de alivio para DACAmentados de fracasar las negociaciones en el Congreso"},"content":{"rendered":"<p>Directora de DHS dice que &#8220;So\u00f1adores&#8221; no ser\u00edan una prioridad para la deportaci\u00f3n.<\/p>\n<p>Las autoridades migratorias no priorizar\u00e1n las deportaciones de inmigrantes indocumentados que recibieron protecciones bajo el programa de Acci\u00f3n Diferida de la Infancia (DACA), asegur\u00f3 la secretaria del Departamento de Seguridad Nacional, Kirstjen Nielsen.<\/p>\n<p>\u201cNo va a ser una prioridad del Servicio de Inmigraci\u00f3n y Aduanas la expulsi\u00f3n de estas personas\u201d, dijo Nielsen en entrevista con \u201cCBS This Morning\u201d. \u201cLo he dicho antes. Esa no es la pol\u00edtica de DHS.\u201d<\/p>\n<p>\u201cSi usted tiene DACA significa que no ha cometido un crimen, y que de hecho est\u00e1 registrado, usted no es la prioridad de ICE si el programa migratorio llega a terminar\u201d, dijo Nielsen durante la entrevista.<\/p>\n<p>El presidente acab\u00f3 el alivio migratorio instaurado por Obama, que evit\u00f3 la deportaci\u00f3n de cerca de 800,000 j\u00f3venes indocumentados tra\u00eddos a los EEUU como ni\u00f1os.<\/p>\n<p>El problema es que el plazo que otorg\u00f3 el mandam\u00e1s de EUA hasta Marzo de este a\u00f1o para que el Congreso decida el futuro de estos j\u00f3venes, cada vez se ve m\u00e1s cerca sin una soluci\u00f3n s\u00f3lida a la vista.<\/p>\n<p>Es as\u00ed como los dos partidos se encuentran en estos momentos sumidos en una intensa guerra pol\u00edtica para lograr un acuerdo que podr\u00eda proteger a los beneficiarios de DACA, terminando as\u00ed con las preocupaciones entre algunos \u201cso\u00f1adores\u201d que temen la deportaci\u00f3n una vez que termine el programa.<\/p>\n<p>Por su parte el presidente ha dicho que cualquier medida de DACA necesitar\u00e1 estar acompa\u00f1ada de un aumento en la seguridad fronteriza y de fondos para su prometido muro fronterizo entre EEUU y M\u00e9xico.<\/p>\n<p>Nielsen concluy\u00f3 su entrevista para \u201cCBS This Morning\u201d diciendo que espera que los miembros del Congreso lleguen a un acuerdo sobre DACA.<\/p>\n<p><em>Fuente: La Opini\u00f3n<\/em><\/p>","protected":false},"excerpt":{"rendered":"<p>Directora de DHS dice que &#8220;So\u00f1adores&#8221; no ser\u00edan una prioridad para la deportaci\u00f3n. Las autoridades migratorias no priorizar\u00e1n las deportaciones de inmigrantes indocumentados que recibieron protecciones bajo el programa de Acci\u00f3n Diferida de la Infancia (DACA), asegur\u00f3 la secretaria del Departamento de Seguridad Nacional, Kirstjen Nielsen. \u201cNo va a ser una prioridad del Servicio de Inmigraci\u00f3n y Aduanas la expulsi\u00f3n de estas personas\u201d, dijo Nielsen en entrevista con \u201cCBS This Morning\u201d. \u201cLo he dicho antes. Esa no es la pol\u00edtica de DHS.\u201d \u201cSi usted tiene DACA significa que no ha cometido un crimen, y que de hecho est\u00e1 registrado, usted no es la prioridad de ICE si el programa migratorio llega a terminar\u201d, dijo Nielsen durante la entrevista. El presidente acab\u00f3 el alivio migratorio instaurado por Obama, que evit\u00f3 la deportaci\u00f3n de cerca de 800,000 j\u00f3venes indocumentados tra\u00eddos a los EEUU como ni\u00f1os. El problema es que el plazo que otorg\u00f3 el mandam\u00e1s de EUA hasta Marzo de este a\u00f1o para que el Congreso decida el futuro de estos j\u00f3venes, cada vez se ve m\u00e1s cerca sin una soluci\u00f3n s\u00f3lida a la vista. Es as\u00ed como los dos partidos se encuentran en estos momentos sumidos en una intensa guerra pol\u00edtica para lograr un acuerdo que podr\u00eda proteger a los beneficiarios de DACA, terminando as\u00ed con las preocupaciones entre algunos \u201cso\u00f1adores\u201d que temen la deportaci\u00f3n una vez que termine el programa. Por su parte el presidente ha dicho que cualquier medida de DACA necesitar\u00e1 estar acompa\u00f1ada de un aumento en la seguridad fronteriza y de fondos para su prometido muro fronterizo entre EEUU y M\u00e9xico. Nielsen concluy\u00f3 su entrevista para \u201cCBS This Morning\u201d diciendo que espera que los miembros del Congreso lleguen a un acuerdo sobre DACA. Fuente: La Opini\u00f3n<\/p>","protected":false},"author":13,"featured_media":10974,"comment_status":"open","ping_status":"open","sticky":false,"template":"","format":"standard","meta":{"_uf_show_specific_survey":0,"_uf_disable_surveys":false,"footnotes":""},"categories":[10,1],"tags":[],"class_list":["post-10973","post","type-post","status-publish","format-standard","has-post-thumbnail","hentry","category-noticias","category-temas-de-interes"],"aioseo_notices":[],"yoast_head":"<!-- This site is optimized with the Yoast SEO plugin v27.5 - https:\/\/yoast.com\/product\/yoast-seo-wordpress\/ -->\n<title>Se\u00f1al de alivio para DACAmentados de fracasar las negociaciones en el Congreso<\/title>\n<meta name=\"description\" content=\"Directora de DHS dice que &quot;So\u00f1adores&quot; no ser\u00edan una prioridad para la deportaci\u00f3n.\" \/>\n<meta name=\"robots\" content=\"index, follow, max-snippet:-1, max-image-preview:large, max-video-preview:-1\" \/>\n<link rel=\"canonical\" href=\"https:\/\/accesolatino.org\/en\/senal-de-alivio-para-dacamentados-de-fracasar-las-negociaciones-en-el-congreso\/noticias\/\" \/>\n<meta property=\"og:locale\" content=\"en_US\" \/>\n<meta property=\"og:type\" content=\"article\" \/>\n<meta property=\"og:title\" content=\"Se\u00f1al de alivio para DACAmentados de fracasar las negociaciones en el Congreso\" \/>\n<meta property=\"og:description\" content=\"Directora de DHS dice que &quot;So\u00f1adores&quot; no ser\u00edan una prioridad para la deportaci\u00f3n.\" \/>\n<meta property=\"og:url\" content=\"https:\/\/accesolatino.org\/en\/senal-de-alivio-para-dacamentados-de-fracasar-las-negociaciones-en-el-congreso\/noticias\/\" \/>\n<meta property=\"og:site_name\" content=\"Acceso Latino\" \/>\n<meta property=\"article:publisher\" content=\"https:\/\/www.facebook.com\/AccesoLatinoOrg\" \/>\n<meta property=\"article:published_time\" content=\"2018-01-17T19:16:04+00:00\" \/>\n<meta property=\"article:modified_time\" content=\"2025-10-27T19:46:52+00:00\" \/>\n<meta property=\"og:image\" content=\"https:\/\/accesolatino.org\/wp-content\/uploads\/2018\/01\/Senal-de-alivio-para-DACAmentados-de-fracasar-las-negociaciones-en-el-Congreso.jpg\" \/>\n\t<meta property=\"og:image:width\" content=\"600\" \/>\n\t<meta property=\"og:image:height\" content=\"400\" \/>\n\t<meta property=\"og:image:type\" content=\"image\/jpeg\" \/>\n<meta name=\"author\" content=\"Noticias\" \/>\n<meta name=\"twitter:card\" content=\"summary_large_image\" \/>\n<meta name=\"twitter:creator\" content=\"@FAccLatino\" \/>\n<meta name=\"twitter:site\" content=\"@FAccLatino\" \/>\n<meta name=\"twitter:label1\" content=\"Written by\" \/>\n\t<meta name=\"twitter:data1\" content=\"Noticias\" \/>\n\t<meta name=\"twitter:label2\" content=\"Est. reading time\" \/>\n\t<meta name=\"twitter:data2\" content=\"2 minutes\" \/>\n<script type=\"application\/ld+json\" class=\"yoast-schema-graph\">{\"@context\":\"https:\\\/\\\/schema.org\",\"@graph\":[{\"@type\":\"Article\",\"@id\":\"https:\\\/\\\/accesolatino.org\\\/senal-de-alivio-para-dacamentados-de-fracasar-las-negociaciones-en-el-congreso\\\/noticias\\\/#article\",\"isPartOf\":{\"@id\":\"https:\\\/\\\/accesolatino.org\\\/senal-de-alivio-para-dacamentados-de-fracasar-las-negociaciones-en-el-congreso\\\/noticias\\\/\"},\"author\":{\"name\":\"Noticias\",\"@id\":\"https:\\\/\\\/accesolatino.org\\\/#\\\/schema\\\/person\\\/57bc3bfd2c357610a5255490ca4cd305\"},\"headline\":\"Se\u00f1al de alivio para DACAmentados de fracasar las negociaciones en el Congreso\",\"datePublished\":\"2018-01-17T19:16:04+00:00\",\"dateModified\":\"2025-10-27T19:46:52+00:00\",\"mainEntityOfPage\":{\"@id\":\"https:\\\/\\\/accesolatino.org\\\/senal-de-alivio-para-dacamentados-de-fracasar-las-negociaciones-en-el-congreso\\\/noticias\\\/\"},\"wordCount\":326,\"commentCount\":0,\"publisher\":{\"@id\":\"https:\\\/\\\/accesolatino.org\\\/#organization\"},\"image\":{\"@id\":\"https:\\\/\\\/accesolatino.org\\\/senal-de-alivio-para-dacamentados-de-fracasar-las-negociaciones-en-el-congreso\\\/noticias\\\/#primaryimage\"},\"thumbnailUrl\":\"https:\\\/\\\/accesolatino.org\\\/wp-content\\\/uploads\\\/2018\\\/01\\\/Senal-de-alivio-para-DACAmentados-de-fracasar-las-negociaciones-en-el-Congreso.jpg\",\"articleSection\":[\"Noticias\",\"Temas de inter\u00e9s\"],\"inLanguage\":\"en-US\",\"potentialAction\":[{\"@type\":\"CommentAction\",\"name\":\"Comment\",\"target\":[\"https:\\\/\\\/accesolatino.org\\\/senal-de-alivio-para-dacamentados-de-fracasar-las-negociaciones-en-el-congreso\\\/noticias\\\/#respond\"]}]},{\"@type\":\"WebPage\",\"@id\":\"https:\\\/\\\/accesolatino.org\\\/senal-de-alivio-para-dacamentados-de-fracasar-las-negociaciones-en-el-congreso\\\/noticias\\\/\",\"url\":\"https:\\\/\\\/accesolatino.org\\\/senal-de-alivio-para-dacamentados-de-fracasar-las-negociaciones-en-el-congreso\\\/noticias\\\/\",\"name\":\"Se\u00f1al de alivio para DACAmentados de fracasar las negociaciones en el Congreso\",\"isPartOf\":{\"@id\":\"https:\\\/\\\/accesolatino.org\\\/#website\"},\"primaryImageOfPage\":{\"@id\":\"https:\\\/\\\/accesolatino.org\\\/senal-de-alivio-para-dacamentados-de-fracasar-las-negociaciones-en-el-congreso\\\/noticias\\\/#primaryimage\"},\"image\":{\"@id\":\"https:\\\/\\\/accesolatino.org\\\/senal-de-alivio-para-dacamentados-de-fracasar-las-negociaciones-en-el-congreso\\\/noticias\\\/#primaryimage\"},\"thumbnailUrl\":\"https:\\\/\\\/accesolatino.org\\\/wp-content\\\/uploads\\\/2018\\\/01\\\/Senal-de-alivio-para-DACAmentados-de-fracasar-las-negociaciones-en-el-Congreso.jpg\",\"datePublished\":\"2018-01-17T19:16:04+00:00\",\"dateModified\":\"2025-10-27T19:46:52+00:00\",\"description\":\"Directora de DHS dice que \\\"So\u00f1adores\\\" no ser\u00edan una prioridad para la deportaci\u00f3n.\",\"breadcrumb\":{\"@id\":\"https:\\\/\\\/accesolatino.org\\\/senal-de-alivio-para-dacamentados-de-fracasar-las-negociaciones-en-el-congreso\\\/noticias\\\/#breadcrumb\"},\"inLanguage\":\"en-US\",\"potentialAction\":[{\"@type\":\"ReadAction\",\"target\":[\"https:\\\/\\\/accesolatino.org\\\/senal-de-alivio-para-dacamentados-de-fracasar-las-negociaciones-en-el-congreso\\\/noticias\\\/\"]}]},{\"@type\":\"ImageObject\",\"inLanguage\":\"en-US\",\"@id\":\"https:\\\/\\\/accesolatino.org\\\/senal-de-alivio-para-dacamentados-de-fracasar-las-negociaciones-en-el-congreso\\\/noticias\\\/#primaryimage\",\"url\":\"https:\\\/\\\/accesolatino.org\\\/wp-content\\\/uploads\\\/2018\\\/01\\\/Senal-de-alivio-para-DACAmentados-de-fracasar-las-negociaciones-en-el-Congreso.jpg\",\"contentUrl\":\"https:\\\/\\\/accesolatino.org\\\/wp-content\\\/uploads\\\/2018\\\/01\\\/Senal-de-alivio-para-DACAmentados-de-fracasar-las-negociaciones-en-el-Congreso.jpg\",\"width\":\"600\",\"height\":\"400\",\"caption\":\"Senal-de-alivio-para-DACAmentados-de-fracasar-las-negociaciones-en-el-Congreso\"},{\"@type\":\"BreadcrumbList\",\"@id\":\"https:\\\/\\\/accesolatino.org\\\/senal-de-alivio-para-dacamentados-de-fracasar-las-negociaciones-en-el-congreso\\\/noticias\\\/#breadcrumb\",\"itemListElement\":[{\"@type\":\"ListItem\",\"position\":1,\"name\":\"Portada\",\"item\":\"https:\\\/\\\/accesolatino.org\\\/\"},{\"@type\":\"ListItem\",\"position\":2,\"name\":\"Noticias\",\"item\":\"https:\\\/\\\/accesolatino.org\\\/category\\\/noticias\\\/\"},{\"@type\":\"ListItem\",\"position\":3,\"name\":\"Se\u00f1al de alivio para DACAmentados de fracasar las negociaciones en el Congreso\"}]},{\"@type\":\"WebSite\",\"@id\":\"https:\\\/\\\/accesolatino.org\\\/#website\",\"url\":\"https:\\\/\\\/accesolatino.org\\\/\",\"name\":\"Acceso Latino | Fundaci\u00f3n Carlos Slim\",\"description\":\"Fundaci\u00f3n Carlos Slim\",\"publisher\":{\"@id\":\"https:\\\/\\\/accesolatino.org\\\/#organization\"},\"potentialAction\":[{\"@type\":\"SearchAction\",\"target\":{\"@type\":\"EntryPoint\",\"urlTemplate\":\"https:\\\/\\\/accesolatino.org\\\/?s={search_term_string}\"},\"query-input\":{\"@type\":\"PropertyValueSpecification\",\"valueRequired\":true,\"valueName\":\"search_term_string\"}}],\"inLanguage\":\"en-US\"},{\"@type\":\"Organization\",\"@id\":\"https:\\\/\\\/accesolatino.org\\\/#organization\",\"name\":\"Acceso Latino | Fundaci\u00f3n Carlos Slim\",\"url\":\"https:\\\/\\\/accesolatino.org\\\/\",\"logo\":{\"@type\":\"ImageObject\",\"inLanguage\":\"en-US\",\"@id\":\"https:\\\/\\\/accesolatino.org\\\/#\\\/schema\\\/logo\\\/image\\\/\",\"url\":\"https:\\\/\\\/accesolatino.org\\\/wp-content\\\/uploads\\\/2021\\\/02\\\/logo-footer-acceso-latino.png\",\"contentUrl\":\"https:\\\/\\\/accesolatino.org\\\/wp-content\\\/uploads\\\/2021\\\/02\\\/logo-footer-acceso-latino.png\",\"width\":240,\"height\":40,\"caption\":\"Acceso Latino | Fundaci\u00f3n Carlos Slim\"},\"image\":{\"@id\":\"https:\\\/\\\/accesolatino.org\\\/#\\\/schema\\\/logo\\\/image\\\/\"},\"sameAs\":[\"https:\\\/\\\/www.facebook.com\\\/AccesoLatinoOrg\",\"https:\\\/\\\/x.com\\\/FAccLatino\"]},{\"@type\":\"Person\",\"@id\":\"https:\\\/\\\/accesolatino.org\\\/#\\\/schema\\\/person\\\/57bc3bfd2c357610a5255490ca4cd305\",\"name\":\"Noticias\"}]}<\/script>\n<!-- \/ Yoast SEO plugin. -->","yoast_head_json":{"title":"Se\u00f1al de alivio para DACAmentados de fracasar las negociaciones en el Congreso","description":"Directora de DHS dice que \"So\u00f1adores\" no ser\u00edan una prioridad para la deportaci\u00f3n.","robots":{"index":"index","follow":"follow","max-snippet":"max-snippet:-1","max-image-preview":"max-image-preview:large","max-video-preview":"max-video-preview:-1"},"canonical":"https:\/\/accesolatino.org\/en\/senal-de-alivio-para-dacamentados-de-fracasar-las-negociaciones-en-el-congreso\/noticias\/","og_locale":"en_US","og_type":"article","og_title":"Se\u00f1al de alivio para DACAmentados de fracasar las negociaciones en el Congreso","og_description":"Directora de DHS dice que \"So\u00f1adores\" no ser\u00edan una prioridad para la deportaci\u00f3n.","og_url":"https:\/\/accesolatino.org\/en\/senal-de-alivio-para-dacamentados-de-fracasar-las-negociaciones-en-el-congreso\/noticias\/","og_site_name":"Acceso Latino","article_publisher":"https:\/\/www.facebook.com\/AccesoLatinoOrg","article_published_time":"2018-01-17T19:16:04+00:00","article_modified_time":"2025-10-27T19:46:52+00:00","og_image":[{"width":600,"height":400,"url":"https:\/\/accesolatino.org\/wp-content\/uploads\/2018\/01\/Senal-de-alivio-para-DACAmentados-de-fracasar-las-negociaciones-en-el-Congreso.jpg","type":"image\/jpeg"}],"author":"Noticias","twitter_card":"summary_large_image","twitter_creator":"@FAccLatino","twitter_site":"@FAccLatino","twitter_misc":{"Written by":"Noticias","Est. reading time":"2 minutes"},"schema":{"@context":"https:\/\/schema.org","@graph":[{"@type":"Article","@id":"https:\/\/accesolatino.org\/senal-de-alivio-para-dacamentados-de-fracasar-las-negociaciones-en-el-congreso\/noticias\/#article","isPartOf":{"@id":"https:\/\/accesolatino.org\/senal-de-alivio-para-dacamentados-de-fracasar-las-negociaciones-en-el-congreso\/noticias\/"},"author":{"name":"Noticias","@id":"https:\/\/accesolatino.org\/#\/schema\/person\/57bc3bfd2c357610a5255490ca4cd305"},"headline":"Se\u00f1al de alivio para DACAmentados de fracasar las negociaciones en el Congreso","datePublished":"2018-01-17T19:16:04+00:00","dateModified":"2025-10-27T19:46:52+00:00","mainEntityOfPage":{"@id":"https:\/\/accesolatino.org\/senal-de-alivio-para-dacamentados-de-fracasar-las-negociaciones-en-el-congreso\/noticias\/"},"wordCount":326,"commentCount":0,"publisher":{"@id":"https:\/\/accesolatino.org\/#organization"},"image":{"@id":"https:\/\/accesolatino.org\/senal-de-alivio-para-dacamentados-de-fracasar-las-negociaciones-en-el-congreso\/noticias\/#primaryimage"},"thumbnailUrl":"https:\/\/accesolatino.org\/wp-content\/uploads\/2018\/01\/Senal-de-alivio-para-DACAmentados-de-fracasar-las-negociaciones-en-el-Congreso.jpg","articleSection":["Noticias","Temas de inter\u00e9s"],"inLanguage":"en-US","potentialAction":[{"@type":"CommentAction","name":"Comment","target":["https:\/\/accesolatino.org\/senal-de-alivio-para-dacamentados-de-fracasar-las-negociaciones-en-el-congreso\/noticias\/#respond"]}]},{"@type":"WebPage","@id":"https:\/\/accesolatino.org\/senal-de-alivio-para-dacamentados-de-fracasar-las-negociaciones-en-el-congreso\/noticias\/","url":"https:\/\/accesolatino.org\/senal-de-alivio-para-dacamentados-de-fracasar-las-negociaciones-en-el-congreso\/noticias\/","name":"Se\u00f1al de alivio para DACAmentados de fracasar las negociaciones en el Congreso","isPartOf":{"@id":"https:\/\/accesolatino.org\/#website"},"primaryImageOfPage":{"@id":"https:\/\/accesolatino.org\/senal-de-alivio-para-dacamentados-de-fracasar-las-negociaciones-en-el-congreso\/noticias\/#primaryimage"},"image":{"@id":"https:\/\/accesolatino.org\/senal-de-alivio-para-dacamentados-de-fracasar-las-negociaciones-en-el-congreso\/noticias\/#primaryimage"},"thumbnailUrl":"https:\/\/accesolatino.org\/wp-content\/uploads\/2018\/01\/Senal-de-alivio-para-DACAmentados-de-fracasar-las-negociaciones-en-el-Congreso.jpg","datePublished":"2018-01-17T19:16:04+00:00","dateModified":"2025-10-27T19:46:52+00:00","description":"Directora de DHS dice que \"So\u00f1adores\" no ser\u00edan una prioridad para la deportaci\u00f3n.","breadcrumb":{"@id":"https:\/\/accesolatino.org\/senal-de-alivio-para-dacamentados-de-fracasar-las-negociaciones-en-el-congreso\/noticias\/#breadcrumb"},"inLanguage":"en-US","potentialAction":[{"@type":"ReadAction","target":["https:\/\/accesolatino.org\/senal-de-alivio-para-dacamentados-de-fracasar-las-negociaciones-en-el-congreso\/noticias\/"]}]},{"@type":"ImageObject","inLanguage":"en-US","@id":"https:\/\/accesolatino.org\/senal-de-alivio-para-dacamentados-de-fracasar-las-negociaciones-en-el-congreso\/noticias\/#primaryimage","url":"https:\/\/accesolatino.org\/wp-content\/uploads\/2018\/01\/Senal-de-alivio-para-DACAmentados-de-fracasar-las-negociaciones-en-el-Congreso.jpg","contentUrl":"https:\/\/accesolatino.org\/wp-content\/uploads\/2018\/01\/Senal-de-alivio-para-DACAmentados-de-fracasar-las-negociaciones-en-el-Congreso.jpg","width":"600","height":"400","caption":"Senal-de-alivio-para-DACAmentados-de-fracasar-las-negociaciones-en-el-Congreso"},{"@type":"BreadcrumbList","@id":"https:\/\/accesolatino.org\/senal-de-alivio-para-dacamentados-de-fracasar-las-negociaciones-en-el-congreso\/noticias\/#breadcrumb","itemListElement":[{"@type":"ListItem","position":1,"name":"Portada","item":"https:\/\/accesolatino.org\/"},{"@type":"ListItem","position":2,"name":"Noticias","item":"https:\/\/accesolatino.org\/category\/noticias\/"},{"@type":"ListItem","position":3,"name":"Se\u00f1al de alivio para DACAmentados de fracasar las negociaciones en el Congreso"}]},{"@type":"WebSite","@id":"https:\/\/accesolatino.org\/#website","url":"https:\/\/accesolatino.org\/","name":"Acceso Latino | Fundaci\u00f3n Carlos Slim","description":"Fundaci\u00f3n Carlos Slim","publisher":{"@id":"https:\/\/accesolatino.org\/#organization"},"potentialAction":[{"@type":"SearchAction","target":{"@type":"EntryPoint","urlTemplate":"https:\/\/accesolatino.org\/?s={search_term_string}"},"query-input":{"@type":"PropertyValueSpecification","valueRequired":true,"valueName":"search_term_string"}}],"inLanguage":"en-US"},{"@type":"Organization","@id":"https:\/\/accesolatino.org\/#organization","name":"Acceso Latino | Fundaci\u00f3n Carlos Slim","url":"https:\/\/accesolatino.org\/","logo":{"@type":"ImageObject","inLanguage":"en-US","@id":"https:\/\/accesolatino.org\/#\/schema\/logo\/image\/","url":"https:\/\/accesolatino.org\/wp-content\/uploads\/2021\/02\/logo-footer-acceso-latino.png","contentUrl":"https:\/\/accesolatino.org\/wp-content\/uploads\/2021\/02\/logo-footer-acceso-latino.png","width":240,"height":40,"caption":"Acceso Latino | Fundaci\u00f3n Carlos Slim"},"image":{"@id":"https:\/\/accesolatino.org\/#\/schema\/logo\/image\/"},"sameAs":["https:\/\/www.facebook.com\/AccesoLatinoOrg","https:\/\/x.com\/FAccLatino"]},{"@type":"Person","@id":"https:\/\/accesolatino.org\/#\/schema\/person\/57bc3bfd2c357610a5255490ca4cd305","name":"News"}]}},"_links":{"self":[{"href":"https:\/\/accesolatino.org\/en\/wp-json\/wp\/v2\/posts\/10973","targetHints":{"allow":["GET"]}}],"collection":[{"href":"https:\/\/accesolatino.org\/en\/wp-json\/wp\/v2\/posts"}],"about":[{"href":"https:\/\/accesolatino.org\/en\/wp-json\/wp\/v2\/types\/post"}],"author":[{"embeddable":true,"href":"https:\/\/accesolatino.org\/en\/wp-json\/wp\/v2\/users\/13"}],"replies":[{"embeddable":true,"href":"https:\/\/accesolatino.org\/en\/wp-json\/wp\/v2\/comments?post=10973"}],"version-history":[{"count":1,"href":"https:\/\/accesolatino.org\/en\/wp-json\/wp\/v2\/posts\/10973\/revisions"}],"predecessor-version":[{"id":66753,"href":"https:\/\/accesolatino.org\/en\/wp-json\/wp\/v2\/posts\/10973\/revisions\/66753"}],"wp:featuredmedia":[{"embeddable":true,"href":"https:\/\/accesolatino.org\/en\/wp-json\/wp\/v2\/media\/10974"}],"wp:attachment":[{"href":"https:\/\/accesolatino.org\/en\/wp-json\/wp\/v2\/media?parent=10973"}],"wp:term":[{"taxonomy":"category","embeddable":true,"href":"https:\/\/accesolatino.org\/en\/wp-json\/wp\/v2\/categories?post=10973"},{"taxonomy":"post_tag","embeddable":true,"href":"https:\/\/accesolatino.org\/en\/wp-json\/wp\/v2\/tags?post=10973"}],"curies":[{"name":"wp","href":"https:\/\/api.w.org\/{rel}","templated":true}]}}