{"id":10967,"date":"2018-01-15T11:36:11","date_gmt":"2018-01-15T17:36:11","guid":{"rendered":"http:\/\/accesolatino.org\/?p=10967"},"modified":"2025-10-27T13:47:04","modified_gmt":"2025-10-27T19:47:04","slug":"fundador-de-amazon-dona-33-millones-para-que-dreamers-vayan-a-la-universidad","status":"publish","type":"post","link":"https:\/\/accesolatino.org\/en\/fundador-de-amazon-dona-33-millones-para-que-dreamers-vayan-a-la-universidad\/noticias\/","title":{"rendered":"Fundador de Amazon dona $33 millones para que \u201cDreamers\u201d vayan a la universidad"},"content":{"rendered":"<p>Jeff Bezos es el hombre m\u00e1s rico del mundo y con su apoyo se beneficiar\u00e1n un sinf\u00edn de j\u00f3venes indocumentados.<\/p>\n<p>El fundador y director ejecutivo de Amazon, <strong>Jeff Bezos<\/strong>, y su esposa, la escritora <strong>MacKenzie Bezos<\/strong>, donar\u00e1n $33 millones para financiar la educaci\u00f3n universitaria de 1,000 \u201cDreamers\u201d, inform\u00f3 la organizaci\u00f3n que provee estas ayudas.<\/p>\n<p>El donativo de Bezos, el hombre m\u00e1s rico del mundo, es la mayor contribuci\u00f3n que <a title=\"\" href=\"http:\/\/www.thedream.us\/\" target=\"_blank\" rel=\"noopener\">TheDream.US<\/a>, un grupo sin \u00e1nimo de lucro que costea estudios universitarios de los tambi\u00e9n llamados \u201cso\u00f1adores\u201d, ha recibido desde que se fund\u00f3 en 2013.<\/p>\n<p>Un millar de indocumentados que se graduaron en la escuela siendo beneficiarios del programa de <strong>Acci\u00f3n Diferida para los Llegados en la Infancia (DACA),<\/strong> recibir\u00e1n una ayuda de $33,000 d\u00f3lares para acceder a la universidad.<\/p>\n<p>\u201cMi padre (en referencia a su padrastro, el cubano Miguel Bezos) aterriz\u00f3 en este pa\u00eds solo, sin hablar ingl\u00e9s. Con mucha determinaci\u00f3n y la ayuda de algunas organizaciones de Delaware se convirti\u00f3 en un ciudadano sobresaliente y contin\u00faa devolviendo lo que el pa\u00eds le bendijo en tantos sentidos\u201d, afirm\u00f3 Bezos en un comunicado.<\/p>\n<p>De este modo, Bezos y su mujer aseguran sentirse \u201chonrados\u201d de poder ayudar a los \u201cDreamers\u201d a trav\u00e9s de la financiaci\u00f3n de estas becas educativas.<\/p>\n<p>Los cerca de 800,000 \u201cso\u00f1adores\u201d que en 2012 recibieron el amparo migratorio que les ofreci\u00f3 el entonces presidente Barack Obama, enfrentan ahora la incertidumbre del cierre de este programa por parte del actual mandatario, el pr\u00f3ximo 5 de marzo.<\/p>\n<p>El presidente de Estados Unidos y congresistas discuten estos d\u00edas una ley que d\u00e9 estatus migratorio permanente a estos j\u00f3venes indocumentados, que llegaron al pa\u00eds de ni\u00f1os a cambio de medidas y fondos para aumentar la lucha contra la inmigraci\u00f3n ilegal y la seguridad fronteriza, incluido el pol\u00e9mico muro en la frontera con M\u00e9xico.<\/p>\n<p><strong>Candy Marshall<\/strong>, presidenta de <a href=\"http:\/\/www.thedream.us\/\">TheDream.US.<\/a>, dijo que sus estudiantes est\u00e1n \u201caltamente motivados y decididos a tener \u00e9xito en la universidad y en la vida\u201d, y detall\u00f3 que esperan una tasa de graduaci\u00f3n del 75 % para aquellos estudiantes que acabar\u00e1n los estudios este a\u00f1o.<\/p>\n<p>\u201cEsto es extraordinario para cualquier estudiante. Extraordinario para las universidades a las que asisten, y extraordinario para estudiantes de familias de bajos ingresos en particular\u201d, asegur\u00f3 Marshall.<\/p>\n<p>Un total de 2,850 j\u00f3venes cursan actualmente estudios superiores bajo el programa de TheDream.US, que tiene convenios con 70 universidades de bajo coste en 15 estados del pa\u00eds.<\/p>\n<p><em>Fuente: EFE<\/em><\/p>","protected":false},"excerpt":{"rendered":"<p>Jeff Bezos es el hombre m\u00e1s rico del mundo y con su apoyo se beneficiar\u00e1n un sinf\u00edn de j\u00f3venes indocumentados. El fundador y director ejecutivo de Amazon, Jeff Bezos, y su esposa, la escritora MacKenzie Bezos, donar\u00e1n $33 millones para financiar la educaci\u00f3n universitaria de 1,000 \u201cDreamers\u201d, inform\u00f3 la organizaci\u00f3n que provee estas ayudas. El donativo de Bezos, el hombre m\u00e1s rico del mundo, es la mayor contribuci\u00f3n que TheDream.US, un grupo sin \u00e1nimo de lucro que costea estudios universitarios de los tambi\u00e9n llamados \u201cso\u00f1adores\u201d, ha recibido desde que se fund\u00f3 en 2013. Un millar de indocumentados que se graduaron en la escuela siendo beneficiarios del programa de Acci\u00f3n Diferida para los Llegados en la Infancia (DACA), recibir\u00e1n una ayuda de $33,000 d\u00f3lares para acceder a la universidad. \u201cMi padre (en referencia a su padrastro, el cubano Miguel Bezos) aterriz\u00f3 en este pa\u00eds solo, sin hablar ingl\u00e9s. Con mucha determinaci\u00f3n y la ayuda de algunas organizaciones de Delaware se convirti\u00f3 en un ciudadano sobresaliente y contin\u00faa devolviendo lo que el pa\u00eds le bendijo en tantos sentidos\u201d, afirm\u00f3 Bezos en un comunicado. De este modo, Bezos y su mujer aseguran sentirse \u201chonrados\u201d de poder ayudar a los \u201cDreamers\u201d a trav\u00e9s de la financiaci\u00f3n de estas becas educativas. Los cerca de 800,000 \u201cso\u00f1adores\u201d que en 2012 recibieron el amparo migratorio que les ofreci\u00f3 el entonces presidente Barack Obama, enfrentan ahora la incertidumbre del cierre de este programa por parte del actual mandatario, el pr\u00f3ximo 5 de marzo. El presidente de Estados Unidos y congresistas discuten estos d\u00edas una ley que d\u00e9 estatus migratorio permanente a estos j\u00f3venes indocumentados, que llegaron al pa\u00eds de ni\u00f1os a cambio de medidas y fondos para aumentar la lucha contra la inmigraci\u00f3n ilegal y la seguridad fronteriza, incluido el pol\u00e9mico muro en la frontera con M\u00e9xico. Candy Marshall, presidenta de TheDream.US., dijo que sus estudiantes est\u00e1n \u201caltamente motivados y decididos a tener \u00e9xito en la universidad y en la vida\u201d, y detall\u00f3 que esperan una tasa de graduaci\u00f3n del 75 % para aquellos estudiantes que acabar\u00e1n los estudios este a\u00f1o. \u201cEsto es extraordinario para cualquier estudiante. Extraordinario para las universidades a las que asisten, y extraordinario para estudiantes de familias de bajos ingresos en particular\u201d, asegur\u00f3 Marshall. Un total de 2,850 j\u00f3venes cursan actualmente estudios superiores bajo el programa de TheDream.US, que tiene convenios con 70 universidades de bajo coste en 15 estados del pa\u00eds. Fuente: EFE<\/p>","protected":false},"author":13,"featured_media":10969,"comment_status":"open","ping_status":"open","sticky":false,"template":"","format":"standard","meta":{"_uf_show_specific_survey":0,"_uf_disable_surveys":false,"footnotes":""},"categories":[10,1],"tags":[],"class_list":["post-10967","post","type-post","status-publish","format-standard","has-post-thumbnail","hentry","category-noticias","category-temas-de-interes"],"aioseo_notices":[],"yoast_head":"<!-- This site is optimized with the Yoast SEO plugin v27.5 - https:\/\/yoast.com\/product\/yoast-seo-wordpress\/ -->\n<title>Fundador de Amazon dona $33 millones para que \u201cDreamers\u201d vayan a la universidad<\/title>\n<meta name=\"description\" content=\"El fundador y director ejecutivo de Amazon, Jeff Bezos, y su esposa, la escritora MacKenzie Bezos, donar\u00e1n $33 millones para financiar la educaci\u00f3n universitaria de 1,000 \u201cDreamers\u201d, inform\u00f3 la organizaci\u00f3n que provee estas ayudas.\" \/>\n<meta name=\"robots\" content=\"index, follow, max-snippet:-1, max-image-preview:large, max-video-preview:-1\" \/>\n<link rel=\"canonical\" href=\"https:\/\/accesolatino.org\/en\/fundador-de-amazon-dona-33-millones-para-que-dreamers-vayan-a-la-universidad\/noticias\/\" \/>\n<meta property=\"og:locale\" content=\"en_US\" \/>\n<meta property=\"og:type\" content=\"article\" \/>\n<meta property=\"og:title\" content=\"Fundador de Amazon dona $33 millones para que \u201cDreamers\u201d vayan a la universidad\" \/>\n<meta property=\"og:description\" content=\"El fundador y director ejecutivo de Amazon, Jeff Bezos, y su esposa, la escritora MacKenzie Bezos, donar\u00e1n $33 millones para financiar la educaci\u00f3n universitaria de 1,000 \u201cDreamers\u201d, inform\u00f3 la organizaci\u00f3n que provee estas ayudas.\" \/>\n<meta property=\"og:url\" content=\"https:\/\/accesolatino.org\/en\/fundador-de-amazon-dona-33-millones-para-que-dreamers-vayan-a-la-universidad\/noticias\/\" \/>\n<meta property=\"og:site_name\" content=\"Acceso Latino\" \/>\n<meta property=\"article:publisher\" content=\"https:\/\/www.facebook.com\/AccesoLatinoOrg\" \/>\n<meta property=\"article:published_time\" content=\"2018-01-15T17:36:11+00:00\" \/>\n<meta property=\"article:modified_time\" content=\"2025-10-27T19:47:04+00:00\" \/>\n<meta property=\"og:image\" content=\"https:\/\/accesolatino.org\/wp-content\/uploads\/2018\/01\/Fundador-de-Amazon-dona-33-millones-para-que-Dreamers-vayan-a-la-universidad.jpg\" \/>\n\t<meta property=\"og:image:width\" content=\"600\" \/>\n\t<meta property=\"og:image:height\" content=\"373\" \/>\n\t<meta property=\"og:image:type\" content=\"image\/jpeg\" \/>\n<meta name=\"author\" content=\"Noticias\" \/>\n<meta name=\"twitter:card\" content=\"summary_large_image\" \/>\n<meta name=\"twitter:creator\" content=\"@FAccLatino\" \/>\n<meta name=\"twitter:site\" content=\"@FAccLatino\" \/>\n<meta name=\"twitter:label1\" content=\"Written by\" \/>\n\t<meta name=\"twitter:data1\" content=\"Noticias\" \/>\n\t<meta name=\"twitter:label2\" content=\"Est. reading time\" \/>\n\t<meta name=\"twitter:data2\" content=\"3 minutes\" \/>\n<script type=\"application\/ld+json\" class=\"yoast-schema-graph\">{\"@context\":\"https:\\\/\\\/schema.org\",\"@graph\":[{\"@type\":\"Article\",\"@id\":\"https:\\\/\\\/accesolatino.org\\\/fundador-de-amazon-dona-33-millones-para-que-dreamers-vayan-a-la-universidad\\\/noticias\\\/#article\",\"isPartOf\":{\"@id\":\"https:\\\/\\\/accesolatino.org\\\/fundador-de-amazon-dona-33-millones-para-que-dreamers-vayan-a-la-universidad\\\/noticias\\\/\"},\"author\":{\"name\":\"Noticias\",\"@id\":\"https:\\\/\\\/accesolatino.org\\\/#\\\/schema\\\/person\\\/57bc3bfd2c357610a5255490ca4cd305\"},\"headline\":\"Fundador de Amazon dona $33 millones para que \u201cDreamers\u201d vayan a la universidad\",\"datePublished\":\"2018-01-15T17:36:11+00:00\",\"dateModified\":\"2025-10-27T19:47:04+00:00\",\"mainEntityOfPage\":{\"@id\":\"https:\\\/\\\/accesolatino.org\\\/fundador-de-amazon-dona-33-millones-para-que-dreamers-vayan-a-la-universidad\\\/noticias\\\/\"},\"wordCount\":439,\"commentCount\":0,\"publisher\":{\"@id\":\"https:\\\/\\\/accesolatino.org\\\/#organization\"},\"image\":{\"@id\":\"https:\\\/\\\/accesolatino.org\\\/fundador-de-amazon-dona-33-millones-para-que-dreamers-vayan-a-la-universidad\\\/noticias\\\/#primaryimage\"},\"thumbnailUrl\":\"https:\\\/\\\/accesolatino.org\\\/wp-content\\\/uploads\\\/2018\\\/01\\\/Fundador-de-Amazon-dona-33-millones-para-que-Dreamers-vayan-a-la-universidad.jpg\",\"articleSection\":[\"Noticias\",\"Temas de inter\u00e9s\"],\"inLanguage\":\"en-US\",\"potentialAction\":[{\"@type\":\"CommentAction\",\"name\":\"Comment\",\"target\":[\"https:\\\/\\\/accesolatino.org\\\/fundador-de-amazon-dona-33-millones-para-que-dreamers-vayan-a-la-universidad\\\/noticias\\\/#respond\"]}]},{\"@type\":\"WebPage\",\"@id\":\"https:\\\/\\\/accesolatino.org\\\/fundador-de-amazon-dona-33-millones-para-que-dreamers-vayan-a-la-universidad\\\/noticias\\\/\",\"url\":\"https:\\\/\\\/accesolatino.org\\\/fundador-de-amazon-dona-33-millones-para-que-dreamers-vayan-a-la-universidad\\\/noticias\\\/\",\"name\":\"Fundador de Amazon dona $33 millones para que \u201cDreamers\u201d vayan a la universidad\",\"isPartOf\":{\"@id\":\"https:\\\/\\\/accesolatino.org\\\/#website\"},\"primaryImageOfPage\":{\"@id\":\"https:\\\/\\\/accesolatino.org\\\/fundador-de-amazon-dona-33-millones-para-que-dreamers-vayan-a-la-universidad\\\/noticias\\\/#primaryimage\"},\"image\":{\"@id\":\"https:\\\/\\\/accesolatino.org\\\/fundador-de-amazon-dona-33-millones-para-que-dreamers-vayan-a-la-universidad\\\/noticias\\\/#primaryimage\"},\"thumbnailUrl\":\"https:\\\/\\\/accesolatino.org\\\/wp-content\\\/uploads\\\/2018\\\/01\\\/Fundador-de-Amazon-dona-33-millones-para-que-Dreamers-vayan-a-la-universidad.jpg\",\"datePublished\":\"2018-01-15T17:36:11+00:00\",\"dateModified\":\"2025-10-27T19:47:04+00:00\",\"description\":\"El fundador y director ejecutivo de Amazon, Jeff Bezos, y su esposa, la escritora MacKenzie Bezos, donar\u00e1n $33 millones para financiar la educaci\u00f3n universitaria de 1,000 \u201cDreamers\u201d, inform\u00f3 la organizaci\u00f3n que provee estas ayudas.\",\"breadcrumb\":{\"@id\":\"https:\\\/\\\/accesolatino.org\\\/fundador-de-amazon-dona-33-millones-para-que-dreamers-vayan-a-la-universidad\\\/noticias\\\/#breadcrumb\"},\"inLanguage\":\"en-US\",\"potentialAction\":[{\"@type\":\"ReadAction\",\"target\":[\"https:\\\/\\\/accesolatino.org\\\/fundador-de-amazon-dona-33-millones-para-que-dreamers-vayan-a-la-universidad\\\/noticias\\\/\"]}]},{\"@type\":\"ImageObject\",\"inLanguage\":\"en-US\",\"@id\":\"https:\\\/\\\/accesolatino.org\\\/fundador-de-amazon-dona-33-millones-para-que-dreamers-vayan-a-la-universidad\\\/noticias\\\/#primaryimage\",\"url\":\"https:\\\/\\\/accesolatino.org\\\/wp-content\\\/uploads\\\/2018\\\/01\\\/Fundador-de-Amazon-dona-33-millones-para-que-Dreamers-vayan-a-la-universidad.jpg\",\"contentUrl\":\"https:\\\/\\\/accesolatino.org\\\/wp-content\\\/uploads\\\/2018\\\/01\\\/Fundador-de-Amazon-dona-33-millones-para-que-Dreamers-vayan-a-la-universidad.jpg\",\"width\":\"600\",\"height\":\"373\",\"caption\":\"Fundador-de-Amazon-dona-33-millones-para-que-Dreamers-vayan-a-la-universidad\"},{\"@type\":\"BreadcrumbList\",\"@id\":\"https:\\\/\\\/accesolatino.org\\\/fundador-de-amazon-dona-33-millones-para-que-dreamers-vayan-a-la-universidad\\\/noticias\\\/#breadcrumb\",\"itemListElement\":[{\"@type\":\"ListItem\",\"position\":1,\"name\":\"Portada\",\"item\":\"https:\\\/\\\/accesolatino.org\\\/\"},{\"@type\":\"ListItem\",\"position\":2,\"name\":\"Noticias\",\"item\":\"https:\\\/\\\/accesolatino.org\\\/category\\\/noticias\\\/\"},{\"@type\":\"ListItem\",\"position\":3,\"name\":\"Fundador de Amazon dona $33 millones para que \u201cDreamers\u201d vayan a la universidad\"}]},{\"@type\":\"WebSite\",\"@id\":\"https:\\\/\\\/accesolatino.org\\\/#website\",\"url\":\"https:\\\/\\\/accesolatino.org\\\/\",\"name\":\"Acceso Latino | Fundaci\u00f3n Carlos Slim\",\"description\":\"Fundaci\u00f3n Carlos Slim\",\"publisher\":{\"@id\":\"https:\\\/\\\/accesolatino.org\\\/#organization\"},\"potentialAction\":[{\"@type\":\"SearchAction\",\"target\":{\"@type\":\"EntryPoint\",\"urlTemplate\":\"https:\\\/\\\/accesolatino.org\\\/?s={search_term_string}\"},\"query-input\":{\"@type\":\"PropertyValueSpecification\",\"valueRequired\":true,\"valueName\":\"search_term_string\"}}],\"inLanguage\":\"en-US\"},{\"@type\":\"Organization\",\"@id\":\"https:\\\/\\\/accesolatino.org\\\/#organization\",\"name\":\"Acceso Latino | Fundaci\u00f3n Carlos Slim\",\"url\":\"https:\\\/\\\/accesolatino.org\\\/\",\"logo\":{\"@type\":\"ImageObject\",\"inLanguage\":\"en-US\",\"@id\":\"https:\\\/\\\/accesolatino.org\\\/#\\\/schema\\\/logo\\\/image\\\/\",\"url\":\"https:\\\/\\\/accesolatino.org\\\/wp-content\\\/uploads\\\/2021\\\/02\\\/logo-footer-acceso-latino.png\",\"contentUrl\":\"https:\\\/\\\/accesolatino.org\\\/wp-content\\\/uploads\\\/2021\\\/02\\\/logo-footer-acceso-latino.png\",\"width\":240,\"height\":40,\"caption\":\"Acceso Latino | Fundaci\u00f3n Carlos Slim\"},\"image\":{\"@id\":\"https:\\\/\\\/accesolatino.org\\\/#\\\/schema\\\/logo\\\/image\\\/\"},\"sameAs\":[\"https:\\\/\\\/www.facebook.com\\\/AccesoLatinoOrg\",\"https:\\\/\\\/x.com\\\/FAccLatino\"]},{\"@type\":\"Person\",\"@id\":\"https:\\\/\\\/accesolatino.org\\\/#\\\/schema\\\/person\\\/57bc3bfd2c357610a5255490ca4cd305\",\"name\":\"Noticias\"}]}<\/script>\n<!-- \/ Yoast SEO plugin. -->","yoast_head_json":{"title":"Fundador de Amazon dona $33 millones para que \u201cDreamers\u201d vayan a la universidad","description":"El fundador y director ejecutivo de Amazon, Jeff Bezos, y su esposa, la escritora MacKenzie Bezos, donar\u00e1n $33 millones para financiar la educaci\u00f3n universitaria de 1,000 \u201cDreamers\u201d, inform\u00f3 la organizaci\u00f3n que provee estas ayudas.","robots":{"index":"index","follow":"follow","max-snippet":"max-snippet:-1","max-image-preview":"max-image-preview:large","max-video-preview":"max-video-preview:-1"},"canonical":"https:\/\/accesolatino.org\/en\/fundador-de-amazon-dona-33-millones-para-que-dreamers-vayan-a-la-universidad\/noticias\/","og_locale":"en_US","og_type":"article","og_title":"Fundador de Amazon dona $33 millones para que \u201cDreamers\u201d vayan a la universidad","og_description":"El fundador y director ejecutivo de Amazon, Jeff Bezos, y su esposa, la escritora MacKenzie Bezos, donar\u00e1n $33 millones para financiar la educaci\u00f3n universitaria de 1,000 \u201cDreamers\u201d, inform\u00f3 la organizaci\u00f3n que provee estas ayudas.","og_url":"https:\/\/accesolatino.org\/en\/fundador-de-amazon-dona-33-millones-para-que-dreamers-vayan-a-la-universidad\/noticias\/","og_site_name":"Acceso Latino","article_publisher":"https:\/\/www.facebook.com\/AccesoLatinoOrg","article_published_time":"2018-01-15T17:36:11+00:00","article_modified_time":"2025-10-27T19:47:04+00:00","og_image":[{"width":600,"height":373,"url":"https:\/\/accesolatino.org\/wp-content\/uploads\/2018\/01\/Fundador-de-Amazon-dona-33-millones-para-que-Dreamers-vayan-a-la-universidad.jpg","type":"image\/jpeg"}],"author":"Noticias","twitter_card":"summary_large_image","twitter_creator":"@FAccLatino","twitter_site":"@FAccLatino","twitter_misc":{"Written by":"Noticias","Est. reading time":"3 minutes"},"schema":{"@context":"https:\/\/schema.org","@graph":[{"@type":"Article","@id":"https:\/\/accesolatino.org\/fundador-de-amazon-dona-33-millones-para-que-dreamers-vayan-a-la-universidad\/noticias\/#article","isPartOf":{"@id":"https:\/\/accesolatino.org\/fundador-de-amazon-dona-33-millones-para-que-dreamers-vayan-a-la-universidad\/noticias\/"},"author":{"name":"Noticias","@id":"https:\/\/accesolatino.org\/#\/schema\/person\/57bc3bfd2c357610a5255490ca4cd305"},"headline":"Fundador de Amazon dona $33 millones para que \u201cDreamers\u201d vayan a la universidad","datePublished":"2018-01-15T17:36:11+00:00","dateModified":"2025-10-27T19:47:04+00:00","mainEntityOfPage":{"@id":"https:\/\/accesolatino.org\/fundador-de-amazon-dona-33-millones-para-que-dreamers-vayan-a-la-universidad\/noticias\/"},"wordCount":439,"commentCount":0,"publisher":{"@id":"https:\/\/accesolatino.org\/#organization"},"image":{"@id":"https:\/\/accesolatino.org\/fundador-de-amazon-dona-33-millones-para-que-dreamers-vayan-a-la-universidad\/noticias\/#primaryimage"},"thumbnailUrl":"https:\/\/accesolatino.org\/wp-content\/uploads\/2018\/01\/Fundador-de-Amazon-dona-33-millones-para-que-Dreamers-vayan-a-la-universidad.jpg","articleSection":["Noticias","Temas de inter\u00e9s"],"inLanguage":"en-US","potentialAction":[{"@type":"CommentAction","name":"Comment","target":["https:\/\/accesolatino.org\/fundador-de-amazon-dona-33-millones-para-que-dreamers-vayan-a-la-universidad\/noticias\/#respond"]}]},{"@type":"WebPage","@id":"https:\/\/accesolatino.org\/fundador-de-amazon-dona-33-millones-para-que-dreamers-vayan-a-la-universidad\/noticias\/","url":"https:\/\/accesolatino.org\/fundador-de-amazon-dona-33-millones-para-que-dreamers-vayan-a-la-universidad\/noticias\/","name":"Fundador de Amazon dona $33 millones para que \u201cDreamers\u201d vayan a la universidad","isPartOf":{"@id":"https:\/\/accesolatino.org\/#website"},"primaryImageOfPage":{"@id":"https:\/\/accesolatino.org\/fundador-de-amazon-dona-33-millones-para-que-dreamers-vayan-a-la-universidad\/noticias\/#primaryimage"},"image":{"@id":"https:\/\/accesolatino.org\/fundador-de-amazon-dona-33-millones-para-que-dreamers-vayan-a-la-universidad\/noticias\/#primaryimage"},"thumbnailUrl":"https:\/\/accesolatino.org\/wp-content\/uploads\/2018\/01\/Fundador-de-Amazon-dona-33-millones-para-que-Dreamers-vayan-a-la-universidad.jpg","datePublished":"2018-01-15T17:36:11+00:00","dateModified":"2025-10-27T19:47:04+00:00","description":"El fundador y director ejecutivo de Amazon, Jeff Bezos, y su esposa, la escritora MacKenzie Bezos, donar\u00e1n $33 millones para financiar la educaci\u00f3n universitaria de 1,000 \u201cDreamers\u201d, inform\u00f3 la organizaci\u00f3n que provee estas ayudas.","breadcrumb":{"@id":"https:\/\/accesolatino.org\/fundador-de-amazon-dona-33-millones-para-que-dreamers-vayan-a-la-universidad\/noticias\/#breadcrumb"},"inLanguage":"en-US","potentialAction":[{"@type":"ReadAction","target":["https:\/\/accesolatino.org\/fundador-de-amazon-dona-33-millones-para-que-dreamers-vayan-a-la-universidad\/noticias\/"]}]},{"@type":"ImageObject","inLanguage":"en-US","@id":"https:\/\/accesolatino.org\/fundador-de-amazon-dona-33-millones-para-que-dreamers-vayan-a-la-universidad\/noticias\/#primaryimage","url":"https:\/\/accesolatino.org\/wp-content\/uploads\/2018\/01\/Fundador-de-Amazon-dona-33-millones-para-que-Dreamers-vayan-a-la-universidad.jpg","contentUrl":"https:\/\/accesolatino.org\/wp-content\/uploads\/2018\/01\/Fundador-de-Amazon-dona-33-millones-para-que-Dreamers-vayan-a-la-universidad.jpg","width":"600","height":"373","caption":"Fundador-de-Amazon-dona-33-millones-para-que-Dreamers-vayan-a-la-universidad"},{"@type":"BreadcrumbList","@id":"https:\/\/accesolatino.org\/fundador-de-amazon-dona-33-millones-para-que-dreamers-vayan-a-la-universidad\/noticias\/#breadcrumb","itemListElement":[{"@type":"ListItem","position":1,"name":"Portada","item":"https:\/\/accesolatino.org\/"},{"@type":"ListItem","position":2,"name":"Noticias","item":"https:\/\/accesolatino.org\/category\/noticias\/"},{"@type":"ListItem","position":3,"name":"Fundador de Amazon dona $33 millones para que \u201cDreamers\u201d vayan a la universidad"}]},{"@type":"WebSite","@id":"https:\/\/accesolatino.org\/#website","url":"https:\/\/accesolatino.org\/","name":"Acceso Latino | Fundaci\u00f3n Carlos Slim","description":"Fundaci\u00f3n Carlos Slim","publisher":{"@id":"https:\/\/accesolatino.org\/#organization"},"potentialAction":[{"@type":"SearchAction","target":{"@type":"EntryPoint","urlTemplate":"https:\/\/accesolatino.org\/?s={search_term_string}"},"query-input":{"@type":"PropertyValueSpecification","valueRequired":true,"valueName":"search_term_string"}}],"inLanguage":"en-US"},{"@type":"Organization","@id":"https:\/\/accesolatino.org\/#organization","name":"Acceso Latino | Fundaci\u00f3n Carlos Slim","url":"https:\/\/accesolatino.org\/","logo":{"@type":"ImageObject","inLanguage":"en-US","@id":"https:\/\/accesolatino.org\/#\/schema\/logo\/image\/","url":"https:\/\/accesolatino.org\/wp-content\/uploads\/2021\/02\/logo-footer-acceso-latino.png","contentUrl":"https:\/\/accesolatino.org\/wp-content\/uploads\/2021\/02\/logo-footer-acceso-latino.png","width":240,"height":40,"caption":"Acceso Latino | Fundaci\u00f3n Carlos Slim"},"image":{"@id":"https:\/\/accesolatino.org\/#\/schema\/logo\/image\/"},"sameAs":["https:\/\/www.facebook.com\/AccesoLatinoOrg","https:\/\/x.com\/FAccLatino"]},{"@type":"Person","@id":"https:\/\/accesolatino.org\/#\/schema\/person\/57bc3bfd2c357610a5255490ca4cd305","name":"News"}]}},"_links":{"self":[{"href":"https:\/\/accesolatino.org\/en\/wp-json\/wp\/v2\/posts\/10967","targetHints":{"allow":["GET"]}}],"collection":[{"href":"https:\/\/accesolatino.org\/en\/wp-json\/wp\/v2\/posts"}],"about":[{"href":"https:\/\/accesolatino.org\/en\/wp-json\/wp\/v2\/types\/post"}],"author":[{"embeddable":true,"href":"https:\/\/accesolatino.org\/en\/wp-json\/wp\/v2\/users\/13"}],"replies":[{"embeddable":true,"href":"https:\/\/accesolatino.org\/en\/wp-json\/wp\/v2\/comments?post=10967"}],"version-history":[{"count":1,"href":"https:\/\/accesolatino.org\/en\/wp-json\/wp\/v2\/posts\/10967\/revisions"}],"predecessor-version":[{"id":66755,"href":"https:\/\/accesolatino.org\/en\/wp-json\/wp\/v2\/posts\/10967\/revisions\/66755"}],"wp:featuredmedia":[{"embeddable":true,"href":"https:\/\/accesolatino.org\/en\/wp-json\/wp\/v2\/media\/10969"}],"wp:attachment":[{"href":"https:\/\/accesolatino.org\/en\/wp-json\/wp\/v2\/media?parent=10967"}],"wp:term":[{"taxonomy":"category","embeddable":true,"href":"https:\/\/accesolatino.org\/en\/wp-json\/wp\/v2\/categories?post=10967"},{"taxonomy":"post_tag","embeddable":true,"href":"https:\/\/accesolatino.org\/en\/wp-json\/wp\/v2\/tags?post=10967"}],"curies":[{"name":"wp","href":"https:\/\/api.w.org\/{rel}","templated":true}]}}