{"id":10964,"date":"2018-01-12T13:03:12","date_gmt":"2018-01-12T19:03:12","guid":{"rendered":"http:\/\/accesolatino.org\/?p=10964"},"modified":"2025-10-27T13:47:51","modified_gmt":"2025-10-27T19:47:51","slug":"juez-ordena-al-presidente-de-eeuu-reactivar-parcialmente-daca","status":"publish","type":"post","link":"https:\/\/accesolatino.org\/en\/juez-ordena-al-presidente-de-eeuu-reactivar-parcialmente-daca\/noticias\/","title":{"rendered":"Juez ordena al presidente de EEUU reactivar parcialmente DACA"},"content":{"rendered":"<p>Un juez californiano dice que el gobierno de Estados Unidos tiene la obligaci\u00f3n de volver a aceptar las solicitudes de renovaci\u00f3n de DACA por parte de aquellos individuos que ya hab\u00edan recibido previamente los beneficios.<\/p>\n<p>Un juez de Estados Unidos orden\u00f3 ayer al presidente que reactive parcialmente el plan DACA para j\u00f3venes indocumentados y sigan recibiendo solicitudes hasta que se resuelvan todos los desaf\u00edos legales pendientes en diferentes tribunales del pa\u00eds.<\/p>\n<p>El juez William Alsup, de la corte del distrito norte de California, emiti\u00f3 este martes su decisi\u00f3n, en la que califica de \u201carbitraria y caprichosa\u201d la determinaci\u00f3n que el mandatario tom\u00f3 el pasado septiembre para acabar con DACA y dar al Congreso hasta el 5 de marzo para solucionar la situaci\u00f3n de sus beneficiarios.<\/p>\n<p>El plan DACA (Acci\u00f3n Diferida para los Llegados en la Infancia), fue promulgado en 2012 por el entonces presidente Barack Obama, para proteger de la deportaci\u00f3n y otorgar un permiso de trabajo temporal a unos 690,000 j\u00f3venes que llegaron a Estados Unidos cuando eran ni\u00f1os, conocidos como \u201cso\u00f1adores\u201d.<\/p>\n<p>En el fallo emitido ayer, el juez Alsup considera que el gobierno de Estados Unidos tiene la obligaci\u00f3n de volver a aceptar las solicitudes de renovaci\u00f3n de DACA por parte de aquellos individuos que ya hab\u00edan recibido los beneficios de este programa y que ahora se est\u00e1n quedando sin protecci\u00f3n.<\/p>\n<p>Sin embargo, no pide al gobierno de Estados Unidos que acepte nuevas solicitudes por parte de j\u00f3venes que nunca antes se hab\u00edan inscrito en el programa DACA.<\/p>\n<p>El magistrado hace esta distinci\u00f3n porque considera que los demandantes, entre los que se encuentra la Universidad de California, han conseguido demostrar que los beneficiarios de DACA, sus familias, escuelas y comunidades sufrir\u00edan un \u201cda\u00f1o irreparable\u201d si la extinci\u00f3n del programa sigue adelante.<\/p>\n<p><em>Fuente: El Nuevo Diario<\/em><\/p>","protected":false},"excerpt":{"rendered":"<p>Un juez californiano dice que el gobierno de Estados Unidos tiene la obligaci\u00f3n de volver a aceptar las solicitudes de renovaci\u00f3n de DACA por parte de aquellos individuos que ya hab\u00edan recibido previamente los beneficios. Un juez de Estados Unidos orden\u00f3 ayer al presidente que reactive parcialmente el plan DACA para j\u00f3venes indocumentados y sigan recibiendo solicitudes hasta que se resuelvan todos los desaf\u00edos legales pendientes en diferentes tribunales del pa\u00eds. El juez William Alsup, de la corte del distrito norte de California, emiti\u00f3 este martes su decisi\u00f3n, en la que califica de \u201carbitraria y caprichosa\u201d la determinaci\u00f3n que el mandatario tom\u00f3 el pasado septiembre para acabar con DACA y dar al Congreso hasta el 5 de marzo para solucionar la situaci\u00f3n de sus beneficiarios. El plan DACA (Acci\u00f3n Diferida para los Llegados en la Infancia), fue promulgado en 2012 por el entonces presidente Barack Obama, para proteger de la deportaci\u00f3n y otorgar un permiso de trabajo temporal a unos 690,000 j\u00f3venes que llegaron a Estados Unidos cuando eran ni\u00f1os, conocidos como \u201cso\u00f1adores\u201d. En el fallo emitido ayer, el juez Alsup considera que el gobierno de Estados Unidos tiene la obligaci\u00f3n de volver a aceptar las solicitudes de renovaci\u00f3n de DACA por parte de aquellos individuos que ya hab\u00edan recibido los beneficios de este programa y que ahora se est\u00e1n quedando sin protecci\u00f3n. Sin embargo, no pide al gobierno de Estados Unidos que acepte nuevas solicitudes por parte de j\u00f3venes que nunca antes se hab\u00edan inscrito en el programa DACA. El magistrado hace esta distinci\u00f3n porque considera que los demandantes, entre los que se encuentra la Universidad de California, han conseguido demostrar que los beneficiarios de DACA, sus familias, escuelas y comunidades sufrir\u00edan un \u201cda\u00f1o irreparable\u201d si la extinci\u00f3n del programa sigue adelante. Fuente: El Nuevo Diario<\/p>","protected":false},"author":13,"featured_media":10965,"comment_status":"open","ping_status":"open","sticky":false,"template":"","format":"standard","meta":{"_uf_show_specific_survey":0,"_uf_disable_surveys":false,"footnotes":""},"categories":[10,1],"tags":[],"class_list":["post-10964","post","type-post","status-publish","format-standard","has-post-thumbnail","hentry","category-noticias","category-temas-de-interes"],"aioseo_notices":[],"yoast_head":"<!-- This site is optimized with the Yoast SEO plugin v27.5 - https:\/\/yoast.com\/product\/yoast-seo-wordpress\/ -->\n<title>Juez ordena al presidente de EEUU reactivar parcialmente DACA<\/title>\n<meta name=\"description\" content=\"Un juez californiano dice que el gobierno de Estados Unidos tiene la obligaci\u00f3n de volver a aceptar las solicitudes de renovaci\u00f3n de DACA por parte de aquellos individuos que ya hab\u00edan recibido previamente los beneficios.\" \/>\n<meta name=\"robots\" content=\"index, follow, max-snippet:-1, max-image-preview:large, max-video-preview:-1\" \/>\n<link rel=\"canonical\" href=\"https:\/\/accesolatino.org\/en\/juez-ordena-al-presidente-de-eeuu-reactivar-parcialmente-daca\/noticias\/\" \/>\n<meta property=\"og:locale\" content=\"en_US\" \/>\n<meta property=\"og:type\" content=\"article\" \/>\n<meta property=\"og:title\" content=\"Juez ordena al presidente de EEUU reactivar parcialmente DACA\" \/>\n<meta property=\"og:description\" content=\"Un juez californiano dice que el gobierno de Estados Unidos tiene la obligaci\u00f3n de volver a aceptar las solicitudes de renovaci\u00f3n de DACA por parte de aquellos individuos que ya hab\u00edan recibido previamente los beneficios.\" \/>\n<meta property=\"og:url\" content=\"https:\/\/accesolatino.org\/en\/juez-ordena-al-presidente-de-eeuu-reactivar-parcialmente-daca\/noticias\/\" \/>\n<meta property=\"og:site_name\" content=\"Acceso Latino\" \/>\n<meta property=\"article:publisher\" content=\"https:\/\/www.facebook.com\/AccesoLatinoOrg\" \/>\n<meta property=\"article:published_time\" content=\"2018-01-12T19:03:12+00:00\" \/>\n<meta property=\"article:modified_time\" content=\"2025-10-27T19:47:51+00:00\" \/>\n<meta property=\"og:image\" content=\"https:\/\/accesolatino.org\/wp-content\/uploads\/2018\/01\/Juez-ordena-al-presidente-de-EEUU-reactivar-parcialmente-el-DACA.jpg\" \/>\n\t<meta property=\"og:image:width\" content=\"600\" \/>\n\t<meta property=\"og:image:height\" content=\"400\" \/>\n\t<meta property=\"og:image:type\" content=\"image\/jpeg\" \/>\n<meta name=\"author\" content=\"Noticias\" \/>\n<meta name=\"twitter:card\" content=\"summary_large_image\" \/>\n<meta name=\"twitter:creator\" content=\"@FAccLatino\" \/>\n<meta name=\"twitter:site\" content=\"@FAccLatino\" \/>\n<meta name=\"twitter:label1\" content=\"Written by\" \/>\n\t<meta name=\"twitter:data1\" content=\"Noticias\" \/>\n\t<meta name=\"twitter:label2\" content=\"Est. reading time\" \/>\n\t<meta name=\"twitter:data2\" content=\"2 minutes\" \/>\n<script type=\"application\/ld+json\" class=\"yoast-schema-graph\">{\"@context\":\"https:\\\/\\\/schema.org\",\"@graph\":[{\"@type\":\"Article\",\"@id\":\"https:\\\/\\\/accesolatino.org\\\/juez-ordena-al-presidente-de-eeuu-reactivar-parcialmente-daca\\\/noticias\\\/#article\",\"isPartOf\":{\"@id\":\"https:\\\/\\\/accesolatino.org\\\/juez-ordena-al-presidente-de-eeuu-reactivar-parcialmente-daca\\\/noticias\\\/\"},\"author\":{\"name\":\"Noticias\",\"@id\":\"https:\\\/\\\/accesolatino.org\\\/#\\\/schema\\\/person\\\/57bc3bfd2c357610a5255490ca4cd305\"},\"headline\":\"Juez ordena al presidente de EEUU reactivar parcialmente DACA\",\"datePublished\":\"2018-01-12T19:03:12+00:00\",\"dateModified\":\"2025-10-27T19:47:51+00:00\",\"mainEntityOfPage\":{\"@id\":\"https:\\\/\\\/accesolatino.org\\\/juez-ordena-al-presidente-de-eeuu-reactivar-parcialmente-daca\\\/noticias\\\/\"},\"wordCount\":328,\"commentCount\":0,\"publisher\":{\"@id\":\"https:\\\/\\\/accesolatino.org\\\/#organization\"},\"image\":{\"@id\":\"https:\\\/\\\/accesolatino.org\\\/juez-ordena-al-presidente-de-eeuu-reactivar-parcialmente-daca\\\/noticias\\\/#primaryimage\"},\"thumbnailUrl\":\"https:\\\/\\\/accesolatino.org\\\/wp-content\\\/uploads\\\/2018\\\/01\\\/Juez-ordena-al-presidente-de-EEUU-reactivar-parcialmente-el-DACA.jpg\",\"articleSection\":[\"Noticias\",\"Temas de inter\u00e9s\"],\"inLanguage\":\"en-US\",\"potentialAction\":[{\"@type\":\"CommentAction\",\"name\":\"Comment\",\"target\":[\"https:\\\/\\\/accesolatino.org\\\/juez-ordena-al-presidente-de-eeuu-reactivar-parcialmente-daca\\\/noticias\\\/#respond\"]}]},{\"@type\":\"WebPage\",\"@id\":\"https:\\\/\\\/accesolatino.org\\\/juez-ordena-al-presidente-de-eeuu-reactivar-parcialmente-daca\\\/noticias\\\/\",\"url\":\"https:\\\/\\\/accesolatino.org\\\/juez-ordena-al-presidente-de-eeuu-reactivar-parcialmente-daca\\\/noticias\\\/\",\"name\":\"Juez ordena al presidente de EEUU reactivar parcialmente DACA\",\"isPartOf\":{\"@id\":\"https:\\\/\\\/accesolatino.org\\\/#website\"},\"primaryImageOfPage\":{\"@id\":\"https:\\\/\\\/accesolatino.org\\\/juez-ordena-al-presidente-de-eeuu-reactivar-parcialmente-daca\\\/noticias\\\/#primaryimage\"},\"image\":{\"@id\":\"https:\\\/\\\/accesolatino.org\\\/juez-ordena-al-presidente-de-eeuu-reactivar-parcialmente-daca\\\/noticias\\\/#primaryimage\"},\"thumbnailUrl\":\"https:\\\/\\\/accesolatino.org\\\/wp-content\\\/uploads\\\/2018\\\/01\\\/Juez-ordena-al-presidente-de-EEUU-reactivar-parcialmente-el-DACA.jpg\",\"datePublished\":\"2018-01-12T19:03:12+00:00\",\"dateModified\":\"2025-10-27T19:47:51+00:00\",\"description\":\"Un juez californiano dice que el gobierno de Estados Unidos tiene la obligaci\u00f3n de volver a aceptar las solicitudes de renovaci\u00f3n de DACA por parte de aquellos individuos que ya hab\u00edan recibido previamente los beneficios.\",\"breadcrumb\":{\"@id\":\"https:\\\/\\\/accesolatino.org\\\/juez-ordena-al-presidente-de-eeuu-reactivar-parcialmente-daca\\\/noticias\\\/#breadcrumb\"},\"inLanguage\":\"en-US\",\"potentialAction\":[{\"@type\":\"ReadAction\",\"target\":[\"https:\\\/\\\/accesolatino.org\\\/juez-ordena-al-presidente-de-eeuu-reactivar-parcialmente-daca\\\/noticias\\\/\"]}]},{\"@type\":\"ImageObject\",\"inLanguage\":\"en-US\",\"@id\":\"https:\\\/\\\/accesolatino.org\\\/juez-ordena-al-presidente-de-eeuu-reactivar-parcialmente-daca\\\/noticias\\\/#primaryimage\",\"url\":\"https:\\\/\\\/accesolatino.org\\\/wp-content\\\/uploads\\\/2018\\\/01\\\/Juez-ordena-al-presidente-de-EEUU-reactivar-parcialmente-el-DACA.jpg\",\"contentUrl\":\"https:\\\/\\\/accesolatino.org\\\/wp-content\\\/uploads\\\/2018\\\/01\\\/Juez-ordena-al-presidente-de-EEUU-reactivar-parcialmente-el-DACA.jpg\",\"width\":\"600\",\"height\":\"400\",\"caption\":\"Juez-ordena-al-presidente-de-EEUU-reactivar-parcialmente-el-DACA\"},{\"@type\":\"BreadcrumbList\",\"@id\":\"https:\\\/\\\/accesolatino.org\\\/juez-ordena-al-presidente-de-eeuu-reactivar-parcialmente-daca\\\/noticias\\\/#breadcrumb\",\"itemListElement\":[{\"@type\":\"ListItem\",\"position\":1,\"name\":\"Portada\",\"item\":\"https:\\\/\\\/accesolatino.org\\\/\"},{\"@type\":\"ListItem\",\"position\":2,\"name\":\"Noticias\",\"item\":\"https:\\\/\\\/accesolatino.org\\\/category\\\/noticias\\\/\"},{\"@type\":\"ListItem\",\"position\":3,\"name\":\"Juez ordena al presidente de EEUU reactivar parcialmente DACA\"}]},{\"@type\":\"WebSite\",\"@id\":\"https:\\\/\\\/accesolatino.org\\\/#website\",\"url\":\"https:\\\/\\\/accesolatino.org\\\/\",\"name\":\"Acceso Latino | Fundaci\u00f3n Carlos Slim\",\"description\":\"Fundaci\u00f3n Carlos Slim\",\"publisher\":{\"@id\":\"https:\\\/\\\/accesolatino.org\\\/#organization\"},\"potentialAction\":[{\"@type\":\"SearchAction\",\"target\":{\"@type\":\"EntryPoint\",\"urlTemplate\":\"https:\\\/\\\/accesolatino.org\\\/?s={search_term_string}\"},\"query-input\":{\"@type\":\"PropertyValueSpecification\",\"valueRequired\":true,\"valueName\":\"search_term_string\"}}],\"inLanguage\":\"en-US\"},{\"@type\":\"Organization\",\"@id\":\"https:\\\/\\\/accesolatino.org\\\/#organization\",\"name\":\"Acceso Latino | Fundaci\u00f3n Carlos Slim\",\"url\":\"https:\\\/\\\/accesolatino.org\\\/\",\"logo\":{\"@type\":\"ImageObject\",\"inLanguage\":\"en-US\",\"@id\":\"https:\\\/\\\/accesolatino.org\\\/#\\\/schema\\\/logo\\\/image\\\/\",\"url\":\"https:\\\/\\\/accesolatino.org\\\/wp-content\\\/uploads\\\/2021\\\/02\\\/logo-footer-acceso-latino.png\",\"contentUrl\":\"https:\\\/\\\/accesolatino.org\\\/wp-content\\\/uploads\\\/2021\\\/02\\\/logo-footer-acceso-latino.png\",\"width\":240,\"height\":40,\"caption\":\"Acceso Latino | Fundaci\u00f3n Carlos Slim\"},\"image\":{\"@id\":\"https:\\\/\\\/accesolatino.org\\\/#\\\/schema\\\/logo\\\/image\\\/\"},\"sameAs\":[\"https:\\\/\\\/www.facebook.com\\\/AccesoLatinoOrg\",\"https:\\\/\\\/x.com\\\/FAccLatino\"]},{\"@type\":\"Person\",\"@id\":\"https:\\\/\\\/accesolatino.org\\\/#\\\/schema\\\/person\\\/57bc3bfd2c357610a5255490ca4cd305\",\"name\":\"Noticias\"}]}<\/script>\n<!-- \/ Yoast SEO plugin. -->","yoast_head_json":{"title":"Juez ordena al presidente de EEUU reactivar parcialmente DACA","description":"Un juez californiano dice que el gobierno de Estados Unidos tiene la obligaci\u00f3n de volver a aceptar las solicitudes de renovaci\u00f3n de DACA por parte de aquellos individuos que ya hab\u00edan recibido previamente los beneficios.","robots":{"index":"index","follow":"follow","max-snippet":"max-snippet:-1","max-image-preview":"max-image-preview:large","max-video-preview":"max-video-preview:-1"},"canonical":"https:\/\/accesolatino.org\/en\/juez-ordena-al-presidente-de-eeuu-reactivar-parcialmente-daca\/noticias\/","og_locale":"en_US","og_type":"article","og_title":"Juez ordena al presidente de EEUU reactivar parcialmente DACA","og_description":"Un juez californiano dice que el gobierno de Estados Unidos tiene la obligaci\u00f3n de volver a aceptar las solicitudes de renovaci\u00f3n de DACA por parte de aquellos individuos que ya hab\u00edan recibido previamente los beneficios.","og_url":"https:\/\/accesolatino.org\/en\/juez-ordena-al-presidente-de-eeuu-reactivar-parcialmente-daca\/noticias\/","og_site_name":"Acceso Latino","article_publisher":"https:\/\/www.facebook.com\/AccesoLatinoOrg","article_published_time":"2018-01-12T19:03:12+00:00","article_modified_time":"2025-10-27T19:47:51+00:00","og_image":[{"width":600,"height":400,"url":"https:\/\/accesolatino.org\/wp-content\/uploads\/2018\/01\/Juez-ordena-al-presidente-de-EEUU-reactivar-parcialmente-el-DACA.jpg","type":"image\/jpeg"}],"author":"Noticias","twitter_card":"summary_large_image","twitter_creator":"@FAccLatino","twitter_site":"@FAccLatino","twitter_misc":{"Written by":"Noticias","Est. reading time":"2 minutes"},"schema":{"@context":"https:\/\/schema.org","@graph":[{"@type":"Article","@id":"https:\/\/accesolatino.org\/juez-ordena-al-presidente-de-eeuu-reactivar-parcialmente-daca\/noticias\/#article","isPartOf":{"@id":"https:\/\/accesolatino.org\/juez-ordena-al-presidente-de-eeuu-reactivar-parcialmente-daca\/noticias\/"},"author":{"name":"Noticias","@id":"https:\/\/accesolatino.org\/#\/schema\/person\/57bc3bfd2c357610a5255490ca4cd305"},"headline":"Juez ordena al presidente de EEUU reactivar parcialmente DACA","datePublished":"2018-01-12T19:03:12+00:00","dateModified":"2025-10-27T19:47:51+00:00","mainEntityOfPage":{"@id":"https:\/\/accesolatino.org\/juez-ordena-al-presidente-de-eeuu-reactivar-parcialmente-daca\/noticias\/"},"wordCount":328,"commentCount":0,"publisher":{"@id":"https:\/\/accesolatino.org\/#organization"},"image":{"@id":"https:\/\/accesolatino.org\/juez-ordena-al-presidente-de-eeuu-reactivar-parcialmente-daca\/noticias\/#primaryimage"},"thumbnailUrl":"https:\/\/accesolatino.org\/wp-content\/uploads\/2018\/01\/Juez-ordena-al-presidente-de-EEUU-reactivar-parcialmente-el-DACA.jpg","articleSection":["Noticias","Temas de inter\u00e9s"],"inLanguage":"en-US","potentialAction":[{"@type":"CommentAction","name":"Comment","target":["https:\/\/accesolatino.org\/juez-ordena-al-presidente-de-eeuu-reactivar-parcialmente-daca\/noticias\/#respond"]}]},{"@type":"WebPage","@id":"https:\/\/accesolatino.org\/juez-ordena-al-presidente-de-eeuu-reactivar-parcialmente-daca\/noticias\/","url":"https:\/\/accesolatino.org\/juez-ordena-al-presidente-de-eeuu-reactivar-parcialmente-daca\/noticias\/","name":"Juez ordena al presidente de EEUU reactivar parcialmente DACA","isPartOf":{"@id":"https:\/\/accesolatino.org\/#website"},"primaryImageOfPage":{"@id":"https:\/\/accesolatino.org\/juez-ordena-al-presidente-de-eeuu-reactivar-parcialmente-daca\/noticias\/#primaryimage"},"image":{"@id":"https:\/\/accesolatino.org\/juez-ordena-al-presidente-de-eeuu-reactivar-parcialmente-daca\/noticias\/#primaryimage"},"thumbnailUrl":"https:\/\/accesolatino.org\/wp-content\/uploads\/2018\/01\/Juez-ordena-al-presidente-de-EEUU-reactivar-parcialmente-el-DACA.jpg","datePublished":"2018-01-12T19:03:12+00:00","dateModified":"2025-10-27T19:47:51+00:00","description":"Un juez californiano dice que el gobierno de Estados Unidos tiene la obligaci\u00f3n de volver a aceptar las solicitudes de renovaci\u00f3n de DACA por parte de aquellos individuos que ya hab\u00edan recibido previamente los beneficios.","breadcrumb":{"@id":"https:\/\/accesolatino.org\/juez-ordena-al-presidente-de-eeuu-reactivar-parcialmente-daca\/noticias\/#breadcrumb"},"inLanguage":"en-US","potentialAction":[{"@type":"ReadAction","target":["https:\/\/accesolatino.org\/juez-ordena-al-presidente-de-eeuu-reactivar-parcialmente-daca\/noticias\/"]}]},{"@type":"ImageObject","inLanguage":"en-US","@id":"https:\/\/accesolatino.org\/juez-ordena-al-presidente-de-eeuu-reactivar-parcialmente-daca\/noticias\/#primaryimage","url":"https:\/\/accesolatino.org\/wp-content\/uploads\/2018\/01\/Juez-ordena-al-presidente-de-EEUU-reactivar-parcialmente-el-DACA.jpg","contentUrl":"https:\/\/accesolatino.org\/wp-content\/uploads\/2018\/01\/Juez-ordena-al-presidente-de-EEUU-reactivar-parcialmente-el-DACA.jpg","width":"600","height":"400","caption":"Juez-ordena-al-presidente-de-EEUU-reactivar-parcialmente-el-DACA"},{"@type":"BreadcrumbList","@id":"https:\/\/accesolatino.org\/juez-ordena-al-presidente-de-eeuu-reactivar-parcialmente-daca\/noticias\/#breadcrumb","itemListElement":[{"@type":"ListItem","position":1,"name":"Portada","item":"https:\/\/accesolatino.org\/"},{"@type":"ListItem","position":2,"name":"Noticias","item":"https:\/\/accesolatino.org\/category\/noticias\/"},{"@type":"ListItem","position":3,"name":"Juez ordena al presidente de EEUU reactivar parcialmente DACA"}]},{"@type":"WebSite","@id":"https:\/\/accesolatino.org\/#website","url":"https:\/\/accesolatino.org\/","name":"Acceso Latino | Fundaci\u00f3n Carlos Slim","description":"Fundaci\u00f3n Carlos Slim","publisher":{"@id":"https:\/\/accesolatino.org\/#organization"},"potentialAction":[{"@type":"SearchAction","target":{"@type":"EntryPoint","urlTemplate":"https:\/\/accesolatino.org\/?s={search_term_string}"},"query-input":{"@type":"PropertyValueSpecification","valueRequired":true,"valueName":"search_term_string"}}],"inLanguage":"en-US"},{"@type":"Organization","@id":"https:\/\/accesolatino.org\/#organization","name":"Acceso Latino | Fundaci\u00f3n Carlos Slim","url":"https:\/\/accesolatino.org\/","logo":{"@type":"ImageObject","inLanguage":"en-US","@id":"https:\/\/accesolatino.org\/#\/schema\/logo\/image\/","url":"https:\/\/accesolatino.org\/wp-content\/uploads\/2021\/02\/logo-footer-acceso-latino.png","contentUrl":"https:\/\/accesolatino.org\/wp-content\/uploads\/2021\/02\/logo-footer-acceso-latino.png","width":240,"height":40,"caption":"Acceso Latino | Fundaci\u00f3n Carlos Slim"},"image":{"@id":"https:\/\/accesolatino.org\/#\/schema\/logo\/image\/"},"sameAs":["https:\/\/www.facebook.com\/AccesoLatinoOrg","https:\/\/x.com\/FAccLatino"]},{"@type":"Person","@id":"https:\/\/accesolatino.org\/#\/schema\/person\/57bc3bfd2c357610a5255490ca4cd305","name":"News"}]}},"_links":{"self":[{"href":"https:\/\/accesolatino.org\/en\/wp-json\/wp\/v2\/posts\/10964","targetHints":{"allow":["GET"]}}],"collection":[{"href":"https:\/\/accesolatino.org\/en\/wp-json\/wp\/v2\/posts"}],"about":[{"href":"https:\/\/accesolatino.org\/en\/wp-json\/wp\/v2\/types\/post"}],"author":[{"embeddable":true,"href":"https:\/\/accesolatino.org\/en\/wp-json\/wp\/v2\/users\/13"}],"replies":[{"embeddable":true,"href":"https:\/\/accesolatino.org\/en\/wp-json\/wp\/v2\/comments?post=10964"}],"version-history":[{"count":1,"href":"https:\/\/accesolatino.org\/en\/wp-json\/wp\/v2\/posts\/10964\/revisions"}],"predecessor-version":[{"id":66756,"href":"https:\/\/accesolatino.org\/en\/wp-json\/wp\/v2\/posts\/10964\/revisions\/66756"}],"wp:featuredmedia":[{"embeddable":true,"href":"https:\/\/accesolatino.org\/en\/wp-json\/wp\/v2\/media\/10965"}],"wp:attachment":[{"href":"https:\/\/accesolatino.org\/en\/wp-json\/wp\/v2\/media?parent=10964"}],"wp:term":[{"taxonomy":"category","embeddable":true,"href":"https:\/\/accesolatino.org\/en\/wp-json\/wp\/v2\/categories?post=10964"},{"taxonomy":"post_tag","embeddable":true,"href":"https:\/\/accesolatino.org\/en\/wp-json\/wp\/v2\/tags?post=10964"}],"curies":[{"name":"wp","href":"https:\/\/api.w.org\/{rel}","templated":true}]}}