{"id":10877,"date":"2017-12-08T11:33:33","date_gmt":"2017-12-08T17:33:33","guid":{"rendered":"https:\/\/accesolatino.org\/?p=10877"},"modified":"2025-10-27T13:51:49","modified_gmt":"2025-10-27T19:51:49","slug":"primer-sheriff-latina-del-estado-mas-antiinmigrante-de-eeuu-quiere-hacer-historia","status":"publish","type":"post","link":"https:\/\/accesolatino.org\/en\/primer-sheriff-latina-del-estado-mas-antiinmigrante-de-eeuu-quiere-hacer-historia\/orgullo-latino\/","title":{"rendered":"Primer Sheriff latina del estado m\u00e1s antiinmigrante de EEUU quiere hacer historia"},"content":{"rendered":"<p>Si alguien ha roto los esquemas en un estado mayoritariamente conservador es la hispana Lupe Valdez. La primera sheriff latina en Texas.<\/p>\n<p>La sheriff del condado de Dallas, Lupe Valdez, hizo oficial hoy su candidatura como postulante del Partido Dem\u00f3crata a las pr\u00f3ximas elecciones a gobernador de Texas, que se celebrar\u00e1n el 6 de noviembre de 2018.<\/p>\n<p>\u201cLa oportunidad en Texas deber\u00eda ser tan grande como lo es este gran estado, pero la realidad es que est\u00e1 fuera del alcance de demasiados: es por eso, que me postulo para ser gobernadora de Texas\u201d, se\u00f1al\u00f3 en un comunicado Lupe, que present\u00f3 su candidatura cinco d\u00edas antes de la fecha l\u00edmite.<\/p>\n<p>La alguacil asegur\u00f3 que su intenci\u00f3n al presentarse es liderar un \u201cbuen gobierno que haga mejor la vida de los texanos.<\/p>\n<p>\u201cComo mucha otra gente trabajadora de Texas, s\u00e9 lo complicado que es decidir entre comprar comida, encontrar un sitio decente para vivir y guardar dinero para pagar la universidad de tus hijos\u201d, a\u00f1adi\u00f3 la aspirante hispana, que se convirti\u00f3 en la primera sheriff latina de ese estado republicano en 2004.<\/p>\n<p>El expresidente de EEUU y exgobernador de Texas (1995-2000), George W. Bush; el actual secretario de Energ\u00eda y tambi\u00e9n exmandatario de Texas (2000-2015), Rick Perry; y el presente gobernador (2015), Greg Abbott, suman m\u00e1s de dos d\u00e9cadas de liderazgo del Partido Republicano en el estado sure\u00f1o.<\/p>\n<p>Valdez naci\u00f3 en San Antonio en 1947, uno de los ocho hijos de una familia de trabajadores agr\u00edcolas inmigrantes. Obtuvo una licenciatura en administraci\u00f3n de empresas de la Universidad Nazarena del Sur \u2013 una universidad de artes liberales en Bethany, Oklahoma \u2013 antes de recibir una maestr\u00eda en criminolog\u00eda y justicia penal de la Universidad de Texas en Arlington.<\/p>\n<p>Despu\u00e9s de alcanzar el grado de capit\u00e1n en el ej\u00e9rcito de Estados Unidos, Valdez pas\u00f3 a trabajar como un agente federal de Aduanas y Protecci\u00f3n de Fronteras y, m\u00e1s tarde, el Departamento de Seguridad Nacional, centr\u00e1ndose en los casos de fraude y drogas durante casi 30 a\u00f1os antes de ser elegida sheriff del condado de Dallas, segundo condado m\u00e1s poblado del estado.<\/p>\n<p>Adem\u00e1s de ser latina y lesbiana, es veterana del Ej\u00e9rcito, donde alcanz\u00f3 el rango de capit\u00e1n, y es una firme defensora de las \u201cciudades santuario\u201d, urbes que protegen de la deportaci\u00f3n a los indocumentados.<\/p>\n<p>Precisamente, la alguacil salt\u00f3 a los titulares nacionales despu\u00e9s de promover pol\u00edticas \u201csantuario\u201d en su departamento para poner en libertad a los indocumentados que cometieron delitos leves, en lugar de entregarlos a las autoridades migratorias para que enfrentasen un proceso de deportaci\u00f3n.<\/p>\n<p>Hasta el momento, seis candidatos dem\u00f3cratas \u2013 entre ellos, un hombre de negocios de Dallas, un excandidato al Congreso por San Antonio y el exalcalde de Balch Springs, una ciudad de menos de 25,000 habitantes- han presentado su candidatura.<\/p>\n<p>Algunos analistas pol\u00edticos auguran que Valdez tiene muchas posibilidades de alzarse con la victoria en, por lo menos, las elecciones primarias del \u201cpartido azul\u201d.<\/p>\n<p><em>Fuente EFE<\/em><\/p>","protected":false},"excerpt":{"rendered":"<p>Si alguien ha roto los esquemas en un estado mayoritariamente conservador es la hispana Lupe Valdez. La primera sheriff latina en Texas. La sheriff del condado de Dallas, Lupe Valdez, hizo oficial hoy su candidatura como postulante del Partido Dem\u00f3crata a las pr\u00f3ximas elecciones a gobernador de Texas, que se celebrar\u00e1n el 6 de noviembre de 2018. \u201cLa oportunidad en Texas deber\u00eda ser tan grande como lo es este gran estado, pero la realidad es que est\u00e1 fuera del alcance de demasiados: es por eso, que me postulo para ser gobernadora de Texas\u201d, se\u00f1al\u00f3 en un comunicado Lupe, que present\u00f3 su candidatura cinco d\u00edas antes de la fecha l\u00edmite. La alguacil asegur\u00f3 que su intenci\u00f3n al presentarse es liderar un \u201cbuen gobierno que haga mejor la vida de los texanos. \u201cComo mucha otra gente trabajadora de Texas, s\u00e9 lo complicado que es decidir entre comprar comida, encontrar un sitio decente para vivir y guardar dinero para pagar la universidad de tus hijos\u201d, a\u00f1adi\u00f3 la aspirante hispana, que se convirti\u00f3 en la primera sheriff latina de ese estado republicano en 2004. El expresidente de EEUU y exgobernador de Texas (1995-2000), George W. Bush; el actual secretario de Energ\u00eda y tambi\u00e9n exmandatario de Texas (2000-2015), Rick Perry; y el presente gobernador (2015), Greg Abbott, suman m\u00e1s de dos d\u00e9cadas de liderazgo del Partido Republicano en el estado sure\u00f1o. Valdez naci\u00f3 en San Antonio en 1947, uno de los ocho hijos de una familia de trabajadores agr\u00edcolas inmigrantes. Obtuvo una licenciatura en administraci\u00f3n de empresas de la Universidad Nazarena del Sur \u2013 una universidad de artes liberales en Bethany, Oklahoma \u2013 antes de recibir una maestr\u00eda en criminolog\u00eda y justicia penal de la Universidad de Texas en Arlington. Despu\u00e9s de alcanzar el grado de capit\u00e1n en el ej\u00e9rcito de Estados Unidos, Valdez pas\u00f3 a trabajar como un agente federal de Aduanas y Protecci\u00f3n de Fronteras y, m\u00e1s tarde, el Departamento de Seguridad Nacional, centr\u00e1ndose en los casos de fraude y drogas durante casi 30 a\u00f1os antes de ser elegida sheriff del condado de Dallas, segundo condado m\u00e1s poblado del estado. Adem\u00e1s de ser latina y lesbiana, es veterana del Ej\u00e9rcito, donde alcanz\u00f3 el rango de capit\u00e1n, y es una firme defensora de las \u201cciudades santuario\u201d, urbes que protegen de la deportaci\u00f3n a los indocumentados. Precisamente, la alguacil salt\u00f3 a los titulares nacionales despu\u00e9s de promover pol\u00edticas \u201csantuario\u201d en su departamento para poner en libertad a los indocumentados que cometieron delitos leves, en lugar de entregarlos a las autoridades migratorias para que enfrentasen un proceso de deportaci\u00f3n. Hasta el momento, seis candidatos dem\u00f3cratas \u2013 entre ellos, un hombre de negocios de Dallas, un excandidato al Congreso por San Antonio y el exalcalde de Balch Springs, una ciudad de menos de 25,000 habitantes- han presentado su candidatura. Algunos analistas pol\u00edticos auguran que Valdez tiene muchas posibilidades de alzarse con la victoria en, por lo menos, las elecciones primarias del \u201cpartido azul\u201d. Fuente EFE<\/p>","protected":false},"author":13,"featured_media":10878,"comment_status":"open","ping_status":"open","sticky":false,"template":"","format":"standard","meta":{"_uf_show_specific_survey":0,"_uf_disable_surveys":false,"footnotes":""},"categories":[9],"tags":[],"class_list":["post-10877","post","type-post","status-publish","format-standard","has-post-thumbnail","hentry","category-orgullo-latino"],"aioseo_notices":[],"yoast_head":"<!-- This site is optimized with the Yoast SEO plugin v27.5 - https:\/\/yoast.com\/product\/yoast-seo-wordpress\/ -->\n<title>Primer Sheriff latina del estado m\u00e1s antiinmigrante de EEUU quiere hacer historia<\/title>\n<meta name=\"description\" content=\"Si alguien ha roto los esquemas en un estado mayoritariamente conservador es la hispana Lupe Valdez.\" \/>\n<meta name=\"robots\" content=\"index, follow, max-snippet:-1, max-image-preview:large, max-video-preview:-1\" \/>\n<link rel=\"canonical\" href=\"https:\/\/accesolatino.org\/en\/primer-sheriff-latina-del-estado-mas-antiinmigrante-de-eeuu-quiere-hacer-historia\/orgullo-latino\/\" \/>\n<meta property=\"og:locale\" content=\"en_US\" \/>\n<meta property=\"og:type\" content=\"article\" \/>\n<meta property=\"og:title\" content=\"Primer Sheriff latina del estado m\u00e1s antiinmigrante de EEUU quiere hacer historia\" \/>\n<meta property=\"og:description\" content=\"Si alguien ha roto los esquemas en un estado mayoritariamente conservador es la hispana Lupe Valdez.\" \/>\n<meta property=\"og:url\" content=\"https:\/\/accesolatino.org\/en\/primer-sheriff-latina-del-estado-mas-antiinmigrante-de-eeuu-quiere-hacer-historia\/orgullo-latino\/\" \/>\n<meta property=\"og:site_name\" content=\"Acceso Latino\" \/>\n<meta property=\"article:publisher\" content=\"https:\/\/www.facebook.com\/AccesoLatinoOrg\" \/>\n<meta property=\"article:published_time\" content=\"2017-12-08T17:33:33+00:00\" \/>\n<meta property=\"article:modified_time\" content=\"2025-10-27T19:51:49+00:00\" \/>\n<meta property=\"og:image\" content=\"https:\/\/accesolatino.org\/wp-content\/uploads\/2017\/12\/Primer-Sheriff-latina-del-estado-mas-antiinmigrante-de-EEUU-quiere-hacer-historia.jpg\" \/>\n\t<meta property=\"og:image:width\" content=\"600\" \/>\n\t<meta property=\"og:image:height\" content=\"434\" \/>\n\t<meta property=\"og:image:type\" content=\"image\/jpeg\" \/>\n<meta name=\"author\" content=\"Noticias\" \/>\n<meta name=\"twitter:card\" content=\"summary_large_image\" \/>\n<meta name=\"twitter:creator\" content=\"@FAccLatino\" \/>\n<meta name=\"twitter:site\" content=\"@FAccLatino\" \/>\n<meta name=\"twitter:label1\" content=\"Written by\" \/>\n\t<meta name=\"twitter:data1\" content=\"Noticias\" \/>\n\t<meta name=\"twitter:label2\" content=\"Est. reading time\" \/>\n\t<meta name=\"twitter:data2\" content=\"3 minutes\" \/>\n<script type=\"application\/ld+json\" class=\"yoast-schema-graph\">{\"@context\":\"https:\\\/\\\/schema.org\",\"@graph\":[{\"@type\":\"Article\",\"@id\":\"https:\\\/\\\/accesolatino.org\\\/primer-sheriff-latina-del-estado-mas-antiinmigrante-de-eeuu-quiere-hacer-historia\\\/orgullo-latino\\\/#article\",\"isPartOf\":{\"@id\":\"https:\\\/\\\/accesolatino.org\\\/primer-sheriff-latina-del-estado-mas-antiinmigrante-de-eeuu-quiere-hacer-historia\\\/orgullo-latino\\\/\"},\"author\":{\"name\":\"Noticias\",\"@id\":\"https:\\\/\\\/accesolatino.org\\\/#\\\/schema\\\/person\\\/57bc3bfd2c357610a5255490ca4cd305\"},\"headline\":\"Primer Sheriff latina del estado m\u00e1s antiinmigrante de EEUU quiere hacer historia\",\"datePublished\":\"2017-12-08T17:33:33+00:00\",\"dateModified\":\"2025-10-27T19:51:49+00:00\",\"mainEntityOfPage\":{\"@id\":\"https:\\\/\\\/accesolatino.org\\\/primer-sheriff-latina-del-estado-mas-antiinmigrante-de-eeuu-quiere-hacer-historia\\\/orgullo-latino\\\/\"},\"wordCount\":526,\"commentCount\":0,\"publisher\":{\"@id\":\"https:\\\/\\\/accesolatino.org\\\/#organization\"},\"image\":{\"@id\":\"https:\\\/\\\/accesolatino.org\\\/primer-sheriff-latina-del-estado-mas-antiinmigrante-de-eeuu-quiere-hacer-historia\\\/orgullo-latino\\\/#primaryimage\"},\"thumbnailUrl\":\"https:\\\/\\\/accesolatino.org\\\/wp-content\\\/uploads\\\/2017\\\/12\\\/Primer-Sheriff-latina-del-estado-mas-antiinmigrante-de-EEUU-quiere-hacer-historia.jpg\",\"articleSection\":[\"Orgullo Latino\"],\"inLanguage\":\"en-US\",\"potentialAction\":[{\"@type\":\"CommentAction\",\"name\":\"Comment\",\"target\":[\"https:\\\/\\\/accesolatino.org\\\/primer-sheriff-latina-del-estado-mas-antiinmigrante-de-eeuu-quiere-hacer-historia\\\/orgullo-latino\\\/#respond\"]}]},{\"@type\":\"WebPage\",\"@id\":\"https:\\\/\\\/accesolatino.org\\\/primer-sheriff-latina-del-estado-mas-antiinmigrante-de-eeuu-quiere-hacer-historia\\\/orgullo-latino\\\/\",\"url\":\"https:\\\/\\\/accesolatino.org\\\/primer-sheriff-latina-del-estado-mas-antiinmigrante-de-eeuu-quiere-hacer-historia\\\/orgullo-latino\\\/\",\"name\":\"Primer Sheriff latina del estado m\u00e1s antiinmigrante de EEUU quiere hacer historia\",\"isPartOf\":{\"@id\":\"https:\\\/\\\/accesolatino.org\\\/#website\"},\"primaryImageOfPage\":{\"@id\":\"https:\\\/\\\/accesolatino.org\\\/primer-sheriff-latina-del-estado-mas-antiinmigrante-de-eeuu-quiere-hacer-historia\\\/orgullo-latino\\\/#primaryimage\"},\"image\":{\"@id\":\"https:\\\/\\\/accesolatino.org\\\/primer-sheriff-latina-del-estado-mas-antiinmigrante-de-eeuu-quiere-hacer-historia\\\/orgullo-latino\\\/#primaryimage\"},\"thumbnailUrl\":\"https:\\\/\\\/accesolatino.org\\\/wp-content\\\/uploads\\\/2017\\\/12\\\/Primer-Sheriff-latina-del-estado-mas-antiinmigrante-de-EEUU-quiere-hacer-historia.jpg\",\"datePublished\":\"2017-12-08T17:33:33+00:00\",\"dateModified\":\"2025-10-27T19:51:49+00:00\",\"description\":\"Si alguien ha roto los esquemas en un estado mayoritariamente conservador es la hispana Lupe Valdez.\",\"breadcrumb\":{\"@id\":\"https:\\\/\\\/accesolatino.org\\\/primer-sheriff-latina-del-estado-mas-antiinmigrante-de-eeuu-quiere-hacer-historia\\\/orgullo-latino\\\/#breadcrumb\"},\"inLanguage\":\"en-US\",\"potentialAction\":[{\"@type\":\"ReadAction\",\"target\":[\"https:\\\/\\\/accesolatino.org\\\/primer-sheriff-latina-del-estado-mas-antiinmigrante-de-eeuu-quiere-hacer-historia\\\/orgullo-latino\\\/\"]}]},{\"@type\":\"ImageObject\",\"inLanguage\":\"en-US\",\"@id\":\"https:\\\/\\\/accesolatino.org\\\/primer-sheriff-latina-del-estado-mas-antiinmigrante-de-eeuu-quiere-hacer-historia\\\/orgullo-latino\\\/#primaryimage\",\"url\":\"https:\\\/\\\/accesolatino.org\\\/wp-content\\\/uploads\\\/2017\\\/12\\\/Primer-Sheriff-latina-del-estado-mas-antiinmigrante-de-EEUU-quiere-hacer-historia.jpg\",\"contentUrl\":\"https:\\\/\\\/accesolatino.org\\\/wp-content\\\/uploads\\\/2017\\\/12\\\/Primer-Sheriff-latina-del-estado-mas-antiinmigrante-de-EEUU-quiere-hacer-historia.jpg\",\"width\":\"600\",\"height\":\"434\",\"caption\":\"Primer-Sheriff-latina-del-estado-mas-antiinmigrante-de-EEUU-quiere-hacer-historia\"},{\"@type\":\"BreadcrumbList\",\"@id\":\"https:\\\/\\\/accesolatino.org\\\/primer-sheriff-latina-del-estado-mas-antiinmigrante-de-eeuu-quiere-hacer-historia\\\/orgullo-latino\\\/#breadcrumb\",\"itemListElement\":[{\"@type\":\"ListItem\",\"position\":1,\"name\":\"Portada\",\"item\":\"https:\\\/\\\/accesolatino.org\\\/\"},{\"@type\":\"ListItem\",\"position\":2,\"name\":\"Orgullo Latino\",\"item\":\"https:\\\/\\\/accesolatino.org\\\/category\\\/orgullo-latino\\\/\"},{\"@type\":\"ListItem\",\"position\":3,\"name\":\"Primer Sheriff latina del estado m\u00e1s antiinmigrante de EEUU quiere hacer historia\"}]},{\"@type\":\"WebSite\",\"@id\":\"https:\\\/\\\/accesolatino.org\\\/#website\",\"url\":\"https:\\\/\\\/accesolatino.org\\\/\",\"name\":\"Acceso Latino | Fundaci\u00f3n Carlos Slim\",\"description\":\"Fundaci\u00f3n Carlos Slim\",\"publisher\":{\"@id\":\"https:\\\/\\\/accesolatino.org\\\/#organization\"},\"potentialAction\":[{\"@type\":\"SearchAction\",\"target\":{\"@type\":\"EntryPoint\",\"urlTemplate\":\"https:\\\/\\\/accesolatino.org\\\/?s={search_term_string}\"},\"query-input\":{\"@type\":\"PropertyValueSpecification\",\"valueRequired\":true,\"valueName\":\"search_term_string\"}}],\"inLanguage\":\"en-US\"},{\"@type\":\"Organization\",\"@id\":\"https:\\\/\\\/accesolatino.org\\\/#organization\",\"name\":\"Acceso Latino | Fundaci\u00f3n Carlos Slim\",\"url\":\"https:\\\/\\\/accesolatino.org\\\/\",\"logo\":{\"@type\":\"ImageObject\",\"inLanguage\":\"en-US\",\"@id\":\"https:\\\/\\\/accesolatino.org\\\/#\\\/schema\\\/logo\\\/image\\\/\",\"url\":\"https:\\\/\\\/accesolatino.org\\\/wp-content\\\/uploads\\\/2021\\\/02\\\/logo-footer-acceso-latino.png\",\"contentUrl\":\"https:\\\/\\\/accesolatino.org\\\/wp-content\\\/uploads\\\/2021\\\/02\\\/logo-footer-acceso-latino.png\",\"width\":240,\"height\":40,\"caption\":\"Acceso Latino | Fundaci\u00f3n Carlos Slim\"},\"image\":{\"@id\":\"https:\\\/\\\/accesolatino.org\\\/#\\\/schema\\\/logo\\\/image\\\/\"},\"sameAs\":[\"https:\\\/\\\/www.facebook.com\\\/AccesoLatinoOrg\",\"https:\\\/\\\/x.com\\\/FAccLatino\"]},{\"@type\":\"Person\",\"@id\":\"https:\\\/\\\/accesolatino.org\\\/#\\\/schema\\\/person\\\/57bc3bfd2c357610a5255490ca4cd305\",\"name\":\"Noticias\"}]}<\/script>\n<!-- \/ Yoast SEO plugin. -->","yoast_head_json":{"title":"Primer Sheriff latina del estado m\u00e1s antiinmigrante de EEUU quiere hacer historia","description":"Si alguien ha roto los esquemas en un estado mayoritariamente conservador es la hispana Lupe Valdez.","robots":{"index":"index","follow":"follow","max-snippet":"max-snippet:-1","max-image-preview":"max-image-preview:large","max-video-preview":"max-video-preview:-1"},"canonical":"https:\/\/accesolatino.org\/en\/primer-sheriff-latina-del-estado-mas-antiinmigrante-de-eeuu-quiere-hacer-historia\/orgullo-latino\/","og_locale":"en_US","og_type":"article","og_title":"Primer Sheriff latina del estado m\u00e1s antiinmigrante de EEUU quiere hacer historia","og_description":"Si alguien ha roto los esquemas en un estado mayoritariamente conservador es la hispana Lupe Valdez.","og_url":"https:\/\/accesolatino.org\/en\/primer-sheriff-latina-del-estado-mas-antiinmigrante-de-eeuu-quiere-hacer-historia\/orgullo-latino\/","og_site_name":"Acceso Latino","article_publisher":"https:\/\/www.facebook.com\/AccesoLatinoOrg","article_published_time":"2017-12-08T17:33:33+00:00","article_modified_time":"2025-10-27T19:51:49+00:00","og_image":[{"width":600,"height":434,"url":"https:\/\/accesolatino.org\/wp-content\/uploads\/2017\/12\/Primer-Sheriff-latina-del-estado-mas-antiinmigrante-de-EEUU-quiere-hacer-historia.jpg","type":"image\/jpeg"}],"author":"Noticias","twitter_card":"summary_large_image","twitter_creator":"@FAccLatino","twitter_site":"@FAccLatino","twitter_misc":{"Written by":"Noticias","Est. reading time":"3 minutes"},"schema":{"@context":"https:\/\/schema.org","@graph":[{"@type":"Article","@id":"https:\/\/accesolatino.org\/primer-sheriff-latina-del-estado-mas-antiinmigrante-de-eeuu-quiere-hacer-historia\/orgullo-latino\/#article","isPartOf":{"@id":"https:\/\/accesolatino.org\/primer-sheriff-latina-del-estado-mas-antiinmigrante-de-eeuu-quiere-hacer-historia\/orgullo-latino\/"},"author":{"name":"Noticias","@id":"https:\/\/accesolatino.org\/#\/schema\/person\/57bc3bfd2c357610a5255490ca4cd305"},"headline":"Primer Sheriff latina del estado m\u00e1s antiinmigrante de EEUU quiere hacer historia","datePublished":"2017-12-08T17:33:33+00:00","dateModified":"2025-10-27T19:51:49+00:00","mainEntityOfPage":{"@id":"https:\/\/accesolatino.org\/primer-sheriff-latina-del-estado-mas-antiinmigrante-de-eeuu-quiere-hacer-historia\/orgullo-latino\/"},"wordCount":526,"commentCount":0,"publisher":{"@id":"https:\/\/accesolatino.org\/#organization"},"image":{"@id":"https:\/\/accesolatino.org\/primer-sheriff-latina-del-estado-mas-antiinmigrante-de-eeuu-quiere-hacer-historia\/orgullo-latino\/#primaryimage"},"thumbnailUrl":"https:\/\/accesolatino.org\/wp-content\/uploads\/2017\/12\/Primer-Sheriff-latina-del-estado-mas-antiinmigrante-de-EEUU-quiere-hacer-historia.jpg","articleSection":["Orgullo Latino"],"inLanguage":"en-US","potentialAction":[{"@type":"CommentAction","name":"Comment","target":["https:\/\/accesolatino.org\/primer-sheriff-latina-del-estado-mas-antiinmigrante-de-eeuu-quiere-hacer-historia\/orgullo-latino\/#respond"]}]},{"@type":"WebPage","@id":"https:\/\/accesolatino.org\/primer-sheriff-latina-del-estado-mas-antiinmigrante-de-eeuu-quiere-hacer-historia\/orgullo-latino\/","url":"https:\/\/accesolatino.org\/primer-sheriff-latina-del-estado-mas-antiinmigrante-de-eeuu-quiere-hacer-historia\/orgullo-latino\/","name":"Primer Sheriff latina del estado m\u00e1s antiinmigrante de EEUU quiere hacer historia","isPartOf":{"@id":"https:\/\/accesolatino.org\/#website"},"primaryImageOfPage":{"@id":"https:\/\/accesolatino.org\/primer-sheriff-latina-del-estado-mas-antiinmigrante-de-eeuu-quiere-hacer-historia\/orgullo-latino\/#primaryimage"},"image":{"@id":"https:\/\/accesolatino.org\/primer-sheriff-latina-del-estado-mas-antiinmigrante-de-eeuu-quiere-hacer-historia\/orgullo-latino\/#primaryimage"},"thumbnailUrl":"https:\/\/accesolatino.org\/wp-content\/uploads\/2017\/12\/Primer-Sheriff-latina-del-estado-mas-antiinmigrante-de-EEUU-quiere-hacer-historia.jpg","datePublished":"2017-12-08T17:33:33+00:00","dateModified":"2025-10-27T19:51:49+00:00","description":"Si alguien ha roto los esquemas en un estado mayoritariamente conservador es la hispana Lupe Valdez.","breadcrumb":{"@id":"https:\/\/accesolatino.org\/primer-sheriff-latina-del-estado-mas-antiinmigrante-de-eeuu-quiere-hacer-historia\/orgullo-latino\/#breadcrumb"},"inLanguage":"en-US","potentialAction":[{"@type":"ReadAction","target":["https:\/\/accesolatino.org\/primer-sheriff-latina-del-estado-mas-antiinmigrante-de-eeuu-quiere-hacer-historia\/orgullo-latino\/"]}]},{"@type":"ImageObject","inLanguage":"en-US","@id":"https:\/\/accesolatino.org\/primer-sheriff-latina-del-estado-mas-antiinmigrante-de-eeuu-quiere-hacer-historia\/orgullo-latino\/#primaryimage","url":"https:\/\/accesolatino.org\/wp-content\/uploads\/2017\/12\/Primer-Sheriff-latina-del-estado-mas-antiinmigrante-de-EEUU-quiere-hacer-historia.jpg","contentUrl":"https:\/\/accesolatino.org\/wp-content\/uploads\/2017\/12\/Primer-Sheriff-latina-del-estado-mas-antiinmigrante-de-EEUU-quiere-hacer-historia.jpg","width":"600","height":"434","caption":"Primer-Sheriff-latina-del-estado-mas-antiinmigrante-de-EEUU-quiere-hacer-historia"},{"@type":"BreadcrumbList","@id":"https:\/\/accesolatino.org\/primer-sheriff-latina-del-estado-mas-antiinmigrante-de-eeuu-quiere-hacer-historia\/orgullo-latino\/#breadcrumb","itemListElement":[{"@type":"ListItem","position":1,"name":"Portada","item":"https:\/\/accesolatino.org\/"},{"@type":"ListItem","position":2,"name":"Orgullo Latino","item":"https:\/\/accesolatino.org\/category\/orgullo-latino\/"},{"@type":"ListItem","position":3,"name":"Primer Sheriff latina del estado m\u00e1s antiinmigrante de EEUU quiere hacer historia"}]},{"@type":"WebSite","@id":"https:\/\/accesolatino.org\/#website","url":"https:\/\/accesolatino.org\/","name":"Acceso Latino | Fundaci\u00f3n Carlos Slim","description":"Fundaci\u00f3n Carlos Slim","publisher":{"@id":"https:\/\/accesolatino.org\/#organization"},"potentialAction":[{"@type":"SearchAction","target":{"@type":"EntryPoint","urlTemplate":"https:\/\/accesolatino.org\/?s={search_term_string}"},"query-input":{"@type":"PropertyValueSpecification","valueRequired":true,"valueName":"search_term_string"}}],"inLanguage":"en-US"},{"@type":"Organization","@id":"https:\/\/accesolatino.org\/#organization","name":"Acceso Latino | Fundaci\u00f3n Carlos Slim","url":"https:\/\/accesolatino.org\/","logo":{"@type":"ImageObject","inLanguage":"en-US","@id":"https:\/\/accesolatino.org\/#\/schema\/logo\/image\/","url":"https:\/\/accesolatino.org\/wp-content\/uploads\/2021\/02\/logo-footer-acceso-latino.png","contentUrl":"https:\/\/accesolatino.org\/wp-content\/uploads\/2021\/02\/logo-footer-acceso-latino.png","width":240,"height":40,"caption":"Acceso Latino | Fundaci\u00f3n Carlos Slim"},"image":{"@id":"https:\/\/accesolatino.org\/#\/schema\/logo\/image\/"},"sameAs":["https:\/\/www.facebook.com\/AccesoLatinoOrg","https:\/\/x.com\/FAccLatino"]},{"@type":"Person","@id":"https:\/\/accesolatino.org\/#\/schema\/person\/57bc3bfd2c357610a5255490ca4cd305","name":"News"}]}},"_links":{"self":[{"href":"https:\/\/accesolatino.org\/en\/wp-json\/wp\/v2\/posts\/10877","targetHints":{"allow":["GET"]}}],"collection":[{"href":"https:\/\/accesolatino.org\/en\/wp-json\/wp\/v2\/posts"}],"about":[{"href":"https:\/\/accesolatino.org\/en\/wp-json\/wp\/v2\/types\/post"}],"author":[{"embeddable":true,"href":"https:\/\/accesolatino.org\/en\/wp-json\/wp\/v2\/users\/13"}],"replies":[{"embeddable":true,"href":"https:\/\/accesolatino.org\/en\/wp-json\/wp\/v2\/comments?post=10877"}],"version-history":[{"count":1,"href":"https:\/\/accesolatino.org\/en\/wp-json\/wp\/v2\/posts\/10877\/revisions"}],"predecessor-version":[{"id":66778,"href":"https:\/\/accesolatino.org\/en\/wp-json\/wp\/v2\/posts\/10877\/revisions\/66778"}],"wp:featuredmedia":[{"embeddable":true,"href":"https:\/\/accesolatino.org\/en\/wp-json\/wp\/v2\/media\/10878"}],"wp:attachment":[{"href":"https:\/\/accesolatino.org\/en\/wp-json\/wp\/v2\/media?parent=10877"}],"wp:term":[{"taxonomy":"category","embeddable":true,"href":"https:\/\/accesolatino.org\/en\/wp-json\/wp\/v2\/categories?post=10877"},{"taxonomy":"post_tag","embeddable":true,"href":"https:\/\/accesolatino.org\/en\/wp-json\/wp\/v2\/tags?post=10877"}],"curies":[{"name":"wp","href":"https:\/\/api.w.org\/{rel}","templated":true}]}}