{"id":10862,"date":"2017-12-06T09:28:47","date_gmt":"2017-12-06T15:28:47","guid":{"rendered":"https:\/\/accesolatino.org\/?p=10862"},"modified":"2025-10-27T13:51:52","modified_gmt":"2025-10-27T19:51:52","slug":"inyectan-nuevo-aire-en-el-congreso-para-salvar-daca","status":"publish","type":"post","link":"https:\/\/accesolatino.org\/en\/inyectan-nuevo-aire-en-el-congreso-para-salvar-daca\/noticias\/","title":{"rendered":"Inyectan nuevo aire en el Congreso para salvar DACA"},"content":{"rendered":"<p>Hasta 34 congresistas republicanos solicitaron hoy al presidente de la C\u00e1mara Baja, Paul Ryan, que someta a votaci\u00f3n la llamada \u201cDream Act\u201d, una ley por la que los j\u00f3venes indocumentados que llegaron al pa\u00eds siendo ni\u00f1os (conocidos como \u201cso\u00f1adores\u201d) podr\u00edan regularizar su situaci\u00f3n migratoria.<\/p>\n<p>En una misiva, los 34 legisladores conservadores instaron al presidente de la C\u00e1mara Baja a que lleve al pleno dicho texto con el objetivo de evitar la deportaci\u00f3n a cientos de miles de j\u00f3venes inmigrantes que no conocen otro pa\u00eds que Estados Unidos.<\/p>\n<p>El presidente de Estados Unidos, revoc\u00f3 el programa de acci\u00f3n diferida que implement\u00f3 su predecesor, Barack Obama, a trav\u00e9s de DACA, una orden ejecutiva para evitar la deportaci\u00f3n de los \u201cso\u00f1adores\u201d a falta de una acci\u00f3n legislativa definitiva en el Congreso, aunque el plazo de dicha revocaci\u00f3n vencer\u00e1 en marzo.<\/p>\n<p>\u201cEstamos de acuerdo con el presidente en que la acci\u00f3n ejecutiva no era el proceso adecuado para resolver este problema, como se hizo durante la Administraci\u00f3n anterior, y creemos que el Congreso deber\u00eda actuar\u201d, dice la carta.<\/p>\n<p>\u201cEstamos obligados a actuar de inmediato porque muchos beneficiarios de DACA est\u00e1n a punto de perder o ya han perdido sus permisos a ra\u00edz de la rescisi\u00f3n del programa. No actuar es crear una comprensible incertidumbre y ansiedad entre las comunidades de inmigrantes\u201d, apuntan los legisladores republicanos.<\/p>\n<p>Dado que a\u00fan tienen tiempo hasta marzo para tomar medidas, el liderazgo republicano no ha querido acelerar este proceso, y la Casa Blanca ha utilizado las negociaciones sobre este asunto como una moneda de cambio para obtener el benepl\u00e1cito de los dem\u00f3cratas para obtener fondos para el muro fronterizo con M\u00e9xico.<\/p>\n<p>Sin embargo, desde que en septiembre el nuevo presidente tomara la decisi\u00f3n de poner fin a DACA, los avances en el Capitolio han sido pr\u00e1cticamente nulos.<\/p>\n<p>\u201cMientras que creemos firmemente que el Congreso debe trabajar para atajar este asunto y otros relacionados con un sistema migratorio roto, es imperativo que republicanos y dem\u00f3cratas se unan y resuelvan este problema ahora, y no esperar hasta el a\u00f1o pr\u00f3ximo\u201d, agregaron.<\/p>\n<p>M\u00e1s de 900,000 j\u00f3venes indocumentados se beneficiaron del programa DACA, y pudieron obtener un permiso laboral y evitar la deportaci\u00f3n gracias a esta medida impulsada por el anterior presidente.<\/p>\n<p><em>Fuente: EFE<\/em><\/p>","protected":false},"excerpt":{"rendered":"<p>Hasta 34 congresistas republicanos solicitaron hoy al presidente de la C\u00e1mara Baja, Paul Ryan, que someta a votaci\u00f3n la llamada \u201cDream Act\u201d, una ley por la que los j\u00f3venes indocumentados que llegaron al pa\u00eds siendo ni\u00f1os (conocidos como \u201cso\u00f1adores\u201d) podr\u00edan regularizar su situaci\u00f3n migratoria. En una misiva, los 34 legisladores conservadores instaron al presidente de la C\u00e1mara Baja a que lleve al pleno dicho texto con el objetivo de evitar la deportaci\u00f3n a cientos de miles de j\u00f3venes inmigrantes que no conocen otro pa\u00eds que Estados Unidos. El presidente de Estados Unidos, revoc\u00f3 el programa de acci\u00f3n diferida que implement\u00f3 su predecesor, Barack Obama, a trav\u00e9s de DACA, una orden ejecutiva para evitar la deportaci\u00f3n de los \u201cso\u00f1adores\u201d a falta de una acci\u00f3n legislativa definitiva en el Congreso, aunque el plazo de dicha revocaci\u00f3n vencer\u00e1 en marzo. \u201cEstamos de acuerdo con el presidente en que la acci\u00f3n ejecutiva no era el proceso adecuado para resolver este problema, como se hizo durante la Administraci\u00f3n anterior, y creemos que el Congreso deber\u00eda actuar\u201d, dice la carta. \u201cEstamos obligados a actuar de inmediato porque muchos beneficiarios de DACA est\u00e1n a punto de perder o ya han perdido sus permisos a ra\u00edz de la rescisi\u00f3n del programa. No actuar es crear una comprensible incertidumbre y ansiedad entre las comunidades de inmigrantes\u201d, apuntan los legisladores republicanos. Dado que a\u00fan tienen tiempo hasta marzo para tomar medidas, el liderazgo republicano no ha querido acelerar este proceso, y la Casa Blanca ha utilizado las negociaciones sobre este asunto como una moneda de cambio para obtener el benepl\u00e1cito de los dem\u00f3cratas para obtener fondos para el muro fronterizo con M\u00e9xico. Sin embargo, desde que en septiembre el nuevo presidente tomara la decisi\u00f3n de poner fin a DACA, los avances en el Capitolio han sido pr\u00e1cticamente nulos. \u201cMientras que creemos firmemente que el Congreso debe trabajar para atajar este asunto y otros relacionados con un sistema migratorio roto, es imperativo que republicanos y dem\u00f3cratas se unan y resuelvan este problema ahora, y no esperar hasta el a\u00f1o pr\u00f3ximo\u201d, agregaron. M\u00e1s de 900,000 j\u00f3venes indocumentados se beneficiaron del programa DACA, y pudieron obtener un permiso laboral y evitar la deportaci\u00f3n gracias a esta medida impulsada por el anterior presidente. Fuente: EFE<\/p>","protected":false},"author":13,"featured_media":10863,"comment_status":"open","ping_status":"open","sticky":false,"template":"","format":"standard","meta":{"_uf_show_specific_survey":0,"_uf_disable_surveys":false,"footnotes":""},"categories":[10,1],"tags":[],"class_list":["post-10862","post","type-post","status-publish","format-standard","has-post-thumbnail","hentry","category-noticias","category-temas-de-interes"],"aioseo_notices":[],"yoast_head":"<!-- This site is optimized with the Yoast SEO plugin v27.5 - https:\/\/yoast.com\/product\/yoast-seo-wordpress\/ -->\n<title>Inyectan nuevo aire en el Congreso para salvar DACA - Acceso Latino<\/title>\n<meta name=\"description\" content=\"Hasta 34 congresistas republicanos solicitaron hoy al presidente de la C\u00e1mara Baja, Paul Ryan, que someta a votaci\u00f3n la llamada \u201cDream Act\u201d\" \/>\n<meta name=\"robots\" content=\"index, follow, max-snippet:-1, max-image-preview:large, max-video-preview:-1\" \/>\n<link rel=\"canonical\" href=\"https:\/\/accesolatino.org\/en\/inyectan-nuevo-aire-en-el-congreso-para-salvar-daca\/noticias\/\" \/>\n<meta property=\"og:locale\" content=\"en_US\" \/>\n<meta property=\"og:type\" content=\"article\" \/>\n<meta property=\"og:title\" content=\"Inyectan nuevo aire en el Congreso para salvar DACA - Acceso Latino\" \/>\n<meta property=\"og:description\" content=\"Hasta 34 congresistas republicanos solicitaron hoy al presidente de la C\u00e1mara Baja, Paul Ryan, que someta a votaci\u00f3n la llamada \u201cDream Act\u201d\" \/>\n<meta property=\"og:url\" content=\"https:\/\/accesolatino.org\/en\/inyectan-nuevo-aire-en-el-congreso-para-salvar-daca\/noticias\/\" \/>\n<meta property=\"og:site_name\" content=\"Acceso Latino\" \/>\n<meta property=\"article:publisher\" content=\"https:\/\/www.facebook.com\/AccesoLatinoOrg\" \/>\n<meta property=\"article:published_time\" content=\"2017-12-06T15:28:47+00:00\" \/>\n<meta property=\"article:modified_time\" content=\"2025-10-27T19:51:52+00:00\" \/>\n<meta property=\"og:image\" content=\"https:\/\/accesolatino.org\/wp-content\/uploads\/2017\/12\/Inyectan-nuevo-aire-en-el-Congreso-para-salvar-DACA.jpg\" \/>\n\t<meta property=\"og:image:width\" content=\"600\" \/>\n\t<meta property=\"og:image:height\" content=\"439\" \/>\n\t<meta property=\"og:image:type\" content=\"image\/jpeg\" \/>\n<meta name=\"author\" content=\"Noticias\" \/>\n<meta name=\"twitter:card\" content=\"summary_large_image\" \/>\n<meta name=\"twitter:creator\" content=\"@FAccLatino\" \/>\n<meta name=\"twitter:site\" content=\"@FAccLatino\" \/>\n<meta name=\"twitter:label1\" content=\"Written by\" \/>\n\t<meta name=\"twitter:data1\" content=\"Noticias\" \/>\n\t<meta name=\"twitter:label2\" content=\"Est. reading time\" \/>\n\t<meta name=\"twitter:data2\" content=\"2 minutes\" \/>\n<script type=\"application\/ld+json\" class=\"yoast-schema-graph\">{\"@context\":\"https:\\\/\\\/schema.org\",\"@graph\":[{\"@type\":\"Article\",\"@id\":\"https:\\\/\\\/accesolatino.org\\\/inyectan-nuevo-aire-en-el-congreso-para-salvar-daca\\\/noticias\\\/#article\",\"isPartOf\":{\"@id\":\"https:\\\/\\\/accesolatino.org\\\/inyectan-nuevo-aire-en-el-congreso-para-salvar-daca\\\/noticias\\\/\"},\"author\":{\"name\":\"Noticias\",\"@id\":\"https:\\\/\\\/accesolatino.org\\\/#\\\/schema\\\/person\\\/57bc3bfd2c357610a5255490ca4cd305\"},\"headline\":\"Inyectan nuevo aire en el Congreso para salvar DACA\",\"datePublished\":\"2017-12-06T15:28:47+00:00\",\"dateModified\":\"2025-10-27T19:51:52+00:00\",\"mainEntityOfPage\":{\"@id\":\"https:\\\/\\\/accesolatino.org\\\/inyectan-nuevo-aire-en-el-congreso-para-salvar-daca\\\/noticias\\\/\"},\"wordCount\":413,\"commentCount\":0,\"publisher\":{\"@id\":\"https:\\\/\\\/accesolatino.org\\\/#organization\"},\"image\":{\"@id\":\"https:\\\/\\\/accesolatino.org\\\/inyectan-nuevo-aire-en-el-congreso-para-salvar-daca\\\/noticias\\\/#primaryimage\"},\"thumbnailUrl\":\"https:\\\/\\\/accesolatino.org\\\/wp-content\\\/uploads\\\/2017\\\/12\\\/Inyectan-nuevo-aire-en-el-Congreso-para-salvar-DACA.jpg\",\"articleSection\":[\"Noticias\",\"Temas de inter\u00e9s\"],\"inLanguage\":\"en-US\",\"potentialAction\":[{\"@type\":\"CommentAction\",\"name\":\"Comment\",\"target\":[\"https:\\\/\\\/accesolatino.org\\\/inyectan-nuevo-aire-en-el-congreso-para-salvar-daca\\\/noticias\\\/#respond\"]}]},{\"@type\":\"WebPage\",\"@id\":\"https:\\\/\\\/accesolatino.org\\\/inyectan-nuevo-aire-en-el-congreso-para-salvar-daca\\\/noticias\\\/\",\"url\":\"https:\\\/\\\/accesolatino.org\\\/inyectan-nuevo-aire-en-el-congreso-para-salvar-daca\\\/noticias\\\/\",\"name\":\"Inyectan nuevo aire en el Congreso para salvar DACA - Acceso Latino\",\"isPartOf\":{\"@id\":\"https:\\\/\\\/accesolatino.org\\\/#website\"},\"primaryImageOfPage\":{\"@id\":\"https:\\\/\\\/accesolatino.org\\\/inyectan-nuevo-aire-en-el-congreso-para-salvar-daca\\\/noticias\\\/#primaryimage\"},\"image\":{\"@id\":\"https:\\\/\\\/accesolatino.org\\\/inyectan-nuevo-aire-en-el-congreso-para-salvar-daca\\\/noticias\\\/#primaryimage\"},\"thumbnailUrl\":\"https:\\\/\\\/accesolatino.org\\\/wp-content\\\/uploads\\\/2017\\\/12\\\/Inyectan-nuevo-aire-en-el-Congreso-para-salvar-DACA.jpg\",\"datePublished\":\"2017-12-06T15:28:47+00:00\",\"dateModified\":\"2025-10-27T19:51:52+00:00\",\"description\":\"Hasta 34 congresistas republicanos solicitaron hoy al presidente de la C\u00e1mara Baja, Paul Ryan, que someta a votaci\u00f3n la llamada \u201cDream Act\u201d\",\"breadcrumb\":{\"@id\":\"https:\\\/\\\/accesolatino.org\\\/inyectan-nuevo-aire-en-el-congreso-para-salvar-daca\\\/noticias\\\/#breadcrumb\"},\"inLanguage\":\"en-US\",\"potentialAction\":[{\"@type\":\"ReadAction\",\"target\":[\"https:\\\/\\\/accesolatino.org\\\/inyectan-nuevo-aire-en-el-congreso-para-salvar-daca\\\/noticias\\\/\"]}]},{\"@type\":\"ImageObject\",\"inLanguage\":\"en-US\",\"@id\":\"https:\\\/\\\/accesolatino.org\\\/inyectan-nuevo-aire-en-el-congreso-para-salvar-daca\\\/noticias\\\/#primaryimage\",\"url\":\"https:\\\/\\\/accesolatino.org\\\/wp-content\\\/uploads\\\/2017\\\/12\\\/Inyectan-nuevo-aire-en-el-Congreso-para-salvar-DACA.jpg\",\"contentUrl\":\"https:\\\/\\\/accesolatino.org\\\/wp-content\\\/uploads\\\/2017\\\/12\\\/Inyectan-nuevo-aire-en-el-Congreso-para-salvar-DACA.jpg\",\"width\":\"600\",\"height\":\"439\",\"caption\":\"Inyectan-nuevo-aire-en-el-Congreso-para-salvar-DACA\"},{\"@type\":\"BreadcrumbList\",\"@id\":\"https:\\\/\\\/accesolatino.org\\\/inyectan-nuevo-aire-en-el-congreso-para-salvar-daca\\\/noticias\\\/#breadcrumb\",\"itemListElement\":[{\"@type\":\"ListItem\",\"position\":1,\"name\":\"Portada\",\"item\":\"https:\\\/\\\/accesolatino.org\\\/\"},{\"@type\":\"ListItem\",\"position\":2,\"name\":\"Noticias\",\"item\":\"https:\\\/\\\/accesolatino.org\\\/category\\\/noticias\\\/\"},{\"@type\":\"ListItem\",\"position\":3,\"name\":\"Inyectan nuevo aire en el Congreso para salvar DACA\"}]},{\"@type\":\"WebSite\",\"@id\":\"https:\\\/\\\/accesolatino.org\\\/#website\",\"url\":\"https:\\\/\\\/accesolatino.org\\\/\",\"name\":\"Acceso Latino | Fundaci\u00f3n Carlos Slim\",\"description\":\"Fundaci\u00f3n Carlos Slim\",\"publisher\":{\"@id\":\"https:\\\/\\\/accesolatino.org\\\/#organization\"},\"potentialAction\":[{\"@type\":\"SearchAction\",\"target\":{\"@type\":\"EntryPoint\",\"urlTemplate\":\"https:\\\/\\\/accesolatino.org\\\/?s={search_term_string}\"},\"query-input\":{\"@type\":\"PropertyValueSpecification\",\"valueRequired\":true,\"valueName\":\"search_term_string\"}}],\"inLanguage\":\"en-US\"},{\"@type\":\"Organization\",\"@id\":\"https:\\\/\\\/accesolatino.org\\\/#organization\",\"name\":\"Acceso Latino | Fundaci\u00f3n Carlos Slim\",\"url\":\"https:\\\/\\\/accesolatino.org\\\/\",\"logo\":{\"@type\":\"ImageObject\",\"inLanguage\":\"en-US\",\"@id\":\"https:\\\/\\\/accesolatino.org\\\/#\\\/schema\\\/logo\\\/image\\\/\",\"url\":\"https:\\\/\\\/accesolatino.org\\\/wp-content\\\/uploads\\\/2021\\\/02\\\/logo-footer-acceso-latino.png\",\"contentUrl\":\"https:\\\/\\\/accesolatino.org\\\/wp-content\\\/uploads\\\/2021\\\/02\\\/logo-footer-acceso-latino.png\",\"width\":240,\"height\":40,\"caption\":\"Acceso Latino | Fundaci\u00f3n Carlos Slim\"},\"image\":{\"@id\":\"https:\\\/\\\/accesolatino.org\\\/#\\\/schema\\\/logo\\\/image\\\/\"},\"sameAs\":[\"https:\\\/\\\/www.facebook.com\\\/AccesoLatinoOrg\",\"https:\\\/\\\/x.com\\\/FAccLatino\"]},{\"@type\":\"Person\",\"@id\":\"https:\\\/\\\/accesolatino.org\\\/#\\\/schema\\\/person\\\/57bc3bfd2c357610a5255490ca4cd305\",\"name\":\"Noticias\"}]}<\/script>\n<!-- \/ Yoast SEO plugin. -->","yoast_head_json":{"title":"Inyectan nuevo aire en el Congreso para salvar DACA - Acceso Latino","description":"Hasta 34 congresistas republicanos solicitaron hoy al presidente de la C\u00e1mara Baja, Paul Ryan, que someta a votaci\u00f3n la llamada \u201cDream Act\u201d","robots":{"index":"index","follow":"follow","max-snippet":"max-snippet:-1","max-image-preview":"max-image-preview:large","max-video-preview":"max-video-preview:-1"},"canonical":"https:\/\/accesolatino.org\/en\/inyectan-nuevo-aire-en-el-congreso-para-salvar-daca\/noticias\/","og_locale":"en_US","og_type":"article","og_title":"Inyectan nuevo aire en el Congreso para salvar DACA - Acceso Latino","og_description":"Hasta 34 congresistas republicanos solicitaron hoy al presidente de la C\u00e1mara Baja, Paul Ryan, que someta a votaci\u00f3n la llamada \u201cDream Act\u201d","og_url":"https:\/\/accesolatino.org\/en\/inyectan-nuevo-aire-en-el-congreso-para-salvar-daca\/noticias\/","og_site_name":"Acceso Latino","article_publisher":"https:\/\/www.facebook.com\/AccesoLatinoOrg","article_published_time":"2017-12-06T15:28:47+00:00","article_modified_time":"2025-10-27T19:51:52+00:00","og_image":[{"width":600,"height":439,"url":"https:\/\/accesolatino.org\/wp-content\/uploads\/2017\/12\/Inyectan-nuevo-aire-en-el-Congreso-para-salvar-DACA.jpg","type":"image\/jpeg"}],"author":"Noticias","twitter_card":"summary_large_image","twitter_creator":"@FAccLatino","twitter_site":"@FAccLatino","twitter_misc":{"Written by":"Noticias","Est. reading time":"2 minutes"},"schema":{"@context":"https:\/\/schema.org","@graph":[{"@type":"Article","@id":"https:\/\/accesolatino.org\/inyectan-nuevo-aire-en-el-congreso-para-salvar-daca\/noticias\/#article","isPartOf":{"@id":"https:\/\/accesolatino.org\/inyectan-nuevo-aire-en-el-congreso-para-salvar-daca\/noticias\/"},"author":{"name":"Noticias","@id":"https:\/\/accesolatino.org\/#\/schema\/person\/57bc3bfd2c357610a5255490ca4cd305"},"headline":"Inyectan nuevo aire en el Congreso para salvar DACA","datePublished":"2017-12-06T15:28:47+00:00","dateModified":"2025-10-27T19:51:52+00:00","mainEntityOfPage":{"@id":"https:\/\/accesolatino.org\/inyectan-nuevo-aire-en-el-congreso-para-salvar-daca\/noticias\/"},"wordCount":413,"commentCount":0,"publisher":{"@id":"https:\/\/accesolatino.org\/#organization"},"image":{"@id":"https:\/\/accesolatino.org\/inyectan-nuevo-aire-en-el-congreso-para-salvar-daca\/noticias\/#primaryimage"},"thumbnailUrl":"https:\/\/accesolatino.org\/wp-content\/uploads\/2017\/12\/Inyectan-nuevo-aire-en-el-Congreso-para-salvar-DACA.jpg","articleSection":["Noticias","Temas de inter\u00e9s"],"inLanguage":"en-US","potentialAction":[{"@type":"CommentAction","name":"Comment","target":["https:\/\/accesolatino.org\/inyectan-nuevo-aire-en-el-congreso-para-salvar-daca\/noticias\/#respond"]}]},{"@type":"WebPage","@id":"https:\/\/accesolatino.org\/inyectan-nuevo-aire-en-el-congreso-para-salvar-daca\/noticias\/","url":"https:\/\/accesolatino.org\/inyectan-nuevo-aire-en-el-congreso-para-salvar-daca\/noticias\/","name":"Inyectan nuevo aire en el Congreso para salvar DACA - Acceso Latino","isPartOf":{"@id":"https:\/\/accesolatino.org\/#website"},"primaryImageOfPage":{"@id":"https:\/\/accesolatino.org\/inyectan-nuevo-aire-en-el-congreso-para-salvar-daca\/noticias\/#primaryimage"},"image":{"@id":"https:\/\/accesolatino.org\/inyectan-nuevo-aire-en-el-congreso-para-salvar-daca\/noticias\/#primaryimage"},"thumbnailUrl":"https:\/\/accesolatino.org\/wp-content\/uploads\/2017\/12\/Inyectan-nuevo-aire-en-el-Congreso-para-salvar-DACA.jpg","datePublished":"2017-12-06T15:28:47+00:00","dateModified":"2025-10-27T19:51:52+00:00","description":"Hasta 34 congresistas republicanos solicitaron hoy al presidente de la C\u00e1mara Baja, Paul Ryan, que someta a votaci\u00f3n la llamada \u201cDream Act\u201d","breadcrumb":{"@id":"https:\/\/accesolatino.org\/inyectan-nuevo-aire-en-el-congreso-para-salvar-daca\/noticias\/#breadcrumb"},"inLanguage":"en-US","potentialAction":[{"@type":"ReadAction","target":["https:\/\/accesolatino.org\/inyectan-nuevo-aire-en-el-congreso-para-salvar-daca\/noticias\/"]}]},{"@type":"ImageObject","inLanguage":"en-US","@id":"https:\/\/accesolatino.org\/inyectan-nuevo-aire-en-el-congreso-para-salvar-daca\/noticias\/#primaryimage","url":"https:\/\/accesolatino.org\/wp-content\/uploads\/2017\/12\/Inyectan-nuevo-aire-en-el-Congreso-para-salvar-DACA.jpg","contentUrl":"https:\/\/accesolatino.org\/wp-content\/uploads\/2017\/12\/Inyectan-nuevo-aire-en-el-Congreso-para-salvar-DACA.jpg","width":"600","height":"439","caption":"Inyectan-nuevo-aire-en-el-Congreso-para-salvar-DACA"},{"@type":"BreadcrumbList","@id":"https:\/\/accesolatino.org\/inyectan-nuevo-aire-en-el-congreso-para-salvar-daca\/noticias\/#breadcrumb","itemListElement":[{"@type":"ListItem","position":1,"name":"Portada","item":"https:\/\/accesolatino.org\/"},{"@type":"ListItem","position":2,"name":"Noticias","item":"https:\/\/accesolatino.org\/category\/noticias\/"},{"@type":"ListItem","position":3,"name":"Inyectan nuevo aire en el Congreso para salvar DACA"}]},{"@type":"WebSite","@id":"https:\/\/accesolatino.org\/#website","url":"https:\/\/accesolatino.org\/","name":"Acceso Latino | Fundaci\u00f3n Carlos Slim","description":"Fundaci\u00f3n Carlos Slim","publisher":{"@id":"https:\/\/accesolatino.org\/#organization"},"potentialAction":[{"@type":"SearchAction","target":{"@type":"EntryPoint","urlTemplate":"https:\/\/accesolatino.org\/?s={search_term_string}"},"query-input":{"@type":"PropertyValueSpecification","valueRequired":true,"valueName":"search_term_string"}}],"inLanguage":"en-US"},{"@type":"Organization","@id":"https:\/\/accesolatino.org\/#organization","name":"Acceso Latino | Fundaci\u00f3n Carlos Slim","url":"https:\/\/accesolatino.org\/","logo":{"@type":"ImageObject","inLanguage":"en-US","@id":"https:\/\/accesolatino.org\/#\/schema\/logo\/image\/","url":"https:\/\/accesolatino.org\/wp-content\/uploads\/2021\/02\/logo-footer-acceso-latino.png","contentUrl":"https:\/\/accesolatino.org\/wp-content\/uploads\/2021\/02\/logo-footer-acceso-latino.png","width":240,"height":40,"caption":"Acceso Latino | Fundaci\u00f3n Carlos Slim"},"image":{"@id":"https:\/\/accesolatino.org\/#\/schema\/logo\/image\/"},"sameAs":["https:\/\/www.facebook.com\/AccesoLatinoOrg","https:\/\/x.com\/FAccLatino"]},{"@type":"Person","@id":"https:\/\/accesolatino.org\/#\/schema\/person\/57bc3bfd2c357610a5255490ca4cd305","name":"News"}]}},"_links":{"self":[{"href":"https:\/\/accesolatino.org\/en\/wp-json\/wp\/v2\/posts\/10862","targetHints":{"allow":["GET"]}}],"collection":[{"href":"https:\/\/accesolatino.org\/en\/wp-json\/wp\/v2\/posts"}],"about":[{"href":"https:\/\/accesolatino.org\/en\/wp-json\/wp\/v2\/types\/post"}],"author":[{"embeddable":true,"href":"https:\/\/accesolatino.org\/en\/wp-json\/wp\/v2\/users\/13"}],"replies":[{"embeddable":true,"href":"https:\/\/accesolatino.org\/en\/wp-json\/wp\/v2\/comments?post=10862"}],"version-history":[{"count":1,"href":"https:\/\/accesolatino.org\/en\/wp-json\/wp\/v2\/posts\/10862\/revisions"}],"predecessor-version":[{"id":66780,"href":"https:\/\/accesolatino.org\/en\/wp-json\/wp\/v2\/posts\/10862\/revisions\/66780"}],"wp:featuredmedia":[{"embeddable":true,"href":"https:\/\/accesolatino.org\/en\/wp-json\/wp\/v2\/media\/10863"}],"wp:attachment":[{"href":"https:\/\/accesolatino.org\/en\/wp-json\/wp\/v2\/media?parent=10862"}],"wp:term":[{"taxonomy":"category","embeddable":true,"href":"https:\/\/accesolatino.org\/en\/wp-json\/wp\/v2\/categories?post=10862"},{"taxonomy":"post_tag","embeddable":true,"href":"https:\/\/accesolatino.org\/en\/wp-json\/wp\/v2\/tags?post=10862"}],"curies":[{"name":"wp","href":"https:\/\/api.w.org\/{rel}","templated":true}]}}