{"id":10826,"date":"2017-12-04T10:29:10","date_gmt":"2017-12-04T16:29:10","guid":{"rendered":"https:\/\/accesolatino.org\/?p=10826"},"modified":"2025-10-27T13:52:18","modified_gmt":"2025-10-27T19:52:18","slug":"lucho-casi-10-anos-contra-la-deportacion-hoy-tiene-su-green-card","status":"publish","type":"post","link":"https:\/\/accesolatino.org\/en\/lucho-casi-10-anos-contra-la-deportacion-hoy-tiene-su-green-card\/noticias\/","title":{"rendered":"Luch\u00f3 casi 10 a\u00f1os contra la deportaci\u00f3n; hoy tiene su \u2018green card\u2019"},"content":{"rendered":"<p>Ulises Guerrero fue uno de los inmigrantes detenidos en la \u00faltima gran redada hecha por ICE, en una f\u00e1brica en Los \u00c1ngeles.<\/p>\n<p>\u201cA todo dar.\u201d As\u00ed se siente Ulises Guerrero al mostrar orgulloso la tarjeta de residencia permanente que acaba de obtener.<\/p>\n<p>No es de menos. Conseguirla le tom\u00f3 casi 10 a\u00f1os de lucha contra una orden de deportaci\u00f3n.<\/p>\n<p>El mexicano fue uno de los 168 trabajadores detenidos en la \u00faltima gran redada en una f\u00e1brica de Los \u00c1ngeles. Ocurri\u00f3 el 7 de febrero de 2008. Su turno de las 3:00 p.m. acababa de empezar en Micro Solutions Enterprises, una empresa de Van Nuys que produc\u00eda cartuchos para impresoras.<\/p>\n<p>Guerrero, de 37 a\u00f1os, hab\u00eda estado trabajando all\u00ed por cinco a\u00f1os y era un supervisor.<\/p>\n<p>Cuando vio entrar a los agentes de la Oficina de Inmigraci\u00f3n y Control de Aduanas (ICE), pensaron que eran polic\u00edas que hab\u00edan ido a revisar denuncias de robos en los autos en el estacionamiento de la compa\u00f1\u00eda.<\/p>\n<p>Los agentes migratorios cerraron calles cercanas y rodearon a los 200 empleados que se encontraban en la f\u00e1brica.<\/p>\n<p>\u201cTres agentes vinieron y nos dijeron que hicieramos una fila, una para los que ten\u00edan papeles y otra para los que no ten\u00edan\u201d, record\u00f3 Guerrero.<\/p>\n<p>ICE lleg\u00f3 a la empresa buscando a ocho personas con antecedentes penales, incluyendo sospechosos de usar identificaciones falsas. Al final del operativo, detuvieron a 168 indocumentados, Guerrero entre ellos.<\/p>\n<p>Todos fueron esposados, subidos a autobuses y llevados a la c\u00e1rcel de Migraci\u00f3n en el centro de Los \u00c1ngeles. Guerrero estuvo ah\u00ed cuatro d\u00edas y dice que hab\u00eda mucha presi\u00f3n para que firmaran su salida voluntaria.<\/p>\n<p>\u201cTe dec\u00edan, si firmas hoy vas a estar en tu casa (en M\u00e9xico), ya no vas a estar encerrado\u201d, cuenta.<\/p>\n<p>Pero no firm\u00f3 y fue liberado despu\u00e9s de pagar una fianza de $1,500 d\u00f3lares. Eso le evit\u00f3 tener que llevar un monitor de tobillo como el resto de los inmigrantes que no pod\u00edan pagar esa cantidad mientras esperaban ver a un juez de migraci\u00f3n.<\/p>\n<p>Por varios meses despu\u00e9s, un agente de ICE llegaba a su casa dos veces por semana. No pod\u00eda trabajar y viv\u00eda de lo que consegu\u00eda en organizaciones comunitarias. Luego empez\u00f3 a laborar casi a escondidas y recibiendo un pago \u201cbajo la mesa\u201d.<\/p>\n<p>Mientras y gracias a la atenci\u00f3n medi\u00e1tica que gener\u00f3 el caso, cada vez que iba a la Corte de Migraci\u00f3n, su abogado le consegu\u00eda extensiones de seis meses para permanecer en el pa\u00eds. Le ayud\u00f3 no haber tenido ning\u00fan antecedente criminal en su r\u00e9cord. Pero admite que muchas veces pens\u00f3 en tirar la toalla.<\/p>\n<p>\u201cTen\u00eda la presi\u00f3n que me iban a deportar. A la larga nada m\u00e1s est\u00e1s pensando en eso\u201d, dice.<\/p>\n<p>En 2011 conoci\u00f3 a su actual esposa, Sandra Zamorano, una estadounidense con quien se cas\u00f3 despu\u00e9s. Ahora tienen dos hijos y uno m\u00e1s en camino. En 2015, con su ayuda, comenzaron el proceso para regularizar su estatus.<\/p>\n<p>Su orden de deportaci\u00f3n fue finalmente revocada el a\u00f1o pasado y acaba de recibir la ansiada \u201cgreen card\u201d.<\/p>\n<p>\u201cMe siento libre, que puedo echarle m\u00e1s ganas para salir adelante\u201d, expresa Guerrero.<\/p>\n<p>Relata que muchos de sus compa\u00f1eros se dieron por vencidos y dejaron de pelear sus casos, optando por regresarse a sus pa\u00edses.<\/p>\n<p>Su caso, dice, muestra que no hay que dejarse vencer y hay que seguir luchando.<\/p>\n<p>\u201cS\u00ed hay esperanza. Mientras uno no firme, tiene derecho a pelear el caso\u201d.<\/p>\n<p><em>Fuente: La Opini\u00f3n<\/em><\/p>","protected":false},"excerpt":{"rendered":"<p>Ulises Guerrero fue uno de los inmigrantes detenidos en la \u00faltima gran redada hecha por ICE, en una f\u00e1brica en Los \u00c1ngeles. \u201cA todo dar.\u201d As\u00ed se siente Ulises Guerrero al mostrar orgulloso la tarjeta de residencia permanente que acaba de obtener. No es de menos. Conseguirla le tom\u00f3 casi 10 a\u00f1os de lucha contra una orden de deportaci\u00f3n. El mexicano fue uno de los 168 trabajadores detenidos en la \u00faltima gran redada en una f\u00e1brica de Los \u00c1ngeles. Ocurri\u00f3 el 7 de febrero de 2008. Su turno de las 3:00 p.m. acababa de empezar en Micro Solutions Enterprises, una empresa de Van Nuys que produc\u00eda cartuchos para impresoras. Guerrero, de 37 a\u00f1os, hab\u00eda estado trabajando all\u00ed por cinco a\u00f1os y era un supervisor. Cuando vio entrar a los agentes de la Oficina de Inmigraci\u00f3n y Control de Aduanas (ICE), pensaron que eran polic\u00edas que hab\u00edan ido a revisar denuncias de robos en los autos en el estacionamiento de la compa\u00f1\u00eda. Los agentes migratorios cerraron calles cercanas y rodearon a los 200 empleados que se encontraban en la f\u00e1brica. \u201cTres agentes vinieron y nos dijeron que hicieramos una fila, una para los que ten\u00edan papeles y otra para los que no ten\u00edan\u201d, record\u00f3 Guerrero. ICE lleg\u00f3 a la empresa buscando a ocho personas con antecedentes penales, incluyendo sospechosos de usar identificaciones falsas. Al final del operativo, detuvieron a 168 indocumentados, Guerrero entre ellos. Todos fueron esposados, subidos a autobuses y llevados a la c\u00e1rcel de Migraci\u00f3n en el centro de Los \u00c1ngeles. Guerrero estuvo ah\u00ed cuatro d\u00edas y dice que hab\u00eda mucha presi\u00f3n para que firmaran su salida voluntaria. \u201cTe dec\u00edan, si firmas hoy vas a estar en tu casa (en M\u00e9xico), ya no vas a estar encerrado\u201d, cuenta. Pero no firm\u00f3 y fue liberado despu\u00e9s de pagar una fianza de $1,500 d\u00f3lares. Eso le evit\u00f3 tener que llevar un monitor de tobillo como el resto de los inmigrantes que no pod\u00edan pagar esa cantidad mientras esperaban ver a un juez de migraci\u00f3n. Por varios meses despu\u00e9s, un agente de ICE llegaba a su casa dos veces por semana. No pod\u00eda trabajar y viv\u00eda de lo que consegu\u00eda en organizaciones comunitarias. Luego empez\u00f3 a laborar casi a escondidas y recibiendo un pago \u201cbajo la mesa\u201d. Mientras y gracias a la atenci\u00f3n medi\u00e1tica que gener\u00f3 el caso, cada vez que iba a la Corte de Migraci\u00f3n, su abogado le consegu\u00eda extensiones de seis meses para permanecer en el pa\u00eds. Le ayud\u00f3 no haber tenido ning\u00fan antecedente criminal en su r\u00e9cord. Pero admite que muchas veces pens\u00f3 en tirar la toalla. \u201cTen\u00eda la presi\u00f3n que me iban a deportar. A la larga nada m\u00e1s est\u00e1s pensando en eso\u201d, dice. En 2011 conoci\u00f3 a su actual esposa, Sandra Zamorano, una estadounidense con quien se cas\u00f3 despu\u00e9s. Ahora tienen dos hijos y uno m\u00e1s en camino. En 2015, con su ayuda, comenzaron el proceso para regularizar su estatus. Su orden de deportaci\u00f3n fue finalmente revocada el a\u00f1o pasado y acaba de recibir la ansiada \u201cgreen card\u201d. \u201cMe siento libre, que puedo echarle m\u00e1s ganas para salir adelante\u201d, expresa Guerrero. Relata que muchos de sus compa\u00f1eros se dieron por vencidos y dejaron de pelear sus casos, optando por regresarse a sus pa\u00edses. Su caso, dice, muestra que no hay que dejarse vencer y hay que seguir luchando. \u201cS\u00ed hay esperanza. Mientras uno no firme, tiene derecho a pelear el caso\u201d. Fuente: La Opini\u00f3n<\/p>","protected":false},"author":13,"featured_media":10828,"comment_status":"open","ping_status":"open","sticky":false,"template":"","format":"standard","meta":{"_uf_show_specific_survey":0,"_uf_disable_surveys":false,"footnotes":""},"categories":[10,1],"tags":[],"class_list":["post-10826","post","type-post","status-publish","format-standard","has-post-thumbnail","hentry","category-noticias","category-temas-de-interes"],"aioseo_notices":[],"yoast_head":"<!-- This site is optimized with the Yoast SEO plugin v27.5 - https:\/\/yoast.com\/product\/yoast-seo-wordpress\/ -->\n<title>Luch\u00f3 casi 10 a\u00f1os contra la deportaci\u00f3n; hoy tiene su \u2018green card\u2019<\/title>\n<meta name=\"description\" content=\"Ulises Guerrero fue uno de los inmigrantes detenidos en la \u00faltima gran redada hecha por ICE, en una f\u00e1brica en Los \u00c1ngeles\" \/>\n<meta name=\"robots\" content=\"index, follow, max-snippet:-1, max-image-preview:large, max-video-preview:-1\" \/>\n<link rel=\"canonical\" href=\"https:\/\/accesolatino.org\/en\/lucho-casi-10-anos-contra-la-deportacion-hoy-tiene-su-green-card\/noticias\/\" \/>\n<meta property=\"og:locale\" content=\"en_US\" \/>\n<meta property=\"og:type\" content=\"article\" \/>\n<meta property=\"og:title\" content=\"Luch\u00f3 casi 10 a\u00f1os contra la deportaci\u00f3n; hoy tiene su \u2018green card\u2019\" \/>\n<meta property=\"og:description\" content=\"Ulises Guerrero fue uno de los inmigrantes detenidos en la \u00faltima gran redada hecha por ICE, en una f\u00e1brica en Los \u00c1ngeles\" \/>\n<meta property=\"og:url\" content=\"https:\/\/accesolatino.org\/en\/lucho-casi-10-anos-contra-la-deportacion-hoy-tiene-su-green-card\/noticias\/\" \/>\n<meta property=\"og:site_name\" content=\"Acceso Latino\" \/>\n<meta property=\"article:publisher\" content=\"https:\/\/www.facebook.com\/AccesoLatinoOrg\" \/>\n<meta property=\"article:published_time\" content=\"2017-12-04T16:29:10+00:00\" \/>\n<meta property=\"article:modified_time\" content=\"2025-10-27T19:52:18+00:00\" \/>\n<meta property=\"og:image\" content=\"https:\/\/accesolatino.org\/wp-content\/uploads\/2017\/12\/Lucho-casi-10-anos-contra-la-deportacion-hoy-tiene-su-green-card.jpg\" \/>\n\t<meta property=\"og:image:width\" content=\"600\" \/>\n\t<meta property=\"og:image:height\" content=\"450\" \/>\n\t<meta property=\"og:image:type\" content=\"image\/jpeg\" \/>\n<meta name=\"author\" content=\"Noticias\" \/>\n<meta name=\"twitter:card\" content=\"summary_large_image\" \/>\n<meta name=\"twitter:creator\" content=\"@FAccLatino\" \/>\n<meta name=\"twitter:site\" content=\"@FAccLatino\" \/>\n<meta name=\"twitter:label1\" content=\"Written by\" \/>\n\t<meta name=\"twitter:data1\" content=\"Noticias\" \/>\n\t<meta name=\"twitter:label2\" content=\"Est. reading time\" \/>\n\t<meta name=\"twitter:data2\" content=\"3 minutes\" \/>\n<script type=\"application\/ld+json\" class=\"yoast-schema-graph\">{\"@context\":\"https:\\\/\\\/schema.org\",\"@graph\":[{\"@type\":\"Article\",\"@id\":\"https:\\\/\\\/accesolatino.org\\\/lucho-casi-10-anos-contra-la-deportacion-hoy-tiene-su-green-card\\\/noticias\\\/#article\",\"isPartOf\":{\"@id\":\"https:\\\/\\\/accesolatino.org\\\/lucho-casi-10-anos-contra-la-deportacion-hoy-tiene-su-green-card\\\/noticias\\\/\"},\"author\":{\"name\":\"Noticias\",\"@id\":\"https:\\\/\\\/accesolatino.org\\\/#\\\/schema\\\/person\\\/57bc3bfd2c357610a5255490ca4cd305\"},\"headline\":\"Luch\u00f3 casi 10 a\u00f1os contra la deportaci\u00f3n; hoy tiene su \u2018green card\u2019\",\"datePublished\":\"2017-12-04T16:29:10+00:00\",\"dateModified\":\"2025-10-27T19:52:18+00:00\",\"mainEntityOfPage\":{\"@id\":\"https:\\\/\\\/accesolatino.org\\\/lucho-casi-10-anos-contra-la-deportacion-hoy-tiene-su-green-card\\\/noticias\\\/\"},\"wordCount\":620,\"commentCount\":0,\"publisher\":{\"@id\":\"https:\\\/\\\/accesolatino.org\\\/#organization\"},\"image\":{\"@id\":\"https:\\\/\\\/accesolatino.org\\\/lucho-casi-10-anos-contra-la-deportacion-hoy-tiene-su-green-card\\\/noticias\\\/#primaryimage\"},\"thumbnailUrl\":\"https:\\\/\\\/accesolatino.org\\\/wp-content\\\/uploads\\\/2017\\\/12\\\/Lucho-casi-10-anos-contra-la-deportacion-hoy-tiene-su-green-card.jpg\",\"articleSection\":[\"Noticias\",\"Temas de inter\u00e9s\"],\"inLanguage\":\"en-US\",\"potentialAction\":[{\"@type\":\"CommentAction\",\"name\":\"Comment\",\"target\":[\"https:\\\/\\\/accesolatino.org\\\/lucho-casi-10-anos-contra-la-deportacion-hoy-tiene-su-green-card\\\/noticias\\\/#respond\"]}]},{\"@type\":\"WebPage\",\"@id\":\"https:\\\/\\\/accesolatino.org\\\/lucho-casi-10-anos-contra-la-deportacion-hoy-tiene-su-green-card\\\/noticias\\\/\",\"url\":\"https:\\\/\\\/accesolatino.org\\\/lucho-casi-10-anos-contra-la-deportacion-hoy-tiene-su-green-card\\\/noticias\\\/\",\"name\":\"Luch\u00f3 casi 10 a\u00f1os contra la deportaci\u00f3n; hoy tiene su \u2018green card\u2019\",\"isPartOf\":{\"@id\":\"https:\\\/\\\/accesolatino.org\\\/#website\"},\"primaryImageOfPage\":{\"@id\":\"https:\\\/\\\/accesolatino.org\\\/lucho-casi-10-anos-contra-la-deportacion-hoy-tiene-su-green-card\\\/noticias\\\/#primaryimage\"},\"image\":{\"@id\":\"https:\\\/\\\/accesolatino.org\\\/lucho-casi-10-anos-contra-la-deportacion-hoy-tiene-su-green-card\\\/noticias\\\/#primaryimage\"},\"thumbnailUrl\":\"https:\\\/\\\/accesolatino.org\\\/wp-content\\\/uploads\\\/2017\\\/12\\\/Lucho-casi-10-anos-contra-la-deportacion-hoy-tiene-su-green-card.jpg\",\"datePublished\":\"2017-12-04T16:29:10+00:00\",\"dateModified\":\"2025-10-27T19:52:18+00:00\",\"description\":\"Ulises Guerrero fue uno de los inmigrantes detenidos en la \u00faltima gran redada hecha por ICE, en una f\u00e1brica en Los \u00c1ngeles\",\"breadcrumb\":{\"@id\":\"https:\\\/\\\/accesolatino.org\\\/lucho-casi-10-anos-contra-la-deportacion-hoy-tiene-su-green-card\\\/noticias\\\/#breadcrumb\"},\"inLanguage\":\"en-US\",\"potentialAction\":[{\"@type\":\"ReadAction\",\"target\":[\"https:\\\/\\\/accesolatino.org\\\/lucho-casi-10-anos-contra-la-deportacion-hoy-tiene-su-green-card\\\/noticias\\\/\"]}]},{\"@type\":\"ImageObject\",\"inLanguage\":\"en-US\",\"@id\":\"https:\\\/\\\/accesolatino.org\\\/lucho-casi-10-anos-contra-la-deportacion-hoy-tiene-su-green-card\\\/noticias\\\/#primaryimage\",\"url\":\"https:\\\/\\\/accesolatino.org\\\/wp-content\\\/uploads\\\/2017\\\/12\\\/Lucho-casi-10-anos-contra-la-deportacion-hoy-tiene-su-green-card.jpg\",\"contentUrl\":\"https:\\\/\\\/accesolatino.org\\\/wp-content\\\/uploads\\\/2017\\\/12\\\/Lucho-casi-10-anos-contra-la-deportacion-hoy-tiene-su-green-card.jpg\",\"width\":\"600\",\"height\":\"450\",\"caption\":\"Lucho-casi-10-anos-contra-la-deportacion-hoy-tiene-su-green-card\"},{\"@type\":\"BreadcrumbList\",\"@id\":\"https:\\\/\\\/accesolatino.org\\\/lucho-casi-10-anos-contra-la-deportacion-hoy-tiene-su-green-card\\\/noticias\\\/#breadcrumb\",\"itemListElement\":[{\"@type\":\"ListItem\",\"position\":1,\"name\":\"Portada\",\"item\":\"https:\\\/\\\/accesolatino.org\\\/\"},{\"@type\":\"ListItem\",\"position\":2,\"name\":\"Noticias\",\"item\":\"https:\\\/\\\/accesolatino.org\\\/category\\\/noticias\\\/\"},{\"@type\":\"ListItem\",\"position\":3,\"name\":\"Luch\u00f3 casi 10 a\u00f1os contra la deportaci\u00f3n; hoy tiene su \u2018green card\u2019\"}]},{\"@type\":\"WebSite\",\"@id\":\"https:\\\/\\\/accesolatino.org\\\/#website\",\"url\":\"https:\\\/\\\/accesolatino.org\\\/\",\"name\":\"Acceso Latino | Fundaci\u00f3n Carlos Slim\",\"description\":\"Fundaci\u00f3n Carlos Slim\",\"publisher\":{\"@id\":\"https:\\\/\\\/accesolatino.org\\\/#organization\"},\"potentialAction\":[{\"@type\":\"SearchAction\",\"target\":{\"@type\":\"EntryPoint\",\"urlTemplate\":\"https:\\\/\\\/accesolatino.org\\\/?s={search_term_string}\"},\"query-input\":{\"@type\":\"PropertyValueSpecification\",\"valueRequired\":true,\"valueName\":\"search_term_string\"}}],\"inLanguage\":\"en-US\"},{\"@type\":\"Organization\",\"@id\":\"https:\\\/\\\/accesolatino.org\\\/#organization\",\"name\":\"Acceso Latino | Fundaci\u00f3n Carlos Slim\",\"url\":\"https:\\\/\\\/accesolatino.org\\\/\",\"logo\":{\"@type\":\"ImageObject\",\"inLanguage\":\"en-US\",\"@id\":\"https:\\\/\\\/accesolatino.org\\\/#\\\/schema\\\/logo\\\/image\\\/\",\"url\":\"https:\\\/\\\/accesolatino.org\\\/wp-content\\\/uploads\\\/2021\\\/02\\\/logo-footer-acceso-latino.png\",\"contentUrl\":\"https:\\\/\\\/accesolatino.org\\\/wp-content\\\/uploads\\\/2021\\\/02\\\/logo-footer-acceso-latino.png\",\"width\":240,\"height\":40,\"caption\":\"Acceso Latino | Fundaci\u00f3n Carlos Slim\"},\"image\":{\"@id\":\"https:\\\/\\\/accesolatino.org\\\/#\\\/schema\\\/logo\\\/image\\\/\"},\"sameAs\":[\"https:\\\/\\\/www.facebook.com\\\/AccesoLatinoOrg\",\"https:\\\/\\\/x.com\\\/FAccLatino\"]},{\"@type\":\"Person\",\"@id\":\"https:\\\/\\\/accesolatino.org\\\/#\\\/schema\\\/person\\\/57bc3bfd2c357610a5255490ca4cd305\",\"name\":\"Noticias\"}]}<\/script>\n<!-- \/ Yoast SEO plugin. -->","yoast_head_json":{"title":"Luch\u00f3 casi 10 a\u00f1os contra la deportaci\u00f3n; hoy tiene su \u2018green card\u2019","description":"Ulises Guerrero fue uno de los inmigrantes detenidos en la \u00faltima gran redada hecha por ICE, en una f\u00e1brica en Los \u00c1ngeles","robots":{"index":"index","follow":"follow","max-snippet":"max-snippet:-1","max-image-preview":"max-image-preview:large","max-video-preview":"max-video-preview:-1"},"canonical":"https:\/\/accesolatino.org\/en\/lucho-casi-10-anos-contra-la-deportacion-hoy-tiene-su-green-card\/noticias\/","og_locale":"en_US","og_type":"article","og_title":"Luch\u00f3 casi 10 a\u00f1os contra la deportaci\u00f3n; hoy tiene su \u2018green card\u2019","og_description":"Ulises Guerrero fue uno de los inmigrantes detenidos en la \u00faltima gran redada hecha por ICE, en una f\u00e1brica en Los \u00c1ngeles","og_url":"https:\/\/accesolatino.org\/en\/lucho-casi-10-anos-contra-la-deportacion-hoy-tiene-su-green-card\/noticias\/","og_site_name":"Acceso Latino","article_publisher":"https:\/\/www.facebook.com\/AccesoLatinoOrg","article_published_time":"2017-12-04T16:29:10+00:00","article_modified_time":"2025-10-27T19:52:18+00:00","og_image":[{"width":600,"height":450,"url":"https:\/\/accesolatino.org\/wp-content\/uploads\/2017\/12\/Lucho-casi-10-anos-contra-la-deportacion-hoy-tiene-su-green-card.jpg","type":"image\/jpeg"}],"author":"Noticias","twitter_card":"summary_large_image","twitter_creator":"@FAccLatino","twitter_site":"@FAccLatino","twitter_misc":{"Written by":"Noticias","Est. reading time":"3 minutes"},"schema":{"@context":"https:\/\/schema.org","@graph":[{"@type":"Article","@id":"https:\/\/accesolatino.org\/lucho-casi-10-anos-contra-la-deportacion-hoy-tiene-su-green-card\/noticias\/#article","isPartOf":{"@id":"https:\/\/accesolatino.org\/lucho-casi-10-anos-contra-la-deportacion-hoy-tiene-su-green-card\/noticias\/"},"author":{"name":"Noticias","@id":"https:\/\/accesolatino.org\/#\/schema\/person\/57bc3bfd2c357610a5255490ca4cd305"},"headline":"Luch\u00f3 casi 10 a\u00f1os contra la deportaci\u00f3n; hoy tiene su \u2018green card\u2019","datePublished":"2017-12-04T16:29:10+00:00","dateModified":"2025-10-27T19:52:18+00:00","mainEntityOfPage":{"@id":"https:\/\/accesolatino.org\/lucho-casi-10-anos-contra-la-deportacion-hoy-tiene-su-green-card\/noticias\/"},"wordCount":620,"commentCount":0,"publisher":{"@id":"https:\/\/accesolatino.org\/#organization"},"image":{"@id":"https:\/\/accesolatino.org\/lucho-casi-10-anos-contra-la-deportacion-hoy-tiene-su-green-card\/noticias\/#primaryimage"},"thumbnailUrl":"https:\/\/accesolatino.org\/wp-content\/uploads\/2017\/12\/Lucho-casi-10-anos-contra-la-deportacion-hoy-tiene-su-green-card.jpg","articleSection":["Noticias","Temas de inter\u00e9s"],"inLanguage":"en-US","potentialAction":[{"@type":"CommentAction","name":"Comment","target":["https:\/\/accesolatino.org\/lucho-casi-10-anos-contra-la-deportacion-hoy-tiene-su-green-card\/noticias\/#respond"]}]},{"@type":"WebPage","@id":"https:\/\/accesolatino.org\/lucho-casi-10-anos-contra-la-deportacion-hoy-tiene-su-green-card\/noticias\/","url":"https:\/\/accesolatino.org\/lucho-casi-10-anos-contra-la-deportacion-hoy-tiene-su-green-card\/noticias\/","name":"Luch\u00f3 casi 10 a\u00f1os contra la deportaci\u00f3n; hoy tiene su \u2018green card\u2019","isPartOf":{"@id":"https:\/\/accesolatino.org\/#website"},"primaryImageOfPage":{"@id":"https:\/\/accesolatino.org\/lucho-casi-10-anos-contra-la-deportacion-hoy-tiene-su-green-card\/noticias\/#primaryimage"},"image":{"@id":"https:\/\/accesolatino.org\/lucho-casi-10-anos-contra-la-deportacion-hoy-tiene-su-green-card\/noticias\/#primaryimage"},"thumbnailUrl":"https:\/\/accesolatino.org\/wp-content\/uploads\/2017\/12\/Lucho-casi-10-anos-contra-la-deportacion-hoy-tiene-su-green-card.jpg","datePublished":"2017-12-04T16:29:10+00:00","dateModified":"2025-10-27T19:52:18+00:00","description":"Ulises Guerrero fue uno de los inmigrantes detenidos en la \u00faltima gran redada hecha por ICE, en una f\u00e1brica en Los \u00c1ngeles","breadcrumb":{"@id":"https:\/\/accesolatino.org\/lucho-casi-10-anos-contra-la-deportacion-hoy-tiene-su-green-card\/noticias\/#breadcrumb"},"inLanguage":"en-US","potentialAction":[{"@type":"ReadAction","target":["https:\/\/accesolatino.org\/lucho-casi-10-anos-contra-la-deportacion-hoy-tiene-su-green-card\/noticias\/"]}]},{"@type":"ImageObject","inLanguage":"en-US","@id":"https:\/\/accesolatino.org\/lucho-casi-10-anos-contra-la-deportacion-hoy-tiene-su-green-card\/noticias\/#primaryimage","url":"https:\/\/accesolatino.org\/wp-content\/uploads\/2017\/12\/Lucho-casi-10-anos-contra-la-deportacion-hoy-tiene-su-green-card.jpg","contentUrl":"https:\/\/accesolatino.org\/wp-content\/uploads\/2017\/12\/Lucho-casi-10-anos-contra-la-deportacion-hoy-tiene-su-green-card.jpg","width":"600","height":"450","caption":"Lucho-casi-10-anos-contra-la-deportacion-hoy-tiene-su-green-card"},{"@type":"BreadcrumbList","@id":"https:\/\/accesolatino.org\/lucho-casi-10-anos-contra-la-deportacion-hoy-tiene-su-green-card\/noticias\/#breadcrumb","itemListElement":[{"@type":"ListItem","position":1,"name":"Portada","item":"https:\/\/accesolatino.org\/"},{"@type":"ListItem","position":2,"name":"Noticias","item":"https:\/\/accesolatino.org\/category\/noticias\/"},{"@type":"ListItem","position":3,"name":"Luch\u00f3 casi 10 a\u00f1os contra la deportaci\u00f3n; hoy tiene su \u2018green card\u2019"}]},{"@type":"WebSite","@id":"https:\/\/accesolatino.org\/#website","url":"https:\/\/accesolatino.org\/","name":"Acceso Latino | Fundaci\u00f3n Carlos Slim","description":"Fundaci\u00f3n Carlos Slim","publisher":{"@id":"https:\/\/accesolatino.org\/#organization"},"potentialAction":[{"@type":"SearchAction","target":{"@type":"EntryPoint","urlTemplate":"https:\/\/accesolatino.org\/?s={search_term_string}"},"query-input":{"@type":"PropertyValueSpecification","valueRequired":true,"valueName":"search_term_string"}}],"inLanguage":"en-US"},{"@type":"Organization","@id":"https:\/\/accesolatino.org\/#organization","name":"Acceso Latino | Fundaci\u00f3n Carlos Slim","url":"https:\/\/accesolatino.org\/","logo":{"@type":"ImageObject","inLanguage":"en-US","@id":"https:\/\/accesolatino.org\/#\/schema\/logo\/image\/","url":"https:\/\/accesolatino.org\/wp-content\/uploads\/2021\/02\/logo-footer-acceso-latino.png","contentUrl":"https:\/\/accesolatino.org\/wp-content\/uploads\/2021\/02\/logo-footer-acceso-latino.png","width":240,"height":40,"caption":"Acceso Latino | Fundaci\u00f3n Carlos Slim"},"image":{"@id":"https:\/\/accesolatino.org\/#\/schema\/logo\/image\/"},"sameAs":["https:\/\/www.facebook.com\/AccesoLatinoOrg","https:\/\/x.com\/FAccLatino"]},{"@type":"Person","@id":"https:\/\/accesolatino.org\/#\/schema\/person\/57bc3bfd2c357610a5255490ca4cd305","name":"News"}]}},"_links":{"self":[{"href":"https:\/\/accesolatino.org\/en\/wp-json\/wp\/v2\/posts\/10826","targetHints":{"allow":["GET"]}}],"collection":[{"href":"https:\/\/accesolatino.org\/en\/wp-json\/wp\/v2\/posts"}],"about":[{"href":"https:\/\/accesolatino.org\/en\/wp-json\/wp\/v2\/types\/post"}],"author":[{"embeddable":true,"href":"https:\/\/accesolatino.org\/en\/wp-json\/wp\/v2\/users\/13"}],"replies":[{"embeddable":true,"href":"https:\/\/accesolatino.org\/en\/wp-json\/wp\/v2\/comments?post=10826"}],"version-history":[{"count":1,"href":"https:\/\/accesolatino.org\/en\/wp-json\/wp\/v2\/posts\/10826\/revisions"}],"predecessor-version":[{"id":66782,"href":"https:\/\/accesolatino.org\/en\/wp-json\/wp\/v2\/posts\/10826\/revisions\/66782"}],"wp:featuredmedia":[{"embeddable":true,"href":"https:\/\/accesolatino.org\/en\/wp-json\/wp\/v2\/media\/10828"}],"wp:attachment":[{"href":"https:\/\/accesolatino.org\/en\/wp-json\/wp\/v2\/media?parent=10826"}],"wp:term":[{"taxonomy":"category","embeddable":true,"href":"https:\/\/accesolatino.org\/en\/wp-json\/wp\/v2\/categories?post=10826"},{"taxonomy":"post_tag","embeddable":true,"href":"https:\/\/accesolatino.org\/en\/wp-json\/wp\/v2\/tags?post=10826"}],"curies":[{"name":"wp","href":"https:\/\/api.w.org\/{rel}","templated":true}]}}