{"id":10823,"date":"2017-12-01T09:02:16","date_gmt":"2017-12-01T15:02:16","guid":{"rendered":"https:\/\/accesolatino.org\/?p=10823"},"modified":"2025-10-27T13:52:22","modified_gmt":"2025-10-27T19:52:22","slug":"arranca-seleccion-de-proyectos-emprendedores-de-migrantes","status":"publish","type":"post","link":"https:\/\/accesolatino.org\/en\/arranca-seleccion-de-proyectos-emprendedores-de-migrantes\/noticias\/","title":{"rendered":"Arranca selecci\u00f3n de proyectos emprendedores de migrantes"},"content":{"rendered":"<p>La Secretar\u00eda de Desarrollo Social (Sedesol) inici\u00f3 el proceso de selecci\u00f3n que determinar\u00e1 los proyectos emprendedores de migrantes morelenses retornados, que recibir\u00e1n capital semilla a trav\u00e9s del Fondo de Apoyo a Migrantes 2017, para poner en marcha su propio negocio.<\/p>\n<p>El director de Atenci\u00f3n a Migrantes, Miguel \u00c1ngel Rivera, inform\u00f3 que tras concluir el curso de oficios que brind\u00f3 del 15 al 25 de noviembre el Instituto de Capacitaci\u00f3n para el Trabajo (Icatmor), se cuenta ya con el reporte de asistencias y desarrollo de proyectos, que servir\u00e1 para ser evaluados y seleccionados.<\/p>\n<p>Record\u00f3 que por segunda ocasi\u00f3n en el estado se abri\u00f3 la convocatoria del Fondo de Apoyo a Migrantes, la cual busca que morelenses que radicaron en Estados Unidos y que regresaron a sus lugares de origen, se integren al mercado formal con una opci\u00f3n de autoempleo.<\/p>\n<p>Rivera mencion\u00f3 que se revisar\u00e1n todas las propuestas que concluyeron favorablemente el adiestramiento de 80 horas, para poder determinar la lista de 189 migrantes que recibir\u00e1n el apoyo econ\u00f3mico durante el mes de diciembre.<\/p>\n<p>Precis\u00f3 que este a\u00f1o el Fondo de Apoyo a Migrantes cuenta con una bolsa de recursos federales y estatales por 6 millones 188 mil pesos, la cual es utilizada para la capacitaci\u00f3n t\u00e9cnica y administrativa que recibieron los aspirantes, y apoyar\u00e1n las iniciativas seleccionadas con 30 mil pesos para iniciar el proyecto presentado.<\/p>\n<p>De acuerdo a las reglas de operaci\u00f3n del Fondo de Apoyo a Migrantes, los interesados presentaron proyectos de herrer\u00eda, canceler\u00eda, jardiner\u00eda, carpinter\u00eda, fotograf\u00eda y video, electricidad, centros de spa y elaboraci\u00f3n de alimentos, siendo \u00e9sta \u00faltima la de mayor n\u00famero de solicitudes.<\/p>\n<p>El funcionario estatal puntualiz\u00f3 que de las propuestas presentadas en la pasada convocatoria, el 50 por ciento provienen de morelenses retornados de los municipios de Axochiapan, Cuernavaca, Miacatl\u00e1n, Temixco y Tlayacapan.<\/p>\n<p>Durante el periodo de convocatoria en octubre pasado, se registraron 216 iniciativas de autoempleo de migrantes retornados, de las cuales 195 pasaron a la etapa de capacitaci\u00f3n para ampliar y desarrollar sus propias capacidades productivas.<\/p>\n<p><em>Fuente: NOTIMEX<\/em><\/p>","protected":false},"excerpt":{"rendered":"<p>La Secretar\u00eda de Desarrollo Social (Sedesol) inici\u00f3 el proceso de selecci\u00f3n que determinar\u00e1 los proyectos emprendedores de migrantes morelenses retornados, que recibir\u00e1n capital semilla a trav\u00e9s del Fondo de Apoyo a Migrantes 2017, para poner en marcha su propio negocio. El director de Atenci\u00f3n a Migrantes, Miguel \u00c1ngel Rivera, inform\u00f3 que tras concluir el curso de oficios que brind\u00f3 del 15 al 25 de noviembre el Instituto de Capacitaci\u00f3n para el Trabajo (Icatmor), se cuenta ya con el reporte de asistencias y desarrollo de proyectos, que servir\u00e1 para ser evaluados y seleccionados. Record\u00f3 que por segunda ocasi\u00f3n en el estado se abri\u00f3 la convocatoria del Fondo de Apoyo a Migrantes, la cual busca que morelenses que radicaron en Estados Unidos y que regresaron a sus lugares de origen, se integren al mercado formal con una opci\u00f3n de autoempleo. Rivera mencion\u00f3 que se revisar\u00e1n todas las propuestas que concluyeron favorablemente el adiestramiento de 80 horas, para poder determinar la lista de 189 migrantes que recibir\u00e1n el apoyo econ\u00f3mico durante el mes de diciembre. Precis\u00f3 que este a\u00f1o el Fondo de Apoyo a Migrantes cuenta con una bolsa de recursos federales y estatales por 6 millones 188 mil pesos, la cual es utilizada para la capacitaci\u00f3n t\u00e9cnica y administrativa que recibieron los aspirantes, y apoyar\u00e1n las iniciativas seleccionadas con 30 mil pesos para iniciar el proyecto presentado. De acuerdo a las reglas de operaci\u00f3n del Fondo de Apoyo a Migrantes, los interesados presentaron proyectos de herrer\u00eda, canceler\u00eda, jardiner\u00eda, carpinter\u00eda, fotograf\u00eda y video, electricidad, centros de spa y elaboraci\u00f3n de alimentos, siendo \u00e9sta \u00faltima la de mayor n\u00famero de solicitudes. El funcionario estatal puntualiz\u00f3 que de las propuestas presentadas en la pasada convocatoria, el 50 por ciento provienen de morelenses retornados de los municipios de Axochiapan, Cuernavaca, Miacatl\u00e1n, Temixco y Tlayacapan. Durante el periodo de convocatoria en octubre pasado, se registraron 216 iniciativas de autoempleo de migrantes retornados, de las cuales 195 pasaron a la etapa de capacitaci\u00f3n para ampliar y desarrollar sus propias capacidades productivas. Fuente: NOTIMEX<\/p>","protected":false},"author":13,"featured_media":10824,"comment_status":"open","ping_status":"open","sticky":false,"template":"","format":"standard","meta":{"_uf_show_specific_survey":0,"_uf_disable_surveys":false,"footnotes":""},"categories":[10,1],"tags":[],"class_list":["post-10823","post","type-post","status-publish","format-standard","has-post-thumbnail","hentry","category-noticias","category-temas-de-interes"],"aioseo_notices":[],"yoast_head":"<!-- This site is optimized with the Yoast SEO plugin v27.5 - https:\/\/yoast.com\/product\/yoast-seo-wordpress\/ -->\n<title>Arranca selecci\u00f3n de proyectos emprendedores de migrantes<\/title>\n<meta name=\"description\" content=\"Sedesol inici\u00f3 el proceso de selecci\u00f3n que determinar\u00e1 los proyectos emprendedores de migrantes morelenses retornados\" \/>\n<meta name=\"robots\" content=\"index, follow, max-snippet:-1, max-image-preview:large, max-video-preview:-1\" \/>\n<link rel=\"canonical\" href=\"https:\/\/accesolatino.org\/en\/arranca-seleccion-de-proyectos-emprendedores-de-migrantes\/noticias\/\" \/>\n<meta property=\"og:locale\" content=\"en_US\" \/>\n<meta property=\"og:type\" content=\"article\" \/>\n<meta property=\"og:title\" content=\"Arranca selecci\u00f3n de proyectos emprendedores de migrantes\" \/>\n<meta property=\"og:description\" content=\"Sedesol inici\u00f3 el proceso de selecci\u00f3n que determinar\u00e1 los proyectos emprendedores de migrantes morelenses retornados\" \/>\n<meta property=\"og:url\" content=\"https:\/\/accesolatino.org\/en\/arranca-seleccion-de-proyectos-emprendedores-de-migrantes\/noticias\/\" \/>\n<meta property=\"og:site_name\" content=\"Acceso Latino\" \/>\n<meta property=\"article:publisher\" content=\"https:\/\/www.facebook.com\/AccesoLatinoOrg\" \/>\n<meta property=\"article:published_time\" content=\"2017-12-01T15:02:16+00:00\" \/>\n<meta property=\"article:modified_time\" content=\"2025-10-27T19:52:22+00:00\" \/>\n<meta property=\"og:image\" content=\"https:\/\/accesolatino.org\/wp-content\/uploads\/2017\/12\/Arranca-seleccion-de-proyectos-emprendedores-de-migrantes.jpg\" \/>\n\t<meta property=\"og:image:width\" content=\"600\" \/>\n\t<meta property=\"og:image:height\" content=\"450\" \/>\n\t<meta property=\"og:image:type\" content=\"image\/jpeg\" \/>\n<meta name=\"author\" content=\"Noticias\" \/>\n<meta name=\"twitter:card\" content=\"summary_large_image\" \/>\n<meta name=\"twitter:creator\" content=\"@FAccLatino\" \/>\n<meta name=\"twitter:site\" content=\"@FAccLatino\" \/>\n<meta name=\"twitter:label1\" content=\"Written by\" \/>\n\t<meta name=\"twitter:data1\" content=\"Noticias\" \/>\n\t<meta name=\"twitter:label2\" content=\"Est. reading time\" \/>\n\t<meta name=\"twitter:data2\" content=\"2 minutes\" \/>\n<script type=\"application\/ld+json\" class=\"yoast-schema-graph\">{\"@context\":\"https:\\\/\\\/schema.org\",\"@graph\":[{\"@type\":\"Article\",\"@id\":\"https:\\\/\\\/accesolatino.org\\\/arranca-seleccion-de-proyectos-emprendedores-de-migrantes\\\/noticias\\\/#article\",\"isPartOf\":{\"@id\":\"https:\\\/\\\/accesolatino.org\\\/arranca-seleccion-de-proyectos-emprendedores-de-migrantes\\\/noticias\\\/\"},\"author\":{\"name\":\"Noticias\",\"@id\":\"https:\\\/\\\/accesolatino.org\\\/#\\\/schema\\\/person\\\/57bc3bfd2c357610a5255490ca4cd305\"},\"headline\":\"Arranca selecci\u00f3n de proyectos emprendedores de migrantes\",\"datePublished\":\"2017-12-01T15:02:16+00:00\",\"dateModified\":\"2025-10-27T19:52:22+00:00\",\"mainEntityOfPage\":{\"@id\":\"https:\\\/\\\/accesolatino.org\\\/arranca-seleccion-de-proyectos-emprendedores-de-migrantes\\\/noticias\\\/\"},\"wordCount\":357,\"commentCount\":0,\"publisher\":{\"@id\":\"https:\\\/\\\/accesolatino.org\\\/#organization\"},\"image\":{\"@id\":\"https:\\\/\\\/accesolatino.org\\\/arranca-seleccion-de-proyectos-emprendedores-de-migrantes\\\/noticias\\\/#primaryimage\"},\"thumbnailUrl\":\"https:\\\/\\\/accesolatino.org\\\/wp-content\\\/uploads\\\/2017\\\/12\\\/Arranca-seleccion-de-proyectos-emprendedores-de-migrantes.jpg\",\"articleSection\":[\"Noticias\",\"Temas de inter\u00e9s\"],\"inLanguage\":\"en-US\",\"potentialAction\":[{\"@type\":\"CommentAction\",\"name\":\"Comment\",\"target\":[\"https:\\\/\\\/accesolatino.org\\\/arranca-seleccion-de-proyectos-emprendedores-de-migrantes\\\/noticias\\\/#respond\"]}]},{\"@type\":\"WebPage\",\"@id\":\"https:\\\/\\\/accesolatino.org\\\/arranca-seleccion-de-proyectos-emprendedores-de-migrantes\\\/noticias\\\/\",\"url\":\"https:\\\/\\\/accesolatino.org\\\/arranca-seleccion-de-proyectos-emprendedores-de-migrantes\\\/noticias\\\/\",\"name\":\"Arranca selecci\u00f3n de proyectos emprendedores de migrantes\",\"isPartOf\":{\"@id\":\"https:\\\/\\\/accesolatino.org\\\/#website\"},\"primaryImageOfPage\":{\"@id\":\"https:\\\/\\\/accesolatino.org\\\/arranca-seleccion-de-proyectos-emprendedores-de-migrantes\\\/noticias\\\/#primaryimage\"},\"image\":{\"@id\":\"https:\\\/\\\/accesolatino.org\\\/arranca-seleccion-de-proyectos-emprendedores-de-migrantes\\\/noticias\\\/#primaryimage\"},\"thumbnailUrl\":\"https:\\\/\\\/accesolatino.org\\\/wp-content\\\/uploads\\\/2017\\\/12\\\/Arranca-seleccion-de-proyectos-emprendedores-de-migrantes.jpg\",\"datePublished\":\"2017-12-01T15:02:16+00:00\",\"dateModified\":\"2025-10-27T19:52:22+00:00\",\"description\":\"Sedesol inici\u00f3 el proceso de selecci\u00f3n que determinar\u00e1 los proyectos emprendedores de migrantes morelenses retornados\",\"breadcrumb\":{\"@id\":\"https:\\\/\\\/accesolatino.org\\\/arranca-seleccion-de-proyectos-emprendedores-de-migrantes\\\/noticias\\\/#breadcrumb\"},\"inLanguage\":\"en-US\",\"potentialAction\":[{\"@type\":\"ReadAction\",\"target\":[\"https:\\\/\\\/accesolatino.org\\\/arranca-seleccion-de-proyectos-emprendedores-de-migrantes\\\/noticias\\\/\"]}]},{\"@type\":\"ImageObject\",\"inLanguage\":\"en-US\",\"@id\":\"https:\\\/\\\/accesolatino.org\\\/arranca-seleccion-de-proyectos-emprendedores-de-migrantes\\\/noticias\\\/#primaryimage\",\"url\":\"https:\\\/\\\/accesolatino.org\\\/wp-content\\\/uploads\\\/2017\\\/12\\\/Arranca-seleccion-de-proyectos-emprendedores-de-migrantes.jpg\",\"contentUrl\":\"https:\\\/\\\/accesolatino.org\\\/wp-content\\\/uploads\\\/2017\\\/12\\\/Arranca-seleccion-de-proyectos-emprendedores-de-migrantes.jpg\",\"width\":\"600\",\"height\":\"450\",\"caption\":\"Arranca-seleccion-de-proyectos-emprendedores-de-migrantes\"},{\"@type\":\"BreadcrumbList\",\"@id\":\"https:\\\/\\\/accesolatino.org\\\/arranca-seleccion-de-proyectos-emprendedores-de-migrantes\\\/noticias\\\/#breadcrumb\",\"itemListElement\":[{\"@type\":\"ListItem\",\"position\":1,\"name\":\"Portada\",\"item\":\"https:\\\/\\\/accesolatino.org\\\/\"},{\"@type\":\"ListItem\",\"position\":2,\"name\":\"Noticias\",\"item\":\"https:\\\/\\\/accesolatino.org\\\/category\\\/noticias\\\/\"},{\"@type\":\"ListItem\",\"position\":3,\"name\":\"Arranca selecci\u00f3n de proyectos emprendedores de migrantes\"}]},{\"@type\":\"WebSite\",\"@id\":\"https:\\\/\\\/accesolatino.org\\\/#website\",\"url\":\"https:\\\/\\\/accesolatino.org\\\/\",\"name\":\"Acceso Latino | Fundaci\u00f3n Carlos Slim\",\"description\":\"Fundaci\u00f3n Carlos Slim\",\"publisher\":{\"@id\":\"https:\\\/\\\/accesolatino.org\\\/#organization\"},\"potentialAction\":[{\"@type\":\"SearchAction\",\"target\":{\"@type\":\"EntryPoint\",\"urlTemplate\":\"https:\\\/\\\/accesolatino.org\\\/?s={search_term_string}\"},\"query-input\":{\"@type\":\"PropertyValueSpecification\",\"valueRequired\":true,\"valueName\":\"search_term_string\"}}],\"inLanguage\":\"en-US\"},{\"@type\":\"Organization\",\"@id\":\"https:\\\/\\\/accesolatino.org\\\/#organization\",\"name\":\"Acceso Latino | Fundaci\u00f3n Carlos Slim\",\"url\":\"https:\\\/\\\/accesolatino.org\\\/\",\"logo\":{\"@type\":\"ImageObject\",\"inLanguage\":\"en-US\",\"@id\":\"https:\\\/\\\/accesolatino.org\\\/#\\\/schema\\\/logo\\\/image\\\/\",\"url\":\"https:\\\/\\\/accesolatino.org\\\/wp-content\\\/uploads\\\/2021\\\/02\\\/logo-footer-acceso-latino.png\",\"contentUrl\":\"https:\\\/\\\/accesolatino.org\\\/wp-content\\\/uploads\\\/2021\\\/02\\\/logo-footer-acceso-latino.png\",\"width\":240,\"height\":40,\"caption\":\"Acceso Latino | Fundaci\u00f3n Carlos Slim\"},\"image\":{\"@id\":\"https:\\\/\\\/accesolatino.org\\\/#\\\/schema\\\/logo\\\/image\\\/\"},\"sameAs\":[\"https:\\\/\\\/www.facebook.com\\\/AccesoLatinoOrg\",\"https:\\\/\\\/x.com\\\/FAccLatino\"]},{\"@type\":\"Person\",\"@id\":\"https:\\\/\\\/accesolatino.org\\\/#\\\/schema\\\/person\\\/57bc3bfd2c357610a5255490ca4cd305\",\"name\":\"Noticias\"}]}<\/script>\n<!-- \/ Yoast SEO plugin. -->","yoast_head_json":{"title":"Arranca selecci\u00f3n de proyectos emprendedores de migrantes","description":"Sedesol inici\u00f3 el proceso de selecci\u00f3n que determinar\u00e1 los proyectos emprendedores de migrantes morelenses retornados","robots":{"index":"index","follow":"follow","max-snippet":"max-snippet:-1","max-image-preview":"max-image-preview:large","max-video-preview":"max-video-preview:-1"},"canonical":"https:\/\/accesolatino.org\/en\/arranca-seleccion-de-proyectos-emprendedores-de-migrantes\/noticias\/","og_locale":"en_US","og_type":"article","og_title":"Arranca selecci\u00f3n de proyectos emprendedores de migrantes","og_description":"Sedesol inici\u00f3 el proceso de selecci\u00f3n que determinar\u00e1 los proyectos emprendedores de migrantes morelenses retornados","og_url":"https:\/\/accesolatino.org\/en\/arranca-seleccion-de-proyectos-emprendedores-de-migrantes\/noticias\/","og_site_name":"Acceso Latino","article_publisher":"https:\/\/www.facebook.com\/AccesoLatinoOrg","article_published_time":"2017-12-01T15:02:16+00:00","article_modified_time":"2025-10-27T19:52:22+00:00","og_image":[{"width":600,"height":450,"url":"https:\/\/accesolatino.org\/wp-content\/uploads\/2017\/12\/Arranca-seleccion-de-proyectos-emprendedores-de-migrantes.jpg","type":"image\/jpeg"}],"author":"Noticias","twitter_card":"summary_large_image","twitter_creator":"@FAccLatino","twitter_site":"@FAccLatino","twitter_misc":{"Written by":"Noticias","Est. reading time":"2 minutes"},"schema":{"@context":"https:\/\/schema.org","@graph":[{"@type":"Article","@id":"https:\/\/accesolatino.org\/arranca-seleccion-de-proyectos-emprendedores-de-migrantes\/noticias\/#article","isPartOf":{"@id":"https:\/\/accesolatino.org\/arranca-seleccion-de-proyectos-emprendedores-de-migrantes\/noticias\/"},"author":{"name":"Noticias","@id":"https:\/\/accesolatino.org\/#\/schema\/person\/57bc3bfd2c357610a5255490ca4cd305"},"headline":"Arranca selecci\u00f3n de proyectos emprendedores de migrantes","datePublished":"2017-12-01T15:02:16+00:00","dateModified":"2025-10-27T19:52:22+00:00","mainEntityOfPage":{"@id":"https:\/\/accesolatino.org\/arranca-seleccion-de-proyectos-emprendedores-de-migrantes\/noticias\/"},"wordCount":357,"commentCount":0,"publisher":{"@id":"https:\/\/accesolatino.org\/#organization"},"image":{"@id":"https:\/\/accesolatino.org\/arranca-seleccion-de-proyectos-emprendedores-de-migrantes\/noticias\/#primaryimage"},"thumbnailUrl":"https:\/\/accesolatino.org\/wp-content\/uploads\/2017\/12\/Arranca-seleccion-de-proyectos-emprendedores-de-migrantes.jpg","articleSection":["Noticias","Temas de inter\u00e9s"],"inLanguage":"en-US","potentialAction":[{"@type":"CommentAction","name":"Comment","target":["https:\/\/accesolatino.org\/arranca-seleccion-de-proyectos-emprendedores-de-migrantes\/noticias\/#respond"]}]},{"@type":"WebPage","@id":"https:\/\/accesolatino.org\/arranca-seleccion-de-proyectos-emprendedores-de-migrantes\/noticias\/","url":"https:\/\/accesolatino.org\/arranca-seleccion-de-proyectos-emprendedores-de-migrantes\/noticias\/","name":"Arranca selecci\u00f3n de proyectos emprendedores de migrantes","isPartOf":{"@id":"https:\/\/accesolatino.org\/#website"},"primaryImageOfPage":{"@id":"https:\/\/accesolatino.org\/arranca-seleccion-de-proyectos-emprendedores-de-migrantes\/noticias\/#primaryimage"},"image":{"@id":"https:\/\/accesolatino.org\/arranca-seleccion-de-proyectos-emprendedores-de-migrantes\/noticias\/#primaryimage"},"thumbnailUrl":"https:\/\/accesolatino.org\/wp-content\/uploads\/2017\/12\/Arranca-seleccion-de-proyectos-emprendedores-de-migrantes.jpg","datePublished":"2017-12-01T15:02:16+00:00","dateModified":"2025-10-27T19:52:22+00:00","description":"Sedesol inici\u00f3 el proceso de selecci\u00f3n que determinar\u00e1 los proyectos emprendedores de migrantes morelenses retornados","breadcrumb":{"@id":"https:\/\/accesolatino.org\/arranca-seleccion-de-proyectos-emprendedores-de-migrantes\/noticias\/#breadcrumb"},"inLanguage":"en-US","potentialAction":[{"@type":"ReadAction","target":["https:\/\/accesolatino.org\/arranca-seleccion-de-proyectos-emprendedores-de-migrantes\/noticias\/"]}]},{"@type":"ImageObject","inLanguage":"en-US","@id":"https:\/\/accesolatino.org\/arranca-seleccion-de-proyectos-emprendedores-de-migrantes\/noticias\/#primaryimage","url":"https:\/\/accesolatino.org\/wp-content\/uploads\/2017\/12\/Arranca-seleccion-de-proyectos-emprendedores-de-migrantes.jpg","contentUrl":"https:\/\/accesolatino.org\/wp-content\/uploads\/2017\/12\/Arranca-seleccion-de-proyectos-emprendedores-de-migrantes.jpg","width":"600","height":"450","caption":"Arranca-seleccion-de-proyectos-emprendedores-de-migrantes"},{"@type":"BreadcrumbList","@id":"https:\/\/accesolatino.org\/arranca-seleccion-de-proyectos-emprendedores-de-migrantes\/noticias\/#breadcrumb","itemListElement":[{"@type":"ListItem","position":1,"name":"Portada","item":"https:\/\/accesolatino.org\/"},{"@type":"ListItem","position":2,"name":"Noticias","item":"https:\/\/accesolatino.org\/category\/noticias\/"},{"@type":"ListItem","position":3,"name":"Arranca selecci\u00f3n de proyectos emprendedores de migrantes"}]},{"@type":"WebSite","@id":"https:\/\/accesolatino.org\/#website","url":"https:\/\/accesolatino.org\/","name":"Acceso Latino | Fundaci\u00f3n Carlos Slim","description":"Fundaci\u00f3n Carlos Slim","publisher":{"@id":"https:\/\/accesolatino.org\/#organization"},"potentialAction":[{"@type":"SearchAction","target":{"@type":"EntryPoint","urlTemplate":"https:\/\/accesolatino.org\/?s={search_term_string}"},"query-input":{"@type":"PropertyValueSpecification","valueRequired":true,"valueName":"search_term_string"}}],"inLanguage":"en-US"},{"@type":"Organization","@id":"https:\/\/accesolatino.org\/#organization","name":"Acceso Latino | Fundaci\u00f3n Carlos Slim","url":"https:\/\/accesolatino.org\/","logo":{"@type":"ImageObject","inLanguage":"en-US","@id":"https:\/\/accesolatino.org\/#\/schema\/logo\/image\/","url":"https:\/\/accesolatino.org\/wp-content\/uploads\/2021\/02\/logo-footer-acceso-latino.png","contentUrl":"https:\/\/accesolatino.org\/wp-content\/uploads\/2021\/02\/logo-footer-acceso-latino.png","width":240,"height":40,"caption":"Acceso Latino | Fundaci\u00f3n Carlos Slim"},"image":{"@id":"https:\/\/accesolatino.org\/#\/schema\/logo\/image\/"},"sameAs":["https:\/\/www.facebook.com\/AccesoLatinoOrg","https:\/\/x.com\/FAccLatino"]},{"@type":"Person","@id":"https:\/\/accesolatino.org\/#\/schema\/person\/57bc3bfd2c357610a5255490ca4cd305","name":"News"}]}},"_links":{"self":[{"href":"https:\/\/accesolatino.org\/en\/wp-json\/wp\/v2\/posts\/10823","targetHints":{"allow":["GET"]}}],"collection":[{"href":"https:\/\/accesolatino.org\/en\/wp-json\/wp\/v2\/posts"}],"about":[{"href":"https:\/\/accesolatino.org\/en\/wp-json\/wp\/v2\/types\/post"}],"author":[{"embeddable":true,"href":"https:\/\/accesolatino.org\/en\/wp-json\/wp\/v2\/users\/13"}],"replies":[{"embeddable":true,"href":"https:\/\/accesolatino.org\/en\/wp-json\/wp\/v2\/comments?post=10823"}],"version-history":[{"count":1,"href":"https:\/\/accesolatino.org\/en\/wp-json\/wp\/v2\/posts\/10823\/revisions"}],"predecessor-version":[{"id":66783,"href":"https:\/\/accesolatino.org\/en\/wp-json\/wp\/v2\/posts\/10823\/revisions\/66783"}],"wp:featuredmedia":[{"embeddable":true,"href":"https:\/\/accesolatino.org\/en\/wp-json\/wp\/v2\/media\/10824"}],"wp:attachment":[{"href":"https:\/\/accesolatino.org\/en\/wp-json\/wp\/v2\/media?parent=10823"}],"wp:term":[{"taxonomy":"category","embeddable":true,"href":"https:\/\/accesolatino.org\/en\/wp-json\/wp\/v2\/categories?post=10823"},{"taxonomy":"post_tag","embeddable":true,"href":"https:\/\/accesolatino.org\/en\/wp-json\/wp\/v2\/tags?post=10823"}],"curies":[{"name":"wp","href":"https:\/\/api.w.org\/{rel}","templated":true}]}}