{"id":10810,"date":"2017-11-28T12:47:51","date_gmt":"2017-11-28T18:47:51","guid":{"rendered":"https:\/\/accesolatino.org\/?p=10810"},"modified":"2025-10-27T13:55:42","modified_gmt":"2025-10-27T19:55:42","slug":"%cb%9del-poder-de-ser-mujer-brinda-herramientas-para-empoderar-a-las-latinas-del-area-metropolitana-de-dc","status":"publish","type":"post","link":"https:\/\/accesolatino.org\/en\/%cb%9del-poder-de-ser-mujer-brinda-herramientas-para-empoderar-a-las-latinas-del-area-metropolitana-de-dc\/noticias\/","title":{"rendered":"\u02ddEl Poder de ser Mujer\u201d brinda herramientas para empoderar a las latinas del \u00e1rea metropolitana de DC"},"content":{"rendered":"<p>Gracias a los fondos recolectados por la Segunda Gala de la ONG, lograron rentar un local para desarrollar nuevos programas.<\/p>\n<p>\u201cEl Poder de ser Mujer\u201d, surgi\u00f3 en 2013 como un programa de radio a trav\u00e9s de 1600 AM, impulsado por Sagrario Ortiz, quien una vez a la semana, todos lo viernes, invitaba a personas de la comunidad con el objetivo de hablar de oportunidades para los latinos y difundir iniciativas en beneficio de las mujeres.<\/p>\n<p>Al siguiente a\u00f1o, luego de plantearse las v\u00edas para empoderar a las mujeres y lograr un contacto m\u00e1s cercano, decidi\u00f3 que la forma en la que podr\u00eda hacer realidad esto ser\u00eda convirtiendo aquel espacio radiof\u00f3nico en una organizaci\u00f3n sin fines de lucro que desarrollar\u00eda diversos programas.<\/p>\n<p>\u201cEn 2014 empezamos con nuestra primera conferencia en Bethesda, hablamos precisamente del poder de ser mujer. Asistieron nutricionistas para tocar el tema de la alimentaci\u00f3n, un representante del Montgomery College que explic\u00f3 c\u00f3mo acceder a los programas de la universidad, otro especialista habl\u00f3 de salud emocional, liderazgo y autoestima. Con esa primera actividad abrimos, luego empezamos a hacer talleres mensuales\u201d, dice Ortiz, hoy directora de la ONG que lleva el mismo nombre de la producci\u00f3n radial.<\/p>\n<p>Un programa bandera a la organizaci\u00f3n es \u201cEmprende Mujer\u201d, pues hasta la fecha ha graduado a m\u00e1s de 300 mujeres y registrado 30 nuevas empresas. El contenido va orientado a brindar habilidades para que aprendan todo lo vinculado con un nuevo negocio a trav\u00e9s de ocho talleres, que inician por liderazgo y autoestima, pasando por herramientas para hacer un plan de negocios, marketing, social media, contabilidad, certificaci\u00f3n con el gobierno local, mejoramiento del cr\u00e9dito y finanzas.<\/p>\n<p>\u201cLa base de nuestra organizaci\u00f3n es la parte interna, el ser humano necesita reconocer qui\u00e9n es, sentirse valioso para empezar a conectarse con su pasi\u00f3n y lo que quiere hacer. Desde all\u00ed empiezas a dar pasos\u201d, comenta la directiva, mientras indica que los emprendimientos m\u00e1s comunes est\u00e1n vinculados con empresas de servicios, compa\u00f1\u00edas de limpieza de carros, cuidado de ni\u00f1os, decoraciones, catering, elaboraci\u00f3n de joyas, entre otras. \u201cTenemos a una emprendedora que sac\u00f3 un encurtido como producto propio\u201d.<\/p>\n<p>Como parte del soporte que brindan a las emprendedoras, tienen una revista bimensual en la que se destacan historias de las mismas participantes. As\u00ed los dem\u00e1s pueden conocer qu\u00e9 est\u00e1n haciendo. La portada de la m\u00e1s reciente edici\u00f3n fue Miriam Perlacio, quien cre\u00f3 una compa\u00f1\u00eda de \u201ccatering\u201d y fue reconocida como emprendedora del a\u00f1o, el pasado 15 de noviembre en la Segunda Gala de la organizaci\u00f3n, realizada en el Civic Center de Silver Spring.<\/p>\n<p>Ortiz afirma que esta gala, a diferencia de la primera, fue todo un \u00e9xito, pues el a\u00f1o pasado s\u00f3lo lograron recopilar el dinero para los gastos operativos, mientras que en esta edici\u00f3n recolectaron los fondos para su objetivo principal: rentar un local que sirviera de sede para comenzar otras actividades que beneficiar\u00e1n a las mujeres latinas.<\/p>\n<p>\u201cVamos a introducir nuevos programas como el que busca trabajar con mujeres que han sufrido de violencia dom\u00e9stica, de ingl\u00e9s y computaci\u00f3n. Tambi\u00e9n tendremos una incubadora para personas que est\u00e1n en el tema de negocios y no tienen d\u00f3nde reunirse. El local est\u00e1 en Prince George\u2019s\u201d.<\/p>\n<p>El evento cont\u00f3 con diversas ponentes, dentro de las que estuvieron Ana Harvey, presidenta de las Escuelas Ch\u00e1rter en DC y Nancy Navarro, concejal latina del Condado de Montgomery. Tambi\u00e9n particip\u00f3 el cantante venezolano, Jonathan Acosta, quien llen\u00f3 de alegr\u00eda la noche, tal como lo dijo la directiva.<\/p>\n<p>A principios de diciembre iniciar\u00e1 otro programa de emprendimiento. Para mayor informaci\u00f3n, se habilit\u00f3 el tel\u00e9fono <a title=\"\" href=\"tel:+2408324231\" target=\"_blank\" rel=\"noopener\">(240) 832-42-31<\/a> o el sitio web <a title=\"\" href=\"http:\/\/elpoderdesermujer.org\" target=\"_blank\" rel=\"noopener\">elpoderdesermujer.org<\/a>.<\/p>\n<p>Fuente: El Tiempo Latino<\/p>\n<p>&nbsp;<\/p>","protected":false},"excerpt":{"rendered":"<p>Gracias a los fondos recolectados por la Segunda Gala de la ONG, lograron rentar un local para desarrollar nuevos programas. \u201cEl Poder de ser Mujer\u201d, surgi\u00f3 en 2013 como un programa de radio a trav\u00e9s de 1600 AM, impulsado por Sagrario Ortiz, quien una vez a la semana, todos lo viernes, invitaba a personas de la comunidad con el objetivo de hablar de oportunidades para los latinos y difundir iniciativas en beneficio de las mujeres. Al siguiente a\u00f1o, luego de plantearse las v\u00edas para empoderar a las mujeres y lograr un contacto m\u00e1s cercano, decidi\u00f3 que la forma en la que podr\u00eda hacer realidad esto ser\u00eda convirtiendo aquel espacio radiof\u00f3nico en una organizaci\u00f3n sin fines de lucro que desarrollar\u00eda diversos programas. \u201cEn 2014 empezamos con nuestra primera conferencia en Bethesda, hablamos precisamente del poder de ser mujer. Asistieron nutricionistas para tocar el tema de la alimentaci\u00f3n, un representante del Montgomery College que explic\u00f3 c\u00f3mo acceder a los programas de la universidad, otro especialista habl\u00f3 de salud emocional, liderazgo y autoestima. Con esa primera actividad abrimos, luego empezamos a hacer talleres mensuales\u201d, dice Ortiz, hoy directora de la ONG que lleva el mismo nombre de la producci\u00f3n radial. Un programa bandera a la organizaci\u00f3n es \u201cEmprende Mujer\u201d, pues hasta la fecha ha graduado a m\u00e1s de 300 mujeres y registrado 30 nuevas empresas. El contenido va orientado a brindar habilidades para que aprendan todo lo vinculado con un nuevo negocio a trav\u00e9s de ocho talleres, que inician por liderazgo y autoestima, pasando por herramientas para hacer un plan de negocios, marketing, social media, contabilidad, certificaci\u00f3n con el gobierno local, mejoramiento del cr\u00e9dito y finanzas. \u201cLa base de nuestra organizaci\u00f3n es la parte interna, el ser humano necesita reconocer qui\u00e9n es, sentirse valioso para empezar a conectarse con su pasi\u00f3n y lo que quiere hacer. Desde all\u00ed empiezas a dar pasos\u201d, comenta la directiva, mientras indica que los emprendimientos m\u00e1s comunes est\u00e1n vinculados con empresas de servicios, compa\u00f1\u00edas de limpieza de carros, cuidado de ni\u00f1os, decoraciones, catering, elaboraci\u00f3n de joyas, entre otras. \u201cTenemos a una emprendedora que sac\u00f3 un encurtido como producto propio\u201d. Como parte del soporte que brindan a las emprendedoras, tienen una revista bimensual en la que se destacan historias de las mismas participantes. As\u00ed los dem\u00e1s pueden conocer qu\u00e9 est\u00e1n haciendo. La portada de la m\u00e1s reciente edici\u00f3n fue Miriam Perlacio, quien cre\u00f3 una compa\u00f1\u00eda de \u201ccatering\u201d y fue reconocida como emprendedora del a\u00f1o, el pasado 15 de noviembre en la Segunda Gala de la organizaci\u00f3n, realizada en el Civic Center de Silver Spring. Ortiz afirma que esta gala, a diferencia de la primera, fue todo un \u00e9xito, pues el a\u00f1o pasado s\u00f3lo lograron recopilar el dinero para los gastos operativos, mientras que en esta edici\u00f3n recolectaron los fondos para su objetivo principal: rentar un local que sirviera de sede para comenzar otras actividades que beneficiar\u00e1n a las mujeres latinas. \u201cVamos a introducir nuevos programas como el que busca trabajar con mujeres que han sufrido de violencia dom\u00e9stica, de ingl\u00e9s y computaci\u00f3n. Tambi\u00e9n tendremos una incubadora para personas que est\u00e1n en el tema de negocios y no tienen d\u00f3nde reunirse. El local est\u00e1 en Prince George\u2019s\u201d. El evento cont\u00f3 con diversas ponentes, dentro de las que estuvieron Ana Harvey, presidenta de las Escuelas Ch\u00e1rter en DC y Nancy Navarro, concejal latina del Condado de Montgomery. Tambi\u00e9n particip\u00f3 el cantante venezolano, Jonathan Acosta, quien llen\u00f3 de alegr\u00eda la noche, tal como lo dijo la directiva. A principios de diciembre iniciar\u00e1 otro programa de emprendimiento. Para mayor informaci\u00f3n, se habilit\u00f3 el tel\u00e9fono (240) 832-42-31 o el sitio web elpoderdesermujer.org. Fuente: El Tiempo Latino &nbsp;<\/p>","protected":false},"author":13,"featured_media":10811,"comment_status":"open","ping_status":"open","sticky":false,"template":"","format":"standard","meta":{"_uf_show_specific_survey":0,"_uf_disable_surveys":false,"footnotes":""},"categories":[10,1],"tags":[],"class_list":["post-10810","post","type-post","status-publish","format-standard","has-post-thumbnail","hentry","category-noticias","category-temas-de-interes"],"aioseo_notices":[],"yoast_head":"<!-- This site is optimized with the Yoast SEO plugin v27.5 - https:\/\/yoast.com\/product\/yoast-seo-wordpress\/ -->\n<title>\u02ddEl Poder de ser Mujer | Herramientas de empodderamiento<\/title>\n<meta name=\"description\" content=\"Gracias a los fondos recolectados por la Segunda Gala de la ONG, lograron rentar un local para desarrollar nuevos programas\" \/>\n<meta name=\"robots\" content=\"index, follow, max-snippet:-1, max-image-preview:large, max-video-preview:-1\" \/>\n<link rel=\"canonical\" href=\"https:\/\/accesolatino.org\/en\/\u02ddel-poder-de-ser-mujer-brinda-herramientas-para-empoderar-a-las-latinas-del-area-metropolitana-de-dc\/noticias\/\" \/>\n<meta property=\"og:locale\" content=\"en_US\" \/>\n<meta property=\"og:type\" content=\"article\" \/>\n<meta property=\"og:title\" content=\"\u02ddEl Poder de ser Mujer | Herramientas de empodderamiento\" \/>\n<meta property=\"og:description\" content=\"Gracias a los fondos recolectados por la Segunda Gala de la ONG, lograron rentar un local para desarrollar nuevos programas\" \/>\n<meta property=\"og:url\" content=\"https:\/\/accesolatino.org\/en\/\u02ddel-poder-de-ser-mujer-brinda-herramientas-para-empoderar-a-las-latinas-del-area-metropolitana-de-dc\/noticias\/\" \/>\n<meta property=\"og:site_name\" content=\"Acceso Latino\" \/>\n<meta property=\"article:publisher\" content=\"https:\/\/www.facebook.com\/AccesoLatinoOrg\" \/>\n<meta property=\"article:published_time\" content=\"2017-11-28T18:47:51+00:00\" \/>\n<meta property=\"article:modified_time\" content=\"2025-10-27T19:55:42+00:00\" \/>\n<meta property=\"og:image\" content=\"https:\/\/accesolatino.org\/wp-content\/uploads\/2017\/11\/El-Poder-de-ser-Mujer-brinda-herramientas-para-empoderar-a-las-latinas-del-area-metropolitana-de-DC.jpg\" \/>\n\t<meta property=\"og:image:width\" content=\"600\" \/>\n\t<meta property=\"og:image:height\" content=\"338\" \/>\n\t<meta property=\"og:image:type\" content=\"image\/jpeg\" \/>\n<meta name=\"author\" content=\"Noticias\" \/>\n<meta name=\"twitter:card\" content=\"summary_large_image\" \/>\n<meta name=\"twitter:creator\" content=\"@FAccLatino\" \/>\n<meta name=\"twitter:site\" content=\"@FAccLatino\" \/>\n<meta name=\"twitter:label1\" content=\"Written by\" \/>\n\t<meta name=\"twitter:data1\" content=\"Noticias\" \/>\n\t<meta name=\"twitter:label2\" content=\"Est. reading time\" \/>\n\t<meta name=\"twitter:data2\" content=\"3 minutes\" \/>\n<script type=\"application\/ld+json\" class=\"yoast-schema-graph\">{\"@context\":\"https:\\\/\\\/schema.org\",\"@graph\":[{\"@type\":\"Article\",\"@id\":\"https:\\\/\\\/accesolatino.org\\\/%cb%9del-poder-de-ser-mujer-brinda-herramientas-para-empoderar-a-las-latinas-del-area-metropolitana-de-dc\\\/noticias\\\/#article\",\"isPartOf\":{\"@id\":\"https:\\\/\\\/accesolatino.org\\\/%cb%9del-poder-de-ser-mujer-brinda-herramientas-para-empoderar-a-las-latinas-del-area-metropolitana-de-dc\\\/noticias\\\/\"},\"author\":{\"name\":\"Noticias\",\"@id\":\"https:\\\/\\\/accesolatino.org\\\/#\\\/schema\\\/person\\\/57bc3bfd2c357610a5255490ca4cd305\"},\"headline\":\"\u02ddEl Poder de ser Mujer\u201d brinda herramientas para empoderar a las latinas del \u00e1rea metropolitana de DC\",\"datePublished\":\"2017-11-28T18:47:51+00:00\",\"dateModified\":\"2025-10-27T19:55:42+00:00\",\"mainEntityOfPage\":{\"@id\":\"https:\\\/\\\/accesolatino.org\\\/%cb%9del-poder-de-ser-mujer-brinda-herramientas-para-empoderar-a-las-latinas-del-area-metropolitana-de-dc\\\/noticias\\\/\"},\"wordCount\":663,\"commentCount\":0,\"publisher\":{\"@id\":\"https:\\\/\\\/accesolatino.org\\\/#organization\"},\"image\":{\"@id\":\"https:\\\/\\\/accesolatino.org\\\/%cb%9del-poder-de-ser-mujer-brinda-herramientas-para-empoderar-a-las-latinas-del-area-metropolitana-de-dc\\\/noticias\\\/#primaryimage\"},\"thumbnailUrl\":\"https:\\\/\\\/accesolatino.org\\\/wp-content\\\/uploads\\\/2017\\\/11\\\/El-Poder-de-ser-Mujer-brinda-herramientas-para-empoderar-a-las-latinas-del-area-metropolitana-de-DC.jpg\",\"articleSection\":[\"Noticias\",\"Temas de inter\u00e9s\"],\"inLanguage\":\"en-US\",\"potentialAction\":[{\"@type\":\"CommentAction\",\"name\":\"Comment\",\"target\":[\"https:\\\/\\\/accesolatino.org\\\/%cb%9del-poder-de-ser-mujer-brinda-herramientas-para-empoderar-a-las-latinas-del-area-metropolitana-de-dc\\\/noticias\\\/#respond\"]}]},{\"@type\":\"WebPage\",\"@id\":\"https:\\\/\\\/accesolatino.org\\\/%cb%9del-poder-de-ser-mujer-brinda-herramientas-para-empoderar-a-las-latinas-del-area-metropolitana-de-dc\\\/noticias\\\/\",\"url\":\"https:\\\/\\\/accesolatino.org\\\/%cb%9del-poder-de-ser-mujer-brinda-herramientas-para-empoderar-a-las-latinas-del-area-metropolitana-de-dc\\\/noticias\\\/\",\"name\":\"\u02ddEl Poder de ser Mujer | Herramientas de empodderamiento\",\"isPartOf\":{\"@id\":\"https:\\\/\\\/accesolatino.org\\\/#website\"},\"primaryImageOfPage\":{\"@id\":\"https:\\\/\\\/accesolatino.org\\\/%cb%9del-poder-de-ser-mujer-brinda-herramientas-para-empoderar-a-las-latinas-del-area-metropolitana-de-dc\\\/noticias\\\/#primaryimage\"},\"image\":{\"@id\":\"https:\\\/\\\/accesolatino.org\\\/%cb%9del-poder-de-ser-mujer-brinda-herramientas-para-empoderar-a-las-latinas-del-area-metropolitana-de-dc\\\/noticias\\\/#primaryimage\"},\"thumbnailUrl\":\"https:\\\/\\\/accesolatino.org\\\/wp-content\\\/uploads\\\/2017\\\/11\\\/El-Poder-de-ser-Mujer-brinda-herramientas-para-empoderar-a-las-latinas-del-area-metropolitana-de-DC.jpg\",\"datePublished\":\"2017-11-28T18:47:51+00:00\",\"dateModified\":\"2025-10-27T19:55:42+00:00\",\"description\":\"Gracias a los fondos recolectados por la Segunda Gala de la ONG, lograron rentar un local para desarrollar nuevos programas\",\"breadcrumb\":{\"@id\":\"https:\\\/\\\/accesolatino.org\\\/%cb%9del-poder-de-ser-mujer-brinda-herramientas-para-empoderar-a-las-latinas-del-area-metropolitana-de-dc\\\/noticias\\\/#breadcrumb\"},\"inLanguage\":\"en-US\",\"potentialAction\":[{\"@type\":\"ReadAction\",\"target\":[\"https:\\\/\\\/accesolatino.org\\\/%cb%9del-poder-de-ser-mujer-brinda-herramientas-para-empoderar-a-las-latinas-del-area-metropolitana-de-dc\\\/noticias\\\/\"]}]},{\"@type\":\"ImageObject\",\"inLanguage\":\"en-US\",\"@id\":\"https:\\\/\\\/accesolatino.org\\\/%cb%9del-poder-de-ser-mujer-brinda-herramientas-para-empoderar-a-las-latinas-del-area-metropolitana-de-dc\\\/noticias\\\/#primaryimage\",\"url\":\"https:\\\/\\\/accesolatino.org\\\/wp-content\\\/uploads\\\/2017\\\/11\\\/El-Poder-de-ser-Mujer-brinda-herramientas-para-empoderar-a-las-latinas-del-area-metropolitana-de-DC.jpg\",\"contentUrl\":\"https:\\\/\\\/accesolatino.org\\\/wp-content\\\/uploads\\\/2017\\\/11\\\/El-Poder-de-ser-Mujer-brinda-herramientas-para-empoderar-a-las-latinas-del-area-metropolitana-de-DC.jpg\",\"width\":\"600\",\"height\":\"338\",\"caption\":\"El-Poder-de-ser-Mujer-brinda-herramientas-para-empoderar-a-las-latinas-del-area-metropolitana-de-DC\"},{\"@type\":\"BreadcrumbList\",\"@id\":\"https:\\\/\\\/accesolatino.org\\\/%cb%9del-poder-de-ser-mujer-brinda-herramientas-para-empoderar-a-las-latinas-del-area-metropolitana-de-dc\\\/noticias\\\/#breadcrumb\",\"itemListElement\":[{\"@type\":\"ListItem\",\"position\":1,\"name\":\"Portada\",\"item\":\"https:\\\/\\\/accesolatino.org\\\/\"},{\"@type\":\"ListItem\",\"position\":2,\"name\":\"Noticias\",\"item\":\"https:\\\/\\\/accesolatino.org\\\/category\\\/noticias\\\/\"},{\"@type\":\"ListItem\",\"position\":3,\"name\":\"\u02ddEl Poder de ser Mujer\u201d brinda herramientas para empoderar a las latinas del \u00e1rea metropolitana de DC\"}]},{\"@type\":\"WebSite\",\"@id\":\"https:\\\/\\\/accesolatino.org\\\/#website\",\"url\":\"https:\\\/\\\/accesolatino.org\\\/\",\"name\":\"Acceso Latino | Fundaci\u00f3n Carlos Slim\",\"description\":\"Fundaci\u00f3n Carlos Slim\",\"publisher\":{\"@id\":\"https:\\\/\\\/accesolatino.org\\\/#organization\"},\"potentialAction\":[{\"@type\":\"SearchAction\",\"target\":{\"@type\":\"EntryPoint\",\"urlTemplate\":\"https:\\\/\\\/accesolatino.org\\\/?s={search_term_string}\"},\"query-input\":{\"@type\":\"PropertyValueSpecification\",\"valueRequired\":true,\"valueName\":\"search_term_string\"}}],\"inLanguage\":\"en-US\"},{\"@type\":\"Organization\",\"@id\":\"https:\\\/\\\/accesolatino.org\\\/#organization\",\"name\":\"Acceso Latino | Fundaci\u00f3n Carlos Slim\",\"url\":\"https:\\\/\\\/accesolatino.org\\\/\",\"logo\":{\"@type\":\"ImageObject\",\"inLanguage\":\"en-US\",\"@id\":\"https:\\\/\\\/accesolatino.org\\\/#\\\/schema\\\/logo\\\/image\\\/\",\"url\":\"https:\\\/\\\/accesolatino.org\\\/wp-content\\\/uploads\\\/2021\\\/02\\\/logo-footer-acceso-latino.png\",\"contentUrl\":\"https:\\\/\\\/accesolatino.org\\\/wp-content\\\/uploads\\\/2021\\\/02\\\/logo-footer-acceso-latino.png\",\"width\":240,\"height\":40,\"caption\":\"Acceso Latino | Fundaci\u00f3n Carlos Slim\"},\"image\":{\"@id\":\"https:\\\/\\\/accesolatino.org\\\/#\\\/schema\\\/logo\\\/image\\\/\"},\"sameAs\":[\"https:\\\/\\\/www.facebook.com\\\/AccesoLatinoOrg\",\"https:\\\/\\\/x.com\\\/FAccLatino\"]},{\"@type\":\"Person\",\"@id\":\"https:\\\/\\\/accesolatino.org\\\/#\\\/schema\\\/person\\\/57bc3bfd2c357610a5255490ca4cd305\",\"name\":\"Noticias\"}]}<\/script>\n<!-- \/ Yoast SEO plugin. -->","yoast_head_json":{"title":"\u02ddEl Poder de ser Mujer | Herramientas de empodderamiento","description":"Gracias a los fondos recolectados por la Segunda Gala de la ONG, lograron rentar un local para desarrollar nuevos programas","robots":{"index":"index","follow":"follow","max-snippet":"max-snippet:-1","max-image-preview":"max-image-preview:large","max-video-preview":"max-video-preview:-1"},"canonical":"https:\/\/accesolatino.org\/en\/\u02ddel-poder-de-ser-mujer-brinda-herramientas-para-empoderar-a-las-latinas-del-area-metropolitana-de-dc\/noticias\/","og_locale":"en_US","og_type":"article","og_title":"\u02ddEl Poder de ser Mujer | Herramientas de empodderamiento","og_description":"Gracias a los fondos recolectados por la Segunda Gala de la ONG, lograron rentar un local para desarrollar nuevos programas","og_url":"https:\/\/accesolatino.org\/en\/\u02ddel-poder-de-ser-mujer-brinda-herramientas-para-empoderar-a-las-latinas-del-area-metropolitana-de-dc\/noticias\/","og_site_name":"Acceso Latino","article_publisher":"https:\/\/www.facebook.com\/AccesoLatinoOrg","article_published_time":"2017-11-28T18:47:51+00:00","article_modified_time":"2025-10-27T19:55:42+00:00","og_image":[{"width":600,"height":338,"url":"https:\/\/accesolatino.org\/wp-content\/uploads\/2017\/11\/El-Poder-de-ser-Mujer-brinda-herramientas-para-empoderar-a-las-latinas-del-area-metropolitana-de-DC.jpg","type":"image\/jpeg"}],"author":"Noticias","twitter_card":"summary_large_image","twitter_creator":"@FAccLatino","twitter_site":"@FAccLatino","twitter_misc":{"Written by":"Noticias","Est. reading time":"3 minutes"},"schema":{"@context":"https:\/\/schema.org","@graph":[{"@type":"Article","@id":"https:\/\/accesolatino.org\/%cb%9del-poder-de-ser-mujer-brinda-herramientas-para-empoderar-a-las-latinas-del-area-metropolitana-de-dc\/noticias\/#article","isPartOf":{"@id":"https:\/\/accesolatino.org\/%cb%9del-poder-de-ser-mujer-brinda-herramientas-para-empoderar-a-las-latinas-del-area-metropolitana-de-dc\/noticias\/"},"author":{"name":"Noticias","@id":"https:\/\/accesolatino.org\/#\/schema\/person\/57bc3bfd2c357610a5255490ca4cd305"},"headline":"\u02ddEl Poder de ser Mujer\u201d brinda herramientas para empoderar a las latinas del \u00e1rea metropolitana de DC","datePublished":"2017-11-28T18:47:51+00:00","dateModified":"2025-10-27T19:55:42+00:00","mainEntityOfPage":{"@id":"https:\/\/accesolatino.org\/%cb%9del-poder-de-ser-mujer-brinda-herramientas-para-empoderar-a-las-latinas-del-area-metropolitana-de-dc\/noticias\/"},"wordCount":663,"commentCount":0,"publisher":{"@id":"https:\/\/accesolatino.org\/#organization"},"image":{"@id":"https:\/\/accesolatino.org\/%cb%9del-poder-de-ser-mujer-brinda-herramientas-para-empoderar-a-las-latinas-del-area-metropolitana-de-dc\/noticias\/#primaryimage"},"thumbnailUrl":"https:\/\/accesolatino.org\/wp-content\/uploads\/2017\/11\/El-Poder-de-ser-Mujer-brinda-herramientas-para-empoderar-a-las-latinas-del-area-metropolitana-de-DC.jpg","articleSection":["Noticias","Temas de inter\u00e9s"],"inLanguage":"en-US","potentialAction":[{"@type":"CommentAction","name":"Comment","target":["https:\/\/accesolatino.org\/%cb%9del-poder-de-ser-mujer-brinda-herramientas-para-empoderar-a-las-latinas-del-area-metropolitana-de-dc\/noticias\/#respond"]}]},{"@type":"WebPage","@id":"https:\/\/accesolatino.org\/%cb%9del-poder-de-ser-mujer-brinda-herramientas-para-empoderar-a-las-latinas-del-area-metropolitana-de-dc\/noticias\/","url":"https:\/\/accesolatino.org\/%cb%9del-poder-de-ser-mujer-brinda-herramientas-para-empoderar-a-las-latinas-del-area-metropolitana-de-dc\/noticias\/","name":"\u02ddEl Poder de ser Mujer | Herramientas de empodderamiento","isPartOf":{"@id":"https:\/\/accesolatino.org\/#website"},"primaryImageOfPage":{"@id":"https:\/\/accesolatino.org\/%cb%9del-poder-de-ser-mujer-brinda-herramientas-para-empoderar-a-las-latinas-del-area-metropolitana-de-dc\/noticias\/#primaryimage"},"image":{"@id":"https:\/\/accesolatino.org\/%cb%9del-poder-de-ser-mujer-brinda-herramientas-para-empoderar-a-las-latinas-del-area-metropolitana-de-dc\/noticias\/#primaryimage"},"thumbnailUrl":"https:\/\/accesolatino.org\/wp-content\/uploads\/2017\/11\/El-Poder-de-ser-Mujer-brinda-herramientas-para-empoderar-a-las-latinas-del-area-metropolitana-de-DC.jpg","datePublished":"2017-11-28T18:47:51+00:00","dateModified":"2025-10-27T19:55:42+00:00","description":"Gracias a los fondos recolectados por la Segunda Gala de la ONG, lograron rentar un local para desarrollar nuevos programas","breadcrumb":{"@id":"https:\/\/accesolatino.org\/%cb%9del-poder-de-ser-mujer-brinda-herramientas-para-empoderar-a-las-latinas-del-area-metropolitana-de-dc\/noticias\/#breadcrumb"},"inLanguage":"en-US","potentialAction":[{"@type":"ReadAction","target":["https:\/\/accesolatino.org\/%cb%9del-poder-de-ser-mujer-brinda-herramientas-para-empoderar-a-las-latinas-del-area-metropolitana-de-dc\/noticias\/"]}]},{"@type":"ImageObject","inLanguage":"en-US","@id":"https:\/\/accesolatino.org\/%cb%9del-poder-de-ser-mujer-brinda-herramientas-para-empoderar-a-las-latinas-del-area-metropolitana-de-dc\/noticias\/#primaryimage","url":"https:\/\/accesolatino.org\/wp-content\/uploads\/2017\/11\/El-Poder-de-ser-Mujer-brinda-herramientas-para-empoderar-a-las-latinas-del-area-metropolitana-de-DC.jpg","contentUrl":"https:\/\/accesolatino.org\/wp-content\/uploads\/2017\/11\/El-Poder-de-ser-Mujer-brinda-herramientas-para-empoderar-a-las-latinas-del-area-metropolitana-de-DC.jpg","width":"600","height":"338","caption":"El-Poder-de-ser-Mujer-brinda-herramientas-para-empoderar-a-las-latinas-del-area-metropolitana-de-DC"},{"@type":"BreadcrumbList","@id":"https:\/\/accesolatino.org\/%cb%9del-poder-de-ser-mujer-brinda-herramientas-para-empoderar-a-las-latinas-del-area-metropolitana-de-dc\/noticias\/#breadcrumb","itemListElement":[{"@type":"ListItem","position":1,"name":"Portada","item":"https:\/\/accesolatino.org\/"},{"@type":"ListItem","position":2,"name":"Noticias","item":"https:\/\/accesolatino.org\/category\/noticias\/"},{"@type":"ListItem","position":3,"name":"\u02ddEl Poder de ser Mujer\u201d brinda herramientas para empoderar a las latinas del \u00e1rea metropolitana de DC"}]},{"@type":"WebSite","@id":"https:\/\/accesolatino.org\/#website","url":"https:\/\/accesolatino.org\/","name":"Acceso Latino | Fundaci\u00f3n Carlos Slim","description":"Fundaci\u00f3n Carlos Slim","publisher":{"@id":"https:\/\/accesolatino.org\/#organization"},"potentialAction":[{"@type":"SearchAction","target":{"@type":"EntryPoint","urlTemplate":"https:\/\/accesolatino.org\/?s={search_term_string}"},"query-input":{"@type":"PropertyValueSpecification","valueRequired":true,"valueName":"search_term_string"}}],"inLanguage":"en-US"},{"@type":"Organization","@id":"https:\/\/accesolatino.org\/#organization","name":"Acceso Latino | Fundaci\u00f3n Carlos Slim","url":"https:\/\/accesolatino.org\/","logo":{"@type":"ImageObject","inLanguage":"en-US","@id":"https:\/\/accesolatino.org\/#\/schema\/logo\/image\/","url":"https:\/\/accesolatino.org\/wp-content\/uploads\/2021\/02\/logo-footer-acceso-latino.png","contentUrl":"https:\/\/accesolatino.org\/wp-content\/uploads\/2021\/02\/logo-footer-acceso-latino.png","width":240,"height":40,"caption":"Acceso Latino | Fundaci\u00f3n Carlos Slim"},"image":{"@id":"https:\/\/accesolatino.org\/#\/schema\/logo\/image\/"},"sameAs":["https:\/\/www.facebook.com\/AccesoLatinoOrg","https:\/\/x.com\/FAccLatino"]},{"@type":"Person","@id":"https:\/\/accesolatino.org\/#\/schema\/person\/57bc3bfd2c357610a5255490ca4cd305","name":"News"}]}},"_links":{"self":[{"href":"https:\/\/accesolatino.org\/en\/wp-json\/wp\/v2\/posts\/10810","targetHints":{"allow":["GET"]}}],"collection":[{"href":"https:\/\/accesolatino.org\/en\/wp-json\/wp\/v2\/posts"}],"about":[{"href":"https:\/\/accesolatino.org\/en\/wp-json\/wp\/v2\/types\/post"}],"author":[{"embeddable":true,"href":"https:\/\/accesolatino.org\/en\/wp-json\/wp\/v2\/users\/13"}],"replies":[{"embeddable":true,"href":"https:\/\/accesolatino.org\/en\/wp-json\/wp\/v2\/comments?post=10810"}],"version-history":[{"count":1,"href":"https:\/\/accesolatino.org\/en\/wp-json\/wp\/v2\/posts\/10810\/revisions"}],"predecessor-version":[{"id":66786,"href":"https:\/\/accesolatino.org\/en\/wp-json\/wp\/v2\/posts\/10810\/revisions\/66786"}],"wp:featuredmedia":[{"embeddable":true,"href":"https:\/\/accesolatino.org\/en\/wp-json\/wp\/v2\/media\/10811"}],"wp:attachment":[{"href":"https:\/\/accesolatino.org\/en\/wp-json\/wp\/v2\/media?parent=10810"}],"wp:term":[{"taxonomy":"category","embeddable":true,"href":"https:\/\/accesolatino.org\/en\/wp-json\/wp\/v2\/categories?post=10810"},{"taxonomy":"post_tag","embeddable":true,"href":"https:\/\/accesolatino.org\/en\/wp-json\/wp\/v2\/tags?post=10810"}],"curies":[{"name":"wp","href":"https:\/\/api.w.org\/{rel}","templated":true}]}}