{"id":10807,"date":"2017-11-27T11:04:35","date_gmt":"2017-11-27T17:04:35","guid":{"rendered":"https:\/\/accesolatino.org\/?p=10807"},"modified":"2025-10-27T13:56:02","modified_gmt":"2025-10-27T19:56:02","slug":"canada-abre-sus-puertas-a-inmigrantes-de-ee-uu","status":"publish","type":"post","link":"https:\/\/accesolatino.org\/en\/canada-abre-sus-puertas-a-inmigrantes-de-ee-uu\/noticias\/","title":{"rendered":"Canad\u00e1 abre sus puertas a inmigrantes de EE.UU."},"content":{"rendered":"<p>Durante este 2017, m\u00e1s de 35,000 solicitantes de asilo han llegado a Canad\u00e1, cifra que ha crecido en comparaci\u00f3n con los registros de 2016, que indican que 24,000 personas hab\u00edan arribado al pa\u00eds norteamericano pidiendo asilo.<\/p>\n<p>Los funcionarios de ese pa\u00eds est\u00e1n dando la bienvenida a la ola de inmigrantes de Estados Unidos, que est\u00e1n buscando escapar de la pol\u00edtica migratoria implementada por el presidente de EUA.<\/p>\n<p>En las fronteras se han instalado remolques con calefacci\u00f3n, previendo la llegada de inmigrantes al pa\u00eds, durante el invierno. De las 13,000 solicitudes de asilo presentadas este a\u00f1o, solo 300 hab\u00edan sido procesadas hasta octubre pasado. A la mitad se les concedi\u00f3 estatus de refugiado y obtuvieron permisos de trabajo, mientras esperan que el proceso finalice. Adem\u00e1s, podr\u00e1n gozar de acceso a atenci\u00f3n m\u00e9dica.<\/p>\n<p>Aunque el sistema de procesamiento de las solicitudes de asilo es lento, ha sido exitoso para la mitad de los migrantes, seg\u00fan se\u00f1ala el Washington Post.<\/p>\n<p>El peri\u00f3dico tambi\u00e9n indica que Canad\u00e1 espera la llegada de m\u00e1s inmigrantes, provenientes de Estados Unidos.<\/p>\n<p>Canad\u00e1 es un lugar prometedor para los migrantes, el ministro de Inmigraci\u00f3n de ese pa\u00eds, Ahmed Husssen, nacido en Somalia, ha anunciado planes para aumentar la llegada de inmigrantes a un mill\u00f3n de personas cada tres a\u00f1os.<\/p>\n<p>\u201cNuestro gobierno cree que los reci\u00e9n llegados desempe\u00f1an un papel vital en nuestra sociedad\u201d, dijo recientemente Hussen. Asimismo, sugiri\u00f3 que el pa\u00eds acoger\u00eda a m\u00e1s inmigrantes que se dedicar\u00edan a trabajos de salud, pagados por el gobierno.<\/p>\n<p>\u201cCinco millones de canadienses se jubilar\u00e1n para el 2035 y tenemos menos personas trabajando para apoyar a personas mayores y jubilados \u201c, agreg\u00f3.<\/p>\n<p>En las fronteras de Canad\u00e1 se han instalado letreros con mensajes para los inmigrantes: \u201cNo todos son elegibles para presentar una solicitud de asilo\u201d, \u201cReclamar asilo no es un boleto gratis a Canad\u00e1\u201d, \u201d Algunos de ustedes son bienvenidos a vivir en Canad\u00e1 \u201c.<\/p>\n<p><em>Fuente: EL Mundo<\/em><\/p>","protected":false},"excerpt":{"rendered":"<p>Durante este 2017, m\u00e1s de 35,000 solicitantes de asilo han llegado a Canad\u00e1, cifra que ha crecido en comparaci\u00f3n con los registros de 2016, que indican que 24,000 personas hab\u00edan arribado al pa\u00eds norteamericano pidiendo asilo. Los funcionarios de ese pa\u00eds est\u00e1n dando la bienvenida a la ola de inmigrantes de Estados Unidos, que est\u00e1n buscando escapar de la pol\u00edtica migratoria implementada por el presidente de EUA. En las fronteras se han instalado remolques con calefacci\u00f3n, previendo la llegada de inmigrantes al pa\u00eds, durante el invierno. De las 13,000 solicitudes de asilo presentadas este a\u00f1o, solo 300 hab\u00edan sido procesadas hasta octubre pasado. A la mitad se les concedi\u00f3 estatus de refugiado y obtuvieron permisos de trabajo, mientras esperan que el proceso finalice. Adem\u00e1s, podr\u00e1n gozar de acceso a atenci\u00f3n m\u00e9dica. Aunque el sistema de procesamiento de las solicitudes de asilo es lento, ha sido exitoso para la mitad de los migrantes, seg\u00fan se\u00f1ala el Washington Post. El peri\u00f3dico tambi\u00e9n indica que Canad\u00e1 espera la llegada de m\u00e1s inmigrantes, provenientes de Estados Unidos. Canad\u00e1 es un lugar prometedor para los migrantes, el ministro de Inmigraci\u00f3n de ese pa\u00eds, Ahmed Husssen, nacido en Somalia, ha anunciado planes para aumentar la llegada de inmigrantes a un mill\u00f3n de personas cada tres a\u00f1os. \u201cNuestro gobierno cree que los reci\u00e9n llegados desempe\u00f1an un papel vital en nuestra sociedad\u201d, dijo recientemente Hussen. Asimismo, sugiri\u00f3 que el pa\u00eds acoger\u00eda a m\u00e1s inmigrantes que se dedicar\u00edan a trabajos de salud, pagados por el gobierno. \u201cCinco millones de canadienses se jubilar\u00e1n para el 2035 y tenemos menos personas trabajando para apoyar a personas mayores y jubilados \u201c, agreg\u00f3. En las fronteras de Canad\u00e1 se han instalado letreros con mensajes para los inmigrantes: \u201cNo todos son elegibles para presentar una solicitud de asilo\u201d, \u201cReclamar asilo no es un boleto gratis a Canad\u00e1\u201d, \u201d Algunos de ustedes son bienvenidos a vivir en Canad\u00e1 \u201c. Fuente: EL Mundo<\/p>","protected":false},"author":13,"featured_media":10808,"comment_status":"open","ping_status":"open","sticky":false,"template":"","format":"standard","meta":{"_uf_show_specific_survey":0,"_uf_disable_surveys":false,"footnotes":""},"categories":[10,1],"tags":[],"class_list":["post-10807","post","type-post","status-publish","format-standard","has-post-thumbnail","hentry","category-noticias","category-temas-de-interes"],"aioseo_notices":[],"yoast_head":"<!-- This site is optimized with the Yoast SEO plugin v27.5 - https:\/\/yoast.com\/product\/yoast-seo-wordpress\/ -->\n<title>Canad\u00e1 abre sus puertas a inmigrantes de EE.UU.<\/title>\n<meta name=\"description\" content=\"En las fronteras se han instalado remolques con calefacci\u00f3n, previendo la llegada de inmigrantes al pa\u00eds, durante el invierno\" \/>\n<meta name=\"robots\" content=\"index, follow, max-snippet:-1, max-image-preview:large, max-video-preview:-1\" \/>\n<link rel=\"canonical\" href=\"https:\/\/accesolatino.org\/en\/canada-abre-sus-puertas-a-inmigrantes-de-ee-uu\/noticias\/\" \/>\n<meta property=\"og:locale\" content=\"en_US\" \/>\n<meta property=\"og:type\" content=\"article\" \/>\n<meta property=\"og:title\" content=\"Canad\u00e1 abre sus puertas a inmigrantes de EE.UU.\" \/>\n<meta property=\"og:description\" content=\"En las fronteras se han instalado remolques con calefacci\u00f3n, previendo la llegada de inmigrantes al pa\u00eds, durante el invierno\" \/>\n<meta property=\"og:url\" content=\"https:\/\/accesolatino.org\/en\/canada-abre-sus-puertas-a-inmigrantes-de-ee-uu\/noticias\/\" \/>\n<meta property=\"og:site_name\" content=\"Acceso Latino\" \/>\n<meta property=\"article:publisher\" content=\"https:\/\/www.facebook.com\/AccesoLatinoOrg\" \/>\n<meta property=\"article:published_time\" content=\"2017-11-27T17:04:35+00:00\" \/>\n<meta property=\"article:modified_time\" content=\"2025-10-27T19:56:02+00:00\" \/>\n<meta property=\"og:image\" content=\"https:\/\/accesolatino.org\/wp-content\/uploads\/2017\/11\/Canada-abre-sus-puertas-a-inmigrantes-de-EEUU.jpg\" \/>\n\t<meta property=\"og:image:width\" content=\"600\" \/>\n\t<meta property=\"og:image:height\" content=\"400\" \/>\n\t<meta property=\"og:image:type\" content=\"image\/jpeg\" \/>\n<meta name=\"author\" content=\"Noticias\" \/>\n<meta name=\"twitter:card\" content=\"summary_large_image\" \/>\n<meta name=\"twitter:creator\" content=\"@FAccLatino\" \/>\n<meta name=\"twitter:site\" content=\"@FAccLatino\" \/>\n<meta name=\"twitter:label1\" content=\"Written by\" \/>\n\t<meta name=\"twitter:data1\" content=\"Noticias\" \/>\n\t<meta name=\"twitter:label2\" content=\"Est. reading time\" \/>\n\t<meta name=\"twitter:data2\" content=\"2 minutes\" \/>\n<script type=\"application\/ld+json\" class=\"yoast-schema-graph\">{\"@context\":\"https:\\\/\\\/schema.org\",\"@graph\":[{\"@type\":\"Article\",\"@id\":\"https:\\\/\\\/accesolatino.org\\\/canada-abre-sus-puertas-a-inmigrantes-de-ee-uu\\\/noticias\\\/#article\",\"isPartOf\":{\"@id\":\"https:\\\/\\\/accesolatino.org\\\/canada-abre-sus-puertas-a-inmigrantes-de-ee-uu\\\/noticias\\\/\"},\"author\":{\"name\":\"Noticias\",\"@id\":\"https:\\\/\\\/accesolatino.org\\\/#\\\/schema\\\/person\\\/57bc3bfd2c357610a5255490ca4cd305\"},\"headline\":\"Canad\u00e1 abre sus puertas a inmigrantes de EE.UU.\",\"datePublished\":\"2017-11-27T17:04:35+00:00\",\"dateModified\":\"2025-10-27T19:56:02+00:00\",\"mainEntityOfPage\":{\"@id\":\"https:\\\/\\\/accesolatino.org\\\/canada-abre-sus-puertas-a-inmigrantes-de-ee-uu\\\/noticias\\\/\"},\"wordCount\":348,\"commentCount\":0,\"publisher\":{\"@id\":\"https:\\\/\\\/accesolatino.org\\\/#organization\"},\"image\":{\"@id\":\"https:\\\/\\\/accesolatino.org\\\/canada-abre-sus-puertas-a-inmigrantes-de-ee-uu\\\/noticias\\\/#primaryimage\"},\"thumbnailUrl\":\"https:\\\/\\\/accesolatino.org\\\/wp-content\\\/uploads\\\/2017\\\/11\\\/Canada-abre-sus-puertas-a-inmigrantes-de-EEUU.jpg\",\"articleSection\":[\"Noticias\",\"Temas de inter\u00e9s\"],\"inLanguage\":\"en-US\",\"potentialAction\":[{\"@type\":\"CommentAction\",\"name\":\"Comment\",\"target\":[\"https:\\\/\\\/accesolatino.org\\\/canada-abre-sus-puertas-a-inmigrantes-de-ee-uu\\\/noticias\\\/#respond\"]}]},{\"@type\":\"WebPage\",\"@id\":\"https:\\\/\\\/accesolatino.org\\\/canada-abre-sus-puertas-a-inmigrantes-de-ee-uu\\\/noticias\\\/\",\"url\":\"https:\\\/\\\/accesolatino.org\\\/canada-abre-sus-puertas-a-inmigrantes-de-ee-uu\\\/noticias\\\/\",\"name\":\"Canad\u00e1 abre sus puertas a inmigrantes de EE.UU.\",\"isPartOf\":{\"@id\":\"https:\\\/\\\/accesolatino.org\\\/#website\"},\"primaryImageOfPage\":{\"@id\":\"https:\\\/\\\/accesolatino.org\\\/canada-abre-sus-puertas-a-inmigrantes-de-ee-uu\\\/noticias\\\/#primaryimage\"},\"image\":{\"@id\":\"https:\\\/\\\/accesolatino.org\\\/canada-abre-sus-puertas-a-inmigrantes-de-ee-uu\\\/noticias\\\/#primaryimage\"},\"thumbnailUrl\":\"https:\\\/\\\/accesolatino.org\\\/wp-content\\\/uploads\\\/2017\\\/11\\\/Canada-abre-sus-puertas-a-inmigrantes-de-EEUU.jpg\",\"datePublished\":\"2017-11-27T17:04:35+00:00\",\"dateModified\":\"2025-10-27T19:56:02+00:00\",\"description\":\"En las fronteras se han instalado remolques con calefacci\u00f3n, previendo la llegada de inmigrantes al pa\u00eds, durante el invierno\",\"breadcrumb\":{\"@id\":\"https:\\\/\\\/accesolatino.org\\\/canada-abre-sus-puertas-a-inmigrantes-de-ee-uu\\\/noticias\\\/#breadcrumb\"},\"inLanguage\":\"en-US\",\"potentialAction\":[{\"@type\":\"ReadAction\",\"target\":[\"https:\\\/\\\/accesolatino.org\\\/canada-abre-sus-puertas-a-inmigrantes-de-ee-uu\\\/noticias\\\/\"]}]},{\"@type\":\"ImageObject\",\"inLanguage\":\"en-US\",\"@id\":\"https:\\\/\\\/accesolatino.org\\\/canada-abre-sus-puertas-a-inmigrantes-de-ee-uu\\\/noticias\\\/#primaryimage\",\"url\":\"https:\\\/\\\/accesolatino.org\\\/wp-content\\\/uploads\\\/2017\\\/11\\\/Canada-abre-sus-puertas-a-inmigrantes-de-EEUU.jpg\",\"contentUrl\":\"https:\\\/\\\/accesolatino.org\\\/wp-content\\\/uploads\\\/2017\\\/11\\\/Canada-abre-sus-puertas-a-inmigrantes-de-EEUU.jpg\",\"width\":\"600\",\"height\":\"400\",\"caption\":\"Canada-abre-sus-puertas-a-inmigrantes-de-EEUU\"},{\"@type\":\"BreadcrumbList\",\"@id\":\"https:\\\/\\\/accesolatino.org\\\/canada-abre-sus-puertas-a-inmigrantes-de-ee-uu\\\/noticias\\\/#breadcrumb\",\"itemListElement\":[{\"@type\":\"ListItem\",\"position\":1,\"name\":\"Portada\",\"item\":\"https:\\\/\\\/accesolatino.org\\\/\"},{\"@type\":\"ListItem\",\"position\":2,\"name\":\"Noticias\",\"item\":\"https:\\\/\\\/accesolatino.org\\\/category\\\/noticias\\\/\"},{\"@type\":\"ListItem\",\"position\":3,\"name\":\"Canad\u00e1 abre sus puertas a inmigrantes de EE.UU.\"}]},{\"@type\":\"WebSite\",\"@id\":\"https:\\\/\\\/accesolatino.org\\\/#website\",\"url\":\"https:\\\/\\\/accesolatino.org\\\/\",\"name\":\"Acceso Latino | Fundaci\u00f3n Carlos Slim\",\"description\":\"Fundaci\u00f3n Carlos Slim\",\"publisher\":{\"@id\":\"https:\\\/\\\/accesolatino.org\\\/#organization\"},\"potentialAction\":[{\"@type\":\"SearchAction\",\"target\":{\"@type\":\"EntryPoint\",\"urlTemplate\":\"https:\\\/\\\/accesolatino.org\\\/?s={search_term_string}\"},\"query-input\":{\"@type\":\"PropertyValueSpecification\",\"valueRequired\":true,\"valueName\":\"search_term_string\"}}],\"inLanguage\":\"en-US\"},{\"@type\":\"Organization\",\"@id\":\"https:\\\/\\\/accesolatino.org\\\/#organization\",\"name\":\"Acceso Latino | Fundaci\u00f3n Carlos Slim\",\"url\":\"https:\\\/\\\/accesolatino.org\\\/\",\"logo\":{\"@type\":\"ImageObject\",\"inLanguage\":\"en-US\",\"@id\":\"https:\\\/\\\/accesolatino.org\\\/#\\\/schema\\\/logo\\\/image\\\/\",\"url\":\"https:\\\/\\\/accesolatino.org\\\/wp-content\\\/uploads\\\/2021\\\/02\\\/logo-footer-acceso-latino.png\",\"contentUrl\":\"https:\\\/\\\/accesolatino.org\\\/wp-content\\\/uploads\\\/2021\\\/02\\\/logo-footer-acceso-latino.png\",\"width\":240,\"height\":40,\"caption\":\"Acceso Latino | Fundaci\u00f3n Carlos Slim\"},\"image\":{\"@id\":\"https:\\\/\\\/accesolatino.org\\\/#\\\/schema\\\/logo\\\/image\\\/\"},\"sameAs\":[\"https:\\\/\\\/www.facebook.com\\\/AccesoLatinoOrg\",\"https:\\\/\\\/x.com\\\/FAccLatino\"]},{\"@type\":\"Person\",\"@id\":\"https:\\\/\\\/accesolatino.org\\\/#\\\/schema\\\/person\\\/57bc3bfd2c357610a5255490ca4cd305\",\"name\":\"Noticias\"}]}<\/script>\n<!-- \/ Yoast SEO plugin. -->","yoast_head_json":{"title":"Canad\u00e1 abre sus puertas a inmigrantes de EE.UU.","description":"En las fronteras se han instalado remolques con calefacci\u00f3n, previendo la llegada de inmigrantes al pa\u00eds, durante el invierno","robots":{"index":"index","follow":"follow","max-snippet":"max-snippet:-1","max-image-preview":"max-image-preview:large","max-video-preview":"max-video-preview:-1"},"canonical":"https:\/\/accesolatino.org\/en\/canada-abre-sus-puertas-a-inmigrantes-de-ee-uu\/noticias\/","og_locale":"en_US","og_type":"article","og_title":"Canad\u00e1 abre sus puertas a inmigrantes de EE.UU.","og_description":"En las fronteras se han instalado remolques con calefacci\u00f3n, previendo la llegada de inmigrantes al pa\u00eds, durante el invierno","og_url":"https:\/\/accesolatino.org\/en\/canada-abre-sus-puertas-a-inmigrantes-de-ee-uu\/noticias\/","og_site_name":"Acceso Latino","article_publisher":"https:\/\/www.facebook.com\/AccesoLatinoOrg","article_published_time":"2017-11-27T17:04:35+00:00","article_modified_time":"2025-10-27T19:56:02+00:00","og_image":[{"width":600,"height":400,"url":"https:\/\/accesolatino.org\/wp-content\/uploads\/2017\/11\/Canada-abre-sus-puertas-a-inmigrantes-de-EEUU.jpg","type":"image\/jpeg"}],"author":"Noticias","twitter_card":"summary_large_image","twitter_creator":"@FAccLatino","twitter_site":"@FAccLatino","twitter_misc":{"Written by":"Noticias","Est. reading time":"2 minutes"},"schema":{"@context":"https:\/\/schema.org","@graph":[{"@type":"Article","@id":"https:\/\/accesolatino.org\/canada-abre-sus-puertas-a-inmigrantes-de-ee-uu\/noticias\/#article","isPartOf":{"@id":"https:\/\/accesolatino.org\/canada-abre-sus-puertas-a-inmigrantes-de-ee-uu\/noticias\/"},"author":{"name":"Noticias","@id":"https:\/\/accesolatino.org\/#\/schema\/person\/57bc3bfd2c357610a5255490ca4cd305"},"headline":"Canad\u00e1 abre sus puertas a inmigrantes de EE.UU.","datePublished":"2017-11-27T17:04:35+00:00","dateModified":"2025-10-27T19:56:02+00:00","mainEntityOfPage":{"@id":"https:\/\/accesolatino.org\/canada-abre-sus-puertas-a-inmigrantes-de-ee-uu\/noticias\/"},"wordCount":348,"commentCount":0,"publisher":{"@id":"https:\/\/accesolatino.org\/#organization"},"image":{"@id":"https:\/\/accesolatino.org\/canada-abre-sus-puertas-a-inmigrantes-de-ee-uu\/noticias\/#primaryimage"},"thumbnailUrl":"https:\/\/accesolatino.org\/wp-content\/uploads\/2017\/11\/Canada-abre-sus-puertas-a-inmigrantes-de-EEUU.jpg","articleSection":["Noticias","Temas de inter\u00e9s"],"inLanguage":"en-US","potentialAction":[{"@type":"CommentAction","name":"Comment","target":["https:\/\/accesolatino.org\/canada-abre-sus-puertas-a-inmigrantes-de-ee-uu\/noticias\/#respond"]}]},{"@type":"WebPage","@id":"https:\/\/accesolatino.org\/canada-abre-sus-puertas-a-inmigrantes-de-ee-uu\/noticias\/","url":"https:\/\/accesolatino.org\/canada-abre-sus-puertas-a-inmigrantes-de-ee-uu\/noticias\/","name":"Canad\u00e1 abre sus puertas a inmigrantes de EE.UU.","isPartOf":{"@id":"https:\/\/accesolatino.org\/#website"},"primaryImageOfPage":{"@id":"https:\/\/accesolatino.org\/canada-abre-sus-puertas-a-inmigrantes-de-ee-uu\/noticias\/#primaryimage"},"image":{"@id":"https:\/\/accesolatino.org\/canada-abre-sus-puertas-a-inmigrantes-de-ee-uu\/noticias\/#primaryimage"},"thumbnailUrl":"https:\/\/accesolatino.org\/wp-content\/uploads\/2017\/11\/Canada-abre-sus-puertas-a-inmigrantes-de-EEUU.jpg","datePublished":"2017-11-27T17:04:35+00:00","dateModified":"2025-10-27T19:56:02+00:00","description":"En las fronteras se han instalado remolques con calefacci\u00f3n, previendo la llegada de inmigrantes al pa\u00eds, durante el invierno","breadcrumb":{"@id":"https:\/\/accesolatino.org\/canada-abre-sus-puertas-a-inmigrantes-de-ee-uu\/noticias\/#breadcrumb"},"inLanguage":"en-US","potentialAction":[{"@type":"ReadAction","target":["https:\/\/accesolatino.org\/canada-abre-sus-puertas-a-inmigrantes-de-ee-uu\/noticias\/"]}]},{"@type":"ImageObject","inLanguage":"en-US","@id":"https:\/\/accesolatino.org\/canada-abre-sus-puertas-a-inmigrantes-de-ee-uu\/noticias\/#primaryimage","url":"https:\/\/accesolatino.org\/wp-content\/uploads\/2017\/11\/Canada-abre-sus-puertas-a-inmigrantes-de-EEUU.jpg","contentUrl":"https:\/\/accesolatino.org\/wp-content\/uploads\/2017\/11\/Canada-abre-sus-puertas-a-inmigrantes-de-EEUU.jpg","width":"600","height":"400","caption":"Canada-abre-sus-puertas-a-inmigrantes-de-EEUU"},{"@type":"BreadcrumbList","@id":"https:\/\/accesolatino.org\/canada-abre-sus-puertas-a-inmigrantes-de-ee-uu\/noticias\/#breadcrumb","itemListElement":[{"@type":"ListItem","position":1,"name":"Portada","item":"https:\/\/accesolatino.org\/"},{"@type":"ListItem","position":2,"name":"Noticias","item":"https:\/\/accesolatino.org\/category\/noticias\/"},{"@type":"ListItem","position":3,"name":"Canad\u00e1 abre sus puertas a inmigrantes de EE.UU."}]},{"@type":"WebSite","@id":"https:\/\/accesolatino.org\/#website","url":"https:\/\/accesolatino.org\/","name":"Acceso Latino | Fundaci\u00f3n Carlos Slim","description":"Fundaci\u00f3n Carlos Slim","publisher":{"@id":"https:\/\/accesolatino.org\/#organization"},"potentialAction":[{"@type":"SearchAction","target":{"@type":"EntryPoint","urlTemplate":"https:\/\/accesolatino.org\/?s={search_term_string}"},"query-input":{"@type":"PropertyValueSpecification","valueRequired":true,"valueName":"search_term_string"}}],"inLanguage":"en-US"},{"@type":"Organization","@id":"https:\/\/accesolatino.org\/#organization","name":"Acceso Latino | Fundaci\u00f3n Carlos Slim","url":"https:\/\/accesolatino.org\/","logo":{"@type":"ImageObject","inLanguage":"en-US","@id":"https:\/\/accesolatino.org\/#\/schema\/logo\/image\/","url":"https:\/\/accesolatino.org\/wp-content\/uploads\/2021\/02\/logo-footer-acceso-latino.png","contentUrl":"https:\/\/accesolatino.org\/wp-content\/uploads\/2021\/02\/logo-footer-acceso-latino.png","width":240,"height":40,"caption":"Acceso Latino | Fundaci\u00f3n Carlos Slim"},"image":{"@id":"https:\/\/accesolatino.org\/#\/schema\/logo\/image\/"},"sameAs":["https:\/\/www.facebook.com\/AccesoLatinoOrg","https:\/\/x.com\/FAccLatino"]},{"@type":"Person","@id":"https:\/\/accesolatino.org\/#\/schema\/person\/57bc3bfd2c357610a5255490ca4cd305","name":"News"}]}},"_links":{"self":[{"href":"https:\/\/accesolatino.org\/en\/wp-json\/wp\/v2\/posts\/10807","targetHints":{"allow":["GET"]}}],"collection":[{"href":"https:\/\/accesolatino.org\/en\/wp-json\/wp\/v2\/posts"}],"about":[{"href":"https:\/\/accesolatino.org\/en\/wp-json\/wp\/v2\/types\/post"}],"author":[{"embeddable":true,"href":"https:\/\/accesolatino.org\/en\/wp-json\/wp\/v2\/users\/13"}],"replies":[{"embeddable":true,"href":"https:\/\/accesolatino.org\/en\/wp-json\/wp\/v2\/comments?post=10807"}],"version-history":[{"count":1,"href":"https:\/\/accesolatino.org\/en\/wp-json\/wp\/v2\/posts\/10807\/revisions"}],"predecessor-version":[{"id":66787,"href":"https:\/\/accesolatino.org\/en\/wp-json\/wp\/v2\/posts\/10807\/revisions\/66787"}],"wp:featuredmedia":[{"embeddable":true,"href":"https:\/\/accesolatino.org\/en\/wp-json\/wp\/v2\/media\/10808"}],"wp:attachment":[{"href":"https:\/\/accesolatino.org\/en\/wp-json\/wp\/v2\/media?parent=10807"}],"wp:term":[{"taxonomy":"category","embeddable":true,"href":"https:\/\/accesolatino.org\/en\/wp-json\/wp\/v2\/categories?post=10807"},{"taxonomy":"post_tag","embeddable":true,"href":"https:\/\/accesolatino.org\/en\/wp-json\/wp\/v2\/tags?post=10807"}],"curies":[{"name":"wp","href":"https:\/\/api.w.org\/{rel}","templated":true}]}}